{"id":180029,"date":"2018-05-21T17:45:09","date_gmt":"2018-05-21T20:45:09","guid":{"rendered":"https:\/\/www.notibras.com\/site\/?p=180029"},"modified":"2018-05-21T17:45:09","modified_gmt":"2018-05-21T20:45:09","slug":"pompeo-promete-sancoes-inimaginaveis-contra-o-ira","status":"publish","type":"post","link":"https:\/\/www.notibras.com\/site\/pompeo-promete-sancoes-inimaginaveis-contra-o-ira\/","title":{"rendered":"Pompeo promete san\u00e7\u00f5es &#8216;inimagin\u00e1veis&#8217; contra o Ir\u00e3"},"content":{"rendered":"<p>O secret\u00e1rio de Estado dos Estados Unidos, Mike Pompeo, disse hoje (21) que, depois de terem imposto san\u00e7\u00f5es na semana passada contra o presidente do Banco Central do Ir\u00e3, que, segundo ele, \u201cfornecia dinheiro ao Hezbollah e outras organiza\u00e7\u00f5es terroristas\u201d, o Departamento de Tesouro norte-americano deve anunciar novas san\u00e7\u00f5es contra o pa\u00eds. \u201cEssas acabar\u00e3o sendo as san\u00e7\u00f5es mais fortes da hist\u00f3ria quando estiverem prontas\u201d, afirmou Pompeo.<\/p>\n<p>As novas san\u00e7\u00f5es v\u00eam no rastro da sa\u00edda dos Estados Unidos do acordo multilateral com o Ir\u00e3 e pot\u00eancias mundiais e em retalia\u00e7\u00f5es anunciadas contra empresas iranianas e o presidente do Banco Central do pa\u00eds nos \u00faltimos dias. Segundo o secret\u00e1rio de Estado, o Ir\u00e3 vem se engajando em guerras por todo o Oriente M\u00e9dio h\u00e1 anos, por\u00e9m, depois das san\u00e7\u00f5es, \u201cvai estar batalhando apenas para garantir a sobreviv\u00eancia da sua economia\u201d. \u201cNossas demandas para o Ir\u00e3 n\u00e3o s\u00e3o irracionais. Desista do seu programa nuclear. Acabe com ele\u201d, disse Pompeo.<\/p>\n<p>Al\u00e9m das san\u00e7\u00f5es econ\u00f4micas do Departamento do Tesouro, Pompeo tamb\u00e9m disse que o Departamento de Com\u00e9rcio e o Departamento de Defesa norte-americanos tamb\u00e9m poder\u00e3o participar da nova rodada de san\u00e7\u00f5es. \u201cN\u00f3s vamos garantir liberdade de navega\u00e7\u00e3o nas \u00e1guas da regi\u00e3o. N\u00f3s vamos trabalhar para impedir e contra-atacar atividades cibern\u00e9ticas malignas iranianas. N\u00f3s vamos seguir operadores iranianos e seus aliados do Hezbollah operando ao redor do mundo e n\u00f3s vamos acabar com eles. O Ir\u00e3 nunca mais ter\u00e1 carta branca para dominar o Oriente M\u00e9dio\u201d, afirmou.<\/p>\n<p>Acordo nuclear &#8211; O presidente dos Estados Unidos, Donald Trump, anunciou no dia 8 de maio que os Estados Unidos iriam se retirar do acordo nuclear com o Ir\u00e3 e iniciar uma nova rodada de san\u00e7\u00f5es contra o pa\u00eds. O acordo, do qual os Estados Unidos faziam parte ao lado de outras pot\u00eancias, suspendia san\u00e7\u00f5es ao pa\u00eds em troca de limita\u00e7\u00f5es ao programa nuclear iraniano.<\/p>\n<p>Pompeo listou 12 condi\u00e7\u00f5es para que o governo norte-americano negocie um novo acordo com o Ir\u00e3: relatar \u00e0 Ag\u00eancia Internacional de Energia At\u00f4mica (AIEA) a dimens\u00e3o militar do seu programa nuclear e permanentemente abandonar o programa; parar de enriquecer plut\u00f4nio; garantir \u00e0 Ag\u00eancia Internacional de Energia At\u00f4mica (AIEA) acesso irrestrito a todos os lugares ligados ao programa no pa\u00eds; p\u00f4r um fim \u00e0 prolifera\u00e7\u00e3o de m\u00edsseis bal\u00edsticos; libertar cidad\u00e3os dos Estados Unidos e aliados presos sob acusa\u00e7\u00f5es falsas; parar de apoiar grupos terroristas do Oriente M\u00e9dio; respeitar a soberania do governo do Iraque; parar de apoiar mil\u00edcias no I\u00eamen; retirar suas for\u00e7as da S\u00edria; parar de apoiar o Talib\u00e3 e outros grupos terroristas no Afeganist\u00e3o; parar de apoiar terroristas ao redor do mundo; e, finalmente, encerrar o \u201ccomportamento amea\u00e7ador contra seus vizinhos\u201d.<\/p>\n","protected":false},"excerpt":{"rendered":"<p>O secret\u00e1rio de Estado dos Estados Unidos, Mike Pompeo, disse hoje (21) que, depois de terem imposto san\u00e7\u00f5es na semana passada contra o presidente do Banco Central do Ir\u00e3, que, segundo ele, \u201cfornecia dinheiro ao Hezbollah e outras organiza\u00e7\u00f5es terroristas\u201d, o Departamento de Tesouro norte-americano deve anunciar novas san\u00e7\u00f5es contra o pa\u00eds. \u201cEssas acabar\u00e3o sendo [&hellip;]<\/p>\n","protected":false},"author":2,"featured_media":180030,"comment_status":"closed","ping_status":"closed","sticky":false,"template":"","format":"standard","meta":{"_acf_changed":false,"footnotes":""},"categories":[17],"tags":[],"class_list":["post-180029","post","type-post","status-publish","format-standard","has-post-thumbnail","hentry","category-mundo"],"acf":[],"yoast_head":"<!-- This site is optimized with the Yoast SEO plugin v27.2 - https:\/\/yoast.com\/product\/yoast-seo-wordpress\/ -->\n<title>Pompeo promete san\u00e7\u00f5es &#039;inimagin\u00e1veis&#039; contra o Ir\u00e3 - Notibras<\/title>\n<meta name=\"robots\" content=\"index, follow, max-snippet:-1, max-image-preview:large, max-video-preview:-1\" \/>\n<link rel=\"canonical\" href=\"https:\/\/www.notibras.com\/site\/pompeo-promete-sancoes-inimaginaveis-contra-o-ira\/\" \/>\n<meta property=\"og:locale\" content=\"pt_BR\" \/>\n<meta property=\"og:type\" content=\"article\" \/>\n<meta property=\"og:title\" content=\"Pompeo promete san\u00e7\u00f5es &#039;inimagin\u00e1veis&#039; contra o Ir\u00e3 - Notibras\" \/>\n<meta property=\"og:description\" content=\"O secret\u00e1rio de Estado dos Estados Unidos, Mike Pompeo, disse hoje (21) que, depois de terem imposto san\u00e7\u00f5es na semana passada contra o presidente do Banco Central do Ir\u00e3, que, segundo ele, \u201cfornecia dinheiro ao Hezbollah e outras organiza\u00e7\u00f5es terroristas\u201d, o Departamento de Tesouro norte-americano deve anunciar novas san\u00e7\u00f5es contra o pa\u00eds. \u201cEssas acabar\u00e3o sendo [&hellip;]\" \/>\n<meta property=\"og:url\" content=\"https:\/\/www.notibras.com\/site\/pompeo-promete-sancoes-inimaginaveis-contra-o-ira\/\" \/>\n<meta property=\"og:site_name\" content=\"Notibras\" \/>\n<meta property=\"article:publisher\" content=\"https:\/\/www.facebook.com\/notibras\/\" \/>\n<meta property=\"article:published_time\" content=\"2018-05-21T20:45:09+00:00\" \/>\n<meta property=\"og:image\" content=\"https:\/\/www.notibras.com\/site\/wp-content\/uploads\/2018\/05\/pompeo.jpg\" \/>\n\t<meta property=\"og:image:width\" content=\"1440\" \/>\n\t<meta property=\"og:image:height\" content=\"907\" \/>\n\t<meta property=\"og:image:type\" content=\"image\/jpeg\" \/>\n<meta name=\"author\" content=\"Reda\u00e7\u00e3o\" \/>\n<meta name=\"twitter:card\" content=\"summary_large_image\" \/>\n<meta name=\"twitter:creator\" content=\"@Notibras\" \/>\n<meta name=\"twitter:site\" content=\"@Notibras\" \/>\n<meta name=\"twitter:label1\" content=\"Escrito por\" \/>\n\t<meta name=\"twitter:data1\" content=\"Reda\u00e7\u00e3o\" \/>\n\t<meta name=\"twitter:label2\" content=\"Est. tempo de leitura\" \/>\n\t<meta name=\"twitter:data2\" content=\"2 minutos\" \/>\n<script type=\"application\/ld+json\" class=\"yoast-schema-graph\">{\"@context\":\"https:\/\/schema.org\",\"@graph\":[{\"@type\":\"Article\",\"@id\":\"https:\/\/www.notibras.com\/site\/pompeo-promete-sancoes-inimaginaveis-contra-o-ira\/#article\",\"isPartOf\":{\"@id\":\"https:\/\/www.notibras.com\/site\/pompeo-promete-sancoes-inimaginaveis-contra-o-ira\/\"},\"author\":{\"name\":\"Reda\u00e7\u00e3o\",\"@id\":\"https:\/\/www.notibras.com\/site\/#\/schema\/person\/36ab0979449956132d3e5b517ea76ac8\"},\"headline\":\"Pompeo promete san\u00e7\u00f5es &#8216;inimagin\u00e1veis&#8217; contra o Ir\u00e3\",\"datePublished\":\"2018-05-21T20:45:09+00:00\",\"mainEntityOfPage\":{\"@id\":\"https:\/\/www.notibras.com\/site\/pompeo-promete-sancoes-inimaginaveis-contra-o-ira\/\"},\"wordCount\":505,\"publisher\":{\"@id\":\"https:\/\/www.notibras.com\/site\/#organization\"},\"image\":{\"@id\":\"https:\/\/www.notibras.com\/site\/pompeo-promete-sancoes-inimaginaveis-contra-o-ira\/#primaryimage\"},\"thumbnailUrl\":\"https:\/\/www.notibras.com\/site\/wp-content\/uploads\/2018\/05\/pompeo.jpg\",\"articleSection\":[\"Mundo\"],\"inLanguage\":\"pt-BR\"},{\"@type\":\"WebPage\",\"@id\":\"https:\/\/www.notibras.com\/site\/pompeo-promete-sancoes-inimaginaveis-contra-o-ira\/\",\"url\":\"https:\/\/www.notibras.com\/site\/pompeo-promete-sancoes-inimaginaveis-contra-o-ira\/\",\"name\":\"Pompeo promete san\u00e7\u00f5es 'inimagin\u00e1veis' contra o Ir\u00e3 - Notibras\",\"isPartOf\":{\"@id\":\"https:\/\/www.notibras.com\/site\/#website\"},\"primaryImageOfPage\":{\"@id\":\"https:\/\/www.notibras.com\/site\/pompeo-promete-sancoes-inimaginaveis-contra-o-ira\/#primaryimage\"},\"image\":{\"@id\":\"https:\/\/www.notibras.com\/site\/pompeo-promete-sancoes-inimaginaveis-contra-o-ira\/#primaryimage\"},\"thumbnailUrl\":\"https:\/\/www.notibras.com\/site\/wp-content\/uploads\/2018\/05\/pompeo.jpg\",\"datePublished\":\"2018-05-21T20:45:09+00:00\",\"breadcrumb\":{\"@id\":\"https:\/\/www.notibras.com\/site\/pompeo-promete-sancoes-inimaginaveis-contra-o-ira\/#breadcrumb\"},\"inLanguage\":\"pt-BR\",\"potentialAction\":[{\"@type\":\"ReadAction\",\"target\":[\"https:\/\/www.notibras.com\/site\/pompeo-promete-sancoes-inimaginaveis-contra-o-ira\/\"]}]},{\"@type\":\"ImageObject\",\"inLanguage\":\"pt-BR\",\"@id\":\"https:\/\/www.notibras.com\/site\/pompeo-promete-sancoes-inimaginaveis-contra-o-ira\/#primaryimage\",\"url\":\"https:\/\/www.notibras.com\/site\/wp-content\/uploads\/2018\/05\/pompeo.jpg\",\"contentUrl\":\"https:\/\/www.notibras.com\/site\/wp-content\/uploads\/2018\/05\/pompeo.jpg\",\"width\":1440,\"height\":907,\"caption\":\"Foto\/Arquivo Notibras\"},{\"@type\":\"BreadcrumbList\",\"@id\":\"https:\/\/www.notibras.com\/site\/pompeo-promete-sancoes-inimaginaveis-contra-o-ira\/#breadcrumb\",\"itemListElement\":[{\"@type\":\"ListItem\",\"position\":1,\"name\":\"In\u00edcio\",\"item\":\"https:\/\/www.notibras.com\/site\/\"},{\"@type\":\"ListItem\",\"position\":2,\"name\":\"Pompeo promete san\u00e7\u00f5es &#8216;inimagin\u00e1veis&#8217; contra o Ir\u00e3\"}]},{\"@type\":\"WebSite\",\"@id\":\"https:\/\/www.notibras.com\/site\/#website\",\"url\":\"https:\/\/www.notibras.com\/site\/\",\"name\":\"Notibras\",\"description\":\"Not\u00edcias de Bras\u00edlia, do Brasil e do Mundo\",\"publisher\":{\"@id\":\"https:\/\/www.notibras.com\/site\/#organization\"},\"potentialAction\":[{\"@type\":\"SearchAction\",\"target\":{\"@type\":\"EntryPoint\",\"urlTemplate\":\"https:\/\/www.notibras.com\/site\/?s={search_term_string}\"},\"query-input\":{\"@type\":\"PropertyValueSpecification\",\"valueRequired\":true,\"valueName\":\"search_term_string\"}}],\"inLanguage\":\"pt-BR\"},{\"@type\":\"Organization\",\"@id\":\"https:\/\/www.notibras.com\/site\/#organization\",\"name\":\"Grupo Notibras de Comunica\u00e7\u00e3o\",\"url\":\"https:\/\/www.notibras.com\/site\/\",\"logo\":{\"@type\":\"ImageObject\",\"inLanguage\":\"pt-BR\",\"@id\":\"https:\/\/www.notibras.com\/site\/#\/schema\/logo\/image\/\",\"url\":\"https:\/\/www.notibras.com\/site\/wp-content\/uploads\/2023\/01\/notibras23.png\",\"contentUrl\":\"https:\/\/www.notibras.com\/site\/wp-content\/uploads\/2023\/01\/notibras23.png\",\"width\":350,\"height\":87,\"caption\":\"Grupo Notibras de Comunica\u00e7\u00e3o\"},\"image\":{\"@id\":\"https:\/\/www.notibras.com\/site\/#\/schema\/logo\/image\/\"},\"sameAs\":[\"https:\/\/www.facebook.com\/notibras\/\",\"https:\/\/x.com\/Notibras\",\"https:\/\/www.instagram.com\/notibras\/\"]},{\"@type\":\"Person\",\"@id\":\"https:\/\/www.notibras.com\/site\/#\/schema\/person\/36ab0979449956132d3e5b517ea76ac8\",\"name\":\"Reda\u00e7\u00e3o\",\"image\":{\"@type\":\"ImageObject\",\"inLanguage\":\"pt-BR\",\"@id\":\"https:\/\/secure.gravatar.com\/avatar\/e0a867bdedb85fd243eadf09663511f96fc81e0720a4a42581f334ad4303aa6b?s=96&d=mm&r=g\",\"url\":\"https:\/\/secure.gravatar.com\/avatar\/e0a867bdedb85fd243eadf09663511f96fc81e0720a4a42581f334ad4303aa6b?s=96&d=mm&r=g\",\"contentUrl\":\"https:\/\/secure.gravatar.com\/avatar\/e0a867bdedb85fd243eadf09663511f96fc81e0720a4a42581f334ad4303aa6b?s=96&d=mm&r=g\",\"caption\":\"Reda\u00e7\u00e3o\"}}]}<\/script>\n<!-- \/ Yoast SEO plugin. -->","yoast_head_json":{"title":"Pompeo promete san\u00e7\u00f5es 'inimagin\u00e1veis' contra o Ir\u00e3 - Notibras","robots":{"index":"index","follow":"follow","max-snippet":"max-snippet:-1","max-image-preview":"max-image-preview:large","max-video-preview":"max-video-preview:-1"},"canonical":"https:\/\/www.notibras.com\/site\/pompeo-promete-sancoes-inimaginaveis-contra-o-ira\/","og_locale":"pt_BR","og_type":"article","og_title":"Pompeo promete san\u00e7\u00f5es 'inimagin\u00e1veis' contra o Ir\u00e3 - Notibras","og_description":"O secret\u00e1rio de Estado dos Estados Unidos, Mike Pompeo, disse hoje (21) que, depois de terem imposto san\u00e7\u00f5es na semana passada contra o presidente do Banco Central do Ir\u00e3, que, segundo ele, \u201cfornecia dinheiro ao Hezbollah e outras organiza\u00e7\u00f5es terroristas\u201d, o Departamento de Tesouro norte-americano deve anunciar novas san\u00e7\u00f5es contra o pa\u00eds. \u201cEssas acabar\u00e3o sendo [&hellip;]","og_url":"https:\/\/www.notibras.com\/site\/pompeo-promete-sancoes-inimaginaveis-contra-o-ira\/","og_site_name":"Notibras","article_publisher":"https:\/\/www.facebook.com\/notibras\/","article_published_time":"2018-05-21T20:45:09+00:00","og_image":[{"width":1440,"height":907,"url":"https:\/\/www.notibras.com\/site\/wp-content\/uploads\/2018\/05\/pompeo.jpg","type":"image\/jpeg"}],"author":"Reda\u00e7\u00e3o","twitter_card":"summary_large_image","twitter_creator":"@Notibras","twitter_site":"@Notibras","twitter_misc":{"Escrito por":"Reda\u00e7\u00e3o","Est. tempo de leitura":"2 minutos"},"schema":{"@context":"https:\/\/schema.org","@graph":[{"@type":"Article","@id":"https:\/\/www.notibras.com\/site\/pompeo-promete-sancoes-inimaginaveis-contra-o-ira\/#article","isPartOf":{"@id":"https:\/\/www.notibras.com\/site\/pompeo-promete-sancoes-inimaginaveis-contra-o-ira\/"},"author":{"name":"Reda\u00e7\u00e3o","@id":"https:\/\/www.notibras.com\/site\/#\/schema\/person\/36ab0979449956132d3e5b517ea76ac8"},"headline":"Pompeo promete san\u00e7\u00f5es &#8216;inimagin\u00e1veis&#8217; contra o Ir\u00e3","datePublished":"2018-05-21T20:45:09+00:00","mainEntityOfPage":{"@id":"https:\/\/www.notibras.com\/site\/pompeo-promete-sancoes-inimaginaveis-contra-o-ira\/"},"wordCount":505,"publisher":{"@id":"https:\/\/www.notibras.com\/site\/#organization"},"image":{"@id":"https:\/\/www.notibras.com\/site\/pompeo-promete-sancoes-inimaginaveis-contra-o-ira\/#primaryimage"},"thumbnailUrl":"https:\/\/www.notibras.com\/site\/wp-content\/uploads\/2018\/05\/pompeo.jpg","articleSection":["Mundo"],"inLanguage":"pt-BR"},{"@type":"WebPage","@id":"https:\/\/www.notibras.com\/site\/pompeo-promete-sancoes-inimaginaveis-contra-o-ira\/","url":"https:\/\/www.notibras.com\/site\/pompeo-promete-sancoes-inimaginaveis-contra-o-ira\/","name":"Pompeo promete san\u00e7\u00f5es 'inimagin\u00e1veis' contra o Ir\u00e3 - Notibras","isPartOf":{"@id":"https:\/\/www.notibras.com\/site\/#website"},"primaryImageOfPage":{"@id":"https:\/\/www.notibras.com\/site\/pompeo-promete-sancoes-inimaginaveis-contra-o-ira\/#primaryimage"},"image":{"@id":"https:\/\/www.notibras.com\/site\/pompeo-promete-sancoes-inimaginaveis-contra-o-ira\/#primaryimage"},"thumbnailUrl":"https:\/\/www.notibras.com\/site\/wp-content\/uploads\/2018\/05\/pompeo.jpg","datePublished":"2018-05-21T20:45:09+00:00","breadcrumb":{"@id":"https:\/\/www.notibras.com\/site\/pompeo-promete-sancoes-inimaginaveis-contra-o-ira\/#breadcrumb"},"inLanguage":"pt-BR","potentialAction":[{"@type":"ReadAction","target":["https:\/\/www.notibras.com\/site\/pompeo-promete-sancoes-inimaginaveis-contra-o-ira\/"]}]},{"@type":"ImageObject","inLanguage":"pt-BR","@id":"https:\/\/www.notibras.com\/site\/pompeo-promete-sancoes-inimaginaveis-contra-o-ira\/#primaryimage","url":"https:\/\/www.notibras.com\/site\/wp-content\/uploads\/2018\/05\/pompeo.jpg","contentUrl":"https:\/\/www.notibras.com\/site\/wp-content\/uploads\/2018\/05\/pompeo.jpg","width":1440,"height":907,"caption":"Foto\/Arquivo Notibras"},{"@type":"BreadcrumbList","@id":"https:\/\/www.notibras.com\/site\/pompeo-promete-sancoes-inimaginaveis-contra-o-ira\/#breadcrumb","itemListElement":[{"@type":"ListItem","position":1,"name":"In\u00edcio","item":"https:\/\/www.notibras.com\/site\/"},{"@type":"ListItem","position":2,"name":"Pompeo promete san\u00e7\u00f5es &#8216;inimagin\u00e1veis&#8217; contra o Ir\u00e3"}]},{"@type":"WebSite","@id":"https:\/\/www.notibras.com\/site\/#website","url":"https:\/\/www.notibras.com\/site\/","name":"Notibras","description":"Not\u00edcias de Bras\u00edlia, do Brasil e do Mundo","publisher":{"@id":"https:\/\/www.notibras.com\/site\/#organization"},"potentialAction":[{"@type":"SearchAction","target":{"@type":"EntryPoint","urlTemplate":"https:\/\/www.notibras.com\/site\/?s={search_term_string}"},"query-input":{"@type":"PropertyValueSpecification","valueRequired":true,"valueName":"search_term_string"}}],"inLanguage":"pt-BR"},{"@type":"Organization","@id":"https:\/\/www.notibras.com\/site\/#organization","name":"Grupo Notibras de Comunica\u00e7\u00e3o","url":"https:\/\/www.notibras.com\/site\/","logo":{"@type":"ImageObject","inLanguage":"pt-BR","@id":"https:\/\/www.notibras.com\/site\/#\/schema\/logo\/image\/","url":"https:\/\/www.notibras.com\/site\/wp-content\/uploads\/2023\/01\/notibras23.png","contentUrl":"https:\/\/www.notibras.com\/site\/wp-content\/uploads\/2023\/01\/notibras23.png","width":350,"height":87,"caption":"Grupo Notibras de Comunica\u00e7\u00e3o"},"image":{"@id":"https:\/\/www.notibras.com\/site\/#\/schema\/logo\/image\/"},"sameAs":["https:\/\/www.facebook.com\/notibras\/","https:\/\/x.com\/Notibras","https:\/\/www.instagram.com\/notibras\/"]},{"@type":"Person","@id":"https:\/\/www.notibras.com\/site\/#\/schema\/person\/36ab0979449956132d3e5b517ea76ac8","name":"Reda\u00e7\u00e3o","image":{"@type":"ImageObject","inLanguage":"pt-BR","@id":"https:\/\/secure.gravatar.com\/avatar\/e0a867bdedb85fd243eadf09663511f96fc81e0720a4a42581f334ad4303aa6b?s=96&d=mm&r=g","url":"https:\/\/secure.gravatar.com\/avatar\/e0a867bdedb85fd243eadf09663511f96fc81e0720a4a42581f334ad4303aa6b?s=96&d=mm&r=g","contentUrl":"https:\/\/secure.gravatar.com\/avatar\/e0a867bdedb85fd243eadf09663511f96fc81e0720a4a42581f334ad4303aa6b?s=96&d=mm&r=g","caption":"Reda\u00e7\u00e3o"}}]}},"amp_enabled":true,"_links":{"self":[{"href":"https:\/\/www.notibras.com\/site\/wp-json\/wp\/v2\/posts\/180029","targetHints":{"allow":["GET"]}}],"collection":[{"href":"https:\/\/www.notibras.com\/site\/wp-json\/wp\/v2\/posts"}],"about":[{"href":"https:\/\/www.notibras.com\/site\/wp-json\/wp\/v2\/types\/post"}],"author":[{"embeddable":true,"href":"https:\/\/www.notibras.com\/site\/wp-json\/wp\/v2\/users\/2"}],"replies":[{"embeddable":true,"href":"https:\/\/www.notibras.com\/site\/wp-json\/wp\/v2\/comments?post=180029"}],"version-history":[{"count":1,"href":"https:\/\/www.notibras.com\/site\/wp-json\/wp\/v2\/posts\/180029\/revisions"}],"predecessor-version":[{"id":180031,"href":"https:\/\/www.notibras.com\/site\/wp-json\/wp\/v2\/posts\/180029\/revisions\/180031"}],"wp:featuredmedia":[{"embeddable":true,"href":"https:\/\/www.notibras.com\/site\/wp-json\/wp\/v2\/media\/180030"}],"wp:attachment":[{"href":"https:\/\/www.notibras.com\/site\/wp-json\/wp\/v2\/media?parent=180029"}],"wp:term":[{"taxonomy":"category","embeddable":true,"href":"https:\/\/www.notibras.com\/site\/wp-json\/wp\/v2\/categories?post=180029"},{"taxonomy":"post_tag","embeddable":true,"href":"https:\/\/www.notibras.com\/site\/wp-json\/wp\/v2\/tags?post=180029"}],"curies":[{"name":"wp","href":"https:\/\/api.w.org\/{rel}","templated":true}]}}