{"id":18016,"date":"2014-07-31T09:04:40","date_gmt":"2014-07-31T12:04:40","guid":{"rendered":"http:\/\/www.notibras.com\/site\/?p=18016"},"modified":"2014-07-31T16:13:16","modified_gmt":"2014-07-31T19:13:16","slug":"aposentadoria-de-joaquim-barbosa-e-publicada-no-diario-oficial-da-uniao","status":"publish","type":"post","link":"https:\/\/www.notibras.com\/site\/aposentadoria-de-joaquim-barbosa-e-publicada-no-diario-oficial-da-uniao\/","title":{"rendered":"Aposentadoria de Joaquim \u00e9 publicada no &#8216;Di\u00e1rio Oficial&#8217;"},"content":{"rendered":"<p>A aposentadoria do ministro do Supremo Tribunal Federal (STF) Joaquim Barbosa foi publicada nesta quinta-feira (31) no &#8220;Di\u00e1rio Oficial da Uni\u00e3o&#8221;.<\/p>\n<p>Barbosa estava de f\u00e9rias da fun\u00e7\u00e3o de presidente do Supremo desde a segunda quinzena de julho e n\u00e3o voltar\u00e1 mais ao tribunal.<\/p>\n<blockquote><p>Pelas regras do servi\u00e7o p\u00fablico, Barbosa, 59 anos, poderia continuar ministro at\u00e9 os 70 anos, idade na qual servidores s\u00e3o aposentados compulsoriamente.<\/p><\/blockquote>\n<p>Com a sa\u00edda de Barbosa, uma das 11 cadeiras de ministro do Supremo ficar\u00e1 vazia e caberia \u00e0 presidente Dilma Rousseff indicar um novo nome, mas n\u00e3o h\u00e1 prazo para isso.<\/p>\n<blockquote><p>O atual vice-presidente da Corte, ministro Ricardo Lewandowski, realizar\u00e1 elei\u00e7\u00e3o marcada para esta sexta (1\u00ba).<\/p><\/blockquote>\n<p>Os ministros devem eleger Lewandowski para presidir o Supremo pelos pr\u00f3ximos dois anos. A vice ser\u00e1 a ministra C\u00e1rmen L\u00facia. O resultado \u00e9 esperado porque, tradicionalmente, o plen\u00e1rio elege o ministro com mais tempo de atua\u00e7\u00e3o na Corte que ainda n\u00e3o foi presidente.<\/p>\n","protected":false},"excerpt":{"rendered":"<p>A aposentadoria do ministro do Supremo Tribunal Federal (STF) Joaquim Barbosa foi publicada nesta quinta-feira (31) no &#8220;Di\u00e1rio Oficial da Uni\u00e3o&#8221;. Barbosa estava de f\u00e9rias da fun\u00e7\u00e3o de presidente do Supremo desde a segunda quinzena de julho e n\u00e3o voltar\u00e1 mais ao tribunal. Pelas regras do servi\u00e7o p\u00fablico, Barbosa, 59 anos, poderia continuar ministro at\u00e9 [&hellip;]<\/p>\n","protected":false},"author":1,"featured_media":18017,"comment_status":"open","ping_status":"closed","sticky":false,"template":"","format":"standard","meta":{"_acf_changed":false,"footnotes":""},"categories":[16],"tags":[],"class_list":["post-18016","post","type-post","status-publish","format-standard","has-post-thumbnail","hentry","category-brasil"],"acf":[],"_links":{"self":[{"href":"https:\/\/www.notibras.com\/site\/wp-json\/wp\/v2\/posts\/18016","targetHints":{"allow":["GET"]}}],"collection":[{"href":"https:\/\/www.notibras.com\/site\/wp-json\/wp\/v2\/posts"}],"about":[{"href":"https:\/\/www.notibras.com\/site\/wp-json\/wp\/v2\/types\/post"}],"author":[{"embeddable":true,"href":"https:\/\/www.notibras.com\/site\/wp-json\/wp\/v2\/users\/1"}],"replies":[{"embeddable":true,"href":"https:\/\/www.notibras.com\/site\/wp-json\/wp\/v2\/comments?post=18016"}],"version-history":[{"count":0,"href":"https:\/\/www.notibras.com\/site\/wp-json\/wp\/v2\/posts\/18016\/revisions"}],"wp:featuredmedia":[{"embeddable":true,"href":"https:\/\/www.notibras.com\/site\/wp-json\/wp\/v2\/media\/18017"}],"wp:attachment":[{"href":"https:\/\/www.notibras.com\/site\/wp-json\/wp\/v2\/media?parent=18016"}],"wp:term":[{"taxonomy":"category","embeddable":true,"href":"https:\/\/www.notibras.com\/site\/wp-json\/wp\/v2\/categories?post=18016"},{"taxonomy":"post_tag","embeddable":true,"href":"https:\/\/www.notibras.com\/site\/wp-json\/wp\/v2\/tags?post=18016"}],"curies":[{"name":"wp","href":"https:\/\/api.w.org\/{rel}","templated":true}]}}