{"id":180226,"date":"2018-05-23T15:32:58","date_gmt":"2018-05-23T18:32:58","guid":{"rendered":"https:\/\/www.notibras.com\/site\/?p=180226"},"modified":"2018-05-23T15:32:58","modified_gmt":"2018-05-23T18:32:58","slug":"mortes-por-ebola-ja-chegam-a-27-e-casos-somam-58","status":"publish","type":"post","link":"https:\/\/www.notibras.com\/site\/mortes-por-ebola-ja-chegam-a-27-e-casos-somam-58\/","title":{"rendered":"Mortes por ebola j\u00e1 chegam a 27 e casos somam 58"},"content":{"rendered":"<p>A Rep\u00fablica Democr\u00e1tica do Congo j\u00e1 notificou 58 casos de ebola, segundo informou hoje (23) a Organiza\u00e7\u00e3o Mundial da Sa\u00fade (OMS). Os n\u00fameros incluem 28 casos confirmados, 21 casos prov\u00e1veis e nove suspeitos, al\u00e9m de 27 mortes. A maior parte dos casos foi identificada nas regi\u00f5es de Bikoro (29 casos) e Iboko (22 casos).<\/p>\n<p>De acordo com a OMS, at\u00e9 a \u00faltima segunda-feira (21), mais de 600 pessoas que tiveram contato direto com casos notificados de ebola foram identificadas e est\u00e3o sendo monitoradas por equipes em solo. Entre os 58 casos reportados da doen\u00e7a no pa\u00eds, tr\u00eas envolvem profissionais da \u00e1rea de sa\u00fade.<\/p>\n<p><strong>Vacina\u00e7\u00e3o &#8211;\u00a0<\/strong>Desde o in\u00edcio da semana, o Minist\u00e9rio da Sa\u00fade local, em parceria com a pr\u00f3pria OMS, M\u00e9dicos sem Fronteiras e Fundo das Na\u00e7\u00f5es Unidas para a Inf\u00e2ncia trabalham para vacinar comunidades mais afetadas pelo ebola. A dose tem car\u00e1ter experimental e j\u00e1 havia sido utilizada na Guin\u00e9 em 2015.<\/p>\n<p>Segundo a OMS, a vacina foi utilizada em diversos ensaios envolvendo mais de 16 mil volunt\u00e1rios na Europa, na \u00c1frica e nos Estados Unidos e se mostrou segura para o uso em humanos. A entidade ressaltou ainda que a dose apresentou resultados altamente eficazes na prote\u00e7\u00e3o contra a doen\u00e7a.<\/p>\n<p><strong>Emerg\u00eancia &#8211;\u00a0<\/strong>A Rep\u00fablica Democr\u00e1tica do Congo vive seu nono surto de ebola desde a descoberta do v\u00edrus, em 1976. Na \u00faltima sexta-feira (18), a OMS optou por n\u00e3o declarar emerg\u00eancia internacional em sa\u00fade p\u00fablica, mas alertou que a situa\u00e7\u00e3o na regi\u00e3o africana desperta preocupa\u00e7\u00e3o e que pa\u00edses vizinhos foram avisados da possibilidade de dissemina\u00e7\u00e3o do v\u00edrus.<\/p>\n","protected":false},"excerpt":{"rendered":"<p>A Rep\u00fablica Democr\u00e1tica do Congo j\u00e1 notificou 58 casos de ebola, segundo informou hoje (23) a Organiza\u00e7\u00e3o Mundial da Sa\u00fade (OMS). Os n\u00fameros incluem 28 casos confirmados, 21 casos prov\u00e1veis e nove suspeitos, al\u00e9m de 27 mortes. A maior parte dos casos foi identificada nas regi\u00f5es de Bikoro (29 casos) e Iboko (22 casos). De [&hellip;]<\/p>\n","protected":false},"author":1,"featured_media":180227,"comment_status":"closed","ping_status":"closed","sticky":false,"template":"","format":"standard","meta":{"_acf_changed":false,"footnotes":""},"categories":[17],"tags":[],"class_list":["post-180226","post","type-post","status-publish","format-standard","has-post-thumbnail","hentry","category-mundo"],"acf":[],"yoast_head":"<!-- This site is optimized with the Yoast SEO plugin v27.2 - https:\/\/yoast.com\/product\/yoast-seo-wordpress\/ -->\n<title>Mortes por ebola j\u00e1 chegam a 27 e casos somam 58 - Notibras<\/title>\n<meta name=\"robots\" content=\"index, follow, max-snippet:-1, max-image-preview:large, max-video-preview:-1\" \/>\n<link rel=\"canonical\" href=\"https:\/\/www.notibras.com\/site\/mortes-por-ebola-ja-chegam-a-27-e-casos-somam-58\/\" \/>\n<meta property=\"og:locale\" content=\"pt_BR\" \/>\n<meta property=\"og:type\" content=\"article\" \/>\n<meta property=\"og:title\" content=\"Mortes por ebola j\u00e1 chegam a 27 e casos somam 58 - Notibras\" \/>\n<meta property=\"og:description\" content=\"A Rep\u00fablica Democr\u00e1tica do Congo j\u00e1 notificou 58 casos de ebola, segundo informou hoje (23) a Organiza\u00e7\u00e3o Mundial da Sa\u00fade (OMS). Os n\u00fameros incluem 28 casos confirmados, 21 casos prov\u00e1veis e nove suspeitos, al\u00e9m de 27 mortes. A maior parte dos casos foi identificada nas regi\u00f5es de Bikoro (29 casos) e Iboko (22 casos). De [&hellip;]\" \/>\n<meta property=\"og:url\" content=\"https:\/\/www.notibras.com\/site\/mortes-por-ebola-ja-chegam-a-27-e-casos-somam-58\/\" \/>\n<meta property=\"og:site_name\" content=\"Notibras\" \/>\n<meta property=\"article:publisher\" content=\"https:\/\/www.facebook.com\/notibras\/\" \/>\n<meta property=\"article:published_time\" content=\"2018-05-23T18:32:58+00:00\" \/>\n<meta property=\"og:image\" content=\"https:\/\/www.notibras.com\/site\/wp-content\/uploads\/2018\/05\/04406156.jpg\" \/>\n\t<meta property=\"og:image:width\" content=\"754\" \/>\n\t<meta property=\"og:image:height\" content=\"503\" \/>\n\t<meta property=\"og:image:type\" content=\"image\/jpeg\" \/>\n<meta name=\"author\" content=\"Reda\u00e7\u00e3o\" \/>\n<meta name=\"twitter:card\" content=\"summary_large_image\" \/>\n<meta name=\"twitter:creator\" content=\"@Notibras\" \/>\n<meta name=\"twitter:site\" content=\"@Notibras\" \/>\n<meta name=\"twitter:label1\" content=\"Escrito por\" \/>\n\t<meta name=\"twitter:data1\" content=\"Reda\u00e7\u00e3o\" \/>\n\t<meta name=\"twitter:label2\" content=\"Est. tempo de leitura\" \/>\n\t<meta name=\"twitter:data2\" content=\"1 minuto\" \/>\n<script type=\"application\/ld+json\" class=\"yoast-schema-graph\">{\"@context\":\"https:\/\/schema.org\",\"@graph\":[{\"@type\":\"Article\",\"@id\":\"https:\/\/www.notibras.com\/site\/mortes-por-ebola-ja-chegam-a-27-e-casos-somam-58\/#article\",\"isPartOf\":{\"@id\":\"https:\/\/www.notibras.com\/site\/mortes-por-ebola-ja-chegam-a-27-e-casos-somam-58\/\"},\"author\":{\"name\":\"Reda\u00e7\u00e3o\",\"@id\":\"https:\/\/www.notibras.com\/site\/#\/schema\/person\/00b8e1aa08f9ef6563e878c5159d01cf\"},\"headline\":\"Mortes por ebola j\u00e1 chegam a 27 e casos somam 58\",\"datePublished\":\"2018-05-23T18:32:58+00:00\",\"mainEntityOfPage\":{\"@id\":\"https:\/\/www.notibras.com\/site\/mortes-por-ebola-ja-chegam-a-27-e-casos-somam-58\/\"},\"wordCount\":294,\"publisher\":{\"@id\":\"https:\/\/www.notibras.com\/site\/#organization\"},\"image\":{\"@id\":\"https:\/\/www.notibras.com\/site\/mortes-por-ebola-ja-chegam-a-27-e-casos-somam-58\/#primaryimage\"},\"thumbnailUrl\":\"https:\/\/www.notibras.com\/site\/wp-content\/uploads\/2018\/05\/04406156.jpg\",\"articleSection\":[\"Mundo\"],\"inLanguage\":\"pt-BR\"},{\"@type\":\"WebPage\",\"@id\":\"https:\/\/www.notibras.com\/site\/mortes-por-ebola-ja-chegam-a-27-e-casos-somam-58\/\",\"url\":\"https:\/\/www.notibras.com\/site\/mortes-por-ebola-ja-chegam-a-27-e-casos-somam-58\/\",\"name\":\"Mortes por ebola j\u00e1 chegam a 27 e casos somam 58 - Notibras\",\"isPartOf\":{\"@id\":\"https:\/\/www.notibras.com\/site\/#website\"},\"primaryImageOfPage\":{\"@id\":\"https:\/\/www.notibras.com\/site\/mortes-por-ebola-ja-chegam-a-27-e-casos-somam-58\/#primaryimage\"},\"image\":{\"@id\":\"https:\/\/www.notibras.com\/site\/mortes-por-ebola-ja-chegam-a-27-e-casos-somam-58\/#primaryimage\"},\"thumbnailUrl\":\"https:\/\/www.notibras.com\/site\/wp-content\/uploads\/2018\/05\/04406156.jpg\",\"datePublished\":\"2018-05-23T18:32:58+00:00\",\"breadcrumb\":{\"@id\":\"https:\/\/www.notibras.com\/site\/mortes-por-ebola-ja-chegam-a-27-e-casos-somam-58\/#breadcrumb\"},\"inLanguage\":\"pt-BR\",\"potentialAction\":[{\"@type\":\"ReadAction\",\"target\":[\"https:\/\/www.notibras.com\/site\/mortes-por-ebola-ja-chegam-a-27-e-casos-somam-58\/\"]}]},{\"@type\":\"ImageObject\",\"inLanguage\":\"pt-BR\",\"@id\":\"https:\/\/www.notibras.com\/site\/mortes-por-ebola-ja-chegam-a-27-e-casos-somam-58\/#primaryimage\",\"url\":\"https:\/\/www.notibras.com\/site\/wp-content\/uploads\/2018\/05\/04406156.jpg\",\"contentUrl\":\"https:\/\/www.notibras.com\/site\/wp-content\/uploads\/2018\/05\/04406156.jpg\",\"width\":754,\"height\":503,\"caption\":\"Foto: Ahmed Jallanzo\/EPA\/Ag\u00eancia Lusa\"},{\"@type\":\"BreadcrumbList\",\"@id\":\"https:\/\/www.notibras.com\/site\/mortes-por-ebola-ja-chegam-a-27-e-casos-somam-58\/#breadcrumb\",\"itemListElement\":[{\"@type\":\"ListItem\",\"position\":1,\"name\":\"In\u00edcio\",\"item\":\"https:\/\/www.notibras.com\/site\/\"},{\"@type\":\"ListItem\",\"position\":2,\"name\":\"Mortes por ebola j\u00e1 chegam a 27 e casos somam 58\"}]},{\"@type\":\"WebSite\",\"@id\":\"https:\/\/www.notibras.com\/site\/#website\",\"url\":\"https:\/\/www.notibras.com\/site\/\",\"name\":\"Notibras\",\"description\":\"Not\u00edcias de Bras\u00edlia, do Brasil e do Mundo\",\"publisher\":{\"@id\":\"https:\/\/www.notibras.com\/site\/#organization\"},\"potentialAction\":[{\"@type\":\"SearchAction\",\"target\":{\"@type\":\"EntryPoint\",\"urlTemplate\":\"https:\/\/www.notibras.com\/site\/?s={search_term_string}\"},\"query-input\":{\"@type\":\"PropertyValueSpecification\",\"valueRequired\":true,\"valueName\":\"search_term_string\"}}],\"inLanguage\":\"pt-BR\"},{\"@type\":\"Organization\",\"@id\":\"https:\/\/www.notibras.com\/site\/#organization\",\"name\":\"Grupo Notibras de Comunica\u00e7\u00e3o\",\"url\":\"https:\/\/www.notibras.com\/site\/\",\"logo\":{\"@type\":\"ImageObject\",\"inLanguage\":\"pt-BR\",\"@id\":\"https:\/\/www.notibras.com\/site\/#\/schema\/logo\/image\/\",\"url\":\"https:\/\/www.notibras.com\/site\/wp-content\/uploads\/2023\/01\/notibras23.png\",\"contentUrl\":\"https:\/\/www.notibras.com\/site\/wp-content\/uploads\/2023\/01\/notibras23.png\",\"width\":350,\"height\":87,\"caption\":\"Grupo Notibras de Comunica\u00e7\u00e3o\"},\"image\":{\"@id\":\"https:\/\/www.notibras.com\/site\/#\/schema\/logo\/image\/\"},\"sameAs\":[\"https:\/\/www.facebook.com\/notibras\/\",\"https:\/\/x.com\/Notibras\",\"https:\/\/www.instagram.com\/notibras\/\"]},{\"@type\":\"Person\",\"@id\":\"https:\/\/www.notibras.com\/site\/#\/schema\/person\/00b8e1aa08f9ef6563e878c5159d01cf\",\"name\":\"Reda\u00e7\u00e3o\",\"image\":{\"@type\":\"ImageObject\",\"inLanguage\":\"pt-BR\",\"@id\":\"https:\/\/secure.gravatar.com\/avatar\/ac5a707d5b47784a5ed426c6e213e201423c750890f64e4c379114dade67dfb9?s=96&d=mm&r=g\",\"url\":\"https:\/\/secure.gravatar.com\/avatar\/ac5a707d5b47784a5ed426c6e213e201423c750890f64e4c379114dade67dfb9?s=96&d=mm&r=g\",\"contentUrl\":\"https:\/\/secure.gravatar.com\/avatar\/ac5a707d5b47784a5ed426c6e213e201423c750890f64e4c379114dade67dfb9?s=96&d=mm&r=g\",\"caption\":\"Reda\u00e7\u00e3o\"}}]}<\/script>\n<!-- \/ Yoast SEO plugin. -->","yoast_head_json":{"title":"Mortes por ebola j\u00e1 chegam a 27 e casos somam 58 - Notibras","robots":{"index":"index","follow":"follow","max-snippet":"max-snippet:-1","max-image-preview":"max-image-preview:large","max-video-preview":"max-video-preview:-1"},"canonical":"https:\/\/www.notibras.com\/site\/mortes-por-ebola-ja-chegam-a-27-e-casos-somam-58\/","og_locale":"pt_BR","og_type":"article","og_title":"Mortes por ebola j\u00e1 chegam a 27 e casos somam 58 - Notibras","og_description":"A Rep\u00fablica Democr\u00e1tica do Congo j\u00e1 notificou 58 casos de ebola, segundo informou hoje (23) a Organiza\u00e7\u00e3o Mundial da Sa\u00fade (OMS). Os n\u00fameros incluem 28 casos confirmados, 21 casos prov\u00e1veis e nove suspeitos, al\u00e9m de 27 mortes. A maior parte dos casos foi identificada nas regi\u00f5es de Bikoro (29 casos) e Iboko (22 casos). De [&hellip;]","og_url":"https:\/\/www.notibras.com\/site\/mortes-por-ebola-ja-chegam-a-27-e-casos-somam-58\/","og_site_name":"Notibras","article_publisher":"https:\/\/www.facebook.com\/notibras\/","article_published_time":"2018-05-23T18:32:58+00:00","og_image":[{"width":754,"height":503,"url":"https:\/\/www.notibras.com\/site\/wp-content\/uploads\/2018\/05\/04406156.jpg","type":"image\/jpeg"}],"author":"Reda\u00e7\u00e3o","twitter_card":"summary_large_image","twitter_creator":"@Notibras","twitter_site":"@Notibras","twitter_misc":{"Escrito por":"Reda\u00e7\u00e3o","Est. tempo de leitura":"1 minuto"},"schema":{"@context":"https:\/\/schema.org","@graph":[{"@type":"Article","@id":"https:\/\/www.notibras.com\/site\/mortes-por-ebola-ja-chegam-a-27-e-casos-somam-58\/#article","isPartOf":{"@id":"https:\/\/www.notibras.com\/site\/mortes-por-ebola-ja-chegam-a-27-e-casos-somam-58\/"},"author":{"name":"Reda\u00e7\u00e3o","@id":"https:\/\/www.notibras.com\/site\/#\/schema\/person\/00b8e1aa08f9ef6563e878c5159d01cf"},"headline":"Mortes por ebola j\u00e1 chegam a 27 e casos somam 58","datePublished":"2018-05-23T18:32:58+00:00","mainEntityOfPage":{"@id":"https:\/\/www.notibras.com\/site\/mortes-por-ebola-ja-chegam-a-27-e-casos-somam-58\/"},"wordCount":294,"publisher":{"@id":"https:\/\/www.notibras.com\/site\/#organization"},"image":{"@id":"https:\/\/www.notibras.com\/site\/mortes-por-ebola-ja-chegam-a-27-e-casos-somam-58\/#primaryimage"},"thumbnailUrl":"https:\/\/www.notibras.com\/site\/wp-content\/uploads\/2018\/05\/04406156.jpg","articleSection":["Mundo"],"inLanguage":"pt-BR"},{"@type":"WebPage","@id":"https:\/\/www.notibras.com\/site\/mortes-por-ebola-ja-chegam-a-27-e-casos-somam-58\/","url":"https:\/\/www.notibras.com\/site\/mortes-por-ebola-ja-chegam-a-27-e-casos-somam-58\/","name":"Mortes por ebola j\u00e1 chegam a 27 e casos somam 58 - Notibras","isPartOf":{"@id":"https:\/\/www.notibras.com\/site\/#website"},"primaryImageOfPage":{"@id":"https:\/\/www.notibras.com\/site\/mortes-por-ebola-ja-chegam-a-27-e-casos-somam-58\/#primaryimage"},"image":{"@id":"https:\/\/www.notibras.com\/site\/mortes-por-ebola-ja-chegam-a-27-e-casos-somam-58\/#primaryimage"},"thumbnailUrl":"https:\/\/www.notibras.com\/site\/wp-content\/uploads\/2018\/05\/04406156.jpg","datePublished":"2018-05-23T18:32:58+00:00","breadcrumb":{"@id":"https:\/\/www.notibras.com\/site\/mortes-por-ebola-ja-chegam-a-27-e-casos-somam-58\/#breadcrumb"},"inLanguage":"pt-BR","potentialAction":[{"@type":"ReadAction","target":["https:\/\/www.notibras.com\/site\/mortes-por-ebola-ja-chegam-a-27-e-casos-somam-58\/"]}]},{"@type":"ImageObject","inLanguage":"pt-BR","@id":"https:\/\/www.notibras.com\/site\/mortes-por-ebola-ja-chegam-a-27-e-casos-somam-58\/#primaryimage","url":"https:\/\/www.notibras.com\/site\/wp-content\/uploads\/2018\/05\/04406156.jpg","contentUrl":"https:\/\/www.notibras.com\/site\/wp-content\/uploads\/2018\/05\/04406156.jpg","width":754,"height":503,"caption":"Foto: Ahmed Jallanzo\/EPA\/Ag\u00eancia Lusa"},{"@type":"BreadcrumbList","@id":"https:\/\/www.notibras.com\/site\/mortes-por-ebola-ja-chegam-a-27-e-casos-somam-58\/#breadcrumb","itemListElement":[{"@type":"ListItem","position":1,"name":"In\u00edcio","item":"https:\/\/www.notibras.com\/site\/"},{"@type":"ListItem","position":2,"name":"Mortes por ebola j\u00e1 chegam a 27 e casos somam 58"}]},{"@type":"WebSite","@id":"https:\/\/www.notibras.com\/site\/#website","url":"https:\/\/www.notibras.com\/site\/","name":"Notibras","description":"Not\u00edcias de Bras\u00edlia, do Brasil e do Mundo","publisher":{"@id":"https:\/\/www.notibras.com\/site\/#organization"},"potentialAction":[{"@type":"SearchAction","target":{"@type":"EntryPoint","urlTemplate":"https:\/\/www.notibras.com\/site\/?s={search_term_string}"},"query-input":{"@type":"PropertyValueSpecification","valueRequired":true,"valueName":"search_term_string"}}],"inLanguage":"pt-BR"},{"@type":"Organization","@id":"https:\/\/www.notibras.com\/site\/#organization","name":"Grupo Notibras de Comunica\u00e7\u00e3o","url":"https:\/\/www.notibras.com\/site\/","logo":{"@type":"ImageObject","inLanguage":"pt-BR","@id":"https:\/\/www.notibras.com\/site\/#\/schema\/logo\/image\/","url":"https:\/\/www.notibras.com\/site\/wp-content\/uploads\/2023\/01\/notibras23.png","contentUrl":"https:\/\/www.notibras.com\/site\/wp-content\/uploads\/2023\/01\/notibras23.png","width":350,"height":87,"caption":"Grupo Notibras de Comunica\u00e7\u00e3o"},"image":{"@id":"https:\/\/www.notibras.com\/site\/#\/schema\/logo\/image\/"},"sameAs":["https:\/\/www.facebook.com\/notibras\/","https:\/\/x.com\/Notibras","https:\/\/www.instagram.com\/notibras\/"]},{"@type":"Person","@id":"https:\/\/www.notibras.com\/site\/#\/schema\/person\/00b8e1aa08f9ef6563e878c5159d01cf","name":"Reda\u00e7\u00e3o","image":{"@type":"ImageObject","inLanguage":"pt-BR","@id":"https:\/\/secure.gravatar.com\/avatar\/ac5a707d5b47784a5ed426c6e213e201423c750890f64e4c379114dade67dfb9?s=96&d=mm&r=g","url":"https:\/\/secure.gravatar.com\/avatar\/ac5a707d5b47784a5ed426c6e213e201423c750890f64e4c379114dade67dfb9?s=96&d=mm&r=g","contentUrl":"https:\/\/secure.gravatar.com\/avatar\/ac5a707d5b47784a5ed426c6e213e201423c750890f64e4c379114dade67dfb9?s=96&d=mm&r=g","caption":"Reda\u00e7\u00e3o"}}]}},"amp_enabled":true,"_links":{"self":[{"href":"https:\/\/www.notibras.com\/site\/wp-json\/wp\/v2\/posts\/180226","targetHints":{"allow":["GET"]}}],"collection":[{"href":"https:\/\/www.notibras.com\/site\/wp-json\/wp\/v2\/posts"}],"about":[{"href":"https:\/\/www.notibras.com\/site\/wp-json\/wp\/v2\/types\/post"}],"author":[{"embeddable":true,"href":"https:\/\/www.notibras.com\/site\/wp-json\/wp\/v2\/users\/1"}],"replies":[{"embeddable":true,"href":"https:\/\/www.notibras.com\/site\/wp-json\/wp\/v2\/comments?post=180226"}],"version-history":[{"count":1,"href":"https:\/\/www.notibras.com\/site\/wp-json\/wp\/v2\/posts\/180226\/revisions"}],"predecessor-version":[{"id":180228,"href":"https:\/\/www.notibras.com\/site\/wp-json\/wp\/v2\/posts\/180226\/revisions\/180228"}],"wp:featuredmedia":[{"embeddable":true,"href":"https:\/\/www.notibras.com\/site\/wp-json\/wp\/v2\/media\/180227"}],"wp:attachment":[{"href":"https:\/\/www.notibras.com\/site\/wp-json\/wp\/v2\/media?parent=180226"}],"wp:term":[{"taxonomy":"category","embeddable":true,"href":"https:\/\/www.notibras.com\/site\/wp-json\/wp\/v2\/categories?post=180226"},{"taxonomy":"post_tag","embeddable":true,"href":"https:\/\/www.notibras.com\/site\/wp-json\/wp\/v2\/tags?post=180226"}],"curies":[{"name":"wp","href":"https:\/\/api.w.org\/{rel}","templated":true}]}}