{"id":180321,"date":"2018-05-24T08:48:30","date_gmt":"2018-05-24T11:48:30","guid":{"rendered":"https:\/\/www.notibras.com\/site\/?p=180321"},"modified":"2018-05-24T08:48:30","modified_gmt":"2018-05-24T11:48:30","slug":"em-retaliacao-trump-expulsa-dois-diplomatas-venezuelanos","status":"publish","type":"post","link":"https:\/\/www.notibras.com\/site\/em-retaliacao-trump-expulsa-dois-diplomatas-venezuelanos\/","title":{"rendered":"Em retalia\u00e7\u00e3o, Trump expulsa dois diplomatas venezuelanos"},"content":{"rendered":"<p>O Departamento de Estado norte-americano informou na noite de quarta-feira (23) que ordenou que dois diplomatas venezuelanos deixem os Estados Unidos dentro das pr\u00f3ximas 48 horas, em resposta \u00e0 decis\u00e3o da Venezuela de expulsar dois enviados americanos.<\/p>\n<p>Os diplomatas venezuelanos s\u00e3o o encarregado de neg\u00f3cios da embaixada da Venezuela em Washington e o vice-c\u00f4nsul-geral do consulado venezuelano em Houston, informou o Departamento de Estado dos EUA em comunicado.<\/p>\n<p>&#8220;Esta a\u00e7\u00e3o \u00e9 de reciprocidade \u00e0 decis\u00e3o do regime de (Nicol\u00e1s) Maduro de declarar o Encarregado de Neg\u00f3cios, Todd Robinson, e o Subchefe de Miss\u00e3o da Embaixada dos Estados Unidos em Caracas, Brian Naranjo, como personae non gratae&#8221;, assinala um comunicado da porta-voz do departamento de Estado Heather Nauert.<\/p>\n<p>Maduro disse agir em resposta \u00e0s novas san\u00e7\u00f5es a Caracas impostas por Trump na segunda-feira, que buscam restringir o financiamento do pa\u00eds petroleiro, em meio a uma de suas piores crises econ\u00f4micas.<\/p>\n<p>Na quarta-feira, o governo de Donald Trump foi notificado oficialmente das expuls\u00f5es de Robinson e Naranjo, anunciada na v\u00e9spera por Maduro em mensagem \u00e0 Na\u00e7\u00e3o. O presidente venezuelano, reeleito no domingo at\u00e9 2025 em elei\u00e7\u00f5es boicotadas pela oposi\u00e7\u00e3o e questionadas por v\u00e1rios pa\u00edses, ordenou a sa\u00edda do pa\u00eds &#8220;em 48 horas&#8221; de Robinson e Naranjo acusando-os de &#8220;conspira\u00e7\u00e3o&#8221;.<\/p>\n<p>&#8220;Nossos funcion\u00e1rios da Embaixada (em Caracas) realizaram seus deveres oficiais de maneira respons\u00e1vel e consistente com a pr\u00e1tica diplom\u00e1tica. Rejeitamos qualquer sugest\u00e3o do contr\u00e1rio&#8221;, declarou Nauert na quarta.<\/p>\n","protected":false},"excerpt":{"rendered":"<p>O Departamento de Estado norte-americano informou na noite de quarta-feira (23) que ordenou que dois diplomatas venezuelanos deixem os Estados Unidos dentro das pr\u00f3ximas 48 horas, em resposta \u00e0 decis\u00e3o da Venezuela de expulsar dois enviados americanos. Os diplomatas venezuelanos s\u00e3o o encarregado de neg\u00f3cios da embaixada da Venezuela em Washington e o vice-c\u00f4nsul-geral do [&hellip;]<\/p>\n","protected":false},"author":1,"featured_media":180325,"comment_status":"closed","ping_status":"closed","sticky":false,"template":"","format":"standard","meta":{"_acf_changed":false,"footnotes":""},"categories":[17],"tags":[],"class_list":["post-180321","post","type-post","status-publish","format-standard","has-post-thumbnail","hentry","category-mundo"],"acf":[],"yoast_head":"<!-- This site is optimized with the Yoast SEO plugin v27.2 - https:\/\/yoast.com\/product\/yoast-seo-wordpress\/ -->\n<title>Em retalia\u00e7\u00e3o, Trump expulsa dois diplomatas venezuelanos - Notibras<\/title>\n<meta name=\"robots\" content=\"index, follow, max-snippet:-1, max-image-preview:large, max-video-preview:-1\" \/>\n<link rel=\"canonical\" href=\"https:\/\/www.notibras.com\/site\/em-retaliacao-trump-expulsa-dois-diplomatas-venezuelanos\/\" \/>\n<meta property=\"og:locale\" content=\"pt_BR\" \/>\n<meta property=\"og:type\" content=\"article\" \/>\n<meta property=\"og:title\" content=\"Em retalia\u00e7\u00e3o, Trump expulsa dois diplomatas venezuelanos - Notibras\" \/>\n<meta property=\"og:description\" content=\"O Departamento de Estado norte-americano informou na noite de quarta-feira (23) que ordenou que dois diplomatas venezuelanos deixem os Estados Unidos dentro das pr\u00f3ximas 48 horas, em resposta \u00e0 decis\u00e3o da Venezuela de expulsar dois enviados americanos. Os diplomatas venezuelanos s\u00e3o o encarregado de neg\u00f3cios da embaixada da Venezuela em Washington e o vice-c\u00f4nsul-geral do [&hellip;]\" \/>\n<meta property=\"og:url\" content=\"https:\/\/www.notibras.com\/site\/em-retaliacao-trump-expulsa-dois-diplomatas-venezuelanos\/\" \/>\n<meta property=\"og:site_name\" content=\"Notibras\" \/>\n<meta property=\"article:publisher\" content=\"https:\/\/www.facebook.com\/notibras\/\" \/>\n<meta property=\"article:published_time\" content=\"2018-05-24T11:48:30+00:00\" \/>\n<meta property=\"og:image\" content=\"https:\/\/www.notibras.com\/site\/wp-content\/uploads\/2018\/05\/xtrump-maduro.jpg.pagespeed.ic_.N-54OuMNj_.jpg\" \/>\n\t<meta property=\"og:image:width\" content=\"699\" \/>\n\t<meta property=\"og:image:height\" content=\"420\" \/>\n\t<meta property=\"og:image:type\" content=\"image\/jpeg\" \/>\n<meta name=\"author\" content=\"Reda\u00e7\u00e3o\" \/>\n<meta name=\"twitter:card\" content=\"summary_large_image\" \/>\n<meta name=\"twitter:creator\" content=\"@Notibras\" \/>\n<meta name=\"twitter:site\" content=\"@Notibras\" \/>\n<meta name=\"twitter:label1\" content=\"Escrito por\" \/>\n\t<meta name=\"twitter:data1\" content=\"Reda\u00e7\u00e3o\" \/>\n\t<meta name=\"twitter:label2\" content=\"Est. tempo de leitura\" \/>\n\t<meta name=\"twitter:data2\" content=\"1 minuto\" \/>\n<script type=\"application\/ld+json\" class=\"yoast-schema-graph\">{\"@context\":\"https:\/\/schema.org\",\"@graph\":[{\"@type\":\"Article\",\"@id\":\"https:\/\/www.notibras.com\/site\/em-retaliacao-trump-expulsa-dois-diplomatas-venezuelanos\/#article\",\"isPartOf\":{\"@id\":\"https:\/\/www.notibras.com\/site\/em-retaliacao-trump-expulsa-dois-diplomatas-venezuelanos\/\"},\"author\":{\"name\":\"Reda\u00e7\u00e3o\",\"@id\":\"https:\/\/www.notibras.com\/site\/#\/schema\/person\/00b8e1aa08f9ef6563e878c5159d01cf\"},\"headline\":\"Em retalia\u00e7\u00e3o, Trump expulsa dois diplomatas venezuelanos\",\"datePublished\":\"2018-05-24T11:48:30+00:00\",\"mainEntityOfPage\":{\"@id\":\"https:\/\/www.notibras.com\/site\/em-retaliacao-trump-expulsa-dois-diplomatas-venezuelanos\/\"},\"wordCount\":264,\"publisher\":{\"@id\":\"https:\/\/www.notibras.com\/site\/#organization\"},\"image\":{\"@id\":\"https:\/\/www.notibras.com\/site\/em-retaliacao-trump-expulsa-dois-diplomatas-venezuelanos\/#primaryimage\"},\"thumbnailUrl\":\"https:\/\/www.notibras.com\/site\/wp-content\/uploads\/2018\/05\/xtrump-maduro.jpg.pagespeed.ic_.N-54OuMNj_.jpg\",\"articleSection\":[\"Mundo\"],\"inLanguage\":\"pt-BR\"},{\"@type\":\"WebPage\",\"@id\":\"https:\/\/www.notibras.com\/site\/em-retaliacao-trump-expulsa-dois-diplomatas-venezuelanos\/\",\"url\":\"https:\/\/www.notibras.com\/site\/em-retaliacao-trump-expulsa-dois-diplomatas-venezuelanos\/\",\"name\":\"Em retalia\u00e7\u00e3o, Trump expulsa dois diplomatas venezuelanos - Notibras\",\"isPartOf\":{\"@id\":\"https:\/\/www.notibras.com\/site\/#website\"},\"primaryImageOfPage\":{\"@id\":\"https:\/\/www.notibras.com\/site\/em-retaliacao-trump-expulsa-dois-diplomatas-venezuelanos\/#primaryimage\"},\"image\":{\"@id\":\"https:\/\/www.notibras.com\/site\/em-retaliacao-trump-expulsa-dois-diplomatas-venezuelanos\/#primaryimage\"},\"thumbnailUrl\":\"https:\/\/www.notibras.com\/site\/wp-content\/uploads\/2018\/05\/xtrump-maduro.jpg.pagespeed.ic_.N-54OuMNj_.jpg\",\"datePublished\":\"2018-05-24T11:48:30+00:00\",\"breadcrumb\":{\"@id\":\"https:\/\/www.notibras.com\/site\/em-retaliacao-trump-expulsa-dois-diplomatas-venezuelanos\/#breadcrumb\"},\"inLanguage\":\"pt-BR\",\"potentialAction\":[{\"@type\":\"ReadAction\",\"target\":[\"https:\/\/www.notibras.com\/site\/em-retaliacao-trump-expulsa-dois-diplomatas-venezuelanos\/\"]}]},{\"@type\":\"ImageObject\",\"inLanguage\":\"pt-BR\",\"@id\":\"https:\/\/www.notibras.com\/site\/em-retaliacao-trump-expulsa-dois-diplomatas-venezuelanos\/#primaryimage\",\"url\":\"https:\/\/www.notibras.com\/site\/wp-content\/uploads\/2018\/05\/xtrump-maduro.jpg.pagespeed.ic_.N-54OuMNj_.jpg\",\"contentUrl\":\"https:\/\/www.notibras.com\/site\/wp-content\/uploads\/2018\/05\/xtrump-maduro.jpg.pagespeed.ic_.N-54OuMNj_.jpg\",\"width\":699,\"height\":420,\"caption\":\"Os presidentes de EUA e Venezuela, Donald Trump e Nicol\u00e1s Maduro. Foto: Reuters\"},{\"@type\":\"BreadcrumbList\",\"@id\":\"https:\/\/www.notibras.com\/site\/em-retaliacao-trump-expulsa-dois-diplomatas-venezuelanos\/#breadcrumb\",\"itemListElement\":[{\"@type\":\"ListItem\",\"position\":1,\"name\":\"In\u00edcio\",\"item\":\"https:\/\/www.notibras.com\/site\/\"},{\"@type\":\"ListItem\",\"position\":2,\"name\":\"Em retalia\u00e7\u00e3o, Trump expulsa dois diplomatas venezuelanos\"}]},{\"@type\":\"WebSite\",\"@id\":\"https:\/\/www.notibras.com\/site\/#website\",\"url\":\"https:\/\/www.notibras.com\/site\/\",\"name\":\"Notibras\",\"description\":\"Not\u00edcias de Bras\u00edlia, do Brasil e do Mundo\",\"publisher\":{\"@id\":\"https:\/\/www.notibras.com\/site\/#organization\"},\"potentialAction\":[{\"@type\":\"SearchAction\",\"target\":{\"@type\":\"EntryPoint\",\"urlTemplate\":\"https:\/\/www.notibras.com\/site\/?s={search_term_string}\"},\"query-input\":{\"@type\":\"PropertyValueSpecification\",\"valueRequired\":true,\"valueName\":\"search_term_string\"}}],\"inLanguage\":\"pt-BR\"},{\"@type\":\"Organization\",\"@id\":\"https:\/\/www.notibras.com\/site\/#organization\",\"name\":\"Grupo Notibras de Comunica\u00e7\u00e3o\",\"url\":\"https:\/\/www.notibras.com\/site\/\",\"logo\":{\"@type\":\"ImageObject\",\"inLanguage\":\"pt-BR\",\"@id\":\"https:\/\/www.notibras.com\/site\/#\/schema\/logo\/image\/\",\"url\":\"https:\/\/www.notibras.com\/site\/wp-content\/uploads\/2023\/01\/notibras23.png\",\"contentUrl\":\"https:\/\/www.notibras.com\/site\/wp-content\/uploads\/2023\/01\/notibras23.png\",\"width\":350,\"height\":87,\"caption\":\"Grupo Notibras de Comunica\u00e7\u00e3o\"},\"image\":{\"@id\":\"https:\/\/www.notibras.com\/site\/#\/schema\/logo\/image\/\"},\"sameAs\":[\"https:\/\/www.facebook.com\/notibras\/\",\"https:\/\/x.com\/Notibras\",\"https:\/\/www.instagram.com\/notibras\/\"]},{\"@type\":\"Person\",\"@id\":\"https:\/\/www.notibras.com\/site\/#\/schema\/person\/00b8e1aa08f9ef6563e878c5159d01cf\",\"name\":\"Reda\u00e7\u00e3o\",\"image\":{\"@type\":\"ImageObject\",\"inLanguage\":\"pt-BR\",\"@id\":\"https:\/\/secure.gravatar.com\/avatar\/ac5a707d5b47784a5ed426c6e213e201423c750890f64e4c379114dade67dfb9?s=96&d=mm&r=g\",\"url\":\"https:\/\/secure.gravatar.com\/avatar\/ac5a707d5b47784a5ed426c6e213e201423c750890f64e4c379114dade67dfb9?s=96&d=mm&r=g\",\"contentUrl\":\"https:\/\/secure.gravatar.com\/avatar\/ac5a707d5b47784a5ed426c6e213e201423c750890f64e4c379114dade67dfb9?s=96&d=mm&r=g\",\"caption\":\"Reda\u00e7\u00e3o\"}}]}<\/script>\n<!-- \/ Yoast SEO plugin. -->","yoast_head_json":{"title":"Em retalia\u00e7\u00e3o, Trump expulsa dois diplomatas venezuelanos - Notibras","robots":{"index":"index","follow":"follow","max-snippet":"max-snippet:-1","max-image-preview":"max-image-preview:large","max-video-preview":"max-video-preview:-1"},"canonical":"https:\/\/www.notibras.com\/site\/em-retaliacao-trump-expulsa-dois-diplomatas-venezuelanos\/","og_locale":"pt_BR","og_type":"article","og_title":"Em retalia\u00e7\u00e3o, Trump expulsa dois diplomatas venezuelanos - Notibras","og_description":"O Departamento de Estado norte-americano informou na noite de quarta-feira (23) que ordenou que dois diplomatas venezuelanos deixem os Estados Unidos dentro das pr\u00f3ximas 48 horas, em resposta \u00e0 decis\u00e3o da Venezuela de expulsar dois enviados americanos. Os diplomatas venezuelanos s\u00e3o o encarregado de neg\u00f3cios da embaixada da Venezuela em Washington e o vice-c\u00f4nsul-geral do [&hellip;]","og_url":"https:\/\/www.notibras.com\/site\/em-retaliacao-trump-expulsa-dois-diplomatas-venezuelanos\/","og_site_name":"Notibras","article_publisher":"https:\/\/www.facebook.com\/notibras\/","article_published_time":"2018-05-24T11:48:30+00:00","og_image":[{"width":699,"height":420,"url":"https:\/\/www.notibras.com\/site\/wp-content\/uploads\/2018\/05\/xtrump-maduro.jpg.pagespeed.ic_.N-54OuMNj_.jpg","type":"image\/jpeg"}],"author":"Reda\u00e7\u00e3o","twitter_card":"summary_large_image","twitter_creator":"@Notibras","twitter_site":"@Notibras","twitter_misc":{"Escrito por":"Reda\u00e7\u00e3o","Est. tempo de leitura":"1 minuto"},"schema":{"@context":"https:\/\/schema.org","@graph":[{"@type":"Article","@id":"https:\/\/www.notibras.com\/site\/em-retaliacao-trump-expulsa-dois-diplomatas-venezuelanos\/#article","isPartOf":{"@id":"https:\/\/www.notibras.com\/site\/em-retaliacao-trump-expulsa-dois-diplomatas-venezuelanos\/"},"author":{"name":"Reda\u00e7\u00e3o","@id":"https:\/\/www.notibras.com\/site\/#\/schema\/person\/00b8e1aa08f9ef6563e878c5159d01cf"},"headline":"Em retalia\u00e7\u00e3o, Trump expulsa dois diplomatas venezuelanos","datePublished":"2018-05-24T11:48:30+00:00","mainEntityOfPage":{"@id":"https:\/\/www.notibras.com\/site\/em-retaliacao-trump-expulsa-dois-diplomatas-venezuelanos\/"},"wordCount":264,"publisher":{"@id":"https:\/\/www.notibras.com\/site\/#organization"},"image":{"@id":"https:\/\/www.notibras.com\/site\/em-retaliacao-trump-expulsa-dois-diplomatas-venezuelanos\/#primaryimage"},"thumbnailUrl":"https:\/\/www.notibras.com\/site\/wp-content\/uploads\/2018\/05\/xtrump-maduro.jpg.pagespeed.ic_.N-54OuMNj_.jpg","articleSection":["Mundo"],"inLanguage":"pt-BR"},{"@type":"WebPage","@id":"https:\/\/www.notibras.com\/site\/em-retaliacao-trump-expulsa-dois-diplomatas-venezuelanos\/","url":"https:\/\/www.notibras.com\/site\/em-retaliacao-trump-expulsa-dois-diplomatas-venezuelanos\/","name":"Em retalia\u00e7\u00e3o, Trump expulsa dois diplomatas venezuelanos - Notibras","isPartOf":{"@id":"https:\/\/www.notibras.com\/site\/#website"},"primaryImageOfPage":{"@id":"https:\/\/www.notibras.com\/site\/em-retaliacao-trump-expulsa-dois-diplomatas-venezuelanos\/#primaryimage"},"image":{"@id":"https:\/\/www.notibras.com\/site\/em-retaliacao-trump-expulsa-dois-diplomatas-venezuelanos\/#primaryimage"},"thumbnailUrl":"https:\/\/www.notibras.com\/site\/wp-content\/uploads\/2018\/05\/xtrump-maduro.jpg.pagespeed.ic_.N-54OuMNj_.jpg","datePublished":"2018-05-24T11:48:30+00:00","breadcrumb":{"@id":"https:\/\/www.notibras.com\/site\/em-retaliacao-trump-expulsa-dois-diplomatas-venezuelanos\/#breadcrumb"},"inLanguage":"pt-BR","potentialAction":[{"@type":"ReadAction","target":["https:\/\/www.notibras.com\/site\/em-retaliacao-trump-expulsa-dois-diplomatas-venezuelanos\/"]}]},{"@type":"ImageObject","inLanguage":"pt-BR","@id":"https:\/\/www.notibras.com\/site\/em-retaliacao-trump-expulsa-dois-diplomatas-venezuelanos\/#primaryimage","url":"https:\/\/www.notibras.com\/site\/wp-content\/uploads\/2018\/05\/xtrump-maduro.jpg.pagespeed.ic_.N-54OuMNj_.jpg","contentUrl":"https:\/\/www.notibras.com\/site\/wp-content\/uploads\/2018\/05\/xtrump-maduro.jpg.pagespeed.ic_.N-54OuMNj_.jpg","width":699,"height":420,"caption":"Os presidentes de EUA e Venezuela, Donald Trump e Nicol\u00e1s Maduro. Foto: Reuters"},{"@type":"BreadcrumbList","@id":"https:\/\/www.notibras.com\/site\/em-retaliacao-trump-expulsa-dois-diplomatas-venezuelanos\/#breadcrumb","itemListElement":[{"@type":"ListItem","position":1,"name":"In\u00edcio","item":"https:\/\/www.notibras.com\/site\/"},{"@type":"ListItem","position":2,"name":"Em retalia\u00e7\u00e3o, Trump expulsa dois diplomatas venezuelanos"}]},{"@type":"WebSite","@id":"https:\/\/www.notibras.com\/site\/#website","url":"https:\/\/www.notibras.com\/site\/","name":"Notibras","description":"Not\u00edcias de Bras\u00edlia, do Brasil e do Mundo","publisher":{"@id":"https:\/\/www.notibras.com\/site\/#organization"},"potentialAction":[{"@type":"SearchAction","target":{"@type":"EntryPoint","urlTemplate":"https:\/\/www.notibras.com\/site\/?s={search_term_string}"},"query-input":{"@type":"PropertyValueSpecification","valueRequired":true,"valueName":"search_term_string"}}],"inLanguage":"pt-BR"},{"@type":"Organization","@id":"https:\/\/www.notibras.com\/site\/#organization","name":"Grupo Notibras de Comunica\u00e7\u00e3o","url":"https:\/\/www.notibras.com\/site\/","logo":{"@type":"ImageObject","inLanguage":"pt-BR","@id":"https:\/\/www.notibras.com\/site\/#\/schema\/logo\/image\/","url":"https:\/\/www.notibras.com\/site\/wp-content\/uploads\/2023\/01\/notibras23.png","contentUrl":"https:\/\/www.notibras.com\/site\/wp-content\/uploads\/2023\/01\/notibras23.png","width":350,"height":87,"caption":"Grupo Notibras de Comunica\u00e7\u00e3o"},"image":{"@id":"https:\/\/www.notibras.com\/site\/#\/schema\/logo\/image\/"},"sameAs":["https:\/\/www.facebook.com\/notibras\/","https:\/\/x.com\/Notibras","https:\/\/www.instagram.com\/notibras\/"]},{"@type":"Person","@id":"https:\/\/www.notibras.com\/site\/#\/schema\/person\/00b8e1aa08f9ef6563e878c5159d01cf","name":"Reda\u00e7\u00e3o","image":{"@type":"ImageObject","inLanguage":"pt-BR","@id":"https:\/\/secure.gravatar.com\/avatar\/ac5a707d5b47784a5ed426c6e213e201423c750890f64e4c379114dade67dfb9?s=96&d=mm&r=g","url":"https:\/\/secure.gravatar.com\/avatar\/ac5a707d5b47784a5ed426c6e213e201423c750890f64e4c379114dade67dfb9?s=96&d=mm&r=g","contentUrl":"https:\/\/secure.gravatar.com\/avatar\/ac5a707d5b47784a5ed426c6e213e201423c750890f64e4c379114dade67dfb9?s=96&d=mm&r=g","caption":"Reda\u00e7\u00e3o"}}]}},"amp_enabled":true,"_links":{"self":[{"href":"https:\/\/www.notibras.com\/site\/wp-json\/wp\/v2\/posts\/180321","targetHints":{"allow":["GET"]}}],"collection":[{"href":"https:\/\/www.notibras.com\/site\/wp-json\/wp\/v2\/posts"}],"about":[{"href":"https:\/\/www.notibras.com\/site\/wp-json\/wp\/v2\/types\/post"}],"author":[{"embeddable":true,"href":"https:\/\/www.notibras.com\/site\/wp-json\/wp\/v2\/users\/1"}],"replies":[{"embeddable":true,"href":"https:\/\/www.notibras.com\/site\/wp-json\/wp\/v2\/comments?post=180321"}],"version-history":[{"count":1,"href":"https:\/\/www.notibras.com\/site\/wp-json\/wp\/v2\/posts\/180321\/revisions"}],"predecessor-version":[{"id":180326,"href":"https:\/\/www.notibras.com\/site\/wp-json\/wp\/v2\/posts\/180321\/revisions\/180326"}],"wp:featuredmedia":[{"embeddable":true,"href":"https:\/\/www.notibras.com\/site\/wp-json\/wp\/v2\/media\/180325"}],"wp:attachment":[{"href":"https:\/\/www.notibras.com\/site\/wp-json\/wp\/v2\/media?parent=180321"}],"wp:term":[{"taxonomy":"category","embeddable":true,"href":"https:\/\/www.notibras.com\/site\/wp-json\/wp\/v2\/categories?post=180321"},{"taxonomy":"post_tag","embeddable":true,"href":"https:\/\/www.notibras.com\/site\/wp-json\/wp\/v2\/tags?post=180321"}],"curies":[{"name":"wp","href":"https:\/\/api.w.org\/{rel}","templated":true}]}}