{"id":180396,"date":"2018-05-25T08:13:42","date_gmt":"2018-05-25T11:13:42","guid":{"rendered":"https:\/\/www.notibras.com\/site\/?p=180396"},"modified":"2018-05-25T08:13:42","modified_gmt":"2018-05-25T11:13:42","slug":"coreia-do-norte-se-diz-disposta-a-dialogar-com-eua","status":"publish","type":"post","link":"https:\/\/www.notibras.com\/site\/coreia-do-norte-se-diz-disposta-a-dialogar-com-eua\/","title":{"rendered":"Coreia do Norte se diz disposta a dialogar com EUA"},"content":{"rendered":"<p>A Coreia do Norte disse nesta sexta-feira estar ainda disposta a dialogar com os Estados Unidos a qualquer momento, em resposta ao surpreendente cancelamento do encontro entre os dois pa\u00edses, que foi anunciado pelo presidente americano, Donald Trump.<\/p>\n<p>&#8220;Expressamos nossa disposi\u00e7\u00e3o em nos sentar frente a frente com os EUA e resolver assuntos a qualquer momento e de qualquer forma&#8221;, disse o vice-ministro das Rela\u00e7\u00f5es Exteriores, Kim Kye-gwan, em comunicado divulgado pela ag\u00eancia estatal de not\u00edcias &#8220;KCNA&#8221;.<\/p>\n<p>Esta foi a primeira rea\u00e7\u00e3o de Pyongyang ao an\u00fancio feito por Trump, na quinta-feira, de cancelar a reuni\u00e3o com o l\u00edder da Coreia do Norte, Kim Jong-un, prevista para 12 de junho, em Cingapura, devido ao que classificou como &#8220;hostilidade&#8221; por parte do governo do pa\u00eds asi\u00e1tico.<\/p>\n<p>O vice-ministro indicou que o l\u00edder norte-coreano fez todos os esfor\u00e7os para preparar a c\u00fapula hist\u00f3rica entre os dois pa\u00edses depois de d\u00e9cadas de hostilidades.<\/p>\n<p>&#8220;A decis\u00e3o unilateral dos EUA de cancelar as conversas nos faz reconsiderar se todos os esfor\u00e7os e o caminho que tomamos \u00e9 realmente correto ou n\u00e3o&#8221;, afirmou o vice-ministro na nota.<\/p>\n<p>Apesar de tudo isso, Kim ainda defende em tom conciliador que a Coreia do Norte se mant\u00e9m aberta a falar com os EUA.<\/p>\n<p>&#8220;O nosso compromisso de fazer tudo o que possamos pelo bem da paz e pela estabilidade do mundo e da pen\u00ednsula da Coreia se mant\u00e9m sem mudan\u00e7as, estamos abertos a oferecer tempo e uma oportunidade aos EUA&#8221;, afirmou Kim em comunicado.<\/p>\n<p>O vice-ministro de Rela\u00e7\u00f5es Exteriores falou, al\u00e9m disso, sobre a hostilidade citada por Trump na carta dirigida a Kim. &#8220;\u00c9 somente uma rea\u00e7\u00e3o violenta em resposta \u00e0 proposta de desnucleariza\u00e7\u00e3o unilateral defendida pelos EUA&#8221;, disse.<\/p>\n<p>O presidente dos EUA, no entanto, se referia a declara\u00e7\u00f5es divulgadas ontem, nas quais a vice-ministra de Rela\u00e7\u00f5es Exteriores da Coreia do Norte, Choe San-hui, acusava o vice-presidente americano, Mike Pence, de ter feito afirma\u00e7\u00f5es &#8220;ignorantes&#8221; e &#8220;tontas&#8221; em uma entrevista.<\/p>\n","protected":false},"excerpt":{"rendered":"<p>A Coreia do Norte disse nesta sexta-feira estar ainda disposta a dialogar com os Estados Unidos a qualquer momento, em resposta ao surpreendente cancelamento do encontro entre os dois pa\u00edses, que foi anunciado pelo presidente americano, Donald Trump. &#8220;Expressamos nossa disposi\u00e7\u00e3o em nos sentar frente a frente com os EUA e resolver assuntos a qualquer [&hellip;]<\/p>\n","protected":false},"author":1,"featured_media":179551,"comment_status":"closed","ping_status":"closed","sticky":false,"template":"","format":"standard","meta":{"_acf_changed":false,"footnotes":""},"categories":[17],"tags":[],"class_list":["post-180396","post","type-post","status-publish","format-standard","has-post-thumbnail","hentry","category-mundo"],"acf":[],"yoast_head":"<!-- This site is optimized with the Yoast SEO plugin v27.2 - https:\/\/yoast.com\/product\/yoast-seo-wordpress\/ -->\n<title>Coreia do Norte se diz disposta a dialogar com EUA - Notibras<\/title>\n<meta name=\"robots\" content=\"index, follow, max-snippet:-1, max-image-preview:large, max-video-preview:-1\" \/>\n<link rel=\"canonical\" href=\"https:\/\/www.notibras.com\/site\/coreia-do-norte-se-diz-disposta-a-dialogar-com-eua\/\" \/>\n<meta property=\"og:locale\" content=\"pt_BR\" \/>\n<meta property=\"og:type\" content=\"article\" \/>\n<meta property=\"og:title\" content=\"Coreia do Norte se diz disposta a dialogar com EUA - Notibras\" \/>\n<meta property=\"og:description\" content=\"A Coreia do Norte disse nesta sexta-feira estar ainda disposta a dialogar com os Estados Unidos a qualquer momento, em resposta ao surpreendente cancelamento do encontro entre os dois pa\u00edses, que foi anunciado pelo presidente americano, Donald Trump. &#8220;Expressamos nossa disposi\u00e7\u00e3o em nos sentar frente a frente com os EUA e resolver assuntos a qualquer [&hellip;]\" \/>\n<meta property=\"og:url\" content=\"https:\/\/www.notibras.com\/site\/coreia-do-norte-se-diz-disposta-a-dialogar-com-eua\/\" \/>\n<meta property=\"og:site_name\" content=\"Notibras\" \/>\n<meta property=\"article:publisher\" content=\"https:\/\/www.facebook.com\/notibras\/\" \/>\n<meta property=\"article:published_time\" content=\"2018-05-25T11:13:42+00:00\" \/>\n<meta property=\"og:image\" content=\"https:\/\/www.notibras.com\/site\/wp-content\/uploads\/2018\/05\/269d27204330c4b17dcd330effc5f3993c5751b3.jpg\" \/>\n\t<meta property=\"og:image:width\" content=\"768\" \/>\n\t<meta property=\"og:image:height\" content=\"484\" \/>\n\t<meta property=\"og:image:type\" content=\"image\/jpeg\" \/>\n<meta name=\"author\" content=\"Reda\u00e7\u00e3o\" \/>\n<meta name=\"twitter:card\" content=\"summary_large_image\" \/>\n<meta name=\"twitter:creator\" content=\"@Notibras\" \/>\n<meta name=\"twitter:site\" content=\"@Notibras\" \/>\n<meta name=\"twitter:label1\" content=\"Escrito por\" \/>\n\t<meta name=\"twitter:data1\" content=\"Reda\u00e7\u00e3o\" \/>\n\t<meta name=\"twitter:label2\" content=\"Est. tempo de leitura\" \/>\n\t<meta name=\"twitter:data2\" content=\"2 minutos\" \/>\n<script type=\"application\/ld+json\" class=\"yoast-schema-graph\">{\"@context\":\"https:\/\/schema.org\",\"@graph\":[{\"@type\":\"Article\",\"@id\":\"https:\/\/www.notibras.com\/site\/coreia-do-norte-se-diz-disposta-a-dialogar-com-eua\/#article\",\"isPartOf\":{\"@id\":\"https:\/\/www.notibras.com\/site\/coreia-do-norte-se-diz-disposta-a-dialogar-com-eua\/\"},\"author\":{\"name\":\"Reda\u00e7\u00e3o\",\"@id\":\"https:\/\/www.notibras.com\/site\/#\/schema\/person\/00b8e1aa08f9ef6563e878c5159d01cf\"},\"headline\":\"Coreia do Norte se diz disposta a dialogar com EUA\",\"datePublished\":\"2018-05-25T11:13:42+00:00\",\"mainEntityOfPage\":{\"@id\":\"https:\/\/www.notibras.com\/site\/coreia-do-norte-se-diz-disposta-a-dialogar-com-eua\/\"},\"wordCount\":357,\"publisher\":{\"@id\":\"https:\/\/www.notibras.com\/site\/#organization\"},\"image\":{\"@id\":\"https:\/\/www.notibras.com\/site\/coreia-do-norte-se-diz-disposta-a-dialogar-com-eua\/#primaryimage\"},\"thumbnailUrl\":\"https:\/\/www.notibras.com\/site\/wp-content\/uploads\/2018\/05\/269d27204330c4b17dcd330effc5f3993c5751b3.jpg\",\"articleSection\":[\"Mundo\"],\"inLanguage\":\"pt-BR\"},{\"@type\":\"WebPage\",\"@id\":\"https:\/\/www.notibras.com\/site\/coreia-do-norte-se-diz-disposta-a-dialogar-com-eua\/\",\"url\":\"https:\/\/www.notibras.com\/site\/coreia-do-norte-se-diz-disposta-a-dialogar-com-eua\/\",\"name\":\"Coreia do Norte se diz disposta a dialogar com EUA - Notibras\",\"isPartOf\":{\"@id\":\"https:\/\/www.notibras.com\/site\/#website\"},\"primaryImageOfPage\":{\"@id\":\"https:\/\/www.notibras.com\/site\/coreia-do-norte-se-diz-disposta-a-dialogar-com-eua\/#primaryimage\"},\"image\":{\"@id\":\"https:\/\/www.notibras.com\/site\/coreia-do-norte-se-diz-disposta-a-dialogar-com-eua\/#primaryimage\"},\"thumbnailUrl\":\"https:\/\/www.notibras.com\/site\/wp-content\/uploads\/2018\/05\/269d27204330c4b17dcd330effc5f3993c5751b3.jpg\",\"datePublished\":\"2018-05-25T11:13:42+00:00\",\"breadcrumb\":{\"@id\":\"https:\/\/www.notibras.com\/site\/coreia-do-norte-se-diz-disposta-a-dialogar-com-eua\/#breadcrumb\"},\"inLanguage\":\"pt-BR\",\"potentialAction\":[{\"@type\":\"ReadAction\",\"target\":[\"https:\/\/www.notibras.com\/site\/coreia-do-norte-se-diz-disposta-a-dialogar-com-eua\/\"]}]},{\"@type\":\"ImageObject\",\"inLanguage\":\"pt-BR\",\"@id\":\"https:\/\/www.notibras.com\/site\/coreia-do-norte-se-diz-disposta-a-dialogar-com-eua\/#primaryimage\",\"url\":\"https:\/\/www.notibras.com\/site\/wp-content\/uploads\/2018\/05\/269d27204330c4b17dcd330effc5f3993c5751b3.jpg\",\"contentUrl\":\"https:\/\/www.notibras.com\/site\/wp-content\/uploads\/2018\/05\/269d27204330c4b17dcd330effc5f3993c5751b3.jpg\",\"width\":768,\"height\":484,\"caption\":\"Um canal de televis\u00e3o sul-coreano exibe imagens do presidente americano Donald Trump e do l\u00edder norte-coreano Kim Jong Un em uma esta\u00e7\u00e3o de trens de Seul. Foto: AFP\"},{\"@type\":\"BreadcrumbList\",\"@id\":\"https:\/\/www.notibras.com\/site\/coreia-do-norte-se-diz-disposta-a-dialogar-com-eua\/#breadcrumb\",\"itemListElement\":[{\"@type\":\"ListItem\",\"position\":1,\"name\":\"In\u00edcio\",\"item\":\"https:\/\/www.notibras.com\/site\/\"},{\"@type\":\"ListItem\",\"position\":2,\"name\":\"Coreia do Norte se diz disposta a dialogar com EUA\"}]},{\"@type\":\"WebSite\",\"@id\":\"https:\/\/www.notibras.com\/site\/#website\",\"url\":\"https:\/\/www.notibras.com\/site\/\",\"name\":\"Notibras\",\"description\":\"Not\u00edcias de Bras\u00edlia, do Brasil e do Mundo\",\"publisher\":{\"@id\":\"https:\/\/www.notibras.com\/site\/#organization\"},\"potentialAction\":[{\"@type\":\"SearchAction\",\"target\":{\"@type\":\"EntryPoint\",\"urlTemplate\":\"https:\/\/www.notibras.com\/site\/?s={search_term_string}\"},\"query-input\":{\"@type\":\"PropertyValueSpecification\",\"valueRequired\":true,\"valueName\":\"search_term_string\"}}],\"inLanguage\":\"pt-BR\"},{\"@type\":\"Organization\",\"@id\":\"https:\/\/www.notibras.com\/site\/#organization\",\"name\":\"Grupo Notibras de Comunica\u00e7\u00e3o\",\"url\":\"https:\/\/www.notibras.com\/site\/\",\"logo\":{\"@type\":\"ImageObject\",\"inLanguage\":\"pt-BR\",\"@id\":\"https:\/\/www.notibras.com\/site\/#\/schema\/logo\/image\/\",\"url\":\"https:\/\/www.notibras.com\/site\/wp-content\/uploads\/2023\/01\/notibras23.png\",\"contentUrl\":\"https:\/\/www.notibras.com\/site\/wp-content\/uploads\/2023\/01\/notibras23.png\",\"width\":350,\"height\":87,\"caption\":\"Grupo Notibras de Comunica\u00e7\u00e3o\"},\"image\":{\"@id\":\"https:\/\/www.notibras.com\/site\/#\/schema\/logo\/image\/\"},\"sameAs\":[\"https:\/\/www.facebook.com\/notibras\/\",\"https:\/\/x.com\/Notibras\",\"https:\/\/www.instagram.com\/notibras\/\"]},{\"@type\":\"Person\",\"@id\":\"https:\/\/www.notibras.com\/site\/#\/schema\/person\/00b8e1aa08f9ef6563e878c5159d01cf\",\"name\":\"Reda\u00e7\u00e3o\",\"image\":{\"@type\":\"ImageObject\",\"inLanguage\":\"pt-BR\",\"@id\":\"https:\/\/secure.gravatar.com\/avatar\/ac5a707d5b47784a5ed426c6e213e201423c750890f64e4c379114dade67dfb9?s=96&d=mm&r=g\",\"url\":\"https:\/\/secure.gravatar.com\/avatar\/ac5a707d5b47784a5ed426c6e213e201423c750890f64e4c379114dade67dfb9?s=96&d=mm&r=g\",\"contentUrl\":\"https:\/\/secure.gravatar.com\/avatar\/ac5a707d5b47784a5ed426c6e213e201423c750890f64e4c379114dade67dfb9?s=96&d=mm&r=g\",\"caption\":\"Reda\u00e7\u00e3o\"}}]}<\/script>\n<!-- \/ Yoast SEO plugin. -->","yoast_head_json":{"title":"Coreia do Norte se diz disposta a dialogar com EUA - Notibras","robots":{"index":"index","follow":"follow","max-snippet":"max-snippet:-1","max-image-preview":"max-image-preview:large","max-video-preview":"max-video-preview:-1"},"canonical":"https:\/\/www.notibras.com\/site\/coreia-do-norte-se-diz-disposta-a-dialogar-com-eua\/","og_locale":"pt_BR","og_type":"article","og_title":"Coreia do Norte se diz disposta a dialogar com EUA - Notibras","og_description":"A Coreia do Norte disse nesta sexta-feira estar ainda disposta a dialogar com os Estados Unidos a qualquer momento, em resposta ao surpreendente cancelamento do encontro entre os dois pa\u00edses, que foi anunciado pelo presidente americano, Donald Trump. &#8220;Expressamos nossa disposi\u00e7\u00e3o em nos sentar frente a frente com os EUA e resolver assuntos a qualquer [&hellip;]","og_url":"https:\/\/www.notibras.com\/site\/coreia-do-norte-se-diz-disposta-a-dialogar-com-eua\/","og_site_name":"Notibras","article_publisher":"https:\/\/www.facebook.com\/notibras\/","article_published_time":"2018-05-25T11:13:42+00:00","og_image":[{"width":768,"height":484,"url":"https:\/\/www.notibras.com\/site\/wp-content\/uploads\/2018\/05\/269d27204330c4b17dcd330effc5f3993c5751b3.jpg","type":"image\/jpeg"}],"author":"Reda\u00e7\u00e3o","twitter_card":"summary_large_image","twitter_creator":"@Notibras","twitter_site":"@Notibras","twitter_misc":{"Escrito por":"Reda\u00e7\u00e3o","Est. tempo de leitura":"2 minutos"},"schema":{"@context":"https:\/\/schema.org","@graph":[{"@type":"Article","@id":"https:\/\/www.notibras.com\/site\/coreia-do-norte-se-diz-disposta-a-dialogar-com-eua\/#article","isPartOf":{"@id":"https:\/\/www.notibras.com\/site\/coreia-do-norte-se-diz-disposta-a-dialogar-com-eua\/"},"author":{"name":"Reda\u00e7\u00e3o","@id":"https:\/\/www.notibras.com\/site\/#\/schema\/person\/00b8e1aa08f9ef6563e878c5159d01cf"},"headline":"Coreia do Norte se diz disposta a dialogar com EUA","datePublished":"2018-05-25T11:13:42+00:00","mainEntityOfPage":{"@id":"https:\/\/www.notibras.com\/site\/coreia-do-norte-se-diz-disposta-a-dialogar-com-eua\/"},"wordCount":357,"publisher":{"@id":"https:\/\/www.notibras.com\/site\/#organization"},"image":{"@id":"https:\/\/www.notibras.com\/site\/coreia-do-norte-se-diz-disposta-a-dialogar-com-eua\/#primaryimage"},"thumbnailUrl":"https:\/\/www.notibras.com\/site\/wp-content\/uploads\/2018\/05\/269d27204330c4b17dcd330effc5f3993c5751b3.jpg","articleSection":["Mundo"],"inLanguage":"pt-BR"},{"@type":"WebPage","@id":"https:\/\/www.notibras.com\/site\/coreia-do-norte-se-diz-disposta-a-dialogar-com-eua\/","url":"https:\/\/www.notibras.com\/site\/coreia-do-norte-se-diz-disposta-a-dialogar-com-eua\/","name":"Coreia do Norte se diz disposta a dialogar com EUA - Notibras","isPartOf":{"@id":"https:\/\/www.notibras.com\/site\/#website"},"primaryImageOfPage":{"@id":"https:\/\/www.notibras.com\/site\/coreia-do-norte-se-diz-disposta-a-dialogar-com-eua\/#primaryimage"},"image":{"@id":"https:\/\/www.notibras.com\/site\/coreia-do-norte-se-diz-disposta-a-dialogar-com-eua\/#primaryimage"},"thumbnailUrl":"https:\/\/www.notibras.com\/site\/wp-content\/uploads\/2018\/05\/269d27204330c4b17dcd330effc5f3993c5751b3.jpg","datePublished":"2018-05-25T11:13:42+00:00","breadcrumb":{"@id":"https:\/\/www.notibras.com\/site\/coreia-do-norte-se-diz-disposta-a-dialogar-com-eua\/#breadcrumb"},"inLanguage":"pt-BR","potentialAction":[{"@type":"ReadAction","target":["https:\/\/www.notibras.com\/site\/coreia-do-norte-se-diz-disposta-a-dialogar-com-eua\/"]}]},{"@type":"ImageObject","inLanguage":"pt-BR","@id":"https:\/\/www.notibras.com\/site\/coreia-do-norte-se-diz-disposta-a-dialogar-com-eua\/#primaryimage","url":"https:\/\/www.notibras.com\/site\/wp-content\/uploads\/2018\/05\/269d27204330c4b17dcd330effc5f3993c5751b3.jpg","contentUrl":"https:\/\/www.notibras.com\/site\/wp-content\/uploads\/2018\/05\/269d27204330c4b17dcd330effc5f3993c5751b3.jpg","width":768,"height":484,"caption":"Um canal de televis\u00e3o sul-coreano exibe imagens do presidente americano Donald Trump e do l\u00edder norte-coreano Kim Jong Un em uma esta\u00e7\u00e3o de trens de Seul. Foto: AFP"},{"@type":"BreadcrumbList","@id":"https:\/\/www.notibras.com\/site\/coreia-do-norte-se-diz-disposta-a-dialogar-com-eua\/#breadcrumb","itemListElement":[{"@type":"ListItem","position":1,"name":"In\u00edcio","item":"https:\/\/www.notibras.com\/site\/"},{"@type":"ListItem","position":2,"name":"Coreia do Norte se diz disposta a dialogar com EUA"}]},{"@type":"WebSite","@id":"https:\/\/www.notibras.com\/site\/#website","url":"https:\/\/www.notibras.com\/site\/","name":"Notibras","description":"Not\u00edcias de Bras\u00edlia, do Brasil e do Mundo","publisher":{"@id":"https:\/\/www.notibras.com\/site\/#organization"},"potentialAction":[{"@type":"SearchAction","target":{"@type":"EntryPoint","urlTemplate":"https:\/\/www.notibras.com\/site\/?s={search_term_string}"},"query-input":{"@type":"PropertyValueSpecification","valueRequired":true,"valueName":"search_term_string"}}],"inLanguage":"pt-BR"},{"@type":"Organization","@id":"https:\/\/www.notibras.com\/site\/#organization","name":"Grupo Notibras de Comunica\u00e7\u00e3o","url":"https:\/\/www.notibras.com\/site\/","logo":{"@type":"ImageObject","inLanguage":"pt-BR","@id":"https:\/\/www.notibras.com\/site\/#\/schema\/logo\/image\/","url":"https:\/\/www.notibras.com\/site\/wp-content\/uploads\/2023\/01\/notibras23.png","contentUrl":"https:\/\/www.notibras.com\/site\/wp-content\/uploads\/2023\/01\/notibras23.png","width":350,"height":87,"caption":"Grupo Notibras de Comunica\u00e7\u00e3o"},"image":{"@id":"https:\/\/www.notibras.com\/site\/#\/schema\/logo\/image\/"},"sameAs":["https:\/\/www.facebook.com\/notibras\/","https:\/\/x.com\/Notibras","https:\/\/www.instagram.com\/notibras\/"]},{"@type":"Person","@id":"https:\/\/www.notibras.com\/site\/#\/schema\/person\/00b8e1aa08f9ef6563e878c5159d01cf","name":"Reda\u00e7\u00e3o","image":{"@type":"ImageObject","inLanguage":"pt-BR","@id":"https:\/\/secure.gravatar.com\/avatar\/ac5a707d5b47784a5ed426c6e213e201423c750890f64e4c379114dade67dfb9?s=96&d=mm&r=g","url":"https:\/\/secure.gravatar.com\/avatar\/ac5a707d5b47784a5ed426c6e213e201423c750890f64e4c379114dade67dfb9?s=96&d=mm&r=g","contentUrl":"https:\/\/secure.gravatar.com\/avatar\/ac5a707d5b47784a5ed426c6e213e201423c750890f64e4c379114dade67dfb9?s=96&d=mm&r=g","caption":"Reda\u00e7\u00e3o"}}]}},"amp_enabled":true,"_links":{"self":[{"href":"https:\/\/www.notibras.com\/site\/wp-json\/wp\/v2\/posts\/180396","targetHints":{"allow":["GET"]}}],"collection":[{"href":"https:\/\/www.notibras.com\/site\/wp-json\/wp\/v2\/posts"}],"about":[{"href":"https:\/\/www.notibras.com\/site\/wp-json\/wp\/v2\/types\/post"}],"author":[{"embeddable":true,"href":"https:\/\/www.notibras.com\/site\/wp-json\/wp\/v2\/users\/1"}],"replies":[{"embeddable":true,"href":"https:\/\/www.notibras.com\/site\/wp-json\/wp\/v2\/comments?post=180396"}],"version-history":[{"count":1,"href":"https:\/\/www.notibras.com\/site\/wp-json\/wp\/v2\/posts\/180396\/revisions"}],"predecessor-version":[{"id":180397,"href":"https:\/\/www.notibras.com\/site\/wp-json\/wp\/v2\/posts\/180396\/revisions\/180397"}],"wp:featuredmedia":[{"embeddable":true,"href":"https:\/\/www.notibras.com\/site\/wp-json\/wp\/v2\/media\/179551"}],"wp:attachment":[{"href":"https:\/\/www.notibras.com\/site\/wp-json\/wp\/v2\/media?parent=180396"}],"wp:term":[{"taxonomy":"category","embeddable":true,"href":"https:\/\/www.notibras.com\/site\/wp-json\/wp\/v2\/categories?post=180396"},{"taxonomy":"post_tag","embeddable":true,"href":"https:\/\/www.notibras.com\/site\/wp-json\/wp\/v2\/tags?post=180396"}],"curies":[{"name":"wp","href":"https:\/\/api.w.org\/{rel}","templated":true}]}}