{"id":180449,"date":"2018-05-25T10:13:32","date_gmt":"2018-05-25T13:13:32","guid":{"rendered":"https:\/\/www.notibras.com\/site\/?p=180449"},"modified":"2018-05-25T10:13:32","modified_gmt":"2018-05-25T13:13:32","slug":"maduro-anuncia-prisao-de-traidores-na-venezuela","status":"publish","type":"post","link":"https:\/\/www.notibras.com\/site\/maduro-anuncia-prisao-de-traidores-na-venezuela\/","title":{"rendered":"Maduro anuncia pris\u00e3o de &#8216;traidores&#8217; na Venezuela"},"content":{"rendered":"<p>O presidente da Venezuela, Nicol\u00e1s Maduro, anunciou a deten\u00e7\u00e3o de um grupo de militares venezuelanos, sem esclarecer quantos, por supostamente conspirar contra as elei\u00e7\u00f5es de domingo, nas quais ele obteve um novo mandato.<\/p>\n<p>\u201cEst\u00e3o indiciados todos os que se venderam a traidores que, desde a Col\u00f4mbia, lhes pagaram em d\u00f3lares para que tra\u00edssem a honra, a moral e a lealdade de nossas For\u00e7as Armadas\u201d, declarou Maduro durante uma cerim\u00f4nia militar.<\/p>\n<p>Segundo ele, \u201ctrata-se de uma conspira\u00e7\u00e3o financiada e comandada desde a Col\u00f4mbia e alentada e promovida pelo governo dos EUA para dividir as For\u00e7as Armadas e, com uma a\u00e7\u00e3o publicit\u00e1ria e militar, tentar obter a suspens\u00e3o das elei\u00e7\u00f5es de 20 de maio\u201d.<\/p>\n<p>Maduro n\u00e3o revelou a patente dos acusados nem quando foram detidos, limitando-se a destacar que a opera\u00e7\u00e3o ocorreu \u201cnas \u00faltimas semanas\u201d.<\/p>\n<p>\u201cEstamos atr\u00e1s do principal financiador que est\u00e1 fugindo do territ\u00f3rio venezuelano e mais cedo ou mais tarde capturaremos\u201d, advertiu o presidente durante a cerim\u00f4nia, que teve como objetivo ratificar a \u201clealdade absoluta\u201d \u00e0s For\u00e7as Armadas.<\/p>\n<p>Ainda nesta quinta-feira, a ONG de defesa dos direitos humanos Foro Penal confirmou a deten\u00e7\u00e3o de um major da Aeron\u00e1utica, que se soma \u00e0 de 11 oficiais acusados de planejar a\u00e7\u00f5es \u201cdesestabilizadoras\u201d contra Maduro.<\/p>\n<p>Os 11 oficiais foram acusados de \u201cmotim, instiga\u00e7\u00e3o ao motim, delitos contra o decoro militar e trai\u00e7\u00e3o \u00e0 p\u00e1tria\u201d, disse \u00e0 ag\u00eancia France Presse a advogada Mar\u00eda Torres, do Foro Penal.<\/p>\n<p>\u201cExijo m\u00e1xima lealdade \u00e0 For\u00e7a Armada Nacional Bolivariana, m\u00e1xima lealdade \u00e0 Constitui\u00e7\u00e3o, m\u00e1xima lealdade ao comandante-chefe das For\u00e7as Armadas\u201d, declarou Maduro.<\/p>\n<p>Maduro disse nesta quinta-feira que responsabiliz\u00e1-lo pelo colapso econ\u00f4mico da Venezuela \u00e9 uma \u201csimplifica\u00e7\u00e3o est\u00fapida\u201d, mas prometeu aumentar a produ\u00e7\u00e3o de petr\u00f3leo. Ele prometeu ainda uma \u201creconcilia\u00e7\u00e3o nacional\u201d e libertar pessoas detidas por atos de \u201cviol\u00eancia pol\u00edtica\u201d que n\u00e3o tenham cometido \u201ccrimes graves ou homic\u00eddios\u201d.<\/p>\n","protected":false},"excerpt":{"rendered":"<p>O presidente da Venezuela, Nicol\u00e1s Maduro, anunciou a deten\u00e7\u00e3o de um grupo de militares venezuelanos, sem esclarecer quantos, por supostamente conspirar contra as elei\u00e7\u00f5es de domingo, nas quais ele obteve um novo mandato. \u201cEst\u00e3o indiciados todos os que se venderam a traidores que, desde a Col\u00f4mbia, lhes pagaram em d\u00f3lares para que tra\u00edssem a honra, [&hellip;]<\/p>\n","protected":false},"author":1,"featured_media":180450,"comment_status":"closed","ping_status":"closed","sticky":false,"template":"","format":"standard","meta":{"_acf_changed":false,"footnotes":""},"categories":[17],"tags":[],"class_list":["post-180449","post","type-post","status-publish","format-standard","has-post-thumbnail","hentry","category-mundo"],"acf":[],"yoast_head":"<!-- This site is optimized with the Yoast SEO plugin v27.2 - https:\/\/yoast.com\/product\/yoast-seo-wordpress\/ -->\n<title>Maduro anuncia pris\u00e3o de &#039;traidores&#039; na Venezuela - Notibras<\/title>\n<meta name=\"robots\" content=\"index, follow, max-snippet:-1, max-image-preview:large, max-video-preview:-1\" \/>\n<link rel=\"canonical\" href=\"https:\/\/www.notibras.com\/site\/maduro-anuncia-prisao-de-traidores-na-venezuela\/\" \/>\n<meta property=\"og:locale\" content=\"pt_BR\" \/>\n<meta property=\"og:type\" content=\"article\" \/>\n<meta property=\"og:title\" content=\"Maduro anuncia pris\u00e3o de &#039;traidores&#039; na Venezuela - Notibras\" \/>\n<meta property=\"og:description\" content=\"O presidente da Venezuela, Nicol\u00e1s Maduro, anunciou a deten\u00e7\u00e3o de um grupo de militares venezuelanos, sem esclarecer quantos, por supostamente conspirar contra as elei\u00e7\u00f5es de domingo, nas quais ele obteve um novo mandato. \u201cEst\u00e3o indiciados todos os que se venderam a traidores que, desde a Col\u00f4mbia, lhes pagaram em d\u00f3lares para que tra\u00edssem a honra, [&hellip;]\" \/>\n<meta property=\"og:url\" content=\"https:\/\/www.notibras.com\/site\/maduro-anuncia-prisao-de-traidores-na-venezuela\/\" \/>\n<meta property=\"og:site_name\" content=\"Notibras\" \/>\n<meta property=\"article:publisher\" content=\"https:\/\/www.facebook.com\/notibras\/\" \/>\n<meta property=\"article:published_time\" content=\"2018-05-25T13:13:32+00:00\" \/>\n<meta property=\"og:image\" content=\"https:\/\/www.notibras.com\/site\/wp-content\/uploads\/2018\/05\/1527214451325.jpg\" \/>\n\t<meta property=\"og:image:width\" content=\"932\" \/>\n\t<meta property=\"og:image:height\" content=\"621\" \/>\n\t<meta property=\"og:image:type\" content=\"image\/jpeg\" \/>\n<meta name=\"author\" content=\"Reda\u00e7\u00e3o\" \/>\n<meta name=\"twitter:card\" content=\"summary_large_image\" \/>\n<meta name=\"twitter:creator\" content=\"@Notibras\" \/>\n<meta name=\"twitter:site\" content=\"@Notibras\" \/>\n<meta name=\"twitter:label1\" content=\"Escrito por\" \/>\n\t<meta name=\"twitter:data1\" content=\"Reda\u00e7\u00e3o\" \/>\n\t<meta name=\"twitter:label2\" content=\"Est. tempo de leitura\" \/>\n\t<meta name=\"twitter:data2\" content=\"2 minutos\" \/>\n<script type=\"application\/ld+json\" class=\"yoast-schema-graph\">{\"@context\":\"https:\/\/schema.org\",\"@graph\":[{\"@type\":\"Article\",\"@id\":\"https:\/\/www.notibras.com\/site\/maduro-anuncia-prisao-de-traidores-na-venezuela\/#article\",\"isPartOf\":{\"@id\":\"https:\/\/www.notibras.com\/site\/maduro-anuncia-prisao-de-traidores-na-venezuela\/\"},\"author\":{\"name\":\"Reda\u00e7\u00e3o\",\"@id\":\"https:\/\/www.notibras.com\/site\/#\/schema\/person\/00b8e1aa08f9ef6563e878c5159d01cf\"},\"headline\":\"Maduro anuncia pris\u00e3o de &#8216;traidores&#8217; na Venezuela\",\"datePublished\":\"2018-05-25T13:13:32+00:00\",\"mainEntityOfPage\":{\"@id\":\"https:\/\/www.notibras.com\/site\/maduro-anuncia-prisao-de-traidores-na-venezuela\/\"},\"wordCount\":345,\"publisher\":{\"@id\":\"https:\/\/www.notibras.com\/site\/#organization\"},\"image\":{\"@id\":\"https:\/\/www.notibras.com\/site\/maduro-anuncia-prisao-de-traidores-na-venezuela\/#primaryimage\"},\"thumbnailUrl\":\"https:\/\/www.notibras.com\/site\/wp-content\/uploads\/2018\/05\/1527214451325.jpg\",\"articleSection\":[\"Mundo\"],\"inLanguage\":\"pt-BR\"},{\"@type\":\"WebPage\",\"@id\":\"https:\/\/www.notibras.com\/site\/maduro-anuncia-prisao-de-traidores-na-venezuela\/\",\"url\":\"https:\/\/www.notibras.com\/site\/maduro-anuncia-prisao-de-traidores-na-venezuela\/\",\"name\":\"Maduro anuncia pris\u00e3o de 'traidores' na Venezuela - Notibras\",\"isPartOf\":{\"@id\":\"https:\/\/www.notibras.com\/site\/#website\"},\"primaryImageOfPage\":{\"@id\":\"https:\/\/www.notibras.com\/site\/maduro-anuncia-prisao-de-traidores-na-venezuela\/#primaryimage\"},\"image\":{\"@id\":\"https:\/\/www.notibras.com\/site\/maduro-anuncia-prisao-de-traidores-na-venezuela\/#primaryimage\"},\"thumbnailUrl\":\"https:\/\/www.notibras.com\/site\/wp-content\/uploads\/2018\/05\/1527214451325.jpg\",\"datePublished\":\"2018-05-25T13:13:32+00:00\",\"breadcrumb\":{\"@id\":\"https:\/\/www.notibras.com\/site\/maduro-anuncia-prisao-de-traidores-na-venezuela\/#breadcrumb\"},\"inLanguage\":\"pt-BR\",\"potentialAction\":[{\"@type\":\"ReadAction\",\"target\":[\"https:\/\/www.notibras.com\/site\/maduro-anuncia-prisao-de-traidores-na-venezuela\/\"]}]},{\"@type\":\"ImageObject\",\"inLanguage\":\"pt-BR\",\"@id\":\"https:\/\/www.notibras.com\/site\/maduro-anuncia-prisao-de-traidores-na-venezuela\/#primaryimage\",\"url\":\"https:\/\/www.notibras.com\/site\/wp-content\/uploads\/2018\/05\/1527214451325.jpg\",\"contentUrl\":\"https:\/\/www.notibras.com\/site\/wp-content\/uploads\/2018\/05\/1527214451325.jpg\",\"width\":932,\"height\":621,\"caption\":\"Foto: Cristian Hern\u00e1ndez\"},{\"@type\":\"BreadcrumbList\",\"@id\":\"https:\/\/www.notibras.com\/site\/maduro-anuncia-prisao-de-traidores-na-venezuela\/#breadcrumb\",\"itemListElement\":[{\"@type\":\"ListItem\",\"position\":1,\"name\":\"In\u00edcio\",\"item\":\"https:\/\/www.notibras.com\/site\/\"},{\"@type\":\"ListItem\",\"position\":2,\"name\":\"Maduro anuncia pris\u00e3o de &#8216;traidores&#8217; na Venezuela\"}]},{\"@type\":\"WebSite\",\"@id\":\"https:\/\/www.notibras.com\/site\/#website\",\"url\":\"https:\/\/www.notibras.com\/site\/\",\"name\":\"Notibras\",\"description\":\"Not\u00edcias de Bras\u00edlia, do Brasil e do Mundo\",\"publisher\":{\"@id\":\"https:\/\/www.notibras.com\/site\/#organization\"},\"potentialAction\":[{\"@type\":\"SearchAction\",\"target\":{\"@type\":\"EntryPoint\",\"urlTemplate\":\"https:\/\/www.notibras.com\/site\/?s={search_term_string}\"},\"query-input\":{\"@type\":\"PropertyValueSpecification\",\"valueRequired\":true,\"valueName\":\"search_term_string\"}}],\"inLanguage\":\"pt-BR\"},{\"@type\":\"Organization\",\"@id\":\"https:\/\/www.notibras.com\/site\/#organization\",\"name\":\"Grupo Notibras de Comunica\u00e7\u00e3o\",\"url\":\"https:\/\/www.notibras.com\/site\/\",\"logo\":{\"@type\":\"ImageObject\",\"inLanguage\":\"pt-BR\",\"@id\":\"https:\/\/www.notibras.com\/site\/#\/schema\/logo\/image\/\",\"url\":\"https:\/\/www.notibras.com\/site\/wp-content\/uploads\/2023\/01\/notibras23.png\",\"contentUrl\":\"https:\/\/www.notibras.com\/site\/wp-content\/uploads\/2023\/01\/notibras23.png\",\"width\":350,\"height\":87,\"caption\":\"Grupo Notibras de Comunica\u00e7\u00e3o\"},\"image\":{\"@id\":\"https:\/\/www.notibras.com\/site\/#\/schema\/logo\/image\/\"},\"sameAs\":[\"https:\/\/www.facebook.com\/notibras\/\",\"https:\/\/x.com\/Notibras\",\"https:\/\/www.instagram.com\/notibras\/\"]},{\"@type\":\"Person\",\"@id\":\"https:\/\/www.notibras.com\/site\/#\/schema\/person\/00b8e1aa08f9ef6563e878c5159d01cf\",\"name\":\"Reda\u00e7\u00e3o\",\"image\":{\"@type\":\"ImageObject\",\"inLanguage\":\"pt-BR\",\"@id\":\"https:\/\/secure.gravatar.com\/avatar\/ac5a707d5b47784a5ed426c6e213e201423c750890f64e4c379114dade67dfb9?s=96&d=mm&r=g\",\"url\":\"https:\/\/secure.gravatar.com\/avatar\/ac5a707d5b47784a5ed426c6e213e201423c750890f64e4c379114dade67dfb9?s=96&d=mm&r=g\",\"contentUrl\":\"https:\/\/secure.gravatar.com\/avatar\/ac5a707d5b47784a5ed426c6e213e201423c750890f64e4c379114dade67dfb9?s=96&d=mm&r=g\",\"caption\":\"Reda\u00e7\u00e3o\"}}]}<\/script>\n<!-- \/ Yoast SEO plugin. -->","yoast_head_json":{"title":"Maduro anuncia pris\u00e3o de 'traidores' na Venezuela - Notibras","robots":{"index":"index","follow":"follow","max-snippet":"max-snippet:-1","max-image-preview":"max-image-preview:large","max-video-preview":"max-video-preview:-1"},"canonical":"https:\/\/www.notibras.com\/site\/maduro-anuncia-prisao-de-traidores-na-venezuela\/","og_locale":"pt_BR","og_type":"article","og_title":"Maduro anuncia pris\u00e3o de 'traidores' na Venezuela - Notibras","og_description":"O presidente da Venezuela, Nicol\u00e1s Maduro, anunciou a deten\u00e7\u00e3o de um grupo de militares venezuelanos, sem esclarecer quantos, por supostamente conspirar contra as elei\u00e7\u00f5es de domingo, nas quais ele obteve um novo mandato. \u201cEst\u00e3o indiciados todos os que se venderam a traidores que, desde a Col\u00f4mbia, lhes pagaram em d\u00f3lares para que tra\u00edssem a honra, [&hellip;]","og_url":"https:\/\/www.notibras.com\/site\/maduro-anuncia-prisao-de-traidores-na-venezuela\/","og_site_name":"Notibras","article_publisher":"https:\/\/www.facebook.com\/notibras\/","article_published_time":"2018-05-25T13:13:32+00:00","og_image":[{"width":932,"height":621,"url":"https:\/\/www.notibras.com\/site\/wp-content\/uploads\/2018\/05\/1527214451325.jpg","type":"image\/jpeg"}],"author":"Reda\u00e7\u00e3o","twitter_card":"summary_large_image","twitter_creator":"@Notibras","twitter_site":"@Notibras","twitter_misc":{"Escrito por":"Reda\u00e7\u00e3o","Est. tempo de leitura":"2 minutos"},"schema":{"@context":"https:\/\/schema.org","@graph":[{"@type":"Article","@id":"https:\/\/www.notibras.com\/site\/maduro-anuncia-prisao-de-traidores-na-venezuela\/#article","isPartOf":{"@id":"https:\/\/www.notibras.com\/site\/maduro-anuncia-prisao-de-traidores-na-venezuela\/"},"author":{"name":"Reda\u00e7\u00e3o","@id":"https:\/\/www.notibras.com\/site\/#\/schema\/person\/00b8e1aa08f9ef6563e878c5159d01cf"},"headline":"Maduro anuncia pris\u00e3o de &#8216;traidores&#8217; na Venezuela","datePublished":"2018-05-25T13:13:32+00:00","mainEntityOfPage":{"@id":"https:\/\/www.notibras.com\/site\/maduro-anuncia-prisao-de-traidores-na-venezuela\/"},"wordCount":345,"publisher":{"@id":"https:\/\/www.notibras.com\/site\/#organization"},"image":{"@id":"https:\/\/www.notibras.com\/site\/maduro-anuncia-prisao-de-traidores-na-venezuela\/#primaryimage"},"thumbnailUrl":"https:\/\/www.notibras.com\/site\/wp-content\/uploads\/2018\/05\/1527214451325.jpg","articleSection":["Mundo"],"inLanguage":"pt-BR"},{"@type":"WebPage","@id":"https:\/\/www.notibras.com\/site\/maduro-anuncia-prisao-de-traidores-na-venezuela\/","url":"https:\/\/www.notibras.com\/site\/maduro-anuncia-prisao-de-traidores-na-venezuela\/","name":"Maduro anuncia pris\u00e3o de 'traidores' na Venezuela - Notibras","isPartOf":{"@id":"https:\/\/www.notibras.com\/site\/#website"},"primaryImageOfPage":{"@id":"https:\/\/www.notibras.com\/site\/maduro-anuncia-prisao-de-traidores-na-venezuela\/#primaryimage"},"image":{"@id":"https:\/\/www.notibras.com\/site\/maduro-anuncia-prisao-de-traidores-na-venezuela\/#primaryimage"},"thumbnailUrl":"https:\/\/www.notibras.com\/site\/wp-content\/uploads\/2018\/05\/1527214451325.jpg","datePublished":"2018-05-25T13:13:32+00:00","breadcrumb":{"@id":"https:\/\/www.notibras.com\/site\/maduro-anuncia-prisao-de-traidores-na-venezuela\/#breadcrumb"},"inLanguage":"pt-BR","potentialAction":[{"@type":"ReadAction","target":["https:\/\/www.notibras.com\/site\/maduro-anuncia-prisao-de-traidores-na-venezuela\/"]}]},{"@type":"ImageObject","inLanguage":"pt-BR","@id":"https:\/\/www.notibras.com\/site\/maduro-anuncia-prisao-de-traidores-na-venezuela\/#primaryimage","url":"https:\/\/www.notibras.com\/site\/wp-content\/uploads\/2018\/05\/1527214451325.jpg","contentUrl":"https:\/\/www.notibras.com\/site\/wp-content\/uploads\/2018\/05\/1527214451325.jpg","width":932,"height":621,"caption":"Foto: Cristian Hern\u00e1ndez"},{"@type":"BreadcrumbList","@id":"https:\/\/www.notibras.com\/site\/maduro-anuncia-prisao-de-traidores-na-venezuela\/#breadcrumb","itemListElement":[{"@type":"ListItem","position":1,"name":"In\u00edcio","item":"https:\/\/www.notibras.com\/site\/"},{"@type":"ListItem","position":2,"name":"Maduro anuncia pris\u00e3o de &#8216;traidores&#8217; na Venezuela"}]},{"@type":"WebSite","@id":"https:\/\/www.notibras.com\/site\/#website","url":"https:\/\/www.notibras.com\/site\/","name":"Notibras","description":"Not\u00edcias de Bras\u00edlia, do Brasil e do Mundo","publisher":{"@id":"https:\/\/www.notibras.com\/site\/#organization"},"potentialAction":[{"@type":"SearchAction","target":{"@type":"EntryPoint","urlTemplate":"https:\/\/www.notibras.com\/site\/?s={search_term_string}"},"query-input":{"@type":"PropertyValueSpecification","valueRequired":true,"valueName":"search_term_string"}}],"inLanguage":"pt-BR"},{"@type":"Organization","@id":"https:\/\/www.notibras.com\/site\/#organization","name":"Grupo Notibras de Comunica\u00e7\u00e3o","url":"https:\/\/www.notibras.com\/site\/","logo":{"@type":"ImageObject","inLanguage":"pt-BR","@id":"https:\/\/www.notibras.com\/site\/#\/schema\/logo\/image\/","url":"https:\/\/www.notibras.com\/site\/wp-content\/uploads\/2023\/01\/notibras23.png","contentUrl":"https:\/\/www.notibras.com\/site\/wp-content\/uploads\/2023\/01\/notibras23.png","width":350,"height":87,"caption":"Grupo Notibras de Comunica\u00e7\u00e3o"},"image":{"@id":"https:\/\/www.notibras.com\/site\/#\/schema\/logo\/image\/"},"sameAs":["https:\/\/www.facebook.com\/notibras\/","https:\/\/x.com\/Notibras","https:\/\/www.instagram.com\/notibras\/"]},{"@type":"Person","@id":"https:\/\/www.notibras.com\/site\/#\/schema\/person\/00b8e1aa08f9ef6563e878c5159d01cf","name":"Reda\u00e7\u00e3o","image":{"@type":"ImageObject","inLanguage":"pt-BR","@id":"https:\/\/secure.gravatar.com\/avatar\/ac5a707d5b47784a5ed426c6e213e201423c750890f64e4c379114dade67dfb9?s=96&d=mm&r=g","url":"https:\/\/secure.gravatar.com\/avatar\/ac5a707d5b47784a5ed426c6e213e201423c750890f64e4c379114dade67dfb9?s=96&d=mm&r=g","contentUrl":"https:\/\/secure.gravatar.com\/avatar\/ac5a707d5b47784a5ed426c6e213e201423c750890f64e4c379114dade67dfb9?s=96&d=mm&r=g","caption":"Reda\u00e7\u00e3o"}}]}},"amp_enabled":true,"_links":{"self":[{"href":"https:\/\/www.notibras.com\/site\/wp-json\/wp\/v2\/posts\/180449","targetHints":{"allow":["GET"]}}],"collection":[{"href":"https:\/\/www.notibras.com\/site\/wp-json\/wp\/v2\/posts"}],"about":[{"href":"https:\/\/www.notibras.com\/site\/wp-json\/wp\/v2\/types\/post"}],"author":[{"embeddable":true,"href":"https:\/\/www.notibras.com\/site\/wp-json\/wp\/v2\/users\/1"}],"replies":[{"embeddable":true,"href":"https:\/\/www.notibras.com\/site\/wp-json\/wp\/v2\/comments?post=180449"}],"version-history":[{"count":1,"href":"https:\/\/www.notibras.com\/site\/wp-json\/wp\/v2\/posts\/180449\/revisions"}],"predecessor-version":[{"id":180451,"href":"https:\/\/www.notibras.com\/site\/wp-json\/wp\/v2\/posts\/180449\/revisions\/180451"}],"wp:featuredmedia":[{"embeddable":true,"href":"https:\/\/www.notibras.com\/site\/wp-json\/wp\/v2\/media\/180450"}],"wp:attachment":[{"href":"https:\/\/www.notibras.com\/site\/wp-json\/wp\/v2\/media?parent=180449"}],"wp:term":[{"taxonomy":"category","embeddable":true,"href":"https:\/\/www.notibras.com\/site\/wp-json\/wp\/v2\/categories?post=180449"},{"taxonomy":"post_tag","embeddable":true,"href":"https:\/\/www.notibras.com\/site\/wp-json\/wp\/v2\/tags?post=180449"}],"curies":[{"name":"wp","href":"https:\/\/api.w.org\/{rel}","templated":true}]}}