{"id":180533,"date":"2018-05-26T08:26:30","date_gmt":"2018-05-26T11:26:30","guid":{"rendered":"https:\/\/www.notibras.com\/site\/?p=180533"},"modified":"2018-05-26T08:26:30","modified_gmt":"2018-05-26T11:26:30","slug":"eua-acusam-maduro-de-cometer-crimes-contra-a-humanidade","status":"publish","type":"post","link":"https:\/\/www.notibras.com\/site\/eua-acusam-maduro-de-cometer-crimes-contra-a-humanidade\/","title":{"rendered":"EUA acusam Maduro de cometer crimes contra a humanidade"},"content":{"rendered":"<p>Os Estados Unidos acusaram nesta sexta-feira o presidente da Venezuela, Nicol\u00e1s Maduro, de cometer crimes contra humanidade ao &#8220;matar de fome&#8221; o povo do pa\u00eds, como fazia o regime de Pol Pot, no Camboja, na d\u00e9cada de 1970.<\/p>\n<p>&#8220;Me sinto tentado a compar\u00e1-los ao regime de Pol Pot, e n\u00e3o no aspecto do genoc\u00eddio&#8221;, disse Juan Cruz, principal assessor para Am\u00e9rica Latina do governo dos EUA, em um evento no Conselho das Am\u00e9ricas, em Washington.<\/p>\n<p>&#8220;Falamos sobre como eles est\u00e3o matando o pr\u00f3prio povo de fome e como usam a comida para a manipula\u00e7\u00e3o pol\u00edtica. \u00c9 repugnante. Se isso n\u00e3o \u00e9 um crime contra a humanidade, eu n\u00e3o sei o que \u00e9. O mundo far\u00e1 com que eles prestem contas&#8221;, completou.<\/p>\n<p>O secret\u00e1rio-geral da Organiza\u00e7\u00e3o dos Estados Americanos (OEA), Luis Almagro, denunciou h\u00e1 um ano que crimes de &#8220;lesa-humanidade&#8221; estavam sendo cometidos na Venezuela e convocou uma s\u00e9rie de audi\u00eancias para examinar essa possibilidade.<\/p>\n<p>At\u00e9 agora, o governo de Trump n\u00e3o tinha denunciado explicitamente a exist\u00eancia de crimes desse tipo. As declara\u00e7\u00f5es ocorrem faltando quatro dias da apresenta\u00e7\u00e3o de um relat\u00f3rio elaborado por especialistas da OEA com o objetivo de determinar se h\u00e1 base para denunciar a Venezuela no Tribunal Penal Internacional (TPI).<\/p>\n<p>Cruz, que ocupa o cargo de diretor para as Am\u00e9ricas no Conselho de Seguran\u00e7a Nacional da Casa Branca, alertou, al\u00e9m disso, que n\u00e3o h\u00e1 limites para as op\u00e7\u00f5es que os EUA podem tomar contra Maduro.<\/p>\n<p>&#8220;Continuaremos pressionando para restaurar a democracia na Venezuela. Tentaremos formas de levar ajuda aliment\u00edcia a esse pa\u00eds, apesar da resist\u00eancia constante do regime em aceitar que eles precisam de comida&#8221;, afirmou.<\/p>\n<p>&#8220;Seguiremos sancionando aqueles que precisemos sancionar, especialmente no n\u00edvel mais alto, e aqueles que est\u00e3o roubando o povo venezuelano, decidindo encher seus bolsos e enriquecer em vez de usar esse dinheiro para comprar comida&#8221;, prosseguiu.<\/p>\n<p>Cruz revelou que a Casa Branca est\u00e1 considerando adotar san\u00e7\u00f5es individuais e contra setores, inclusive podendo afetar o petr\u00f3leo. No entanto, o diretor ressaltou que isso ser\u00e1 feito de forma cuidadosa, pensando nos efeitos sobre o povo venezuelano.<\/p>\n<p>&#8220;N\u00e3o descartamos nenhuma op\u00e7\u00e3o. Queremos fazer que o mundo fique menor para os que roubam dinheiro. E estamos trabalhando com outros pa\u00edses para que o mundo fique menor para o regime venezuelano e aqueles que apoiam Maduro&#8221;, destacou.<\/p>\n","protected":false},"excerpt":{"rendered":"<p>Os Estados Unidos acusaram nesta sexta-feira o presidente da Venezuela, Nicol\u00e1s Maduro, de cometer crimes contra humanidade ao &#8220;matar de fome&#8221; o povo do pa\u00eds, como fazia o regime de Pol Pot, no Camboja, na d\u00e9cada de 1970. &#8220;Me sinto tentado a compar\u00e1-los ao regime de Pol Pot, e n\u00e3o no aspecto do genoc\u00eddio&#8221;, disse [&hellip;]<\/p>\n","protected":false},"author":1,"featured_media":180325,"comment_status":"closed","ping_status":"closed","sticky":false,"template":"","format":"standard","meta":{"_acf_changed":false,"footnotes":""},"categories":[17],"tags":[],"class_list":["post-180533","post","type-post","status-publish","format-standard","has-post-thumbnail","hentry","category-mundo"],"acf":[],"yoast_head":"<!-- This site is optimized with the Yoast SEO plugin v27.2 - https:\/\/yoast.com\/product\/yoast-seo-wordpress\/ -->\n<title>EUA acusam Maduro de cometer crimes contra a humanidade - Notibras<\/title>\n<meta name=\"robots\" content=\"index, follow, max-snippet:-1, max-image-preview:large, max-video-preview:-1\" \/>\n<link rel=\"canonical\" href=\"https:\/\/www.notibras.com\/site\/eua-acusam-maduro-de-cometer-crimes-contra-a-humanidade\/\" \/>\n<meta property=\"og:locale\" content=\"pt_BR\" \/>\n<meta property=\"og:type\" content=\"article\" \/>\n<meta property=\"og:title\" content=\"EUA acusam Maduro de cometer crimes contra a humanidade - Notibras\" \/>\n<meta property=\"og:description\" content=\"Os Estados Unidos acusaram nesta sexta-feira o presidente da Venezuela, Nicol\u00e1s Maduro, de cometer crimes contra humanidade ao &#8220;matar de fome&#8221; o povo do pa\u00eds, como fazia o regime de Pol Pot, no Camboja, na d\u00e9cada de 1970. &#8220;Me sinto tentado a compar\u00e1-los ao regime de Pol Pot, e n\u00e3o no aspecto do genoc\u00eddio&#8221;, disse [&hellip;]\" \/>\n<meta property=\"og:url\" content=\"https:\/\/www.notibras.com\/site\/eua-acusam-maduro-de-cometer-crimes-contra-a-humanidade\/\" \/>\n<meta property=\"og:site_name\" content=\"Notibras\" \/>\n<meta property=\"article:publisher\" content=\"https:\/\/www.facebook.com\/notibras\/\" \/>\n<meta property=\"article:published_time\" content=\"2018-05-26T11:26:30+00:00\" \/>\n<meta property=\"og:image\" content=\"https:\/\/www.notibras.com\/site\/wp-content\/uploads\/2018\/05\/xtrump-maduro.jpg.pagespeed.ic_.N-54OuMNj_.jpg\" \/>\n\t<meta property=\"og:image:width\" content=\"699\" \/>\n\t<meta property=\"og:image:height\" content=\"420\" \/>\n\t<meta property=\"og:image:type\" content=\"image\/jpeg\" \/>\n<meta name=\"author\" content=\"Reda\u00e7\u00e3o\" \/>\n<meta name=\"twitter:card\" content=\"summary_large_image\" \/>\n<meta name=\"twitter:creator\" content=\"@Notibras\" \/>\n<meta name=\"twitter:site\" content=\"@Notibras\" \/>\n<meta name=\"twitter:label1\" content=\"Escrito por\" \/>\n\t<meta name=\"twitter:data1\" content=\"Reda\u00e7\u00e3o\" \/>\n\t<meta name=\"twitter:label2\" content=\"Est. tempo de leitura\" \/>\n\t<meta name=\"twitter:data2\" content=\"2 minutos\" \/>\n<script type=\"application\/ld+json\" class=\"yoast-schema-graph\">{\"@context\":\"https:\/\/schema.org\",\"@graph\":[{\"@type\":\"Article\",\"@id\":\"https:\/\/www.notibras.com\/site\/eua-acusam-maduro-de-cometer-crimes-contra-a-humanidade\/#article\",\"isPartOf\":{\"@id\":\"https:\/\/www.notibras.com\/site\/eua-acusam-maduro-de-cometer-crimes-contra-a-humanidade\/\"},\"author\":{\"name\":\"Reda\u00e7\u00e3o\",\"@id\":\"https:\/\/www.notibras.com\/site\/#\/schema\/person\/00b8e1aa08f9ef6563e878c5159d01cf\"},\"headline\":\"EUA acusam Maduro de cometer crimes contra a humanidade\",\"datePublished\":\"2018-05-26T11:26:30+00:00\",\"mainEntityOfPage\":{\"@id\":\"https:\/\/www.notibras.com\/site\/eua-acusam-maduro-de-cometer-crimes-contra-a-humanidade\/\"},\"wordCount\":423,\"publisher\":{\"@id\":\"https:\/\/www.notibras.com\/site\/#organization\"},\"image\":{\"@id\":\"https:\/\/www.notibras.com\/site\/eua-acusam-maduro-de-cometer-crimes-contra-a-humanidade\/#primaryimage\"},\"thumbnailUrl\":\"https:\/\/www.notibras.com\/site\/wp-content\/uploads\/2018\/05\/xtrump-maduro.jpg.pagespeed.ic_.N-54OuMNj_.jpg\",\"articleSection\":[\"Mundo\"],\"inLanguage\":\"pt-BR\"},{\"@type\":\"WebPage\",\"@id\":\"https:\/\/www.notibras.com\/site\/eua-acusam-maduro-de-cometer-crimes-contra-a-humanidade\/\",\"url\":\"https:\/\/www.notibras.com\/site\/eua-acusam-maduro-de-cometer-crimes-contra-a-humanidade\/\",\"name\":\"EUA acusam Maduro de cometer crimes contra a humanidade - Notibras\",\"isPartOf\":{\"@id\":\"https:\/\/www.notibras.com\/site\/#website\"},\"primaryImageOfPage\":{\"@id\":\"https:\/\/www.notibras.com\/site\/eua-acusam-maduro-de-cometer-crimes-contra-a-humanidade\/#primaryimage\"},\"image\":{\"@id\":\"https:\/\/www.notibras.com\/site\/eua-acusam-maduro-de-cometer-crimes-contra-a-humanidade\/#primaryimage\"},\"thumbnailUrl\":\"https:\/\/www.notibras.com\/site\/wp-content\/uploads\/2018\/05\/xtrump-maduro.jpg.pagespeed.ic_.N-54OuMNj_.jpg\",\"datePublished\":\"2018-05-26T11:26:30+00:00\",\"breadcrumb\":{\"@id\":\"https:\/\/www.notibras.com\/site\/eua-acusam-maduro-de-cometer-crimes-contra-a-humanidade\/#breadcrumb\"},\"inLanguage\":\"pt-BR\",\"potentialAction\":[{\"@type\":\"ReadAction\",\"target\":[\"https:\/\/www.notibras.com\/site\/eua-acusam-maduro-de-cometer-crimes-contra-a-humanidade\/\"]}]},{\"@type\":\"ImageObject\",\"inLanguage\":\"pt-BR\",\"@id\":\"https:\/\/www.notibras.com\/site\/eua-acusam-maduro-de-cometer-crimes-contra-a-humanidade\/#primaryimage\",\"url\":\"https:\/\/www.notibras.com\/site\/wp-content\/uploads\/2018\/05\/xtrump-maduro.jpg.pagespeed.ic_.N-54OuMNj_.jpg\",\"contentUrl\":\"https:\/\/www.notibras.com\/site\/wp-content\/uploads\/2018\/05\/xtrump-maduro.jpg.pagespeed.ic_.N-54OuMNj_.jpg\",\"width\":699,\"height\":420,\"caption\":\"Os presidentes de EUA e Venezuela, Donald Trump e Nicol\u00e1s Maduro. Foto: Reuters\"},{\"@type\":\"BreadcrumbList\",\"@id\":\"https:\/\/www.notibras.com\/site\/eua-acusam-maduro-de-cometer-crimes-contra-a-humanidade\/#breadcrumb\",\"itemListElement\":[{\"@type\":\"ListItem\",\"position\":1,\"name\":\"In\u00edcio\",\"item\":\"https:\/\/www.notibras.com\/site\/\"},{\"@type\":\"ListItem\",\"position\":2,\"name\":\"EUA acusam Maduro de cometer crimes contra a humanidade\"}]},{\"@type\":\"WebSite\",\"@id\":\"https:\/\/www.notibras.com\/site\/#website\",\"url\":\"https:\/\/www.notibras.com\/site\/\",\"name\":\"Notibras\",\"description\":\"Not\u00edcias de Bras\u00edlia, do Brasil e do Mundo\",\"publisher\":{\"@id\":\"https:\/\/www.notibras.com\/site\/#organization\"},\"potentialAction\":[{\"@type\":\"SearchAction\",\"target\":{\"@type\":\"EntryPoint\",\"urlTemplate\":\"https:\/\/www.notibras.com\/site\/?s={search_term_string}\"},\"query-input\":{\"@type\":\"PropertyValueSpecification\",\"valueRequired\":true,\"valueName\":\"search_term_string\"}}],\"inLanguage\":\"pt-BR\"},{\"@type\":\"Organization\",\"@id\":\"https:\/\/www.notibras.com\/site\/#organization\",\"name\":\"Grupo Notibras de Comunica\u00e7\u00e3o\",\"url\":\"https:\/\/www.notibras.com\/site\/\",\"logo\":{\"@type\":\"ImageObject\",\"inLanguage\":\"pt-BR\",\"@id\":\"https:\/\/www.notibras.com\/site\/#\/schema\/logo\/image\/\",\"url\":\"https:\/\/www.notibras.com\/site\/wp-content\/uploads\/2023\/01\/notibras23.png\",\"contentUrl\":\"https:\/\/www.notibras.com\/site\/wp-content\/uploads\/2023\/01\/notibras23.png\",\"width\":350,\"height\":87,\"caption\":\"Grupo Notibras de Comunica\u00e7\u00e3o\"},\"image\":{\"@id\":\"https:\/\/www.notibras.com\/site\/#\/schema\/logo\/image\/\"},\"sameAs\":[\"https:\/\/www.facebook.com\/notibras\/\",\"https:\/\/x.com\/Notibras\",\"https:\/\/www.instagram.com\/notibras\/\"]},{\"@type\":\"Person\",\"@id\":\"https:\/\/www.notibras.com\/site\/#\/schema\/person\/00b8e1aa08f9ef6563e878c5159d01cf\",\"name\":\"Reda\u00e7\u00e3o\",\"image\":{\"@type\":\"ImageObject\",\"inLanguage\":\"pt-BR\",\"@id\":\"https:\/\/secure.gravatar.com\/avatar\/ac5a707d5b47784a5ed426c6e213e201423c750890f64e4c379114dade67dfb9?s=96&d=mm&r=g\",\"url\":\"https:\/\/secure.gravatar.com\/avatar\/ac5a707d5b47784a5ed426c6e213e201423c750890f64e4c379114dade67dfb9?s=96&d=mm&r=g\",\"contentUrl\":\"https:\/\/secure.gravatar.com\/avatar\/ac5a707d5b47784a5ed426c6e213e201423c750890f64e4c379114dade67dfb9?s=96&d=mm&r=g\",\"caption\":\"Reda\u00e7\u00e3o\"}}]}<\/script>\n<!-- \/ Yoast SEO plugin. -->","yoast_head_json":{"title":"EUA acusam Maduro de cometer crimes contra a humanidade - Notibras","robots":{"index":"index","follow":"follow","max-snippet":"max-snippet:-1","max-image-preview":"max-image-preview:large","max-video-preview":"max-video-preview:-1"},"canonical":"https:\/\/www.notibras.com\/site\/eua-acusam-maduro-de-cometer-crimes-contra-a-humanidade\/","og_locale":"pt_BR","og_type":"article","og_title":"EUA acusam Maduro de cometer crimes contra a humanidade - Notibras","og_description":"Os Estados Unidos acusaram nesta sexta-feira o presidente da Venezuela, Nicol\u00e1s Maduro, de cometer crimes contra humanidade ao &#8220;matar de fome&#8221; o povo do pa\u00eds, como fazia o regime de Pol Pot, no Camboja, na d\u00e9cada de 1970. &#8220;Me sinto tentado a compar\u00e1-los ao regime de Pol Pot, e n\u00e3o no aspecto do genoc\u00eddio&#8221;, disse [&hellip;]","og_url":"https:\/\/www.notibras.com\/site\/eua-acusam-maduro-de-cometer-crimes-contra-a-humanidade\/","og_site_name":"Notibras","article_publisher":"https:\/\/www.facebook.com\/notibras\/","article_published_time":"2018-05-26T11:26:30+00:00","og_image":[{"width":699,"height":420,"url":"https:\/\/www.notibras.com\/site\/wp-content\/uploads\/2018\/05\/xtrump-maduro.jpg.pagespeed.ic_.N-54OuMNj_.jpg","type":"image\/jpeg"}],"author":"Reda\u00e7\u00e3o","twitter_card":"summary_large_image","twitter_creator":"@Notibras","twitter_site":"@Notibras","twitter_misc":{"Escrito por":"Reda\u00e7\u00e3o","Est. tempo de leitura":"2 minutos"},"schema":{"@context":"https:\/\/schema.org","@graph":[{"@type":"Article","@id":"https:\/\/www.notibras.com\/site\/eua-acusam-maduro-de-cometer-crimes-contra-a-humanidade\/#article","isPartOf":{"@id":"https:\/\/www.notibras.com\/site\/eua-acusam-maduro-de-cometer-crimes-contra-a-humanidade\/"},"author":{"name":"Reda\u00e7\u00e3o","@id":"https:\/\/www.notibras.com\/site\/#\/schema\/person\/00b8e1aa08f9ef6563e878c5159d01cf"},"headline":"EUA acusam Maduro de cometer crimes contra a humanidade","datePublished":"2018-05-26T11:26:30+00:00","mainEntityOfPage":{"@id":"https:\/\/www.notibras.com\/site\/eua-acusam-maduro-de-cometer-crimes-contra-a-humanidade\/"},"wordCount":423,"publisher":{"@id":"https:\/\/www.notibras.com\/site\/#organization"},"image":{"@id":"https:\/\/www.notibras.com\/site\/eua-acusam-maduro-de-cometer-crimes-contra-a-humanidade\/#primaryimage"},"thumbnailUrl":"https:\/\/www.notibras.com\/site\/wp-content\/uploads\/2018\/05\/xtrump-maduro.jpg.pagespeed.ic_.N-54OuMNj_.jpg","articleSection":["Mundo"],"inLanguage":"pt-BR"},{"@type":"WebPage","@id":"https:\/\/www.notibras.com\/site\/eua-acusam-maduro-de-cometer-crimes-contra-a-humanidade\/","url":"https:\/\/www.notibras.com\/site\/eua-acusam-maduro-de-cometer-crimes-contra-a-humanidade\/","name":"EUA acusam Maduro de cometer crimes contra a humanidade - Notibras","isPartOf":{"@id":"https:\/\/www.notibras.com\/site\/#website"},"primaryImageOfPage":{"@id":"https:\/\/www.notibras.com\/site\/eua-acusam-maduro-de-cometer-crimes-contra-a-humanidade\/#primaryimage"},"image":{"@id":"https:\/\/www.notibras.com\/site\/eua-acusam-maduro-de-cometer-crimes-contra-a-humanidade\/#primaryimage"},"thumbnailUrl":"https:\/\/www.notibras.com\/site\/wp-content\/uploads\/2018\/05\/xtrump-maduro.jpg.pagespeed.ic_.N-54OuMNj_.jpg","datePublished":"2018-05-26T11:26:30+00:00","breadcrumb":{"@id":"https:\/\/www.notibras.com\/site\/eua-acusam-maduro-de-cometer-crimes-contra-a-humanidade\/#breadcrumb"},"inLanguage":"pt-BR","potentialAction":[{"@type":"ReadAction","target":["https:\/\/www.notibras.com\/site\/eua-acusam-maduro-de-cometer-crimes-contra-a-humanidade\/"]}]},{"@type":"ImageObject","inLanguage":"pt-BR","@id":"https:\/\/www.notibras.com\/site\/eua-acusam-maduro-de-cometer-crimes-contra-a-humanidade\/#primaryimage","url":"https:\/\/www.notibras.com\/site\/wp-content\/uploads\/2018\/05\/xtrump-maduro.jpg.pagespeed.ic_.N-54OuMNj_.jpg","contentUrl":"https:\/\/www.notibras.com\/site\/wp-content\/uploads\/2018\/05\/xtrump-maduro.jpg.pagespeed.ic_.N-54OuMNj_.jpg","width":699,"height":420,"caption":"Os presidentes de EUA e Venezuela, Donald Trump e Nicol\u00e1s Maduro. Foto: Reuters"},{"@type":"BreadcrumbList","@id":"https:\/\/www.notibras.com\/site\/eua-acusam-maduro-de-cometer-crimes-contra-a-humanidade\/#breadcrumb","itemListElement":[{"@type":"ListItem","position":1,"name":"In\u00edcio","item":"https:\/\/www.notibras.com\/site\/"},{"@type":"ListItem","position":2,"name":"EUA acusam Maduro de cometer crimes contra a humanidade"}]},{"@type":"WebSite","@id":"https:\/\/www.notibras.com\/site\/#website","url":"https:\/\/www.notibras.com\/site\/","name":"Notibras","description":"Not\u00edcias de Bras\u00edlia, do Brasil e do Mundo","publisher":{"@id":"https:\/\/www.notibras.com\/site\/#organization"},"potentialAction":[{"@type":"SearchAction","target":{"@type":"EntryPoint","urlTemplate":"https:\/\/www.notibras.com\/site\/?s={search_term_string}"},"query-input":{"@type":"PropertyValueSpecification","valueRequired":true,"valueName":"search_term_string"}}],"inLanguage":"pt-BR"},{"@type":"Organization","@id":"https:\/\/www.notibras.com\/site\/#organization","name":"Grupo Notibras de Comunica\u00e7\u00e3o","url":"https:\/\/www.notibras.com\/site\/","logo":{"@type":"ImageObject","inLanguage":"pt-BR","@id":"https:\/\/www.notibras.com\/site\/#\/schema\/logo\/image\/","url":"https:\/\/www.notibras.com\/site\/wp-content\/uploads\/2023\/01\/notibras23.png","contentUrl":"https:\/\/www.notibras.com\/site\/wp-content\/uploads\/2023\/01\/notibras23.png","width":350,"height":87,"caption":"Grupo Notibras de Comunica\u00e7\u00e3o"},"image":{"@id":"https:\/\/www.notibras.com\/site\/#\/schema\/logo\/image\/"},"sameAs":["https:\/\/www.facebook.com\/notibras\/","https:\/\/x.com\/Notibras","https:\/\/www.instagram.com\/notibras\/"]},{"@type":"Person","@id":"https:\/\/www.notibras.com\/site\/#\/schema\/person\/00b8e1aa08f9ef6563e878c5159d01cf","name":"Reda\u00e7\u00e3o","image":{"@type":"ImageObject","inLanguage":"pt-BR","@id":"https:\/\/secure.gravatar.com\/avatar\/ac5a707d5b47784a5ed426c6e213e201423c750890f64e4c379114dade67dfb9?s=96&d=mm&r=g","url":"https:\/\/secure.gravatar.com\/avatar\/ac5a707d5b47784a5ed426c6e213e201423c750890f64e4c379114dade67dfb9?s=96&d=mm&r=g","contentUrl":"https:\/\/secure.gravatar.com\/avatar\/ac5a707d5b47784a5ed426c6e213e201423c750890f64e4c379114dade67dfb9?s=96&d=mm&r=g","caption":"Reda\u00e7\u00e3o"}}]}},"amp_enabled":true,"_links":{"self":[{"href":"https:\/\/www.notibras.com\/site\/wp-json\/wp\/v2\/posts\/180533","targetHints":{"allow":["GET"]}}],"collection":[{"href":"https:\/\/www.notibras.com\/site\/wp-json\/wp\/v2\/posts"}],"about":[{"href":"https:\/\/www.notibras.com\/site\/wp-json\/wp\/v2\/types\/post"}],"author":[{"embeddable":true,"href":"https:\/\/www.notibras.com\/site\/wp-json\/wp\/v2\/users\/1"}],"replies":[{"embeddable":true,"href":"https:\/\/www.notibras.com\/site\/wp-json\/wp\/v2\/comments?post=180533"}],"version-history":[{"count":1,"href":"https:\/\/www.notibras.com\/site\/wp-json\/wp\/v2\/posts\/180533\/revisions"}],"predecessor-version":[{"id":180534,"href":"https:\/\/www.notibras.com\/site\/wp-json\/wp\/v2\/posts\/180533\/revisions\/180534"}],"wp:featuredmedia":[{"embeddable":true,"href":"https:\/\/www.notibras.com\/site\/wp-json\/wp\/v2\/media\/180325"}],"wp:attachment":[{"href":"https:\/\/www.notibras.com\/site\/wp-json\/wp\/v2\/media?parent=180533"}],"wp:term":[{"taxonomy":"category","embeddable":true,"href":"https:\/\/www.notibras.com\/site\/wp-json\/wp\/v2\/categories?post=180533"},{"taxonomy":"post_tag","embeddable":true,"href":"https:\/\/www.notibras.com\/site\/wp-json\/wp\/v2\/tags?post=180533"}],"curies":[{"name":"wp","href":"https:\/\/api.w.org\/{rel}","templated":true}]}}