{"id":180547,"date":"2018-05-26T05:15:15","date_gmt":"2018-05-26T08:15:15","guid":{"rendered":"https:\/\/www.notibras.com\/site\/?p=180547"},"modified":"2018-05-26T09:32:10","modified_gmt":"2018-05-26T12:32:10","slug":"mais-de-mil-imigrantes-sao-resgatados-em-24-horas","status":"publish","type":"post","link":"https:\/\/www.notibras.com\/site\/mais-de-mil-imigrantes-sao-resgatados-em-24-horas\/","title":{"rendered":"Mais de mil imigrantes s\u00e3o resgatados em 24 horas"},"content":{"rendered":"<p>Um total de 1.050 imigrantes foram socorridos nas \u00faltimas 24 horas quando viajavam a bordo de sete diferentes embarca\u00e7\u00f5es no Mediterr\u00e2neo Central, informou \u00e0 Ag\u00eancia EFE a Guarda Litor\u00e2nea italiana que coordena as opera\u00e7\u00f5es na regi\u00e3o.<\/p>\n<p>Os imigrantes viajavam a bordo de cinco lanchas infl\u00e1veis, uma pequena balsa e um barco, e das opera\u00e7\u00f5es de resgate participaram a fragata Dattilo da Guarda Litor\u00e2nea italiana, unidades da MArinha militar, um barco da Frontex e de Ongs presentes na \u00e1rea.<\/p>\n<p>Os imigrantes desembarcar\u00e3o nas pr\u00f3ximas horas em v\u00e1rios postos italianos.<\/p>\n","protected":false},"excerpt":{"rendered":"<p>Um total de 1.050 imigrantes foram socorridos nas \u00faltimas 24 horas quando viajavam a bordo de sete diferentes embarca\u00e7\u00f5es no Mediterr\u00e2neo Central, informou \u00e0 Ag\u00eancia EFE a Guarda Litor\u00e2nea italiana que coordena as opera\u00e7\u00f5es na regi\u00e3o. Os imigrantes viajavam a bordo de cinco lanchas infl\u00e1veis, uma pequena balsa e um barco, e das opera\u00e7\u00f5es de [&hellip;]<\/p>\n","protected":false},"author":1,"featured_media":159055,"comment_status":"closed","ping_status":"closed","sticky":false,"template":"","format":"standard","meta":{"_acf_changed":false,"footnotes":""},"categories":[17],"tags":[],"class_list":["post-180547","post","type-post","status-publish","format-standard","has-post-thumbnail","hentry","category-mundo"],"acf":[],"yoast_head":"<!-- This site is optimized with the Yoast SEO plugin v27.2 - https:\/\/yoast.com\/product\/yoast-seo-wordpress\/ -->\n<title>Mais de mil imigrantes s\u00e3o resgatados em 24 horas - Notibras<\/title>\n<meta name=\"robots\" content=\"index, follow, max-snippet:-1, max-image-preview:large, max-video-preview:-1\" \/>\n<link rel=\"canonical\" href=\"https:\/\/www.notibras.com\/site\/mais-de-mil-imigrantes-sao-resgatados-em-24-horas\/\" \/>\n<meta property=\"og:locale\" content=\"pt_BR\" \/>\n<meta property=\"og:type\" content=\"article\" \/>\n<meta property=\"og:title\" content=\"Mais de mil imigrantes s\u00e3o resgatados em 24 horas - Notibras\" \/>\n<meta property=\"og:description\" content=\"Um total de 1.050 imigrantes foram socorridos nas \u00faltimas 24 horas quando viajavam a bordo de sete diferentes embarca\u00e7\u00f5es no Mediterr\u00e2neo Central, informou \u00e0 Ag\u00eancia EFE a Guarda Litor\u00e2nea italiana que coordena as opera\u00e7\u00f5es na regi\u00e3o. Os imigrantes viajavam a bordo de cinco lanchas infl\u00e1veis, uma pequena balsa e um barco, e das opera\u00e7\u00f5es de [&hellip;]\" \/>\n<meta property=\"og:url\" content=\"https:\/\/www.notibras.com\/site\/mais-de-mil-imigrantes-sao-resgatados-em-24-horas\/\" \/>\n<meta property=\"og:site_name\" content=\"Notibras\" \/>\n<meta property=\"article:publisher\" content=\"https:\/\/www.facebook.com\/notibras\/\" \/>\n<meta property=\"article:published_time\" content=\"2018-05-26T08:15:15+00:00\" \/>\n<meta property=\"article:modified_time\" content=\"2018-05-26T12:32:10+00:00\" \/>\n<meta property=\"og:image\" content=\"https:\/\/www.notibras.com\/site\/wp-content\/uploads\/2017\/11\/imigrantes.jpg\" \/>\n\t<meta property=\"og:image:width\" content=\"1200\" \/>\n\t<meta property=\"og:image:height\" content=\"707\" \/>\n\t<meta property=\"og:image:type\" content=\"image\/jpeg\" \/>\n<meta name=\"author\" content=\"Reda\u00e7\u00e3o\" \/>\n<meta name=\"twitter:card\" content=\"summary_large_image\" \/>\n<meta name=\"twitter:creator\" content=\"@Notibras\" \/>\n<meta name=\"twitter:site\" content=\"@Notibras\" \/>\n<meta name=\"twitter:label1\" content=\"Escrito por\" \/>\n\t<meta name=\"twitter:data1\" content=\"Reda\u00e7\u00e3o\" \/>\n<script type=\"application\/ld+json\" class=\"yoast-schema-graph\">{\"@context\":\"https:\/\/schema.org\",\"@graph\":[{\"@type\":\"Article\",\"@id\":\"https:\/\/www.notibras.com\/site\/mais-de-mil-imigrantes-sao-resgatados-em-24-horas\/#article\",\"isPartOf\":{\"@id\":\"https:\/\/www.notibras.com\/site\/mais-de-mil-imigrantes-sao-resgatados-em-24-horas\/\"},\"author\":{\"name\":\"Reda\u00e7\u00e3o\",\"@id\":\"https:\/\/www.notibras.com\/site\/#\/schema\/person\/00b8e1aa08f9ef6563e878c5159d01cf\"},\"headline\":\"Mais de mil imigrantes s\u00e3o resgatados em 24 horas\",\"datePublished\":\"2018-05-26T08:15:15+00:00\",\"dateModified\":\"2018-05-26T12:32:10+00:00\",\"mainEntityOfPage\":{\"@id\":\"https:\/\/www.notibras.com\/site\/mais-de-mil-imigrantes-sao-resgatados-em-24-horas\/\"},\"wordCount\":106,\"publisher\":{\"@id\":\"https:\/\/www.notibras.com\/site\/#organization\"},\"image\":{\"@id\":\"https:\/\/www.notibras.com\/site\/mais-de-mil-imigrantes-sao-resgatados-em-24-horas\/#primaryimage\"},\"thumbnailUrl\":\"https:\/\/www.notibras.com\/site\/wp-content\/uploads\/2017\/11\/imigrantes.jpg\",\"articleSection\":[\"Mundo\"],\"inLanguage\":\"pt-BR\"},{\"@type\":\"WebPage\",\"@id\":\"https:\/\/www.notibras.com\/site\/mais-de-mil-imigrantes-sao-resgatados-em-24-horas\/\",\"url\":\"https:\/\/www.notibras.com\/site\/mais-de-mil-imigrantes-sao-resgatados-em-24-horas\/\",\"name\":\"Mais de mil imigrantes s\u00e3o resgatados em 24 horas - Notibras\",\"isPartOf\":{\"@id\":\"https:\/\/www.notibras.com\/site\/#website\"},\"primaryImageOfPage\":{\"@id\":\"https:\/\/www.notibras.com\/site\/mais-de-mil-imigrantes-sao-resgatados-em-24-horas\/#primaryimage\"},\"image\":{\"@id\":\"https:\/\/www.notibras.com\/site\/mais-de-mil-imigrantes-sao-resgatados-em-24-horas\/#primaryimage\"},\"thumbnailUrl\":\"https:\/\/www.notibras.com\/site\/wp-content\/uploads\/2017\/11\/imigrantes.jpg\",\"datePublished\":\"2018-05-26T08:15:15+00:00\",\"dateModified\":\"2018-05-26T12:32:10+00:00\",\"breadcrumb\":{\"@id\":\"https:\/\/www.notibras.com\/site\/mais-de-mil-imigrantes-sao-resgatados-em-24-horas\/#breadcrumb\"},\"inLanguage\":\"pt-BR\",\"potentialAction\":[{\"@type\":\"ReadAction\",\"target\":[\"https:\/\/www.notibras.com\/site\/mais-de-mil-imigrantes-sao-resgatados-em-24-horas\/\"]}]},{\"@type\":\"ImageObject\",\"inLanguage\":\"pt-BR\",\"@id\":\"https:\/\/www.notibras.com\/site\/mais-de-mil-imigrantes-sao-resgatados-em-24-horas\/#primaryimage\",\"url\":\"https:\/\/www.notibras.com\/site\/wp-content\/uploads\/2017\/11\/imigrantes.jpg\",\"contentUrl\":\"https:\/\/www.notibras.com\/site\/wp-content\/uploads\/2017\/11\/imigrantes.jpg\",\"width\":1200,\"height\":707,\"caption\":\"Foto: Reuters\"},{\"@type\":\"BreadcrumbList\",\"@id\":\"https:\/\/www.notibras.com\/site\/mais-de-mil-imigrantes-sao-resgatados-em-24-horas\/#breadcrumb\",\"itemListElement\":[{\"@type\":\"ListItem\",\"position\":1,\"name\":\"In\u00edcio\",\"item\":\"https:\/\/www.notibras.com\/site\/\"},{\"@type\":\"ListItem\",\"position\":2,\"name\":\"Mais de mil imigrantes s\u00e3o resgatados em 24 horas\"}]},{\"@type\":\"WebSite\",\"@id\":\"https:\/\/www.notibras.com\/site\/#website\",\"url\":\"https:\/\/www.notibras.com\/site\/\",\"name\":\"Notibras\",\"description\":\"Not\u00edcias de Bras\u00edlia, do Brasil e do Mundo\",\"publisher\":{\"@id\":\"https:\/\/www.notibras.com\/site\/#organization\"},\"potentialAction\":[{\"@type\":\"SearchAction\",\"target\":{\"@type\":\"EntryPoint\",\"urlTemplate\":\"https:\/\/www.notibras.com\/site\/?s={search_term_string}\"},\"query-input\":{\"@type\":\"PropertyValueSpecification\",\"valueRequired\":true,\"valueName\":\"search_term_string\"}}],\"inLanguage\":\"pt-BR\"},{\"@type\":\"Organization\",\"@id\":\"https:\/\/www.notibras.com\/site\/#organization\",\"name\":\"Grupo Notibras de Comunica\u00e7\u00e3o\",\"url\":\"https:\/\/www.notibras.com\/site\/\",\"logo\":{\"@type\":\"ImageObject\",\"inLanguage\":\"pt-BR\",\"@id\":\"https:\/\/www.notibras.com\/site\/#\/schema\/logo\/image\/\",\"url\":\"https:\/\/www.notibras.com\/site\/wp-content\/uploads\/2023\/01\/notibras23.png\",\"contentUrl\":\"https:\/\/www.notibras.com\/site\/wp-content\/uploads\/2023\/01\/notibras23.png\",\"width\":350,\"height\":87,\"caption\":\"Grupo Notibras de Comunica\u00e7\u00e3o\"},\"image\":{\"@id\":\"https:\/\/www.notibras.com\/site\/#\/schema\/logo\/image\/\"},\"sameAs\":[\"https:\/\/www.facebook.com\/notibras\/\",\"https:\/\/x.com\/Notibras\",\"https:\/\/www.instagram.com\/notibras\/\"]},{\"@type\":\"Person\",\"@id\":\"https:\/\/www.notibras.com\/site\/#\/schema\/person\/00b8e1aa08f9ef6563e878c5159d01cf\",\"name\":\"Reda\u00e7\u00e3o\",\"image\":{\"@type\":\"ImageObject\",\"inLanguage\":\"pt-BR\",\"@id\":\"https:\/\/secure.gravatar.com\/avatar\/ac5a707d5b47784a5ed426c6e213e201423c750890f64e4c379114dade67dfb9?s=96&d=mm&r=g\",\"url\":\"https:\/\/secure.gravatar.com\/avatar\/ac5a707d5b47784a5ed426c6e213e201423c750890f64e4c379114dade67dfb9?s=96&d=mm&r=g\",\"contentUrl\":\"https:\/\/secure.gravatar.com\/avatar\/ac5a707d5b47784a5ed426c6e213e201423c750890f64e4c379114dade67dfb9?s=96&d=mm&r=g\",\"caption\":\"Reda\u00e7\u00e3o\"}}]}<\/script>\n<!-- \/ Yoast SEO plugin. -->","yoast_head_json":{"title":"Mais de mil imigrantes s\u00e3o resgatados em 24 horas - Notibras","robots":{"index":"index","follow":"follow","max-snippet":"max-snippet:-1","max-image-preview":"max-image-preview:large","max-video-preview":"max-video-preview:-1"},"canonical":"https:\/\/www.notibras.com\/site\/mais-de-mil-imigrantes-sao-resgatados-em-24-horas\/","og_locale":"pt_BR","og_type":"article","og_title":"Mais de mil imigrantes s\u00e3o resgatados em 24 horas - Notibras","og_description":"Um total de 1.050 imigrantes foram socorridos nas \u00faltimas 24 horas quando viajavam a bordo de sete diferentes embarca\u00e7\u00f5es no Mediterr\u00e2neo Central, informou \u00e0 Ag\u00eancia EFE a Guarda Litor\u00e2nea italiana que coordena as opera\u00e7\u00f5es na regi\u00e3o. Os imigrantes viajavam a bordo de cinco lanchas infl\u00e1veis, uma pequena balsa e um barco, e das opera\u00e7\u00f5es de [&hellip;]","og_url":"https:\/\/www.notibras.com\/site\/mais-de-mil-imigrantes-sao-resgatados-em-24-horas\/","og_site_name":"Notibras","article_publisher":"https:\/\/www.facebook.com\/notibras\/","article_published_time":"2018-05-26T08:15:15+00:00","article_modified_time":"2018-05-26T12:32:10+00:00","og_image":[{"width":1200,"height":707,"url":"https:\/\/www.notibras.com\/site\/wp-content\/uploads\/2017\/11\/imigrantes.jpg","type":"image\/jpeg"}],"author":"Reda\u00e7\u00e3o","twitter_card":"summary_large_image","twitter_creator":"@Notibras","twitter_site":"@Notibras","twitter_misc":{"Escrito por":"Reda\u00e7\u00e3o"},"schema":{"@context":"https:\/\/schema.org","@graph":[{"@type":"Article","@id":"https:\/\/www.notibras.com\/site\/mais-de-mil-imigrantes-sao-resgatados-em-24-horas\/#article","isPartOf":{"@id":"https:\/\/www.notibras.com\/site\/mais-de-mil-imigrantes-sao-resgatados-em-24-horas\/"},"author":{"name":"Reda\u00e7\u00e3o","@id":"https:\/\/www.notibras.com\/site\/#\/schema\/person\/00b8e1aa08f9ef6563e878c5159d01cf"},"headline":"Mais de mil imigrantes s\u00e3o resgatados em 24 horas","datePublished":"2018-05-26T08:15:15+00:00","dateModified":"2018-05-26T12:32:10+00:00","mainEntityOfPage":{"@id":"https:\/\/www.notibras.com\/site\/mais-de-mil-imigrantes-sao-resgatados-em-24-horas\/"},"wordCount":106,"publisher":{"@id":"https:\/\/www.notibras.com\/site\/#organization"},"image":{"@id":"https:\/\/www.notibras.com\/site\/mais-de-mil-imigrantes-sao-resgatados-em-24-horas\/#primaryimage"},"thumbnailUrl":"https:\/\/www.notibras.com\/site\/wp-content\/uploads\/2017\/11\/imigrantes.jpg","articleSection":["Mundo"],"inLanguage":"pt-BR"},{"@type":"WebPage","@id":"https:\/\/www.notibras.com\/site\/mais-de-mil-imigrantes-sao-resgatados-em-24-horas\/","url":"https:\/\/www.notibras.com\/site\/mais-de-mil-imigrantes-sao-resgatados-em-24-horas\/","name":"Mais de mil imigrantes s\u00e3o resgatados em 24 horas - Notibras","isPartOf":{"@id":"https:\/\/www.notibras.com\/site\/#website"},"primaryImageOfPage":{"@id":"https:\/\/www.notibras.com\/site\/mais-de-mil-imigrantes-sao-resgatados-em-24-horas\/#primaryimage"},"image":{"@id":"https:\/\/www.notibras.com\/site\/mais-de-mil-imigrantes-sao-resgatados-em-24-horas\/#primaryimage"},"thumbnailUrl":"https:\/\/www.notibras.com\/site\/wp-content\/uploads\/2017\/11\/imigrantes.jpg","datePublished":"2018-05-26T08:15:15+00:00","dateModified":"2018-05-26T12:32:10+00:00","breadcrumb":{"@id":"https:\/\/www.notibras.com\/site\/mais-de-mil-imigrantes-sao-resgatados-em-24-horas\/#breadcrumb"},"inLanguage":"pt-BR","potentialAction":[{"@type":"ReadAction","target":["https:\/\/www.notibras.com\/site\/mais-de-mil-imigrantes-sao-resgatados-em-24-horas\/"]}]},{"@type":"ImageObject","inLanguage":"pt-BR","@id":"https:\/\/www.notibras.com\/site\/mais-de-mil-imigrantes-sao-resgatados-em-24-horas\/#primaryimage","url":"https:\/\/www.notibras.com\/site\/wp-content\/uploads\/2017\/11\/imigrantes.jpg","contentUrl":"https:\/\/www.notibras.com\/site\/wp-content\/uploads\/2017\/11\/imigrantes.jpg","width":1200,"height":707,"caption":"Foto: Reuters"},{"@type":"BreadcrumbList","@id":"https:\/\/www.notibras.com\/site\/mais-de-mil-imigrantes-sao-resgatados-em-24-horas\/#breadcrumb","itemListElement":[{"@type":"ListItem","position":1,"name":"In\u00edcio","item":"https:\/\/www.notibras.com\/site\/"},{"@type":"ListItem","position":2,"name":"Mais de mil imigrantes s\u00e3o resgatados em 24 horas"}]},{"@type":"WebSite","@id":"https:\/\/www.notibras.com\/site\/#website","url":"https:\/\/www.notibras.com\/site\/","name":"Notibras","description":"Not\u00edcias de Bras\u00edlia, do Brasil e do Mundo","publisher":{"@id":"https:\/\/www.notibras.com\/site\/#organization"},"potentialAction":[{"@type":"SearchAction","target":{"@type":"EntryPoint","urlTemplate":"https:\/\/www.notibras.com\/site\/?s={search_term_string}"},"query-input":{"@type":"PropertyValueSpecification","valueRequired":true,"valueName":"search_term_string"}}],"inLanguage":"pt-BR"},{"@type":"Organization","@id":"https:\/\/www.notibras.com\/site\/#organization","name":"Grupo Notibras de Comunica\u00e7\u00e3o","url":"https:\/\/www.notibras.com\/site\/","logo":{"@type":"ImageObject","inLanguage":"pt-BR","@id":"https:\/\/www.notibras.com\/site\/#\/schema\/logo\/image\/","url":"https:\/\/www.notibras.com\/site\/wp-content\/uploads\/2023\/01\/notibras23.png","contentUrl":"https:\/\/www.notibras.com\/site\/wp-content\/uploads\/2023\/01\/notibras23.png","width":350,"height":87,"caption":"Grupo Notibras de Comunica\u00e7\u00e3o"},"image":{"@id":"https:\/\/www.notibras.com\/site\/#\/schema\/logo\/image\/"},"sameAs":["https:\/\/www.facebook.com\/notibras\/","https:\/\/x.com\/Notibras","https:\/\/www.instagram.com\/notibras\/"]},{"@type":"Person","@id":"https:\/\/www.notibras.com\/site\/#\/schema\/person\/00b8e1aa08f9ef6563e878c5159d01cf","name":"Reda\u00e7\u00e3o","image":{"@type":"ImageObject","inLanguage":"pt-BR","@id":"https:\/\/secure.gravatar.com\/avatar\/ac5a707d5b47784a5ed426c6e213e201423c750890f64e4c379114dade67dfb9?s=96&d=mm&r=g","url":"https:\/\/secure.gravatar.com\/avatar\/ac5a707d5b47784a5ed426c6e213e201423c750890f64e4c379114dade67dfb9?s=96&d=mm&r=g","contentUrl":"https:\/\/secure.gravatar.com\/avatar\/ac5a707d5b47784a5ed426c6e213e201423c750890f64e4c379114dade67dfb9?s=96&d=mm&r=g","caption":"Reda\u00e7\u00e3o"}}]}},"amp_enabled":true,"_links":{"self":[{"href":"https:\/\/www.notibras.com\/site\/wp-json\/wp\/v2\/posts\/180547","targetHints":{"allow":["GET"]}}],"collection":[{"href":"https:\/\/www.notibras.com\/site\/wp-json\/wp\/v2\/posts"}],"about":[{"href":"https:\/\/www.notibras.com\/site\/wp-json\/wp\/v2\/types\/post"}],"author":[{"embeddable":true,"href":"https:\/\/www.notibras.com\/site\/wp-json\/wp\/v2\/users\/1"}],"replies":[{"embeddable":true,"href":"https:\/\/www.notibras.com\/site\/wp-json\/wp\/v2\/comments?post=180547"}],"version-history":[{"count":1,"href":"https:\/\/www.notibras.com\/site\/wp-json\/wp\/v2\/posts\/180547\/revisions"}],"predecessor-version":[{"id":180548,"href":"https:\/\/www.notibras.com\/site\/wp-json\/wp\/v2\/posts\/180547\/revisions\/180548"}],"wp:featuredmedia":[{"embeddable":true,"href":"https:\/\/www.notibras.com\/site\/wp-json\/wp\/v2\/media\/159055"}],"wp:attachment":[{"href":"https:\/\/www.notibras.com\/site\/wp-json\/wp\/v2\/media?parent=180547"}],"wp:term":[{"taxonomy":"category","embeddable":true,"href":"https:\/\/www.notibras.com\/site\/wp-json\/wp\/v2\/categories?post=180547"},{"taxonomy":"post_tag","embeddable":true,"href":"https:\/\/www.notibras.com\/site\/wp-json\/wp\/v2\/tags?post=180547"}],"curies":[{"name":"wp","href":"https:\/\/api.w.org\/{rel}","templated":true}]}}