{"id":180606,"date":"2018-05-27T06:21:39","date_gmt":"2018-05-27T09:21:39","guid":{"rendered":"https:\/\/www.notibras.com\/site\/?p=180606"},"modified":"2018-05-27T06:53:31","modified_gmt":"2018-05-27T09:53:31","slug":"israel-reage-a-ataque-do-hamas-e-mata-dois-na-faixa-de-gaza","status":"publish","type":"post","link":"https:\/\/www.notibras.com\/site\/israel-reage-a-ataque-do-hamas-e-mata-dois-na-faixa-de-gaza\/","title":{"rendered":"Israel reage a ataque do Hamas e mata dois na Faixa de Gaza"},"content":{"rendered":"<p>Apenas algumas horas depois de um ataque a\u00e9reo \u00e0s unidades armadas palestinas na parte sul da Faixa de Gaza, militares israelenses voltaram a atacar e atingiram o que disseram ser um alvo do Hamas perto de Khan Yunis, no sul da Faixa de Gaza, na manh\u00e3 deste domingo, 27.<\/p>\n<p>Como resultado, dois moradores de Gaza foram mortos, enquanto outro foi gravemente ferido, de acordo com o Minist\u00e9rio da Sa\u00fade da Palestina.<\/p>\n<p>As for\u00e7as de defesa de Israel postaram no Twitter que sofreram um ataque em maiores consequ\u00eancias em um posto de observa\u00e7\u00e3o militar no sul da Faixa de Gaza. Como resposta, decidiram revidar.<\/p>\n","protected":false},"excerpt":{"rendered":"<p>Apenas algumas horas depois de um ataque a\u00e9reo \u00e0s unidades armadas palestinas na parte sul da Faixa de Gaza, militares israelenses voltaram a atacar e atingiram o que disseram ser um alvo do Hamas perto de Khan Yunis, no sul da Faixa de Gaza, na manh\u00e3 deste domingo, 27. Como resultado, dois moradores de Gaza [&hellip;]<\/p>\n","protected":false},"author":2,"featured_media":180607,"comment_status":"closed","ping_status":"closed","sticky":false,"template":"","format":"standard","meta":{"_acf_changed":false,"footnotes":""},"categories":[17],"tags":[],"class_list":["post-180606","post","type-post","status-publish","format-standard","has-post-thumbnail","hentry","category-mundo"],"acf":[],"yoast_head":"<!-- This site is optimized with the Yoast SEO plugin v27.2 - https:\/\/yoast.com\/product\/yoast-seo-wordpress\/ -->\n<title>Israel reage a ataque do Hamas e mata dois na Faixa de Gaza - Notibras<\/title>\n<meta name=\"robots\" content=\"index, follow, max-snippet:-1, max-image-preview:large, max-video-preview:-1\" \/>\n<link rel=\"canonical\" href=\"https:\/\/www.notibras.com\/site\/israel-reage-a-ataque-do-hamas-e-mata-dois-na-faixa-de-gaza\/\" \/>\n<meta property=\"og:locale\" content=\"pt_BR\" \/>\n<meta property=\"og:type\" content=\"article\" \/>\n<meta property=\"og:title\" content=\"Israel reage a ataque do Hamas e mata dois na Faixa de Gaza - Notibras\" \/>\n<meta property=\"og:description\" content=\"Apenas algumas horas depois de um ataque a\u00e9reo \u00e0s unidades armadas palestinas na parte sul da Faixa de Gaza, militares israelenses voltaram a atacar e atingiram o que disseram ser um alvo do Hamas perto de Khan Yunis, no sul da Faixa de Gaza, na manh\u00e3 deste domingo, 27. Como resultado, dois moradores de Gaza [&hellip;]\" \/>\n<meta property=\"og:url\" content=\"https:\/\/www.notibras.com\/site\/israel-reage-a-ataque-do-hamas-e-mata-dois-na-faixa-de-gaza\/\" \/>\n<meta property=\"og:site_name\" content=\"Notibras\" \/>\n<meta property=\"article:publisher\" content=\"https:\/\/www.facebook.com\/notibras\/\" \/>\n<meta property=\"article:published_time\" content=\"2018-05-27T09:21:39+00:00\" \/>\n<meta property=\"article:modified_time\" content=\"2018-05-27T09:53:31+00:00\" \/>\n<meta property=\"og:image\" content=\"https:\/\/www.notibras.com\/site\/wp-content\/uploads\/2018\/05\/gaza.mortos.jpg\" \/>\n\t<meta property=\"og:image:width\" content=\"1000\" \/>\n\t<meta property=\"og:image:height\" content=\"541\" \/>\n\t<meta property=\"og:image:type\" content=\"image\/jpeg\" \/>\n<meta name=\"author\" content=\"Reda\u00e7\u00e3o\" \/>\n<meta name=\"twitter:card\" content=\"summary_large_image\" \/>\n<meta name=\"twitter:creator\" content=\"@Notibras\" \/>\n<meta name=\"twitter:site\" content=\"@Notibras\" \/>\n<meta name=\"twitter:label1\" content=\"Escrito por\" \/>\n\t<meta name=\"twitter:data1\" content=\"Reda\u00e7\u00e3o\" \/>\n\t<meta name=\"twitter:label2\" content=\"Est. tempo de leitura\" \/>\n\t<meta name=\"twitter:data2\" content=\"1 minuto\" \/>\n<script type=\"application\/ld+json\" class=\"yoast-schema-graph\">{\"@context\":\"https:\/\/schema.org\",\"@graph\":[{\"@type\":\"Article\",\"@id\":\"https:\/\/www.notibras.com\/site\/israel-reage-a-ataque-do-hamas-e-mata-dois-na-faixa-de-gaza\/#article\",\"isPartOf\":{\"@id\":\"https:\/\/www.notibras.com\/site\/israel-reage-a-ataque-do-hamas-e-mata-dois-na-faixa-de-gaza\/\"},\"author\":{\"name\":\"Reda\u00e7\u00e3o\",\"@id\":\"https:\/\/www.notibras.com\/site\/#\/schema\/person\/36ab0979449956132d3e5b517ea76ac8\"},\"headline\":\"Israel reage a ataque do Hamas e mata dois na Faixa de Gaza\",\"datePublished\":\"2018-05-27T09:21:39+00:00\",\"dateModified\":\"2018-05-27T09:53:31+00:00\",\"mainEntityOfPage\":{\"@id\":\"https:\/\/www.notibras.com\/site\/israel-reage-a-ataque-do-hamas-e-mata-dois-na-faixa-de-gaza\/\"},\"wordCount\":121,\"publisher\":{\"@id\":\"https:\/\/www.notibras.com\/site\/#organization\"},\"image\":{\"@id\":\"https:\/\/www.notibras.com\/site\/israel-reage-a-ataque-do-hamas-e-mata-dois-na-faixa-de-gaza\/#primaryimage\"},\"thumbnailUrl\":\"https:\/\/www.notibras.com\/site\/wp-content\/uploads\/2018\/05\/gaza.mortos.jpg\",\"articleSection\":[\"Mundo\"],\"inLanguage\":\"pt-BR\"},{\"@type\":\"WebPage\",\"@id\":\"https:\/\/www.notibras.com\/site\/israel-reage-a-ataque-do-hamas-e-mata-dois-na-faixa-de-gaza\/\",\"url\":\"https:\/\/www.notibras.com\/site\/israel-reage-a-ataque-do-hamas-e-mata-dois-na-faixa-de-gaza\/\",\"name\":\"Israel reage a ataque do Hamas e mata dois na Faixa de Gaza - Notibras\",\"isPartOf\":{\"@id\":\"https:\/\/www.notibras.com\/site\/#website\"},\"primaryImageOfPage\":{\"@id\":\"https:\/\/www.notibras.com\/site\/israel-reage-a-ataque-do-hamas-e-mata-dois-na-faixa-de-gaza\/#primaryimage\"},\"image\":{\"@id\":\"https:\/\/www.notibras.com\/site\/israel-reage-a-ataque-do-hamas-e-mata-dois-na-faixa-de-gaza\/#primaryimage\"},\"thumbnailUrl\":\"https:\/\/www.notibras.com\/site\/wp-content\/uploads\/2018\/05\/gaza.mortos.jpg\",\"datePublished\":\"2018-05-27T09:21:39+00:00\",\"dateModified\":\"2018-05-27T09:53:31+00:00\",\"breadcrumb\":{\"@id\":\"https:\/\/www.notibras.com\/site\/israel-reage-a-ataque-do-hamas-e-mata-dois-na-faixa-de-gaza\/#breadcrumb\"},\"inLanguage\":\"pt-BR\",\"potentialAction\":[{\"@type\":\"ReadAction\",\"target\":[\"https:\/\/www.notibras.com\/site\/israel-reage-a-ataque-do-hamas-e-mata-dois-na-faixa-de-gaza\/\"]}]},{\"@type\":\"ImageObject\",\"inLanguage\":\"pt-BR\",\"@id\":\"https:\/\/www.notibras.com\/site\/israel-reage-a-ataque-do-hamas-e-mata-dois-na-faixa-de-gaza\/#primaryimage\",\"url\":\"https:\/\/www.notibras.com\/site\/wp-content\/uploads\/2018\/05\/gaza.mortos.jpg\",\"contentUrl\":\"https:\/\/www.notibras.com\/site\/wp-content\/uploads\/2018\/05\/gaza.mortos.jpg\",\"width\":1000,\"height\":541,\"caption\":\"Foto\/Sputniknews\"},{\"@type\":\"BreadcrumbList\",\"@id\":\"https:\/\/www.notibras.com\/site\/israel-reage-a-ataque-do-hamas-e-mata-dois-na-faixa-de-gaza\/#breadcrumb\",\"itemListElement\":[{\"@type\":\"ListItem\",\"position\":1,\"name\":\"In\u00edcio\",\"item\":\"https:\/\/www.notibras.com\/site\/\"},{\"@type\":\"ListItem\",\"position\":2,\"name\":\"Israel reage a ataque do Hamas e mata dois na Faixa de Gaza\"}]},{\"@type\":\"WebSite\",\"@id\":\"https:\/\/www.notibras.com\/site\/#website\",\"url\":\"https:\/\/www.notibras.com\/site\/\",\"name\":\"Notibras\",\"description\":\"Not\u00edcias de Bras\u00edlia, do Brasil e do Mundo\",\"publisher\":{\"@id\":\"https:\/\/www.notibras.com\/site\/#organization\"},\"potentialAction\":[{\"@type\":\"SearchAction\",\"target\":{\"@type\":\"EntryPoint\",\"urlTemplate\":\"https:\/\/www.notibras.com\/site\/?s={search_term_string}\"},\"query-input\":{\"@type\":\"PropertyValueSpecification\",\"valueRequired\":true,\"valueName\":\"search_term_string\"}}],\"inLanguage\":\"pt-BR\"},{\"@type\":\"Organization\",\"@id\":\"https:\/\/www.notibras.com\/site\/#organization\",\"name\":\"Grupo Notibras de Comunica\u00e7\u00e3o\",\"url\":\"https:\/\/www.notibras.com\/site\/\",\"logo\":{\"@type\":\"ImageObject\",\"inLanguage\":\"pt-BR\",\"@id\":\"https:\/\/www.notibras.com\/site\/#\/schema\/logo\/image\/\",\"url\":\"https:\/\/www.notibras.com\/site\/wp-content\/uploads\/2023\/01\/notibras23.png\",\"contentUrl\":\"https:\/\/www.notibras.com\/site\/wp-content\/uploads\/2023\/01\/notibras23.png\",\"width\":350,\"height\":87,\"caption\":\"Grupo Notibras de Comunica\u00e7\u00e3o\"},\"image\":{\"@id\":\"https:\/\/www.notibras.com\/site\/#\/schema\/logo\/image\/\"},\"sameAs\":[\"https:\/\/www.facebook.com\/notibras\/\",\"https:\/\/x.com\/Notibras\",\"https:\/\/www.instagram.com\/notibras\/\"]},{\"@type\":\"Person\",\"@id\":\"https:\/\/www.notibras.com\/site\/#\/schema\/person\/36ab0979449956132d3e5b517ea76ac8\",\"name\":\"Reda\u00e7\u00e3o\",\"image\":{\"@type\":\"ImageObject\",\"inLanguage\":\"pt-BR\",\"@id\":\"https:\/\/secure.gravatar.com\/avatar\/e0a867bdedb85fd243eadf09663511f96fc81e0720a4a42581f334ad4303aa6b?s=96&d=mm&r=g\",\"url\":\"https:\/\/secure.gravatar.com\/avatar\/e0a867bdedb85fd243eadf09663511f96fc81e0720a4a42581f334ad4303aa6b?s=96&d=mm&r=g\",\"contentUrl\":\"https:\/\/secure.gravatar.com\/avatar\/e0a867bdedb85fd243eadf09663511f96fc81e0720a4a42581f334ad4303aa6b?s=96&d=mm&r=g\",\"caption\":\"Reda\u00e7\u00e3o\"}}]}<\/script>\n<!-- \/ Yoast SEO plugin. -->","yoast_head_json":{"title":"Israel reage a ataque do Hamas e mata dois na Faixa de Gaza - Notibras","robots":{"index":"index","follow":"follow","max-snippet":"max-snippet:-1","max-image-preview":"max-image-preview:large","max-video-preview":"max-video-preview:-1"},"canonical":"https:\/\/www.notibras.com\/site\/israel-reage-a-ataque-do-hamas-e-mata-dois-na-faixa-de-gaza\/","og_locale":"pt_BR","og_type":"article","og_title":"Israel reage a ataque do Hamas e mata dois na Faixa de Gaza - Notibras","og_description":"Apenas algumas horas depois de um ataque a\u00e9reo \u00e0s unidades armadas palestinas na parte sul da Faixa de Gaza, militares israelenses voltaram a atacar e atingiram o que disseram ser um alvo do Hamas perto de Khan Yunis, no sul da Faixa de Gaza, na manh\u00e3 deste domingo, 27. Como resultado, dois moradores de Gaza [&hellip;]","og_url":"https:\/\/www.notibras.com\/site\/israel-reage-a-ataque-do-hamas-e-mata-dois-na-faixa-de-gaza\/","og_site_name":"Notibras","article_publisher":"https:\/\/www.facebook.com\/notibras\/","article_published_time":"2018-05-27T09:21:39+00:00","article_modified_time":"2018-05-27T09:53:31+00:00","og_image":[{"width":1000,"height":541,"url":"https:\/\/www.notibras.com\/site\/wp-content\/uploads\/2018\/05\/gaza.mortos.jpg","type":"image\/jpeg"}],"author":"Reda\u00e7\u00e3o","twitter_card":"summary_large_image","twitter_creator":"@Notibras","twitter_site":"@Notibras","twitter_misc":{"Escrito por":"Reda\u00e7\u00e3o","Est. tempo de leitura":"1 minuto"},"schema":{"@context":"https:\/\/schema.org","@graph":[{"@type":"Article","@id":"https:\/\/www.notibras.com\/site\/israel-reage-a-ataque-do-hamas-e-mata-dois-na-faixa-de-gaza\/#article","isPartOf":{"@id":"https:\/\/www.notibras.com\/site\/israel-reage-a-ataque-do-hamas-e-mata-dois-na-faixa-de-gaza\/"},"author":{"name":"Reda\u00e7\u00e3o","@id":"https:\/\/www.notibras.com\/site\/#\/schema\/person\/36ab0979449956132d3e5b517ea76ac8"},"headline":"Israel reage a ataque do Hamas e mata dois na Faixa de Gaza","datePublished":"2018-05-27T09:21:39+00:00","dateModified":"2018-05-27T09:53:31+00:00","mainEntityOfPage":{"@id":"https:\/\/www.notibras.com\/site\/israel-reage-a-ataque-do-hamas-e-mata-dois-na-faixa-de-gaza\/"},"wordCount":121,"publisher":{"@id":"https:\/\/www.notibras.com\/site\/#organization"},"image":{"@id":"https:\/\/www.notibras.com\/site\/israel-reage-a-ataque-do-hamas-e-mata-dois-na-faixa-de-gaza\/#primaryimage"},"thumbnailUrl":"https:\/\/www.notibras.com\/site\/wp-content\/uploads\/2018\/05\/gaza.mortos.jpg","articleSection":["Mundo"],"inLanguage":"pt-BR"},{"@type":"WebPage","@id":"https:\/\/www.notibras.com\/site\/israel-reage-a-ataque-do-hamas-e-mata-dois-na-faixa-de-gaza\/","url":"https:\/\/www.notibras.com\/site\/israel-reage-a-ataque-do-hamas-e-mata-dois-na-faixa-de-gaza\/","name":"Israel reage a ataque do Hamas e mata dois na Faixa de Gaza - Notibras","isPartOf":{"@id":"https:\/\/www.notibras.com\/site\/#website"},"primaryImageOfPage":{"@id":"https:\/\/www.notibras.com\/site\/israel-reage-a-ataque-do-hamas-e-mata-dois-na-faixa-de-gaza\/#primaryimage"},"image":{"@id":"https:\/\/www.notibras.com\/site\/israel-reage-a-ataque-do-hamas-e-mata-dois-na-faixa-de-gaza\/#primaryimage"},"thumbnailUrl":"https:\/\/www.notibras.com\/site\/wp-content\/uploads\/2018\/05\/gaza.mortos.jpg","datePublished":"2018-05-27T09:21:39+00:00","dateModified":"2018-05-27T09:53:31+00:00","breadcrumb":{"@id":"https:\/\/www.notibras.com\/site\/israel-reage-a-ataque-do-hamas-e-mata-dois-na-faixa-de-gaza\/#breadcrumb"},"inLanguage":"pt-BR","potentialAction":[{"@type":"ReadAction","target":["https:\/\/www.notibras.com\/site\/israel-reage-a-ataque-do-hamas-e-mata-dois-na-faixa-de-gaza\/"]}]},{"@type":"ImageObject","inLanguage":"pt-BR","@id":"https:\/\/www.notibras.com\/site\/israel-reage-a-ataque-do-hamas-e-mata-dois-na-faixa-de-gaza\/#primaryimage","url":"https:\/\/www.notibras.com\/site\/wp-content\/uploads\/2018\/05\/gaza.mortos.jpg","contentUrl":"https:\/\/www.notibras.com\/site\/wp-content\/uploads\/2018\/05\/gaza.mortos.jpg","width":1000,"height":541,"caption":"Foto\/Sputniknews"},{"@type":"BreadcrumbList","@id":"https:\/\/www.notibras.com\/site\/israel-reage-a-ataque-do-hamas-e-mata-dois-na-faixa-de-gaza\/#breadcrumb","itemListElement":[{"@type":"ListItem","position":1,"name":"In\u00edcio","item":"https:\/\/www.notibras.com\/site\/"},{"@type":"ListItem","position":2,"name":"Israel reage a ataque do Hamas e mata dois na Faixa de Gaza"}]},{"@type":"WebSite","@id":"https:\/\/www.notibras.com\/site\/#website","url":"https:\/\/www.notibras.com\/site\/","name":"Notibras","description":"Not\u00edcias de Bras\u00edlia, do Brasil e do Mundo","publisher":{"@id":"https:\/\/www.notibras.com\/site\/#organization"},"potentialAction":[{"@type":"SearchAction","target":{"@type":"EntryPoint","urlTemplate":"https:\/\/www.notibras.com\/site\/?s={search_term_string}"},"query-input":{"@type":"PropertyValueSpecification","valueRequired":true,"valueName":"search_term_string"}}],"inLanguage":"pt-BR"},{"@type":"Organization","@id":"https:\/\/www.notibras.com\/site\/#organization","name":"Grupo Notibras de Comunica\u00e7\u00e3o","url":"https:\/\/www.notibras.com\/site\/","logo":{"@type":"ImageObject","inLanguage":"pt-BR","@id":"https:\/\/www.notibras.com\/site\/#\/schema\/logo\/image\/","url":"https:\/\/www.notibras.com\/site\/wp-content\/uploads\/2023\/01\/notibras23.png","contentUrl":"https:\/\/www.notibras.com\/site\/wp-content\/uploads\/2023\/01\/notibras23.png","width":350,"height":87,"caption":"Grupo Notibras de Comunica\u00e7\u00e3o"},"image":{"@id":"https:\/\/www.notibras.com\/site\/#\/schema\/logo\/image\/"},"sameAs":["https:\/\/www.facebook.com\/notibras\/","https:\/\/x.com\/Notibras","https:\/\/www.instagram.com\/notibras\/"]},{"@type":"Person","@id":"https:\/\/www.notibras.com\/site\/#\/schema\/person\/36ab0979449956132d3e5b517ea76ac8","name":"Reda\u00e7\u00e3o","image":{"@type":"ImageObject","inLanguage":"pt-BR","@id":"https:\/\/secure.gravatar.com\/avatar\/e0a867bdedb85fd243eadf09663511f96fc81e0720a4a42581f334ad4303aa6b?s=96&d=mm&r=g","url":"https:\/\/secure.gravatar.com\/avatar\/e0a867bdedb85fd243eadf09663511f96fc81e0720a4a42581f334ad4303aa6b?s=96&d=mm&r=g","contentUrl":"https:\/\/secure.gravatar.com\/avatar\/e0a867bdedb85fd243eadf09663511f96fc81e0720a4a42581f334ad4303aa6b?s=96&d=mm&r=g","caption":"Reda\u00e7\u00e3o"}}]}},"amp_enabled":true,"_links":{"self":[{"href":"https:\/\/www.notibras.com\/site\/wp-json\/wp\/v2\/posts\/180606","targetHints":{"allow":["GET"]}}],"collection":[{"href":"https:\/\/www.notibras.com\/site\/wp-json\/wp\/v2\/posts"}],"about":[{"href":"https:\/\/www.notibras.com\/site\/wp-json\/wp\/v2\/types\/post"}],"author":[{"embeddable":true,"href":"https:\/\/www.notibras.com\/site\/wp-json\/wp\/v2\/users\/2"}],"replies":[{"embeddable":true,"href":"https:\/\/www.notibras.com\/site\/wp-json\/wp\/v2\/comments?post=180606"}],"version-history":[{"count":1,"href":"https:\/\/www.notibras.com\/site\/wp-json\/wp\/v2\/posts\/180606\/revisions"}],"predecessor-version":[{"id":180608,"href":"https:\/\/www.notibras.com\/site\/wp-json\/wp\/v2\/posts\/180606\/revisions\/180608"}],"wp:featuredmedia":[{"embeddable":true,"href":"https:\/\/www.notibras.com\/site\/wp-json\/wp\/v2\/media\/180607"}],"wp:attachment":[{"href":"https:\/\/www.notibras.com\/site\/wp-json\/wp\/v2\/media?parent=180606"}],"wp:term":[{"taxonomy":"category","embeddable":true,"href":"https:\/\/www.notibras.com\/site\/wp-json\/wp\/v2\/categories?post=180606"},{"taxonomy":"post_tag","embeddable":true,"href":"https:\/\/www.notibras.com\/site\/wp-json\/wp\/v2\/tags?post=180606"}],"curies":[{"name":"wp","href":"https:\/\/api.w.org\/{rel}","templated":true}]}}