{"id":180681,"date":"2018-05-28T07:38:09","date_gmt":"2018-05-28T10:38:09","guid":{"rendered":"https:\/\/www.notibras.com\/site\/?p=180681"},"modified":"2018-05-28T07:38:09","modified_gmt":"2018-05-28T10:38:09","slug":"washington-atica-ira-e-israel-e-se-houver-guerra-entre-os-dois","status":"publish","type":"post","link":"https:\/\/www.notibras.com\/site\/washington-atica-ira-e-israel-e-se-houver-guerra-entre-os-dois\/","title":{"rendered":"Washington ati\u00e7a Ir\u00e3 e Israel. E se houver guerra entre os dois?"},"content":{"rendered":"<p>Os Estados Unidos e seus aliados pr\u00f3ximos no Oriente M\u00e9dio, Israel e Ar\u00e1bia Saudita, continuam a exercer press\u00e3o sobre o Ir\u00e3. Os observadores est\u00e3o ponderando sobre a probabilidade de um conflito direto entre Teer\u00e3 e Tel Aviv, em meio \u00e0 ret\u00f3rica cada vez mais assertiva da Rep\u00fablica Isl\u00e2mica.<\/p>\n<p>Ap\u00f3s a troca de acusa\u00e7\u00f5es entre Teer\u00e3 e Tel Aviv sobre as colinas de Golan controladas por Israel, surge a quest\u00e3o de saber se as duas pot\u00eancias do Oriente M\u00e9dio poderiam se envolver em um conflito militar direto. Essa\u00a0quest\u00e3o merece uma an\u00e1lise a partir da compara\u00e7\u00e3o das capacidades militares dos pa\u00edses.<\/p>\n<p>De acordo com estimativas da GlobalFirepower.com baseadas em n\u00fameros da CIA, os or\u00e7amentos de defesa do Ir\u00e3 e de Israel s\u00e3o de US $ 6,3 bilh\u00f5es e US $ 20 bilh\u00f5es, respectivamente; pessoal ativo &#8211; 534.000 (Ir\u00e3) e 147.000 (Israel); Aeronaves militares totais &#8211; 505 (Ir\u00e3), 596 (Israel); for\u00e7a do tanque &#8211; 1.650 (Ir\u00e3), 2.760 (Israel); total de recursos navais &#8211; 398 (Ir\u00e3), 65 (Israel).<\/p>\n<p>No entanto, no caso de um confronto militar entre o Ir\u00e3 e Israel, o papel principal ser\u00e1 desempenhado pela qualidade das armas e equipamentos militares. E aqui Israel tem uma vantagem sobre o Ir\u00e3.<\/p>\n<p>\u00c9 preciso ter em mente que, no caso de um confronto, \u00e9 improv\u00e1vel que as for\u00e7as israelenses lancem uma ofensiva terrestre contra a Rep\u00fablica Isl\u00e2mica, dada a propor\u00e7\u00e3o populacional entre os dois pa\u00edses &#8211; 8,3 milh\u00f5es de pessoas (Israel) e 82 milh\u00f5es (Ir\u00e3). Portanto, pode-se presumir que Israel recorreria \u00e0 For\u00e7a A\u00e9rea e, possivelmente, a m\u00edsseis da Marinha contra seu advers\u00e1rio.<\/p>\n<p>De sua parte, o Ir\u00e3 tamb\u00e9m acharia dif\u00edcil atacar Israel por terra: \u00e9 mais prov\u00e1vel que a Rep\u00fablica Isl\u00e2mica realize ataques maci\u00e7os de m\u00edsseis contra Israel a partir do territ\u00f3rio iraniano e use os movimentos anti-israelenses do Hezbollah e do Hamas como representantes no terreno.<\/p>\n<p><strong>For\u00e7as a\u00e9reas<\/strong> &#8211; As aeronaves de combate da Rep\u00fablica Isl\u00e2mica do Ir\u00e3 (IRI) est\u00e3o desatualizadas, consistindo do F-4 americano, e os ca\u00e7as F-5, projetados na d\u00e9cada de 1950, o F-7 &#8211; um an\u00e1logo chin\u00eas da aeronave MiG-21 sovi\u00e9tica. o F-14, o Su-20, o Su-24, o Su-25 e o MiG-25, desenvolvidos nos anos 1970-80. Al\u00e9m disso, muitos dos avi\u00f5es de guerra do Ir\u00e3 s\u00e3o impr\u00f3prios para o servi\u00e7o ativo.<\/p>\n<p>No entanto, o complexo militar-industrial iraniano produz uma s\u00e9rie de avi\u00f5es de combate dom\u00e9sticos, incluindo o Azarakhsh, Saeqeh, Tazarv. Ainda assim, de acordo com alguns observadores, eles foram projetados com base em modelos estrangeiros obsoletos.<\/p>\n<p>&#8220;A For\u00e7a A\u00e9rea [IRI] \u00e9 basicamente composta de velhos avi\u00f5es e aeronaves dos EUA que os iranianos conseguiram obter mais tarde&#8221;. &#8220;Acredito que a For\u00e7a A\u00e9rea Iraniana s\u00f3 poderia ser levada em conta se [Israel] tivesse que operar no espa\u00e7o a\u00e9reo iraniano&#8221;, revelou um general israelense.<\/p>\n<p>&#8220;Grande dist\u00e2ncia e outros fatores desempenham um papel&#8221;, sugeriu ele. &#8220;Eles [os iranianos], \u00e9 claro, poderiam tentar, mas as capacidades de suas aeronaves s\u00e3o extremamente limitadas no caso de realizar tal tarefa. Seus m\u00edsseis representam uma amea\u00e7a maior para n\u00f3s [Israel] do que sua avia\u00e7\u00e3o.&#8221;<\/p>\n<p>Por seu turno, Israel tem F-15, F-16 e F-35 em seu arsenal. A frota a\u00e9rea israelense foi constru\u00edda com a participa\u00e7\u00e3o direta de cientistas e especialistas do pa\u00eds. Segundo especialistas em avia\u00e7\u00e3o, a For\u00e7a A\u00e9rea de Israel \u00e9 uma das cinco mais fortes do mundo, ao lado dos EUA, R\u00fassia, China e Reino Unido.<\/p>\n<p><strong>For\u00e7as da Marinha<\/strong> &#8211; O IRI supostamente tem 21 mini submarinos da classe Ghadir, projetados especificamente para navegar nas \u00e1guas rasas do Golfo P\u00e9rsico. Al\u00e9m disso, opera tr\u00eas submarinos diesel-el\u00e9tricos de classe Kilo comprados na R\u00fassia nos anos 90, de acordo com o The National Interest.<\/p>\n<p>Enquanto goza de superioridade no n\u00famero de navios de guerra, o Ir\u00e3 perde para o seu potencial advers\u00e1rio em sua capacidade militar. A Marinha de Israel possui seis submarinos diesel-el\u00e9tricos da classe Dolphin desenvolvidos e constru\u00eddos pela Howaldtswerke-Deutsche Werft AG. Eles s\u00e3o equipados com m\u00edsseis de cruzeiro capazes de transportar ogivas nucleares. Aumenta significativamente o potencial estrat\u00e9gico de Israel, garantindo sua superioridade sobre as for\u00e7as navais de seus vizinhos do Oriente M\u00e9dio.<\/p>\n<p><strong>Armas nucleares<\/strong> &#8211; \u00c9 um segredo aberto que Israel \u00e9 uma pot\u00eancia nuclear do Oriente M\u00e9dio que supostamente tem entre 100 e 500 ogivas at\u00f4micas na posse. Al\u00e9m disso, o pa\u00eds desenvolve seus pr\u00f3prios m\u00edsseis bal\u00edsticos desde 1963. Em 1989, Tel Aviv testou com sucesso seu m\u00edssil bal\u00edstico Jericho-2 capaz de atingir alvos a uma dist\u00e2ncia de 800 a 1.500 quil\u00f4metros.<\/p>\n<p>As For\u00e7as de Defesa de Israel tamb\u00e9m possuem meios a\u00e9reos de entrega de armas nucleares (incluindo o F-16 e o \u200b\u200bSky Hawk A-4N). Israel \u00e9 o \u00fanico pa\u00eds no Oriente M\u00e9dio que acredita-se ser capaz de realizar um ataque nuclear por terra, mar ou ar.<\/p>\n<p>Quanto \u00e0 amea\u00e7a representada pelos m\u00edsseis iranianos, Tel Aviv poderia resistir a um ataque iraniano devido ao Iron Dome, um sistema m\u00f3vel de defesa antia\u00e9rea desenvolvido pela Rafael Advanced Defense Systems e pela Israel Aerospace Industries. O sistema demonstrou repetidamente sua efici\u00eancia ao interceptar os foguetes do Hezbollah e do Hamas. Enquanto estava sendo testado, o Iron Dome conseguiu resistir a golpes ainda mais poderosos.<\/p>\n<p><strong>Guerra Improv\u00e1vel<\/strong> &#8211; Tens\u00f5es foram recentemente fermentadas entre os dois estados sobre o que Israel considera a expans\u00e3o militar de Teer\u00e3 na S\u00edria. Em fevereiro de 2018, Israel supostamente interceptou o que chamou de um drone iraniano e, em seguida, lan\u00e7ou um ataque a\u00e9reo na S\u00edria, resultando na queda de um avi\u00e3o de guerra israelense.<\/p>\n<p>No in\u00edcio de abril, a For\u00e7a A\u00e9rea de Israel atacou a base a\u00e9rea T-4 da S\u00edria, que custou a vida de sete militares iranianos. Em maio, os dois pa\u00edses trocaram uma s\u00e9rie de greves nas colinas de Golan. Na sequ\u00eancia, o ministro da Defesa de Israel, Avigdor Lieberman, relatou que as for\u00e7as do pa\u00eds atingiram &#8220;quase toda a infra-estrutura iraniana na S\u00edria&#8221;.<\/p>\n<p>Em resposta, Abolfazl Hassan Beigi, membro do Comit\u00ea Parlamentar de Seguran\u00e7a Nacional e Pol\u00edtica Externa do Ir\u00e3, afirmou que a Rep\u00fablica Isl\u00e2mica n\u00e3o tinha nada a ver com os ataques a\u00e9reos contra Israel. Beigi ressaltou que o Ir\u00e3 &#8220;n\u00e3o tem presen\u00e7a militar na S\u00edria, nem bases&#8221;.<\/p>\n<p>No entanto, um confronto militar direto entre os dois pa\u00edses ainda permanece improv\u00e1vel.<\/p>\n<p>&#8220;Tanto Israel quanto o Ir\u00e3 reconhecem qu\u00e3o dispendiosa seria uma guerra para cada um deles e, no caso do Ir\u00e3, tamb\u00e9m para seus representantes na S\u00edria e no L\u00edbano. Espero que ambos os lados prefiram evitar chegar l\u00e1, o que em alguns aspectos serve como m\u00fatuo&#8221;. dissuas\u00e3o &#8220;, opinou Rachel Brandenburg, do influente grupo de pesquisa do Atlantic Council, com sede nos EUA.<\/p>\n<p>Em suma, os militares israelenses podem parecer superiores aos da Rep\u00fablica Isl\u00e2mica. Mas nem sempre a teoria vence.<\/p>\n","protected":false},"excerpt":{"rendered":"<p>Os Estados Unidos e seus aliados pr\u00f3ximos no Oriente M\u00e9dio, Israel e Ar\u00e1bia Saudita, continuam a exercer press\u00e3o sobre o Ir\u00e3. Os observadores est\u00e3o ponderando sobre a probabilidade de um conflito direto entre Teer\u00e3 e Tel Aviv, em meio \u00e0 ret\u00f3rica cada vez mais assertiva da Rep\u00fablica Isl\u00e2mica. Ap\u00f3s a troca de acusa\u00e7\u00f5es entre Teer\u00e3 [&hellip;]<\/p>\n","protected":false},"author":2,"featured_media":180682,"comment_status":"closed","ping_status":"closed","sticky":false,"template":"","format":"standard","meta":{"_acf_changed":false,"footnotes":""},"categories":[17],"tags":[],"class_list":["post-180681","post","type-post","status-publish","format-standard","has-post-thumbnail","hentry","category-mundo"],"acf":[],"yoast_head":"<!-- This site is optimized with the Yoast SEO plugin v27.2 - https:\/\/yoast.com\/product\/yoast-seo-wordpress\/ -->\n<title>Washington ati\u00e7a Ir\u00e3 e Israel. E se houver guerra entre os dois? - Notibras<\/title>\n<meta name=\"robots\" content=\"index, follow, max-snippet:-1, max-image-preview:large, max-video-preview:-1\" \/>\n<link rel=\"canonical\" href=\"https:\/\/www.notibras.com\/site\/washington-atica-ira-e-israel-e-se-houver-guerra-entre-os-dois\/\" \/>\n<meta property=\"og:locale\" content=\"pt_BR\" \/>\n<meta property=\"og:type\" content=\"article\" \/>\n<meta property=\"og:title\" content=\"Washington ati\u00e7a Ir\u00e3 e Israel. E se houver guerra entre os dois? - Notibras\" \/>\n<meta property=\"og:description\" content=\"Os Estados Unidos e seus aliados pr\u00f3ximos no Oriente M\u00e9dio, Israel e Ar\u00e1bia Saudita, continuam a exercer press\u00e3o sobre o Ir\u00e3. Os observadores est\u00e3o ponderando sobre a probabilidade de um conflito direto entre Teer\u00e3 e Tel Aviv, em meio \u00e0 ret\u00f3rica cada vez mais assertiva da Rep\u00fablica Isl\u00e2mica. Ap\u00f3s a troca de acusa\u00e7\u00f5es entre Teer\u00e3 [&hellip;]\" \/>\n<meta property=\"og:url\" content=\"https:\/\/www.notibras.com\/site\/washington-atica-ira-e-israel-e-se-houver-guerra-entre-os-dois\/\" \/>\n<meta property=\"og:site_name\" content=\"Notibras\" \/>\n<meta property=\"article:publisher\" content=\"https:\/\/www.facebook.com\/notibras\/\" \/>\n<meta property=\"article:published_time\" content=\"2018-05-28T10:38:09+00:00\" \/>\n<meta property=\"og:image\" content=\"https:\/\/www.notibras.com\/site\/wp-content\/uploads\/2018\/05\/ir\u00e3-exerc\u00edcio-m\u00edssil-TL-20120101.jpg\" \/>\n\t<meta property=\"og:image:width\" content=\"700\" \/>\n\t<meta property=\"og:image:height\" content=\"475\" \/>\n\t<meta property=\"og:image:type\" content=\"image\/jpeg\" \/>\n<meta name=\"author\" content=\"Reda\u00e7\u00e3o\" \/>\n<meta name=\"twitter:card\" content=\"summary_large_image\" \/>\n<meta name=\"twitter:creator\" content=\"@Notibras\" \/>\n<meta name=\"twitter:site\" content=\"@Notibras\" \/>\n<meta name=\"twitter:label1\" content=\"Escrito por\" \/>\n\t<meta name=\"twitter:data1\" content=\"Reda\u00e7\u00e3o\" \/>\n\t<meta name=\"twitter:label2\" content=\"Est. tempo de leitura\" \/>\n\t<meta name=\"twitter:data2\" content=\"6 minutos\" \/>\n<script type=\"application\/ld+json\" class=\"yoast-schema-graph\">{\"@context\":\"https:\/\/schema.org\",\"@graph\":[{\"@type\":\"Article\",\"@id\":\"https:\/\/www.notibras.com\/site\/washington-atica-ira-e-israel-e-se-houver-guerra-entre-os-dois\/#article\",\"isPartOf\":{\"@id\":\"https:\/\/www.notibras.com\/site\/washington-atica-ira-e-israel-e-se-houver-guerra-entre-os-dois\/\"},\"author\":{\"name\":\"Reda\u00e7\u00e3o\",\"@id\":\"https:\/\/www.notibras.com\/site\/#\/schema\/person\/36ab0979449956132d3e5b517ea76ac8\"},\"headline\":\"Washington ati\u00e7a Ir\u00e3 e Israel. E se houver guerra entre os dois?\",\"datePublished\":\"2018-05-28T10:38:09+00:00\",\"mainEntityOfPage\":{\"@id\":\"https:\/\/www.notibras.com\/site\/washington-atica-ira-e-israel-e-se-houver-guerra-entre-os-dois\/\"},\"wordCount\":1234,\"publisher\":{\"@id\":\"https:\/\/www.notibras.com\/site\/#organization\"},\"image\":{\"@id\":\"https:\/\/www.notibras.com\/site\/washington-atica-ira-e-israel-e-se-houver-guerra-entre-os-dois\/#primaryimage\"},\"thumbnailUrl\":\"https:\/\/www.notibras.com\/site\/wp-content\/uploads\/2018\/05\/ir\u00e3-exerc\u00edcio-m\u00edssil-TL-20120101.jpg\",\"articleSection\":[\"Mundo\"],\"inLanguage\":\"pt-BR\"},{\"@type\":\"WebPage\",\"@id\":\"https:\/\/www.notibras.com\/site\/washington-atica-ira-e-israel-e-se-houver-guerra-entre-os-dois\/\",\"url\":\"https:\/\/www.notibras.com\/site\/washington-atica-ira-e-israel-e-se-houver-guerra-entre-os-dois\/\",\"name\":\"Washington ati\u00e7a Ir\u00e3 e Israel. E se houver guerra entre os dois? - Notibras\",\"isPartOf\":{\"@id\":\"https:\/\/www.notibras.com\/site\/#website\"},\"primaryImageOfPage\":{\"@id\":\"https:\/\/www.notibras.com\/site\/washington-atica-ira-e-israel-e-se-houver-guerra-entre-os-dois\/#primaryimage\"},\"image\":{\"@id\":\"https:\/\/www.notibras.com\/site\/washington-atica-ira-e-israel-e-se-houver-guerra-entre-os-dois\/#primaryimage\"},\"thumbnailUrl\":\"https:\/\/www.notibras.com\/site\/wp-content\/uploads\/2018\/05\/ir\u00e3-exerc\u00edcio-m\u00edssil-TL-20120101.jpg\",\"datePublished\":\"2018-05-28T10:38:09+00:00\",\"breadcrumb\":{\"@id\":\"https:\/\/www.notibras.com\/site\/washington-atica-ira-e-israel-e-se-houver-guerra-entre-os-dois\/#breadcrumb\"},\"inLanguage\":\"pt-BR\",\"potentialAction\":[{\"@type\":\"ReadAction\",\"target\":[\"https:\/\/www.notibras.com\/site\/washington-atica-ira-e-israel-e-se-houver-guerra-entre-os-dois\/\"]}]},{\"@type\":\"ImageObject\",\"inLanguage\":\"pt-BR\",\"@id\":\"https:\/\/www.notibras.com\/site\/washington-atica-ira-e-israel-e-se-houver-guerra-entre-os-dois\/#primaryimage\",\"url\":\"https:\/\/www.notibras.com\/site\/wp-content\/uploads\/2018\/05\/ir\u00e3-exerc\u00edcio-m\u00edssil-TL-20120101.jpg\",\"contentUrl\":\"https:\/\/www.notibras.com\/site\/wp-content\/uploads\/2018\/05\/ir\u00e3-exerc\u00edcio-m\u00edssil-TL-20120101.jpg\",\"width\":700,\"height\":475,\"caption\":\"Foto\/Arquivo Notibras\"},{\"@type\":\"BreadcrumbList\",\"@id\":\"https:\/\/www.notibras.com\/site\/washington-atica-ira-e-israel-e-se-houver-guerra-entre-os-dois\/#breadcrumb\",\"itemListElement\":[{\"@type\":\"ListItem\",\"position\":1,\"name\":\"In\u00edcio\",\"item\":\"https:\/\/www.notibras.com\/site\/\"},{\"@type\":\"ListItem\",\"position\":2,\"name\":\"Washington ati\u00e7a Ir\u00e3 e Israel. E se houver guerra entre os dois?\"}]},{\"@type\":\"WebSite\",\"@id\":\"https:\/\/www.notibras.com\/site\/#website\",\"url\":\"https:\/\/www.notibras.com\/site\/\",\"name\":\"Notibras\",\"description\":\"Not\u00edcias de Bras\u00edlia, do Brasil e do Mundo\",\"publisher\":{\"@id\":\"https:\/\/www.notibras.com\/site\/#organization\"},\"potentialAction\":[{\"@type\":\"SearchAction\",\"target\":{\"@type\":\"EntryPoint\",\"urlTemplate\":\"https:\/\/www.notibras.com\/site\/?s={search_term_string}\"},\"query-input\":{\"@type\":\"PropertyValueSpecification\",\"valueRequired\":true,\"valueName\":\"search_term_string\"}}],\"inLanguage\":\"pt-BR\"},{\"@type\":\"Organization\",\"@id\":\"https:\/\/www.notibras.com\/site\/#organization\",\"name\":\"Grupo Notibras de Comunica\u00e7\u00e3o\",\"url\":\"https:\/\/www.notibras.com\/site\/\",\"logo\":{\"@type\":\"ImageObject\",\"inLanguage\":\"pt-BR\",\"@id\":\"https:\/\/www.notibras.com\/site\/#\/schema\/logo\/image\/\",\"url\":\"https:\/\/www.notibras.com\/site\/wp-content\/uploads\/2023\/01\/notibras23.png\",\"contentUrl\":\"https:\/\/www.notibras.com\/site\/wp-content\/uploads\/2023\/01\/notibras23.png\",\"width\":350,\"height\":87,\"caption\":\"Grupo Notibras de Comunica\u00e7\u00e3o\"},\"image\":{\"@id\":\"https:\/\/www.notibras.com\/site\/#\/schema\/logo\/image\/\"},\"sameAs\":[\"https:\/\/www.facebook.com\/notibras\/\",\"https:\/\/x.com\/Notibras\",\"https:\/\/www.instagram.com\/notibras\/\"]},{\"@type\":\"Person\",\"@id\":\"https:\/\/www.notibras.com\/site\/#\/schema\/person\/36ab0979449956132d3e5b517ea76ac8\",\"name\":\"Reda\u00e7\u00e3o\",\"image\":{\"@type\":\"ImageObject\",\"inLanguage\":\"pt-BR\",\"@id\":\"https:\/\/secure.gravatar.com\/avatar\/e0a867bdedb85fd243eadf09663511f96fc81e0720a4a42581f334ad4303aa6b?s=96&d=mm&r=g\",\"url\":\"https:\/\/secure.gravatar.com\/avatar\/e0a867bdedb85fd243eadf09663511f96fc81e0720a4a42581f334ad4303aa6b?s=96&d=mm&r=g\",\"contentUrl\":\"https:\/\/secure.gravatar.com\/avatar\/e0a867bdedb85fd243eadf09663511f96fc81e0720a4a42581f334ad4303aa6b?s=96&d=mm&r=g\",\"caption\":\"Reda\u00e7\u00e3o\"}}]}<\/script>\n<!-- \/ Yoast SEO plugin. -->","yoast_head_json":{"title":"Washington ati\u00e7a Ir\u00e3 e Israel. E se houver guerra entre os dois? - Notibras","robots":{"index":"index","follow":"follow","max-snippet":"max-snippet:-1","max-image-preview":"max-image-preview:large","max-video-preview":"max-video-preview:-1"},"canonical":"https:\/\/www.notibras.com\/site\/washington-atica-ira-e-israel-e-se-houver-guerra-entre-os-dois\/","og_locale":"pt_BR","og_type":"article","og_title":"Washington ati\u00e7a Ir\u00e3 e Israel. E se houver guerra entre os dois? - Notibras","og_description":"Os Estados Unidos e seus aliados pr\u00f3ximos no Oriente M\u00e9dio, Israel e Ar\u00e1bia Saudita, continuam a exercer press\u00e3o sobre o Ir\u00e3. Os observadores est\u00e3o ponderando sobre a probabilidade de um conflito direto entre Teer\u00e3 e Tel Aviv, em meio \u00e0 ret\u00f3rica cada vez mais assertiva da Rep\u00fablica Isl\u00e2mica. Ap\u00f3s a troca de acusa\u00e7\u00f5es entre Teer\u00e3 [&hellip;]","og_url":"https:\/\/www.notibras.com\/site\/washington-atica-ira-e-israel-e-se-houver-guerra-entre-os-dois\/","og_site_name":"Notibras","article_publisher":"https:\/\/www.facebook.com\/notibras\/","article_published_time":"2018-05-28T10:38:09+00:00","og_image":[{"width":700,"height":475,"url":"https:\/\/www.notibras.com\/site\/wp-content\/uploads\/2018\/05\/ir\u00e3-exerc\u00edcio-m\u00edssil-TL-20120101.jpg","type":"image\/jpeg"}],"author":"Reda\u00e7\u00e3o","twitter_card":"summary_large_image","twitter_creator":"@Notibras","twitter_site":"@Notibras","twitter_misc":{"Escrito por":"Reda\u00e7\u00e3o","Est. tempo de leitura":"6 minutos"},"schema":{"@context":"https:\/\/schema.org","@graph":[{"@type":"Article","@id":"https:\/\/www.notibras.com\/site\/washington-atica-ira-e-israel-e-se-houver-guerra-entre-os-dois\/#article","isPartOf":{"@id":"https:\/\/www.notibras.com\/site\/washington-atica-ira-e-israel-e-se-houver-guerra-entre-os-dois\/"},"author":{"name":"Reda\u00e7\u00e3o","@id":"https:\/\/www.notibras.com\/site\/#\/schema\/person\/36ab0979449956132d3e5b517ea76ac8"},"headline":"Washington ati\u00e7a Ir\u00e3 e Israel. E se houver guerra entre os dois?","datePublished":"2018-05-28T10:38:09+00:00","mainEntityOfPage":{"@id":"https:\/\/www.notibras.com\/site\/washington-atica-ira-e-israel-e-se-houver-guerra-entre-os-dois\/"},"wordCount":1234,"publisher":{"@id":"https:\/\/www.notibras.com\/site\/#organization"},"image":{"@id":"https:\/\/www.notibras.com\/site\/washington-atica-ira-e-israel-e-se-houver-guerra-entre-os-dois\/#primaryimage"},"thumbnailUrl":"https:\/\/www.notibras.com\/site\/wp-content\/uploads\/2018\/05\/ir\u00e3-exerc\u00edcio-m\u00edssil-TL-20120101.jpg","articleSection":["Mundo"],"inLanguage":"pt-BR"},{"@type":"WebPage","@id":"https:\/\/www.notibras.com\/site\/washington-atica-ira-e-israel-e-se-houver-guerra-entre-os-dois\/","url":"https:\/\/www.notibras.com\/site\/washington-atica-ira-e-israel-e-se-houver-guerra-entre-os-dois\/","name":"Washington ati\u00e7a Ir\u00e3 e Israel. E se houver guerra entre os dois? - Notibras","isPartOf":{"@id":"https:\/\/www.notibras.com\/site\/#website"},"primaryImageOfPage":{"@id":"https:\/\/www.notibras.com\/site\/washington-atica-ira-e-israel-e-se-houver-guerra-entre-os-dois\/#primaryimage"},"image":{"@id":"https:\/\/www.notibras.com\/site\/washington-atica-ira-e-israel-e-se-houver-guerra-entre-os-dois\/#primaryimage"},"thumbnailUrl":"https:\/\/www.notibras.com\/site\/wp-content\/uploads\/2018\/05\/ir\u00e3-exerc\u00edcio-m\u00edssil-TL-20120101.jpg","datePublished":"2018-05-28T10:38:09+00:00","breadcrumb":{"@id":"https:\/\/www.notibras.com\/site\/washington-atica-ira-e-israel-e-se-houver-guerra-entre-os-dois\/#breadcrumb"},"inLanguage":"pt-BR","potentialAction":[{"@type":"ReadAction","target":["https:\/\/www.notibras.com\/site\/washington-atica-ira-e-israel-e-se-houver-guerra-entre-os-dois\/"]}]},{"@type":"ImageObject","inLanguage":"pt-BR","@id":"https:\/\/www.notibras.com\/site\/washington-atica-ira-e-israel-e-se-houver-guerra-entre-os-dois\/#primaryimage","url":"https:\/\/www.notibras.com\/site\/wp-content\/uploads\/2018\/05\/ir\u00e3-exerc\u00edcio-m\u00edssil-TL-20120101.jpg","contentUrl":"https:\/\/www.notibras.com\/site\/wp-content\/uploads\/2018\/05\/ir\u00e3-exerc\u00edcio-m\u00edssil-TL-20120101.jpg","width":700,"height":475,"caption":"Foto\/Arquivo Notibras"},{"@type":"BreadcrumbList","@id":"https:\/\/www.notibras.com\/site\/washington-atica-ira-e-israel-e-se-houver-guerra-entre-os-dois\/#breadcrumb","itemListElement":[{"@type":"ListItem","position":1,"name":"In\u00edcio","item":"https:\/\/www.notibras.com\/site\/"},{"@type":"ListItem","position":2,"name":"Washington ati\u00e7a Ir\u00e3 e Israel. E se houver guerra entre os dois?"}]},{"@type":"WebSite","@id":"https:\/\/www.notibras.com\/site\/#website","url":"https:\/\/www.notibras.com\/site\/","name":"Notibras","description":"Not\u00edcias de Bras\u00edlia, do Brasil e do Mundo","publisher":{"@id":"https:\/\/www.notibras.com\/site\/#organization"},"potentialAction":[{"@type":"SearchAction","target":{"@type":"EntryPoint","urlTemplate":"https:\/\/www.notibras.com\/site\/?s={search_term_string}"},"query-input":{"@type":"PropertyValueSpecification","valueRequired":true,"valueName":"search_term_string"}}],"inLanguage":"pt-BR"},{"@type":"Organization","@id":"https:\/\/www.notibras.com\/site\/#organization","name":"Grupo Notibras de Comunica\u00e7\u00e3o","url":"https:\/\/www.notibras.com\/site\/","logo":{"@type":"ImageObject","inLanguage":"pt-BR","@id":"https:\/\/www.notibras.com\/site\/#\/schema\/logo\/image\/","url":"https:\/\/www.notibras.com\/site\/wp-content\/uploads\/2023\/01\/notibras23.png","contentUrl":"https:\/\/www.notibras.com\/site\/wp-content\/uploads\/2023\/01\/notibras23.png","width":350,"height":87,"caption":"Grupo Notibras de Comunica\u00e7\u00e3o"},"image":{"@id":"https:\/\/www.notibras.com\/site\/#\/schema\/logo\/image\/"},"sameAs":["https:\/\/www.facebook.com\/notibras\/","https:\/\/x.com\/Notibras","https:\/\/www.instagram.com\/notibras\/"]},{"@type":"Person","@id":"https:\/\/www.notibras.com\/site\/#\/schema\/person\/36ab0979449956132d3e5b517ea76ac8","name":"Reda\u00e7\u00e3o","image":{"@type":"ImageObject","inLanguage":"pt-BR","@id":"https:\/\/secure.gravatar.com\/avatar\/e0a867bdedb85fd243eadf09663511f96fc81e0720a4a42581f334ad4303aa6b?s=96&d=mm&r=g","url":"https:\/\/secure.gravatar.com\/avatar\/e0a867bdedb85fd243eadf09663511f96fc81e0720a4a42581f334ad4303aa6b?s=96&d=mm&r=g","contentUrl":"https:\/\/secure.gravatar.com\/avatar\/e0a867bdedb85fd243eadf09663511f96fc81e0720a4a42581f334ad4303aa6b?s=96&d=mm&r=g","caption":"Reda\u00e7\u00e3o"}}]}},"amp_enabled":true,"_links":{"self":[{"href":"https:\/\/www.notibras.com\/site\/wp-json\/wp\/v2\/posts\/180681","targetHints":{"allow":["GET"]}}],"collection":[{"href":"https:\/\/www.notibras.com\/site\/wp-json\/wp\/v2\/posts"}],"about":[{"href":"https:\/\/www.notibras.com\/site\/wp-json\/wp\/v2\/types\/post"}],"author":[{"embeddable":true,"href":"https:\/\/www.notibras.com\/site\/wp-json\/wp\/v2\/users\/2"}],"replies":[{"embeddable":true,"href":"https:\/\/www.notibras.com\/site\/wp-json\/wp\/v2\/comments?post=180681"}],"version-history":[{"count":1,"href":"https:\/\/www.notibras.com\/site\/wp-json\/wp\/v2\/posts\/180681\/revisions"}],"predecessor-version":[{"id":180683,"href":"https:\/\/www.notibras.com\/site\/wp-json\/wp\/v2\/posts\/180681\/revisions\/180683"}],"wp:featuredmedia":[{"embeddable":true,"href":"https:\/\/www.notibras.com\/site\/wp-json\/wp\/v2\/media\/180682"}],"wp:attachment":[{"href":"https:\/\/www.notibras.com\/site\/wp-json\/wp\/v2\/media?parent=180681"}],"wp:term":[{"taxonomy":"category","embeddable":true,"href":"https:\/\/www.notibras.com\/site\/wp-json\/wp\/v2\/categories?post=180681"},{"taxonomy":"post_tag","embeddable":true,"href":"https:\/\/www.notibras.com\/site\/wp-json\/wp\/v2\/tags?post=180681"}],"curies":[{"name":"wp","href":"https:\/\/api.w.org\/{rel}","templated":true}]}}