{"id":180721,"date":"2018-05-28T21:57:57","date_gmt":"2018-05-29T00:57:57","guid":{"rendered":"https:\/\/www.notibras.com\/site\/?p=180721"},"modified":"2018-05-29T10:25:29","modified_gmt":"2018-05-29T13:25:29","slug":"fortes-inundacoes-deixam-um-desaparecido-e-prejuizos-em-maryland","status":"publish","type":"post","link":"https:\/\/www.notibras.com\/site\/fortes-inundacoes-deixam-um-desaparecido-e-prejuizos-em-maryland\/","title":{"rendered":"Inunda\u00e7\u00f5es deixam um desaparecido e provocam preju\u00edzos"},"content":{"rendered":"<p>Uma tempestade de grande intensidade provocou fortes inunda\u00e7\u00f5es em Ellicott City, no estado de Maryland, no nordeste dos Estados Unidos, que deixaram um desaparecido e numerosos danos materiais, informaram autoridades locais nesta segunda-feira.<\/p>\n<p>Um homem, identificado como Eddison Hermond, desapareceu no meio da noite quando participava dos trabalhos de resgate na cidade de 66 mil habitantes. A informa\u00e7\u00e3o foi dada por Allan Kittleman, prefeito do condado de Howard, do qual faz parte Ellicott City.<\/p>\n<p>Al\u00e9m disso, foram registrados 30 resgates de fam\u00edlias em suas casas desde o in\u00edcio da tempestade no domingo.<\/p>\n<p>Diante dos estragos causados pela chuva forte e as consequentes inunda\u00e7\u00f5es, o governador de Maryland, Larry Hogan, declarou estado de emerg\u00eancia no condado, para que o mesmo possa receber assist\u00eancia econ\u00f4mica e de pessoal rapidamente.<\/p>\n<p>&#8220;Dizem que esta \u00e9 uma inunda\u00e7\u00e3o que acontece uma vez a cada mil anos, mas aqui foram registradas duas em dois anos&#8221;, afirmou Hogan \u00e0 imprensa local, se referindo \u00e0 tempestade que devastou Ellicott City em julho de 2016, com saldo de dois mortos e muita destrui\u00e7\u00e3o na cidade, especialmente na parte antiga.<\/p>\n<p>At\u00e9 o momento, n\u00e3o se sabe a extens\u00e3o dos danos causados pela tempestade das \u00faltimas horas, mas, de acordo com as imagens divulgadas atrav\u00e9s dos meios de comunica\u00e7\u00e3o, h\u00e1 muitos carros e edif\u00edcios danificados.<\/p>\n","protected":false},"excerpt":{"rendered":"<p>Uma tempestade de grande intensidade provocou fortes inunda\u00e7\u00f5es em Ellicott City, no estado de Maryland, no nordeste dos Estados Unidos, que deixaram um desaparecido e numerosos danos materiais, informaram autoridades locais nesta segunda-feira. Um homem, identificado como Eddison Hermond, desapareceu no meio da noite quando participava dos trabalhos de resgate na cidade de 66 mil [&hellip;]<\/p>\n","protected":false},"author":1,"featured_media":180724,"comment_status":"closed","ping_status":"closed","sticky":false,"template":"","format":"standard","meta":{"_acf_changed":false,"footnotes":""},"categories":[17],"tags":[],"class_list":["post-180721","post","type-post","status-publish","format-standard","has-post-thumbnail","hentry","category-mundo"],"acf":[],"yoast_head":"<!-- This site is optimized with the Yoast SEO plugin v27.2 - https:\/\/yoast.com\/product\/yoast-seo-wordpress\/ -->\n<title>Inunda\u00e7\u00f5es deixam um desaparecido e provocam preju\u00edzos - Notibras<\/title>\n<meta name=\"robots\" content=\"index, follow, max-snippet:-1, max-image-preview:large, max-video-preview:-1\" \/>\n<link rel=\"canonical\" href=\"https:\/\/www.notibras.com\/site\/fortes-inundacoes-deixam-um-desaparecido-e-prejuizos-em-maryland\/\" \/>\n<meta property=\"og:locale\" content=\"pt_BR\" \/>\n<meta property=\"og:type\" content=\"article\" \/>\n<meta property=\"og:title\" content=\"Inunda\u00e7\u00f5es deixam um desaparecido e provocam preju\u00edzos - Notibras\" \/>\n<meta property=\"og:description\" content=\"Uma tempestade de grande intensidade provocou fortes inunda\u00e7\u00f5es em Ellicott City, no estado de Maryland, no nordeste dos Estados Unidos, que deixaram um desaparecido e numerosos danos materiais, informaram autoridades locais nesta segunda-feira. Um homem, identificado como Eddison Hermond, desapareceu no meio da noite quando participava dos trabalhos de resgate na cidade de 66 mil [&hellip;]\" \/>\n<meta property=\"og:url\" content=\"https:\/\/www.notibras.com\/site\/fortes-inundacoes-deixam-um-desaparecido-e-prejuizos-em-maryland\/\" \/>\n<meta property=\"og:site_name\" content=\"Notibras\" \/>\n<meta property=\"article:publisher\" content=\"https:\/\/www.facebook.com\/notibras\/\" \/>\n<meta property=\"article:published_time\" content=\"2018-05-29T00:57:57+00:00\" \/>\n<meta property=\"article:modified_time\" content=\"2018-05-29T13:25:29+00:00\" \/>\n<meta property=\"og:image\" content=\"https:\/\/www.notibras.com\/site\/wp-content\/uploads\/2018\/05\/54366573.jpg\" \/>\n\t<meta property=\"og:image:width\" content=\"800\" \/>\n\t<meta property=\"og:image:height\" content=\"533\" \/>\n\t<meta property=\"og:image:type\" content=\"image\/jpeg\" \/>\n<meta name=\"author\" content=\"Reda\u00e7\u00e3o\" \/>\n<meta name=\"twitter:card\" content=\"summary_large_image\" \/>\n<meta name=\"twitter:creator\" content=\"@Notibras\" \/>\n<meta name=\"twitter:site\" content=\"@Notibras\" \/>\n<meta name=\"twitter:label1\" content=\"Escrito por\" \/>\n\t<meta name=\"twitter:data1\" content=\"Reda\u00e7\u00e3o\" \/>\n\t<meta name=\"twitter:label2\" content=\"Est. tempo de leitura\" \/>\n\t<meta name=\"twitter:data2\" content=\"1 minuto\" \/>\n<script type=\"application\/ld+json\" class=\"yoast-schema-graph\">{\"@context\":\"https:\/\/schema.org\",\"@graph\":[{\"@type\":\"Article\",\"@id\":\"https:\/\/www.notibras.com\/site\/fortes-inundacoes-deixam-um-desaparecido-e-prejuizos-em-maryland\/#article\",\"isPartOf\":{\"@id\":\"https:\/\/www.notibras.com\/site\/fortes-inundacoes-deixam-um-desaparecido-e-prejuizos-em-maryland\/\"},\"author\":{\"name\":\"Reda\u00e7\u00e3o\",\"@id\":\"https:\/\/www.notibras.com\/site\/#\/schema\/person\/00b8e1aa08f9ef6563e878c5159d01cf\"},\"headline\":\"Inunda\u00e7\u00f5es deixam um desaparecido e provocam preju\u00edzos\",\"datePublished\":\"2018-05-29T00:57:57+00:00\",\"dateModified\":\"2018-05-29T13:25:29+00:00\",\"mainEntityOfPage\":{\"@id\":\"https:\/\/www.notibras.com\/site\/fortes-inundacoes-deixam-um-desaparecido-e-prejuizos-em-maryland\/\"},\"wordCount\":233,\"publisher\":{\"@id\":\"https:\/\/www.notibras.com\/site\/#organization\"},\"image\":{\"@id\":\"https:\/\/www.notibras.com\/site\/fortes-inundacoes-deixam-um-desaparecido-e-prejuizos-em-maryland\/#primaryimage\"},\"thumbnailUrl\":\"https:\/\/www.notibras.com\/site\/wp-content\/uploads\/2018\/05\/54366573.jpg\",\"articleSection\":[\"Mundo\"],\"inLanguage\":\"pt-BR\"},{\"@type\":\"WebPage\",\"@id\":\"https:\/\/www.notibras.com\/site\/fortes-inundacoes-deixam-um-desaparecido-e-prejuizos-em-maryland\/\",\"url\":\"https:\/\/www.notibras.com\/site\/fortes-inundacoes-deixam-um-desaparecido-e-prejuizos-em-maryland\/\",\"name\":\"Inunda\u00e7\u00f5es deixam um desaparecido e provocam preju\u00edzos - Notibras\",\"isPartOf\":{\"@id\":\"https:\/\/www.notibras.com\/site\/#website\"},\"primaryImageOfPage\":{\"@id\":\"https:\/\/www.notibras.com\/site\/fortes-inundacoes-deixam-um-desaparecido-e-prejuizos-em-maryland\/#primaryimage\"},\"image\":{\"@id\":\"https:\/\/www.notibras.com\/site\/fortes-inundacoes-deixam-um-desaparecido-e-prejuizos-em-maryland\/#primaryimage\"},\"thumbnailUrl\":\"https:\/\/www.notibras.com\/site\/wp-content\/uploads\/2018\/05\/54366573.jpg\",\"datePublished\":\"2018-05-29T00:57:57+00:00\",\"dateModified\":\"2018-05-29T13:25:29+00:00\",\"breadcrumb\":{\"@id\":\"https:\/\/www.notibras.com\/site\/fortes-inundacoes-deixam-um-desaparecido-e-prejuizos-em-maryland\/#breadcrumb\"},\"inLanguage\":\"pt-BR\",\"potentialAction\":[{\"@type\":\"ReadAction\",\"target\":[\"https:\/\/www.notibras.com\/site\/fortes-inundacoes-deixam-um-desaparecido-e-prejuizos-em-maryland\/\"]}]},{\"@type\":\"ImageObject\",\"inLanguage\":\"pt-BR\",\"@id\":\"https:\/\/www.notibras.com\/site\/fortes-inundacoes-deixam-um-desaparecido-e-prejuizos-em-maryland\/#primaryimage\",\"url\":\"https:\/\/www.notibras.com\/site\/wp-content\/uploads\/2018\/05\/54366573.jpg\",\"contentUrl\":\"https:\/\/www.notibras.com\/site\/wp-content\/uploads\/2018\/05\/54366573.jpg\",\"width\":800,\"height\":533,\"caption\":\"Foto: Jim Lo Scalzo\/EFE\/EPA\"},{\"@type\":\"BreadcrumbList\",\"@id\":\"https:\/\/www.notibras.com\/site\/fortes-inundacoes-deixam-um-desaparecido-e-prejuizos-em-maryland\/#breadcrumb\",\"itemListElement\":[{\"@type\":\"ListItem\",\"position\":1,\"name\":\"In\u00edcio\",\"item\":\"https:\/\/www.notibras.com\/site\/\"},{\"@type\":\"ListItem\",\"position\":2,\"name\":\"Inunda\u00e7\u00f5es deixam um desaparecido e provocam preju\u00edzos\"}]},{\"@type\":\"WebSite\",\"@id\":\"https:\/\/www.notibras.com\/site\/#website\",\"url\":\"https:\/\/www.notibras.com\/site\/\",\"name\":\"Notibras\",\"description\":\"Not\u00edcias de Bras\u00edlia, do Brasil e do Mundo\",\"publisher\":{\"@id\":\"https:\/\/www.notibras.com\/site\/#organization\"},\"potentialAction\":[{\"@type\":\"SearchAction\",\"target\":{\"@type\":\"EntryPoint\",\"urlTemplate\":\"https:\/\/www.notibras.com\/site\/?s={search_term_string}\"},\"query-input\":{\"@type\":\"PropertyValueSpecification\",\"valueRequired\":true,\"valueName\":\"search_term_string\"}}],\"inLanguage\":\"pt-BR\"},{\"@type\":\"Organization\",\"@id\":\"https:\/\/www.notibras.com\/site\/#organization\",\"name\":\"Grupo Notibras de Comunica\u00e7\u00e3o\",\"url\":\"https:\/\/www.notibras.com\/site\/\",\"logo\":{\"@type\":\"ImageObject\",\"inLanguage\":\"pt-BR\",\"@id\":\"https:\/\/www.notibras.com\/site\/#\/schema\/logo\/image\/\",\"url\":\"https:\/\/www.notibras.com\/site\/wp-content\/uploads\/2023\/01\/notibras23.png\",\"contentUrl\":\"https:\/\/www.notibras.com\/site\/wp-content\/uploads\/2023\/01\/notibras23.png\",\"width\":350,\"height\":87,\"caption\":\"Grupo Notibras de Comunica\u00e7\u00e3o\"},\"image\":{\"@id\":\"https:\/\/www.notibras.com\/site\/#\/schema\/logo\/image\/\"},\"sameAs\":[\"https:\/\/www.facebook.com\/notibras\/\",\"https:\/\/x.com\/Notibras\",\"https:\/\/www.instagram.com\/notibras\/\"]},{\"@type\":\"Person\",\"@id\":\"https:\/\/www.notibras.com\/site\/#\/schema\/person\/00b8e1aa08f9ef6563e878c5159d01cf\",\"name\":\"Reda\u00e7\u00e3o\",\"image\":{\"@type\":\"ImageObject\",\"inLanguage\":\"pt-BR\",\"@id\":\"https:\/\/secure.gravatar.com\/avatar\/ac5a707d5b47784a5ed426c6e213e201423c750890f64e4c379114dade67dfb9?s=96&d=mm&r=g\",\"url\":\"https:\/\/secure.gravatar.com\/avatar\/ac5a707d5b47784a5ed426c6e213e201423c750890f64e4c379114dade67dfb9?s=96&d=mm&r=g\",\"contentUrl\":\"https:\/\/secure.gravatar.com\/avatar\/ac5a707d5b47784a5ed426c6e213e201423c750890f64e4c379114dade67dfb9?s=96&d=mm&r=g\",\"caption\":\"Reda\u00e7\u00e3o\"}}]}<\/script>\n<!-- \/ Yoast SEO plugin. -->","yoast_head_json":{"title":"Inunda\u00e7\u00f5es deixam um desaparecido e provocam preju\u00edzos - Notibras","robots":{"index":"index","follow":"follow","max-snippet":"max-snippet:-1","max-image-preview":"max-image-preview:large","max-video-preview":"max-video-preview:-1"},"canonical":"https:\/\/www.notibras.com\/site\/fortes-inundacoes-deixam-um-desaparecido-e-prejuizos-em-maryland\/","og_locale":"pt_BR","og_type":"article","og_title":"Inunda\u00e7\u00f5es deixam um desaparecido e provocam preju\u00edzos - Notibras","og_description":"Uma tempestade de grande intensidade provocou fortes inunda\u00e7\u00f5es em Ellicott City, no estado de Maryland, no nordeste dos Estados Unidos, que deixaram um desaparecido e numerosos danos materiais, informaram autoridades locais nesta segunda-feira. Um homem, identificado como Eddison Hermond, desapareceu no meio da noite quando participava dos trabalhos de resgate na cidade de 66 mil [&hellip;]","og_url":"https:\/\/www.notibras.com\/site\/fortes-inundacoes-deixam-um-desaparecido-e-prejuizos-em-maryland\/","og_site_name":"Notibras","article_publisher":"https:\/\/www.facebook.com\/notibras\/","article_published_time":"2018-05-29T00:57:57+00:00","article_modified_time":"2018-05-29T13:25:29+00:00","og_image":[{"width":800,"height":533,"url":"https:\/\/www.notibras.com\/site\/wp-content\/uploads\/2018\/05\/54366573.jpg","type":"image\/jpeg"}],"author":"Reda\u00e7\u00e3o","twitter_card":"summary_large_image","twitter_creator":"@Notibras","twitter_site":"@Notibras","twitter_misc":{"Escrito por":"Reda\u00e7\u00e3o","Est. tempo de leitura":"1 minuto"},"schema":{"@context":"https:\/\/schema.org","@graph":[{"@type":"Article","@id":"https:\/\/www.notibras.com\/site\/fortes-inundacoes-deixam-um-desaparecido-e-prejuizos-em-maryland\/#article","isPartOf":{"@id":"https:\/\/www.notibras.com\/site\/fortes-inundacoes-deixam-um-desaparecido-e-prejuizos-em-maryland\/"},"author":{"name":"Reda\u00e7\u00e3o","@id":"https:\/\/www.notibras.com\/site\/#\/schema\/person\/00b8e1aa08f9ef6563e878c5159d01cf"},"headline":"Inunda\u00e7\u00f5es deixam um desaparecido e provocam preju\u00edzos","datePublished":"2018-05-29T00:57:57+00:00","dateModified":"2018-05-29T13:25:29+00:00","mainEntityOfPage":{"@id":"https:\/\/www.notibras.com\/site\/fortes-inundacoes-deixam-um-desaparecido-e-prejuizos-em-maryland\/"},"wordCount":233,"publisher":{"@id":"https:\/\/www.notibras.com\/site\/#organization"},"image":{"@id":"https:\/\/www.notibras.com\/site\/fortes-inundacoes-deixam-um-desaparecido-e-prejuizos-em-maryland\/#primaryimage"},"thumbnailUrl":"https:\/\/www.notibras.com\/site\/wp-content\/uploads\/2018\/05\/54366573.jpg","articleSection":["Mundo"],"inLanguage":"pt-BR"},{"@type":"WebPage","@id":"https:\/\/www.notibras.com\/site\/fortes-inundacoes-deixam-um-desaparecido-e-prejuizos-em-maryland\/","url":"https:\/\/www.notibras.com\/site\/fortes-inundacoes-deixam-um-desaparecido-e-prejuizos-em-maryland\/","name":"Inunda\u00e7\u00f5es deixam um desaparecido e provocam preju\u00edzos - Notibras","isPartOf":{"@id":"https:\/\/www.notibras.com\/site\/#website"},"primaryImageOfPage":{"@id":"https:\/\/www.notibras.com\/site\/fortes-inundacoes-deixam-um-desaparecido-e-prejuizos-em-maryland\/#primaryimage"},"image":{"@id":"https:\/\/www.notibras.com\/site\/fortes-inundacoes-deixam-um-desaparecido-e-prejuizos-em-maryland\/#primaryimage"},"thumbnailUrl":"https:\/\/www.notibras.com\/site\/wp-content\/uploads\/2018\/05\/54366573.jpg","datePublished":"2018-05-29T00:57:57+00:00","dateModified":"2018-05-29T13:25:29+00:00","breadcrumb":{"@id":"https:\/\/www.notibras.com\/site\/fortes-inundacoes-deixam-um-desaparecido-e-prejuizos-em-maryland\/#breadcrumb"},"inLanguage":"pt-BR","potentialAction":[{"@type":"ReadAction","target":["https:\/\/www.notibras.com\/site\/fortes-inundacoes-deixam-um-desaparecido-e-prejuizos-em-maryland\/"]}]},{"@type":"ImageObject","inLanguage":"pt-BR","@id":"https:\/\/www.notibras.com\/site\/fortes-inundacoes-deixam-um-desaparecido-e-prejuizos-em-maryland\/#primaryimage","url":"https:\/\/www.notibras.com\/site\/wp-content\/uploads\/2018\/05\/54366573.jpg","contentUrl":"https:\/\/www.notibras.com\/site\/wp-content\/uploads\/2018\/05\/54366573.jpg","width":800,"height":533,"caption":"Foto: Jim Lo Scalzo\/EFE\/EPA"},{"@type":"BreadcrumbList","@id":"https:\/\/www.notibras.com\/site\/fortes-inundacoes-deixam-um-desaparecido-e-prejuizos-em-maryland\/#breadcrumb","itemListElement":[{"@type":"ListItem","position":1,"name":"In\u00edcio","item":"https:\/\/www.notibras.com\/site\/"},{"@type":"ListItem","position":2,"name":"Inunda\u00e7\u00f5es deixam um desaparecido e provocam preju\u00edzos"}]},{"@type":"WebSite","@id":"https:\/\/www.notibras.com\/site\/#website","url":"https:\/\/www.notibras.com\/site\/","name":"Notibras","description":"Not\u00edcias de Bras\u00edlia, do Brasil e do Mundo","publisher":{"@id":"https:\/\/www.notibras.com\/site\/#organization"},"potentialAction":[{"@type":"SearchAction","target":{"@type":"EntryPoint","urlTemplate":"https:\/\/www.notibras.com\/site\/?s={search_term_string}"},"query-input":{"@type":"PropertyValueSpecification","valueRequired":true,"valueName":"search_term_string"}}],"inLanguage":"pt-BR"},{"@type":"Organization","@id":"https:\/\/www.notibras.com\/site\/#organization","name":"Grupo Notibras de Comunica\u00e7\u00e3o","url":"https:\/\/www.notibras.com\/site\/","logo":{"@type":"ImageObject","inLanguage":"pt-BR","@id":"https:\/\/www.notibras.com\/site\/#\/schema\/logo\/image\/","url":"https:\/\/www.notibras.com\/site\/wp-content\/uploads\/2023\/01\/notibras23.png","contentUrl":"https:\/\/www.notibras.com\/site\/wp-content\/uploads\/2023\/01\/notibras23.png","width":350,"height":87,"caption":"Grupo Notibras de Comunica\u00e7\u00e3o"},"image":{"@id":"https:\/\/www.notibras.com\/site\/#\/schema\/logo\/image\/"},"sameAs":["https:\/\/www.facebook.com\/notibras\/","https:\/\/x.com\/Notibras","https:\/\/www.instagram.com\/notibras\/"]},{"@type":"Person","@id":"https:\/\/www.notibras.com\/site\/#\/schema\/person\/00b8e1aa08f9ef6563e878c5159d01cf","name":"Reda\u00e7\u00e3o","image":{"@type":"ImageObject","inLanguage":"pt-BR","@id":"https:\/\/secure.gravatar.com\/avatar\/ac5a707d5b47784a5ed426c6e213e201423c750890f64e4c379114dade67dfb9?s=96&d=mm&r=g","url":"https:\/\/secure.gravatar.com\/avatar\/ac5a707d5b47784a5ed426c6e213e201423c750890f64e4c379114dade67dfb9?s=96&d=mm&r=g","contentUrl":"https:\/\/secure.gravatar.com\/avatar\/ac5a707d5b47784a5ed426c6e213e201423c750890f64e4c379114dade67dfb9?s=96&d=mm&r=g","caption":"Reda\u00e7\u00e3o"}}]}},"amp_enabled":true,"_links":{"self":[{"href":"https:\/\/www.notibras.com\/site\/wp-json\/wp\/v2\/posts\/180721","targetHints":{"allow":["GET"]}}],"collection":[{"href":"https:\/\/www.notibras.com\/site\/wp-json\/wp\/v2\/posts"}],"about":[{"href":"https:\/\/www.notibras.com\/site\/wp-json\/wp\/v2\/types\/post"}],"author":[{"embeddable":true,"href":"https:\/\/www.notibras.com\/site\/wp-json\/wp\/v2\/users\/1"}],"replies":[{"embeddable":true,"href":"https:\/\/www.notibras.com\/site\/wp-json\/wp\/v2\/comments?post=180721"}],"version-history":[{"count":3,"href":"https:\/\/www.notibras.com\/site\/wp-json\/wp\/v2\/posts\/180721\/revisions"}],"predecessor-version":[{"id":180781,"href":"https:\/\/www.notibras.com\/site\/wp-json\/wp\/v2\/posts\/180721\/revisions\/180781"}],"wp:featuredmedia":[{"embeddable":true,"href":"https:\/\/www.notibras.com\/site\/wp-json\/wp\/v2\/media\/180724"}],"wp:attachment":[{"href":"https:\/\/www.notibras.com\/site\/wp-json\/wp\/v2\/media?parent=180721"}],"wp:term":[{"taxonomy":"category","embeddable":true,"href":"https:\/\/www.notibras.com\/site\/wp-json\/wp\/v2\/categories?post=180721"},{"taxonomy":"post_tag","embeddable":true,"href":"https:\/\/www.notibras.com\/site\/wp-json\/wp\/v2\/tags?post=180721"}],"curies":[{"name":"wp","href":"https:\/\/api.w.org\/{rel}","templated":true}]}}