{"id":180782,"date":"2018-05-29T11:00:19","date_gmt":"2018-05-29T14:00:19","guid":{"rendered":"https:\/\/www.notibras.com\/site\/?p=180782"},"modified":"2018-05-29T11:00:19","modified_gmt":"2018-05-29T14:00:19","slug":"israel-reage-a-morteiros-e-despeja-chuva-de-misseis-em-gaza","status":"publish","type":"post","link":"https:\/\/www.notibras.com\/site\/israel-reage-a-morteiros-e-despeja-chuva-de-misseis-em-gaza\/","title":{"rendered":"Israel reage a morteiros e despeja chuva de m\u00edsseis em Gaza"},"content":{"rendered":"<p>Jatos israelenses bombardearam a Faixa de Gaza durante horas, ap\u00f3s militantes do territ\u00f3rio dispararem nesta ter\u00e7a-feira 25 morteiros em comunidades no sul israelense, no que parece ter sido a maior a\u00e7\u00e3o do tipo desde a guerra entre o Hamas e Israel, em 2014.<\/p>\n<p>As For\u00e7as Armadas israelenses disseram que ningu\u00e9m se feriu por causa dos morteiros e que a maioria foi interceptada pelo sistema de defesa. Um deles, por\u00e9m, caiu perto de uma escola infantil pouco antes de que ela come\u00e7asse a funcionar.<\/p>\n<p>O alto volume de proj\u00e9teis ocorre em meio a tens\u00f5es na fronteira. &#8220;Israel cobrar\u00e1 um alto pre\u00e7o para aqueles que buscam prejudic\u00e1-la e veem o Hamas como respons\u00e1vel por evitar tais ataques&#8221;, comentou o premi\u00ea israelense Benjamin Netanyahu.<\/p>\n<p>Agentes de seguran\u00e7a de Israel afirmaram que bombas foram lan\u00e7adas sobre o que seria um local de treinamento do grupo Jihad Isl\u00e2mica. Ainda n\u00e3o h\u00e1 informa\u00e7\u00f5es sobre feridos. Um l\u00edder do Jihad Isl\u00e2mica em Gaza, Khaled al-Batsh, defendeu que o grupo tem o direito de responder aos &#8220;crimes sionistas&#8221;.<\/p>\n<p>A \u00e1rea fronteiri\u00e7a tem registrado tens\u00e3o nas \u00faltimas semanas, enquanto os palestinos realizam grandes protestos para tentar acabar com o bloqueio imposto por Israel e Egito ap\u00f3s o Hamas chegar ao poder.<\/p>\n<p>Israel j\u00e1 matou mais de 110 palestinos, a maioria durante protestos liderados pelo Hamas, ocorridos tamb\u00e9m por causa da instala\u00e7\u00e3o da embaixada dos Estados Unidos em Jerusal\u00e9m. Os palestinos querem Jerusal\u00e9m Oriental como parte de sua futura capital independente. F<\/p>\n","protected":false},"excerpt":{"rendered":"<p>Jatos israelenses bombardearam a Faixa de Gaza durante horas, ap\u00f3s militantes do territ\u00f3rio dispararem nesta ter\u00e7a-feira 25 morteiros em comunidades no sul israelense, no que parece ter sido a maior a\u00e7\u00e3o do tipo desde a guerra entre o Hamas e Israel, em 2014. As For\u00e7as Armadas israelenses disseram que ningu\u00e9m se feriu por causa dos [&hellip;]<\/p>\n","protected":false},"author":2,"featured_media":180783,"comment_status":"closed","ping_status":"closed","sticky":false,"template":"","format":"standard","meta":{"_acf_changed":false,"footnotes":""},"categories":[17],"tags":[],"class_list":["post-180782","post","type-post","status-publish","format-standard","has-post-thumbnail","hentry","category-mundo"],"acf":[],"yoast_head":"<!-- This site is optimized with the Yoast SEO plugin v27.2 - https:\/\/yoast.com\/product\/yoast-seo-wordpress\/ -->\n<title>Israel reage a morteiros e despeja chuva de m\u00edsseis em Gaza - Notibras<\/title>\n<meta name=\"robots\" content=\"index, follow, max-snippet:-1, max-image-preview:large, max-video-preview:-1\" \/>\n<link rel=\"canonical\" href=\"https:\/\/www.notibras.com\/site\/israel-reage-a-morteiros-e-despeja-chuva-de-misseis-em-gaza\/\" \/>\n<meta property=\"og:locale\" content=\"pt_BR\" \/>\n<meta property=\"og:type\" content=\"article\" \/>\n<meta property=\"og:title\" content=\"Israel reage a morteiros e despeja chuva de m\u00edsseis em Gaza - Notibras\" \/>\n<meta property=\"og:description\" content=\"Jatos israelenses bombardearam a Faixa de Gaza durante horas, ap\u00f3s militantes do territ\u00f3rio dispararem nesta ter\u00e7a-feira 25 morteiros em comunidades no sul israelense, no que parece ter sido a maior a\u00e7\u00e3o do tipo desde a guerra entre o Hamas e Israel, em 2014. As For\u00e7as Armadas israelenses disseram que ningu\u00e9m se feriu por causa dos [&hellip;]\" \/>\n<meta property=\"og:url\" content=\"https:\/\/www.notibras.com\/site\/israel-reage-a-morteiros-e-despeja-chuva-de-misseis-em-gaza\/\" \/>\n<meta property=\"og:site_name\" content=\"Notibras\" \/>\n<meta property=\"article:publisher\" content=\"https:\/\/www.facebook.com\/notibras\/\" \/>\n<meta property=\"article:published_time\" content=\"2018-05-29T14:00:19+00:00\" \/>\n<meta property=\"og:image\" content=\"https:\/\/www.notibras.com\/site\/wp-content\/uploads\/2018\/05\/israel.gaza_.jpg\" \/>\n\t<meta property=\"og:image:width\" content=\"1000\" \/>\n\t<meta property=\"og:image:height\" content=\"541\" \/>\n\t<meta property=\"og:image:type\" content=\"image\/jpeg\" \/>\n<meta name=\"author\" content=\"Reda\u00e7\u00e3o\" \/>\n<meta name=\"twitter:card\" content=\"summary_large_image\" \/>\n<meta name=\"twitter:creator\" content=\"@Notibras\" \/>\n<meta name=\"twitter:site\" content=\"@Notibras\" \/>\n<meta name=\"twitter:label1\" content=\"Escrito por\" \/>\n\t<meta name=\"twitter:data1\" content=\"Reda\u00e7\u00e3o\" \/>\n\t<meta name=\"twitter:label2\" content=\"Est. tempo de leitura\" \/>\n\t<meta name=\"twitter:data2\" content=\"1 minuto\" \/>\n<script type=\"application\/ld+json\" class=\"yoast-schema-graph\">{\"@context\":\"https:\/\/schema.org\",\"@graph\":[{\"@type\":\"Article\",\"@id\":\"https:\/\/www.notibras.com\/site\/israel-reage-a-morteiros-e-despeja-chuva-de-misseis-em-gaza\/#article\",\"isPartOf\":{\"@id\":\"https:\/\/www.notibras.com\/site\/israel-reage-a-morteiros-e-despeja-chuva-de-misseis-em-gaza\/\"},\"author\":{\"name\":\"Reda\u00e7\u00e3o\",\"@id\":\"https:\/\/www.notibras.com\/site\/#\/schema\/person\/36ab0979449956132d3e5b517ea76ac8\"},\"headline\":\"Israel reage a morteiros e despeja chuva de m\u00edsseis em Gaza\",\"datePublished\":\"2018-05-29T14:00:19+00:00\",\"mainEntityOfPage\":{\"@id\":\"https:\/\/www.notibras.com\/site\/israel-reage-a-morteiros-e-despeja-chuva-de-misseis-em-gaza\/\"},\"wordCount\":278,\"publisher\":{\"@id\":\"https:\/\/www.notibras.com\/site\/#organization\"},\"image\":{\"@id\":\"https:\/\/www.notibras.com\/site\/israel-reage-a-morteiros-e-despeja-chuva-de-misseis-em-gaza\/#primaryimage\"},\"thumbnailUrl\":\"https:\/\/www.notibras.com\/site\/wp-content\/uploads\/2018\/05\/israel.gaza_.jpg\",\"articleSection\":[\"Mundo\"],\"inLanguage\":\"pt-BR\"},{\"@type\":\"WebPage\",\"@id\":\"https:\/\/www.notibras.com\/site\/israel-reage-a-morteiros-e-despeja-chuva-de-misseis-em-gaza\/\",\"url\":\"https:\/\/www.notibras.com\/site\/israel-reage-a-morteiros-e-despeja-chuva-de-misseis-em-gaza\/\",\"name\":\"Israel reage a morteiros e despeja chuva de m\u00edsseis em Gaza - Notibras\",\"isPartOf\":{\"@id\":\"https:\/\/www.notibras.com\/site\/#website\"},\"primaryImageOfPage\":{\"@id\":\"https:\/\/www.notibras.com\/site\/israel-reage-a-morteiros-e-despeja-chuva-de-misseis-em-gaza\/#primaryimage\"},\"image\":{\"@id\":\"https:\/\/www.notibras.com\/site\/israel-reage-a-morteiros-e-despeja-chuva-de-misseis-em-gaza\/#primaryimage\"},\"thumbnailUrl\":\"https:\/\/www.notibras.com\/site\/wp-content\/uploads\/2018\/05\/israel.gaza_.jpg\",\"datePublished\":\"2018-05-29T14:00:19+00:00\",\"breadcrumb\":{\"@id\":\"https:\/\/www.notibras.com\/site\/israel-reage-a-morteiros-e-despeja-chuva-de-misseis-em-gaza\/#breadcrumb\"},\"inLanguage\":\"pt-BR\",\"potentialAction\":[{\"@type\":\"ReadAction\",\"target\":[\"https:\/\/www.notibras.com\/site\/israel-reage-a-morteiros-e-despeja-chuva-de-misseis-em-gaza\/\"]}]},{\"@type\":\"ImageObject\",\"inLanguage\":\"pt-BR\",\"@id\":\"https:\/\/www.notibras.com\/site\/israel-reage-a-morteiros-e-despeja-chuva-de-misseis-em-gaza\/#primaryimage\",\"url\":\"https:\/\/www.notibras.com\/site\/wp-content\/uploads\/2018\/05\/israel.gaza_.jpg\",\"contentUrl\":\"https:\/\/www.notibras.com\/site\/wp-content\/uploads\/2018\/05\/israel.gaza_.jpg\",\"width\":1000,\"height\":541,\"caption\":\"Foto\/Sputniknews\"},{\"@type\":\"BreadcrumbList\",\"@id\":\"https:\/\/www.notibras.com\/site\/israel-reage-a-morteiros-e-despeja-chuva-de-misseis-em-gaza\/#breadcrumb\",\"itemListElement\":[{\"@type\":\"ListItem\",\"position\":1,\"name\":\"In\u00edcio\",\"item\":\"https:\/\/www.notibras.com\/site\/\"},{\"@type\":\"ListItem\",\"position\":2,\"name\":\"Israel reage a morteiros e despeja chuva de m\u00edsseis em Gaza\"}]},{\"@type\":\"WebSite\",\"@id\":\"https:\/\/www.notibras.com\/site\/#website\",\"url\":\"https:\/\/www.notibras.com\/site\/\",\"name\":\"Notibras\",\"description\":\"Not\u00edcias de Bras\u00edlia, do Brasil e do Mundo\",\"publisher\":{\"@id\":\"https:\/\/www.notibras.com\/site\/#organization\"},\"potentialAction\":[{\"@type\":\"SearchAction\",\"target\":{\"@type\":\"EntryPoint\",\"urlTemplate\":\"https:\/\/www.notibras.com\/site\/?s={search_term_string}\"},\"query-input\":{\"@type\":\"PropertyValueSpecification\",\"valueRequired\":true,\"valueName\":\"search_term_string\"}}],\"inLanguage\":\"pt-BR\"},{\"@type\":\"Organization\",\"@id\":\"https:\/\/www.notibras.com\/site\/#organization\",\"name\":\"Grupo Notibras de Comunica\u00e7\u00e3o\",\"url\":\"https:\/\/www.notibras.com\/site\/\",\"logo\":{\"@type\":\"ImageObject\",\"inLanguage\":\"pt-BR\",\"@id\":\"https:\/\/www.notibras.com\/site\/#\/schema\/logo\/image\/\",\"url\":\"https:\/\/www.notibras.com\/site\/wp-content\/uploads\/2023\/01\/notibras23.png\",\"contentUrl\":\"https:\/\/www.notibras.com\/site\/wp-content\/uploads\/2023\/01\/notibras23.png\",\"width\":350,\"height\":87,\"caption\":\"Grupo Notibras de Comunica\u00e7\u00e3o\"},\"image\":{\"@id\":\"https:\/\/www.notibras.com\/site\/#\/schema\/logo\/image\/\"},\"sameAs\":[\"https:\/\/www.facebook.com\/notibras\/\",\"https:\/\/x.com\/Notibras\",\"https:\/\/www.instagram.com\/notibras\/\"]},{\"@type\":\"Person\",\"@id\":\"https:\/\/www.notibras.com\/site\/#\/schema\/person\/36ab0979449956132d3e5b517ea76ac8\",\"name\":\"Reda\u00e7\u00e3o\",\"image\":{\"@type\":\"ImageObject\",\"inLanguage\":\"pt-BR\",\"@id\":\"https:\/\/secure.gravatar.com\/avatar\/e0a867bdedb85fd243eadf09663511f96fc81e0720a4a42581f334ad4303aa6b?s=96&d=mm&r=g\",\"url\":\"https:\/\/secure.gravatar.com\/avatar\/e0a867bdedb85fd243eadf09663511f96fc81e0720a4a42581f334ad4303aa6b?s=96&d=mm&r=g\",\"contentUrl\":\"https:\/\/secure.gravatar.com\/avatar\/e0a867bdedb85fd243eadf09663511f96fc81e0720a4a42581f334ad4303aa6b?s=96&d=mm&r=g\",\"caption\":\"Reda\u00e7\u00e3o\"}}]}<\/script>\n<!-- \/ Yoast SEO plugin. -->","yoast_head_json":{"title":"Israel reage a morteiros e despeja chuva de m\u00edsseis em Gaza - Notibras","robots":{"index":"index","follow":"follow","max-snippet":"max-snippet:-1","max-image-preview":"max-image-preview:large","max-video-preview":"max-video-preview:-1"},"canonical":"https:\/\/www.notibras.com\/site\/israel-reage-a-morteiros-e-despeja-chuva-de-misseis-em-gaza\/","og_locale":"pt_BR","og_type":"article","og_title":"Israel reage a morteiros e despeja chuva de m\u00edsseis em Gaza - Notibras","og_description":"Jatos israelenses bombardearam a Faixa de Gaza durante horas, ap\u00f3s militantes do territ\u00f3rio dispararem nesta ter\u00e7a-feira 25 morteiros em comunidades no sul israelense, no que parece ter sido a maior a\u00e7\u00e3o do tipo desde a guerra entre o Hamas e Israel, em 2014. As For\u00e7as Armadas israelenses disseram que ningu\u00e9m se feriu por causa dos [&hellip;]","og_url":"https:\/\/www.notibras.com\/site\/israel-reage-a-morteiros-e-despeja-chuva-de-misseis-em-gaza\/","og_site_name":"Notibras","article_publisher":"https:\/\/www.facebook.com\/notibras\/","article_published_time":"2018-05-29T14:00:19+00:00","og_image":[{"width":1000,"height":541,"url":"https:\/\/www.notibras.com\/site\/wp-content\/uploads\/2018\/05\/israel.gaza_.jpg","type":"image\/jpeg"}],"author":"Reda\u00e7\u00e3o","twitter_card":"summary_large_image","twitter_creator":"@Notibras","twitter_site":"@Notibras","twitter_misc":{"Escrito por":"Reda\u00e7\u00e3o","Est. tempo de leitura":"1 minuto"},"schema":{"@context":"https:\/\/schema.org","@graph":[{"@type":"Article","@id":"https:\/\/www.notibras.com\/site\/israel-reage-a-morteiros-e-despeja-chuva-de-misseis-em-gaza\/#article","isPartOf":{"@id":"https:\/\/www.notibras.com\/site\/israel-reage-a-morteiros-e-despeja-chuva-de-misseis-em-gaza\/"},"author":{"name":"Reda\u00e7\u00e3o","@id":"https:\/\/www.notibras.com\/site\/#\/schema\/person\/36ab0979449956132d3e5b517ea76ac8"},"headline":"Israel reage a morteiros e despeja chuva de m\u00edsseis em Gaza","datePublished":"2018-05-29T14:00:19+00:00","mainEntityOfPage":{"@id":"https:\/\/www.notibras.com\/site\/israel-reage-a-morteiros-e-despeja-chuva-de-misseis-em-gaza\/"},"wordCount":278,"publisher":{"@id":"https:\/\/www.notibras.com\/site\/#organization"},"image":{"@id":"https:\/\/www.notibras.com\/site\/israel-reage-a-morteiros-e-despeja-chuva-de-misseis-em-gaza\/#primaryimage"},"thumbnailUrl":"https:\/\/www.notibras.com\/site\/wp-content\/uploads\/2018\/05\/israel.gaza_.jpg","articleSection":["Mundo"],"inLanguage":"pt-BR"},{"@type":"WebPage","@id":"https:\/\/www.notibras.com\/site\/israel-reage-a-morteiros-e-despeja-chuva-de-misseis-em-gaza\/","url":"https:\/\/www.notibras.com\/site\/israel-reage-a-morteiros-e-despeja-chuva-de-misseis-em-gaza\/","name":"Israel reage a morteiros e despeja chuva de m\u00edsseis em Gaza - Notibras","isPartOf":{"@id":"https:\/\/www.notibras.com\/site\/#website"},"primaryImageOfPage":{"@id":"https:\/\/www.notibras.com\/site\/israel-reage-a-morteiros-e-despeja-chuva-de-misseis-em-gaza\/#primaryimage"},"image":{"@id":"https:\/\/www.notibras.com\/site\/israel-reage-a-morteiros-e-despeja-chuva-de-misseis-em-gaza\/#primaryimage"},"thumbnailUrl":"https:\/\/www.notibras.com\/site\/wp-content\/uploads\/2018\/05\/israel.gaza_.jpg","datePublished":"2018-05-29T14:00:19+00:00","breadcrumb":{"@id":"https:\/\/www.notibras.com\/site\/israel-reage-a-morteiros-e-despeja-chuva-de-misseis-em-gaza\/#breadcrumb"},"inLanguage":"pt-BR","potentialAction":[{"@type":"ReadAction","target":["https:\/\/www.notibras.com\/site\/israel-reage-a-morteiros-e-despeja-chuva-de-misseis-em-gaza\/"]}]},{"@type":"ImageObject","inLanguage":"pt-BR","@id":"https:\/\/www.notibras.com\/site\/israel-reage-a-morteiros-e-despeja-chuva-de-misseis-em-gaza\/#primaryimage","url":"https:\/\/www.notibras.com\/site\/wp-content\/uploads\/2018\/05\/israel.gaza_.jpg","contentUrl":"https:\/\/www.notibras.com\/site\/wp-content\/uploads\/2018\/05\/israel.gaza_.jpg","width":1000,"height":541,"caption":"Foto\/Sputniknews"},{"@type":"BreadcrumbList","@id":"https:\/\/www.notibras.com\/site\/israel-reage-a-morteiros-e-despeja-chuva-de-misseis-em-gaza\/#breadcrumb","itemListElement":[{"@type":"ListItem","position":1,"name":"In\u00edcio","item":"https:\/\/www.notibras.com\/site\/"},{"@type":"ListItem","position":2,"name":"Israel reage a morteiros e despeja chuva de m\u00edsseis em Gaza"}]},{"@type":"WebSite","@id":"https:\/\/www.notibras.com\/site\/#website","url":"https:\/\/www.notibras.com\/site\/","name":"Notibras","description":"Not\u00edcias de Bras\u00edlia, do Brasil e do Mundo","publisher":{"@id":"https:\/\/www.notibras.com\/site\/#organization"},"potentialAction":[{"@type":"SearchAction","target":{"@type":"EntryPoint","urlTemplate":"https:\/\/www.notibras.com\/site\/?s={search_term_string}"},"query-input":{"@type":"PropertyValueSpecification","valueRequired":true,"valueName":"search_term_string"}}],"inLanguage":"pt-BR"},{"@type":"Organization","@id":"https:\/\/www.notibras.com\/site\/#organization","name":"Grupo Notibras de Comunica\u00e7\u00e3o","url":"https:\/\/www.notibras.com\/site\/","logo":{"@type":"ImageObject","inLanguage":"pt-BR","@id":"https:\/\/www.notibras.com\/site\/#\/schema\/logo\/image\/","url":"https:\/\/www.notibras.com\/site\/wp-content\/uploads\/2023\/01\/notibras23.png","contentUrl":"https:\/\/www.notibras.com\/site\/wp-content\/uploads\/2023\/01\/notibras23.png","width":350,"height":87,"caption":"Grupo Notibras de Comunica\u00e7\u00e3o"},"image":{"@id":"https:\/\/www.notibras.com\/site\/#\/schema\/logo\/image\/"},"sameAs":["https:\/\/www.facebook.com\/notibras\/","https:\/\/x.com\/Notibras","https:\/\/www.instagram.com\/notibras\/"]},{"@type":"Person","@id":"https:\/\/www.notibras.com\/site\/#\/schema\/person\/36ab0979449956132d3e5b517ea76ac8","name":"Reda\u00e7\u00e3o","image":{"@type":"ImageObject","inLanguage":"pt-BR","@id":"https:\/\/secure.gravatar.com\/avatar\/e0a867bdedb85fd243eadf09663511f96fc81e0720a4a42581f334ad4303aa6b?s=96&d=mm&r=g","url":"https:\/\/secure.gravatar.com\/avatar\/e0a867bdedb85fd243eadf09663511f96fc81e0720a4a42581f334ad4303aa6b?s=96&d=mm&r=g","contentUrl":"https:\/\/secure.gravatar.com\/avatar\/e0a867bdedb85fd243eadf09663511f96fc81e0720a4a42581f334ad4303aa6b?s=96&d=mm&r=g","caption":"Reda\u00e7\u00e3o"}}]}},"amp_enabled":true,"_links":{"self":[{"href":"https:\/\/www.notibras.com\/site\/wp-json\/wp\/v2\/posts\/180782","targetHints":{"allow":["GET"]}}],"collection":[{"href":"https:\/\/www.notibras.com\/site\/wp-json\/wp\/v2\/posts"}],"about":[{"href":"https:\/\/www.notibras.com\/site\/wp-json\/wp\/v2\/types\/post"}],"author":[{"embeddable":true,"href":"https:\/\/www.notibras.com\/site\/wp-json\/wp\/v2\/users\/2"}],"replies":[{"embeddable":true,"href":"https:\/\/www.notibras.com\/site\/wp-json\/wp\/v2\/comments?post=180782"}],"version-history":[{"count":1,"href":"https:\/\/www.notibras.com\/site\/wp-json\/wp\/v2\/posts\/180782\/revisions"}],"predecessor-version":[{"id":180784,"href":"https:\/\/www.notibras.com\/site\/wp-json\/wp\/v2\/posts\/180782\/revisions\/180784"}],"wp:featuredmedia":[{"embeddable":true,"href":"https:\/\/www.notibras.com\/site\/wp-json\/wp\/v2\/media\/180783"}],"wp:attachment":[{"href":"https:\/\/www.notibras.com\/site\/wp-json\/wp\/v2\/media?parent=180782"}],"wp:term":[{"taxonomy":"category","embeddable":true,"href":"https:\/\/www.notibras.com\/site\/wp-json\/wp\/v2\/categories?post=180782"},{"taxonomy":"post_tag","embeddable":true,"href":"https:\/\/www.notibras.com\/site\/wp-json\/wp\/v2\/tags?post=180782"}],"curies":[{"name":"wp","href":"https:\/\/api.w.org\/{rel}","templated":true}]}}