{"id":180797,"date":"2018-05-29T17:35:29","date_gmt":"2018-05-29T20:35:29","guid":{"rendered":"https:\/\/www.notibras.com\/site\/?p=180797"},"modified":"2018-05-29T17:36:07","modified_gmt":"2018-05-29T20:36:07","slug":"italia-pode-voltar-as-urnas-quatro-meses-depois-da-ultima-eleicao","status":"publish","type":"post","link":"https:\/\/www.notibras.com\/site\/italia-pode-voltar-as-urnas-quatro-meses-depois-da-ultima-eleicao\/","title":{"rendered":"It\u00e1lia pode voltar \u00e0s urnas quatro meses depois da \u00faltima elei\u00e7\u00e3o"},"content":{"rendered":"<p>A It\u00e1lia pode repetir as elei\u00e7\u00f5es em julho, depois que o indicado para primeiro-ministro n\u00e3o conseguiu apoio dos principais partidos pol\u00edticos para o governo, disseram fontes nesta ter\u00e7a-feira, quando os mercados ca\u00edram com a crescente turbul\u00eancia pol\u00edtica.<\/p>\n<p>A It\u00e1lia tem buscado a forma\u00e7\u00e3o de um novo governo desde as elei\u00e7\u00f5es inconclusivas de mar\u00e7o, e o presidente finalmente designou o ex-representante do Fundo Monet\u00e1rio Internacional Carlo Cottarelli como primeiro-ministro interino at\u00e9 que uma nova vota\u00e7\u00e3o seja realizada entre setembro e o in\u00edcio de 2019.<\/p>\n<p>Mas fontes pr\u00f3ximas a alguns dos principais partidos da It\u00e1lia disseram que agora h\u00e1 uma chance de o presidente Sergio Mattarella dissolver o Parlamento nos pr\u00f3ximos dias e mandar os italianos de volta \u00e0s urnas j\u00e1 em 29 de julho.<\/p>\n<p>Essa perspectiva surgiu imediatamente depois que Cottarelli encontrou o presidente, na tarde desta ter\u00e7a-feira, e saiu sem fazer qualquer declara\u00e7\u00e3o. Era esperado que Cottarelli anunciasse o gabinete de seu governo ap\u00f3s essas conversa\u00e7\u00f5es.<\/p>\n<p>Uma fonte pr\u00f3xima ao presidente disse que, na reuni\u00e3o, Cottarelli n\u00e3o mencionou a inten\u00e7\u00e3o de desistir de seu mandato e que ele estava simplesmente finalizando a forma\u00e7\u00e3o do seu gabinete.<\/p>\n<p>Os principais partidos, no entanto, sentiram que a miss\u00e3o de Cottarelli estava praticamente morta e pediram que o Parlamento fosse dissolvido imediatamente.<\/p>\n<p>\u201cSeria melhor ir a elei\u00e7\u00f5es o mais r\u00e1pido poss\u00edvel, j\u00e1 em julho\u201d, disse Andrea Marcucci, l\u00edder do Senado pelo Partido Democrata, de centro-esquerda.<\/p>\n<p>Mais cedo, a It\u00e1lia sofreu o maior volume de vendas no mercado em anos, com receios de que a repeti\u00e7\u00e3o das elei\u00e7\u00f5es se tornaria um voto indireto sobre a ades\u00e3o ao euro.<\/p>\n<p>As a\u00e7\u00f5es italianas atingiram seu n\u00edvel mais baixo desde julho de 2017, arrastadas por uma queda nas a\u00e7\u00f5es dos bancos, muitos dos quais investiram pesadamente na d\u00edvida do governo italiano, que agora est\u00e1 caindo drasticamente em valor.<\/p>\n","protected":false},"excerpt":{"rendered":"<p>A It\u00e1lia pode repetir as elei\u00e7\u00f5es em julho, depois que o indicado para primeiro-ministro n\u00e3o conseguiu apoio dos principais partidos pol\u00edticos para o governo, disseram fontes nesta ter\u00e7a-feira, quando os mercados ca\u00edram com a crescente turbul\u00eancia pol\u00edtica. A It\u00e1lia tem buscado a forma\u00e7\u00e3o de um novo governo desde as elei\u00e7\u00f5es inconclusivas de mar\u00e7o, e o [&hellip;]<\/p>\n","protected":false},"author":1,"featured_media":180798,"comment_status":"closed","ping_status":"closed","sticky":false,"template":"","format":"standard","meta":{"_acf_changed":false,"footnotes":""},"categories":[17],"tags":[],"class_list":["post-180797","post","type-post","status-publish","format-standard","has-post-thumbnail","hentry","category-mundo"],"acf":[],"yoast_head":"<!-- This site is optimized with the Yoast SEO plugin v27.2 - https:\/\/yoast.com\/product\/yoast-seo-wordpress\/ -->\n<title>It\u00e1lia pode voltar \u00e0s urnas quatro meses depois da \u00faltima elei\u00e7\u00e3o - Notibras<\/title>\n<meta name=\"robots\" content=\"index, follow, max-snippet:-1, max-image-preview:large, max-video-preview:-1\" \/>\n<link rel=\"canonical\" href=\"https:\/\/www.notibras.com\/site\/italia-pode-voltar-as-urnas-quatro-meses-depois-da-ultima-eleicao\/\" \/>\n<meta property=\"og:locale\" content=\"pt_BR\" \/>\n<meta property=\"og:type\" content=\"article\" \/>\n<meta property=\"og:title\" content=\"It\u00e1lia pode voltar \u00e0s urnas quatro meses depois da \u00faltima elei\u00e7\u00e3o - Notibras\" \/>\n<meta property=\"og:description\" content=\"A It\u00e1lia pode repetir as elei\u00e7\u00f5es em julho, depois que o indicado para primeiro-ministro n\u00e3o conseguiu apoio dos principais partidos pol\u00edticos para o governo, disseram fontes nesta ter\u00e7a-feira, quando os mercados ca\u00edram com a crescente turbul\u00eancia pol\u00edtica. A It\u00e1lia tem buscado a forma\u00e7\u00e3o de um novo governo desde as elei\u00e7\u00f5es inconclusivas de mar\u00e7o, e o [&hellip;]\" \/>\n<meta property=\"og:url\" content=\"https:\/\/www.notibras.com\/site\/italia-pode-voltar-as-urnas-quatro-meses-depois-da-ultima-eleicao\/\" \/>\n<meta property=\"og:site_name\" content=\"Notibras\" \/>\n<meta property=\"article:publisher\" content=\"https:\/\/www.facebook.com\/notibras\/\" \/>\n<meta property=\"article:published_time\" content=\"2018-05-29T20:35:29+00:00\" \/>\n<meta property=\"article:modified_time\" content=\"2018-05-29T20:36:07+00:00\" \/>\n<meta property=\"og:image\" content=\"https:\/\/www.notibras.com\/site\/wp-content\/uploads\/2018\/05\/Sem-t\u00edtulo-6.png\" \/>\n\t<meta property=\"og:image:width\" content=\"656\" \/>\n\t<meta property=\"og:image:height\" content=\"438\" \/>\n\t<meta property=\"og:image:type\" content=\"image\/png\" \/>\n<meta name=\"author\" content=\"Reda\u00e7\u00e3o\" \/>\n<meta name=\"twitter:card\" content=\"summary_large_image\" \/>\n<meta name=\"twitter:creator\" content=\"@Notibras\" \/>\n<meta name=\"twitter:site\" content=\"@Notibras\" \/>\n<meta name=\"twitter:label1\" content=\"Escrito por\" \/>\n\t<meta name=\"twitter:data1\" content=\"Reda\u00e7\u00e3o\" \/>\n\t<meta name=\"twitter:label2\" content=\"Est. tempo de leitura\" \/>\n\t<meta name=\"twitter:data2\" content=\"2 minutos\" \/>\n<script type=\"application\/ld+json\" class=\"yoast-schema-graph\">{\"@context\":\"https:\/\/schema.org\",\"@graph\":[{\"@type\":\"Article\",\"@id\":\"https:\/\/www.notibras.com\/site\/italia-pode-voltar-as-urnas-quatro-meses-depois-da-ultima-eleicao\/#article\",\"isPartOf\":{\"@id\":\"https:\/\/www.notibras.com\/site\/italia-pode-voltar-as-urnas-quatro-meses-depois-da-ultima-eleicao\/\"},\"author\":{\"name\":\"Reda\u00e7\u00e3o\",\"@id\":\"https:\/\/www.notibras.com\/site\/#\/schema\/person\/00b8e1aa08f9ef6563e878c5159d01cf\"},\"headline\":\"It\u00e1lia pode voltar \u00e0s urnas quatro meses depois da \u00faltima elei\u00e7\u00e3o\",\"datePublished\":\"2018-05-29T20:35:29+00:00\",\"dateModified\":\"2018-05-29T20:36:07+00:00\",\"mainEntityOfPage\":{\"@id\":\"https:\/\/www.notibras.com\/site\/italia-pode-voltar-as-urnas-quatro-meses-depois-da-ultima-eleicao\/\"},\"wordCount\":350,\"publisher\":{\"@id\":\"https:\/\/www.notibras.com\/site\/#organization\"},\"image\":{\"@id\":\"https:\/\/www.notibras.com\/site\/italia-pode-voltar-as-urnas-quatro-meses-depois-da-ultima-eleicao\/#primaryimage\"},\"thumbnailUrl\":\"https:\/\/www.notibras.com\/site\/wp-content\/uploads\/2018\/05\/Sem-t\u00edtulo-6.png\",\"articleSection\":[\"Mundo\"],\"inLanguage\":\"pt-BR\"},{\"@type\":\"WebPage\",\"@id\":\"https:\/\/www.notibras.com\/site\/italia-pode-voltar-as-urnas-quatro-meses-depois-da-ultima-eleicao\/\",\"url\":\"https:\/\/www.notibras.com\/site\/italia-pode-voltar-as-urnas-quatro-meses-depois-da-ultima-eleicao\/\",\"name\":\"It\u00e1lia pode voltar \u00e0s urnas quatro meses depois da \u00faltima elei\u00e7\u00e3o - Notibras\",\"isPartOf\":{\"@id\":\"https:\/\/www.notibras.com\/site\/#website\"},\"primaryImageOfPage\":{\"@id\":\"https:\/\/www.notibras.com\/site\/italia-pode-voltar-as-urnas-quatro-meses-depois-da-ultima-eleicao\/#primaryimage\"},\"image\":{\"@id\":\"https:\/\/www.notibras.com\/site\/italia-pode-voltar-as-urnas-quatro-meses-depois-da-ultima-eleicao\/#primaryimage\"},\"thumbnailUrl\":\"https:\/\/www.notibras.com\/site\/wp-content\/uploads\/2018\/05\/Sem-t\u00edtulo-6.png\",\"datePublished\":\"2018-05-29T20:35:29+00:00\",\"dateModified\":\"2018-05-29T20:36:07+00:00\",\"breadcrumb\":{\"@id\":\"https:\/\/www.notibras.com\/site\/italia-pode-voltar-as-urnas-quatro-meses-depois-da-ultima-eleicao\/#breadcrumb\"},\"inLanguage\":\"pt-BR\",\"potentialAction\":[{\"@type\":\"ReadAction\",\"target\":[\"https:\/\/www.notibras.com\/site\/italia-pode-voltar-as-urnas-quatro-meses-depois-da-ultima-eleicao\/\"]}]},{\"@type\":\"ImageObject\",\"inLanguage\":\"pt-BR\",\"@id\":\"https:\/\/www.notibras.com\/site\/italia-pode-voltar-as-urnas-quatro-meses-depois-da-ultima-eleicao\/#primaryimage\",\"url\":\"https:\/\/www.notibras.com\/site\/wp-content\/uploads\/2018\/05\/Sem-t\u00edtulo-6.png\",\"contentUrl\":\"https:\/\/www.notibras.com\/site\/wp-content\/uploads\/2018\/05\/Sem-t\u00edtulo-6.png\",\"width\":656,\"height\":438,\"caption\":\"Carlo Cottarelli chega para reuni\u00e3o com presidente Mattarella em Roma. Foto: Divulga\u00e7\u00e3o\"},{\"@type\":\"BreadcrumbList\",\"@id\":\"https:\/\/www.notibras.com\/site\/italia-pode-voltar-as-urnas-quatro-meses-depois-da-ultima-eleicao\/#breadcrumb\",\"itemListElement\":[{\"@type\":\"ListItem\",\"position\":1,\"name\":\"In\u00edcio\",\"item\":\"https:\/\/www.notibras.com\/site\/\"},{\"@type\":\"ListItem\",\"position\":2,\"name\":\"It\u00e1lia pode voltar \u00e0s urnas quatro meses depois da \u00faltima elei\u00e7\u00e3o\"}]},{\"@type\":\"WebSite\",\"@id\":\"https:\/\/www.notibras.com\/site\/#website\",\"url\":\"https:\/\/www.notibras.com\/site\/\",\"name\":\"Notibras\",\"description\":\"Not\u00edcias de Bras\u00edlia, do Brasil e do Mundo\",\"publisher\":{\"@id\":\"https:\/\/www.notibras.com\/site\/#organization\"},\"potentialAction\":[{\"@type\":\"SearchAction\",\"target\":{\"@type\":\"EntryPoint\",\"urlTemplate\":\"https:\/\/www.notibras.com\/site\/?s={search_term_string}\"},\"query-input\":{\"@type\":\"PropertyValueSpecification\",\"valueRequired\":true,\"valueName\":\"search_term_string\"}}],\"inLanguage\":\"pt-BR\"},{\"@type\":\"Organization\",\"@id\":\"https:\/\/www.notibras.com\/site\/#organization\",\"name\":\"Grupo Notibras de Comunica\u00e7\u00e3o\",\"url\":\"https:\/\/www.notibras.com\/site\/\",\"logo\":{\"@type\":\"ImageObject\",\"inLanguage\":\"pt-BR\",\"@id\":\"https:\/\/www.notibras.com\/site\/#\/schema\/logo\/image\/\",\"url\":\"https:\/\/www.notibras.com\/site\/wp-content\/uploads\/2023\/01\/notibras23.png\",\"contentUrl\":\"https:\/\/www.notibras.com\/site\/wp-content\/uploads\/2023\/01\/notibras23.png\",\"width\":350,\"height\":87,\"caption\":\"Grupo Notibras de Comunica\u00e7\u00e3o\"},\"image\":{\"@id\":\"https:\/\/www.notibras.com\/site\/#\/schema\/logo\/image\/\"},\"sameAs\":[\"https:\/\/www.facebook.com\/notibras\/\",\"https:\/\/x.com\/Notibras\",\"https:\/\/www.instagram.com\/notibras\/\"]},{\"@type\":\"Person\",\"@id\":\"https:\/\/www.notibras.com\/site\/#\/schema\/person\/00b8e1aa08f9ef6563e878c5159d01cf\",\"name\":\"Reda\u00e7\u00e3o\",\"image\":{\"@type\":\"ImageObject\",\"inLanguage\":\"pt-BR\",\"@id\":\"https:\/\/secure.gravatar.com\/avatar\/ac5a707d5b47784a5ed426c6e213e201423c750890f64e4c379114dade67dfb9?s=96&d=mm&r=g\",\"url\":\"https:\/\/secure.gravatar.com\/avatar\/ac5a707d5b47784a5ed426c6e213e201423c750890f64e4c379114dade67dfb9?s=96&d=mm&r=g\",\"contentUrl\":\"https:\/\/secure.gravatar.com\/avatar\/ac5a707d5b47784a5ed426c6e213e201423c750890f64e4c379114dade67dfb9?s=96&d=mm&r=g\",\"caption\":\"Reda\u00e7\u00e3o\"}}]}<\/script>\n<!-- \/ Yoast SEO plugin. -->","yoast_head_json":{"title":"It\u00e1lia pode voltar \u00e0s urnas quatro meses depois da \u00faltima elei\u00e7\u00e3o - Notibras","robots":{"index":"index","follow":"follow","max-snippet":"max-snippet:-1","max-image-preview":"max-image-preview:large","max-video-preview":"max-video-preview:-1"},"canonical":"https:\/\/www.notibras.com\/site\/italia-pode-voltar-as-urnas-quatro-meses-depois-da-ultima-eleicao\/","og_locale":"pt_BR","og_type":"article","og_title":"It\u00e1lia pode voltar \u00e0s urnas quatro meses depois da \u00faltima elei\u00e7\u00e3o - Notibras","og_description":"A It\u00e1lia pode repetir as elei\u00e7\u00f5es em julho, depois que o indicado para primeiro-ministro n\u00e3o conseguiu apoio dos principais partidos pol\u00edticos para o governo, disseram fontes nesta ter\u00e7a-feira, quando os mercados ca\u00edram com a crescente turbul\u00eancia pol\u00edtica. A It\u00e1lia tem buscado a forma\u00e7\u00e3o de um novo governo desde as elei\u00e7\u00f5es inconclusivas de mar\u00e7o, e o [&hellip;]","og_url":"https:\/\/www.notibras.com\/site\/italia-pode-voltar-as-urnas-quatro-meses-depois-da-ultima-eleicao\/","og_site_name":"Notibras","article_publisher":"https:\/\/www.facebook.com\/notibras\/","article_published_time":"2018-05-29T20:35:29+00:00","article_modified_time":"2018-05-29T20:36:07+00:00","og_image":[{"width":656,"height":438,"url":"https:\/\/www.notibras.com\/site\/wp-content\/uploads\/2018\/05\/Sem-t\u00edtulo-6.png","type":"image\/png"}],"author":"Reda\u00e7\u00e3o","twitter_card":"summary_large_image","twitter_creator":"@Notibras","twitter_site":"@Notibras","twitter_misc":{"Escrito por":"Reda\u00e7\u00e3o","Est. tempo de leitura":"2 minutos"},"schema":{"@context":"https:\/\/schema.org","@graph":[{"@type":"Article","@id":"https:\/\/www.notibras.com\/site\/italia-pode-voltar-as-urnas-quatro-meses-depois-da-ultima-eleicao\/#article","isPartOf":{"@id":"https:\/\/www.notibras.com\/site\/italia-pode-voltar-as-urnas-quatro-meses-depois-da-ultima-eleicao\/"},"author":{"name":"Reda\u00e7\u00e3o","@id":"https:\/\/www.notibras.com\/site\/#\/schema\/person\/00b8e1aa08f9ef6563e878c5159d01cf"},"headline":"It\u00e1lia pode voltar \u00e0s urnas quatro meses depois da \u00faltima elei\u00e7\u00e3o","datePublished":"2018-05-29T20:35:29+00:00","dateModified":"2018-05-29T20:36:07+00:00","mainEntityOfPage":{"@id":"https:\/\/www.notibras.com\/site\/italia-pode-voltar-as-urnas-quatro-meses-depois-da-ultima-eleicao\/"},"wordCount":350,"publisher":{"@id":"https:\/\/www.notibras.com\/site\/#organization"},"image":{"@id":"https:\/\/www.notibras.com\/site\/italia-pode-voltar-as-urnas-quatro-meses-depois-da-ultima-eleicao\/#primaryimage"},"thumbnailUrl":"https:\/\/www.notibras.com\/site\/wp-content\/uploads\/2018\/05\/Sem-t\u00edtulo-6.png","articleSection":["Mundo"],"inLanguage":"pt-BR"},{"@type":"WebPage","@id":"https:\/\/www.notibras.com\/site\/italia-pode-voltar-as-urnas-quatro-meses-depois-da-ultima-eleicao\/","url":"https:\/\/www.notibras.com\/site\/italia-pode-voltar-as-urnas-quatro-meses-depois-da-ultima-eleicao\/","name":"It\u00e1lia pode voltar \u00e0s urnas quatro meses depois da \u00faltima elei\u00e7\u00e3o - Notibras","isPartOf":{"@id":"https:\/\/www.notibras.com\/site\/#website"},"primaryImageOfPage":{"@id":"https:\/\/www.notibras.com\/site\/italia-pode-voltar-as-urnas-quatro-meses-depois-da-ultima-eleicao\/#primaryimage"},"image":{"@id":"https:\/\/www.notibras.com\/site\/italia-pode-voltar-as-urnas-quatro-meses-depois-da-ultima-eleicao\/#primaryimage"},"thumbnailUrl":"https:\/\/www.notibras.com\/site\/wp-content\/uploads\/2018\/05\/Sem-t\u00edtulo-6.png","datePublished":"2018-05-29T20:35:29+00:00","dateModified":"2018-05-29T20:36:07+00:00","breadcrumb":{"@id":"https:\/\/www.notibras.com\/site\/italia-pode-voltar-as-urnas-quatro-meses-depois-da-ultima-eleicao\/#breadcrumb"},"inLanguage":"pt-BR","potentialAction":[{"@type":"ReadAction","target":["https:\/\/www.notibras.com\/site\/italia-pode-voltar-as-urnas-quatro-meses-depois-da-ultima-eleicao\/"]}]},{"@type":"ImageObject","inLanguage":"pt-BR","@id":"https:\/\/www.notibras.com\/site\/italia-pode-voltar-as-urnas-quatro-meses-depois-da-ultima-eleicao\/#primaryimage","url":"https:\/\/www.notibras.com\/site\/wp-content\/uploads\/2018\/05\/Sem-t\u00edtulo-6.png","contentUrl":"https:\/\/www.notibras.com\/site\/wp-content\/uploads\/2018\/05\/Sem-t\u00edtulo-6.png","width":656,"height":438,"caption":"Carlo Cottarelli chega para reuni\u00e3o com presidente Mattarella em Roma. Foto: Divulga\u00e7\u00e3o"},{"@type":"BreadcrumbList","@id":"https:\/\/www.notibras.com\/site\/italia-pode-voltar-as-urnas-quatro-meses-depois-da-ultima-eleicao\/#breadcrumb","itemListElement":[{"@type":"ListItem","position":1,"name":"In\u00edcio","item":"https:\/\/www.notibras.com\/site\/"},{"@type":"ListItem","position":2,"name":"It\u00e1lia pode voltar \u00e0s urnas quatro meses depois da \u00faltima elei\u00e7\u00e3o"}]},{"@type":"WebSite","@id":"https:\/\/www.notibras.com\/site\/#website","url":"https:\/\/www.notibras.com\/site\/","name":"Notibras","description":"Not\u00edcias de Bras\u00edlia, do Brasil e do Mundo","publisher":{"@id":"https:\/\/www.notibras.com\/site\/#organization"},"potentialAction":[{"@type":"SearchAction","target":{"@type":"EntryPoint","urlTemplate":"https:\/\/www.notibras.com\/site\/?s={search_term_string}"},"query-input":{"@type":"PropertyValueSpecification","valueRequired":true,"valueName":"search_term_string"}}],"inLanguage":"pt-BR"},{"@type":"Organization","@id":"https:\/\/www.notibras.com\/site\/#organization","name":"Grupo Notibras de Comunica\u00e7\u00e3o","url":"https:\/\/www.notibras.com\/site\/","logo":{"@type":"ImageObject","inLanguage":"pt-BR","@id":"https:\/\/www.notibras.com\/site\/#\/schema\/logo\/image\/","url":"https:\/\/www.notibras.com\/site\/wp-content\/uploads\/2023\/01\/notibras23.png","contentUrl":"https:\/\/www.notibras.com\/site\/wp-content\/uploads\/2023\/01\/notibras23.png","width":350,"height":87,"caption":"Grupo Notibras de Comunica\u00e7\u00e3o"},"image":{"@id":"https:\/\/www.notibras.com\/site\/#\/schema\/logo\/image\/"},"sameAs":["https:\/\/www.facebook.com\/notibras\/","https:\/\/x.com\/Notibras","https:\/\/www.instagram.com\/notibras\/"]},{"@type":"Person","@id":"https:\/\/www.notibras.com\/site\/#\/schema\/person\/00b8e1aa08f9ef6563e878c5159d01cf","name":"Reda\u00e7\u00e3o","image":{"@type":"ImageObject","inLanguage":"pt-BR","@id":"https:\/\/secure.gravatar.com\/avatar\/ac5a707d5b47784a5ed426c6e213e201423c750890f64e4c379114dade67dfb9?s=96&d=mm&r=g","url":"https:\/\/secure.gravatar.com\/avatar\/ac5a707d5b47784a5ed426c6e213e201423c750890f64e4c379114dade67dfb9?s=96&d=mm&r=g","contentUrl":"https:\/\/secure.gravatar.com\/avatar\/ac5a707d5b47784a5ed426c6e213e201423c750890f64e4c379114dade67dfb9?s=96&d=mm&r=g","caption":"Reda\u00e7\u00e3o"}}]}},"amp_enabled":true,"_links":{"self":[{"href":"https:\/\/www.notibras.com\/site\/wp-json\/wp\/v2\/posts\/180797","targetHints":{"allow":["GET"]}}],"collection":[{"href":"https:\/\/www.notibras.com\/site\/wp-json\/wp\/v2\/posts"}],"about":[{"href":"https:\/\/www.notibras.com\/site\/wp-json\/wp\/v2\/types\/post"}],"author":[{"embeddable":true,"href":"https:\/\/www.notibras.com\/site\/wp-json\/wp\/v2\/users\/1"}],"replies":[{"embeddable":true,"href":"https:\/\/www.notibras.com\/site\/wp-json\/wp\/v2\/comments?post=180797"}],"version-history":[{"count":2,"href":"https:\/\/www.notibras.com\/site\/wp-json\/wp\/v2\/posts\/180797\/revisions"}],"predecessor-version":[{"id":180800,"href":"https:\/\/www.notibras.com\/site\/wp-json\/wp\/v2\/posts\/180797\/revisions\/180800"}],"wp:featuredmedia":[{"embeddable":true,"href":"https:\/\/www.notibras.com\/site\/wp-json\/wp\/v2\/media\/180798"}],"wp:attachment":[{"href":"https:\/\/www.notibras.com\/site\/wp-json\/wp\/v2\/media?parent=180797"}],"wp:term":[{"taxonomy":"category","embeddable":true,"href":"https:\/\/www.notibras.com\/site\/wp-json\/wp\/v2\/categories?post=180797"},{"taxonomy":"post_tag","embeddable":true,"href":"https:\/\/www.notibras.com\/site\/wp-json\/wp\/v2\/tags?post=180797"}],"curies":[{"name":"wp","href":"https:\/\/api.w.org\/{rel}","templated":true}]}}