{"id":180817,"date":"2018-05-29T21:06:15","date_gmt":"2018-05-30T00:06:15","guid":{"rendered":"https:\/\/www.notibras.com\/site\/?p=180817"},"modified":"2018-05-29T21:06:15","modified_gmt":"2018-05-30T00:06:15","slug":"heroi-malines-obtem-visto-de-residencia-na-franca","status":"publish","type":"post","link":"https:\/\/www.notibras.com\/site\/heroi-malines-obtem-visto-de-residencia-na-franca\/","title":{"rendered":"Her\u00f3i malin\u00eas obt\u00e9m visto de resid\u00eancia na Fran\u00e7a"},"content":{"rendered":"<p>O jovem imigrante ilegal do Mali que ganhou fama ao escalar um pr\u00e9dio para salvar uma crian\u00e7a em Paris recebeu nesta ter\u00e7a-feira, 29, um visto de resid\u00eancia, o primeiro passo antes de obter a nacionalidade francesa prometida pelo presidente Emmanuel Macron.<\/p>\n<p>Depois de receber a permiss\u00e3o das m\u00e3os do prefeito do Departamento de Seine Saint-Denis, na periferia norte de Paris, Mamoudou Gassama, de 22 anos, assinou um contrato de 10 meses para realizar um servi\u00e7o c\u00edvico no Corpo de Bombeiros de Paris, pelo qual receber\u00e1 \u20ac 600 por m\u00eas.<\/p>\n<p>Gassama deixou a prefeitura Bobigny, onde apresentou o seu pedido de regulariza\u00e7\u00e3o, a bordo de um carro dos bombeiros, indicou Pierre-Andr\u00e9 Durand, prefeito de Seine Saint-Denis.<\/p>\n<p>&#8220;Estava animado, \u00e9 normal&#8221;, comentou o prefeito, que voltou a elogiar o gesto do jovem imigrante ilegal recebido na segunda-feira por Emmanuel Macron.<\/p>\n<p>&#8220;Como pode algu\u00e9m n\u00e3o ter se impressionado com o que ele fez?&#8221;, questionou o prefeito. &#8220;Ele ajudou algu\u00e9m em perigo, algo que n\u00e3o \u00e9 muito comum em nossa sociedade&#8221;, considerou.<\/p>\n<p>Mamoudou Gassama, que chegou \u00e0 Fran\u00e7a em setembro, dever\u00e1 receber dentro de um m\u00eas um visto de resid\u00eancia de 10 anos para depois ser naturalizado franc\u00eas, num prazo de tr\u00eas meses.<\/p>\n<p>O jovem malin\u00eas foi saudado como um &#8220;her\u00f3i&#8221; na Fran\u00e7a depois da divulga\u00e7\u00e3o de um v\u00eddeo, visto por milh\u00f5es de pessoas, mostrando como ele escalou sem pensar quatro andares de um edif\u00edcio em Paris depois de ver uma crian\u00e7a em perigo, pendurada na sacada.<\/p>\n<p>Seu ato de bravura lhe rendeu um encontro com Macron, que prop\u00f4s naturaliz\u00e1-lo franc\u00eas. A fam\u00edlia da crian\u00e7a salva agradeceu Mamoudou Gassama nesta ter\u00e7a-feira.<\/p>\n<p>A av\u00f3 paterna, que assim como a m\u00e3e da crian\u00e7a vive na Ilha da Reuni\u00e3o, declarou \u00e0 r\u00e1dio RMC que &#8220;ficou muito emocionada&#8221; com as imagens do resgate. &#8220;\u00c9 realmente um her\u00f3i (&#8230;) Ele n\u00e3o ficou olhando e esperando, salvou meu pequeno&#8221;, afirmou.<\/p>\n<p>O pai do menino, que morava sozinho com ele em Paris, o deixou sozinho em casa para fazer compras, segundo os investigadores franceses. A pol\u00edcia o prendeu na segunda-feira por n\u00e3o cumprir com suas obriga\u00e7\u00f5es parentais.<\/p>\n<p>O Minist\u00e9rio P\u00fablico de Paris indicou que o homem admitiu sua culpa e expressou &#8220;profundo arrependimento&#8221;. Dado o interesse despertado pelo ato do jovem, associa\u00e7\u00f5es de apoio aos imigrantes denunciaram a &#8220;hipocrisia&#8221; e o &#8220;uso pol\u00edtico descarado&#8221; deste evento.<\/p>\n<p>Segundo o governo, h\u00e1 cerca de 300 mil imigrantes sem documentos no pa\u00eds, o que seria muito mais, segundo as associa\u00e7\u00f5es. Em 2017, 30 mil foram regularizados.<\/p>\n","protected":false},"excerpt":{"rendered":"<p>O jovem imigrante ilegal do Mali que ganhou fama ao escalar um pr\u00e9dio para salvar uma crian\u00e7a em Paris recebeu nesta ter\u00e7a-feira, 29, um visto de resid\u00eancia, o primeiro passo antes de obter a nacionalidade francesa prometida pelo presidente Emmanuel Macron. Depois de receber a permiss\u00e3o das m\u00e3os do prefeito do Departamento de Seine Saint-Denis, [&hellip;]<\/p>\n","protected":false},"author":1,"featured_media":180821,"comment_status":"closed","ping_status":"closed","sticky":false,"template":"","format":"standard","meta":{"_acf_changed":false,"footnotes":""},"categories":[17],"tags":[],"class_list":["post-180817","post","type-post","status-publish","format-standard","has-post-thumbnail","hentry","category-mundo"],"acf":[],"yoast_head":"<!-- This site is optimized with the Yoast SEO plugin v27.2 - https:\/\/yoast.com\/product\/yoast-seo-wordpress\/ -->\n<title>Her\u00f3i malin\u00eas obt\u00e9m visto de resid\u00eancia na Fran\u00e7a - Notibras<\/title>\n<meta name=\"robots\" content=\"index, follow, max-snippet:-1, max-image-preview:large, max-video-preview:-1\" \/>\n<link rel=\"canonical\" href=\"https:\/\/www.notibras.com\/site\/heroi-malines-obtem-visto-de-residencia-na-franca\/\" \/>\n<meta property=\"og:locale\" content=\"pt_BR\" \/>\n<meta property=\"og:type\" content=\"article\" \/>\n<meta property=\"og:title\" content=\"Her\u00f3i malin\u00eas obt\u00e9m visto de resid\u00eancia na Fran\u00e7a - Notibras\" \/>\n<meta property=\"og:description\" content=\"O jovem imigrante ilegal do Mali que ganhou fama ao escalar um pr\u00e9dio para salvar uma crian\u00e7a em Paris recebeu nesta ter\u00e7a-feira, 29, um visto de resid\u00eancia, o primeiro passo antes de obter a nacionalidade francesa prometida pelo presidente Emmanuel Macron. Depois de receber a permiss\u00e3o das m\u00e3os do prefeito do Departamento de Seine Saint-Denis, [&hellip;]\" \/>\n<meta property=\"og:url\" content=\"https:\/\/www.notibras.com\/site\/heroi-malines-obtem-visto-de-residencia-na-franca\/\" \/>\n<meta property=\"og:site_name\" content=\"Notibras\" \/>\n<meta property=\"article:publisher\" content=\"https:\/\/www.facebook.com\/notibras\/\" \/>\n<meta property=\"article:published_time\" content=\"2018-05-30T00:06:15+00:00\" \/>\n<meta property=\"og:image\" content=\"https:\/\/www.notibras.com\/site\/wp-content\/uploads\/2018\/05\/1527523548500.jpg\" \/>\n\t<meta property=\"og:image:width\" content=\"932\" \/>\n\t<meta property=\"og:image:height\" content=\"621\" \/>\n\t<meta property=\"og:image:type\" content=\"image\/jpeg\" \/>\n<meta name=\"author\" content=\"Reda\u00e7\u00e3o\" \/>\n<meta name=\"twitter:card\" content=\"summary_large_image\" \/>\n<meta name=\"twitter:creator\" content=\"@Notibras\" \/>\n<meta name=\"twitter:site\" content=\"@Notibras\" \/>\n<meta name=\"twitter:label1\" content=\"Escrito por\" \/>\n\t<meta name=\"twitter:data1\" content=\"Reda\u00e7\u00e3o\" \/>\n\t<meta name=\"twitter:label2\" content=\"Est. tempo de leitura\" \/>\n\t<meta name=\"twitter:data2\" content=\"2 minutos\" \/>\n<script type=\"application\/ld+json\" class=\"yoast-schema-graph\">{\"@context\":\"https:\/\/schema.org\",\"@graph\":[{\"@type\":\"Article\",\"@id\":\"https:\/\/www.notibras.com\/site\/heroi-malines-obtem-visto-de-residencia-na-franca\/#article\",\"isPartOf\":{\"@id\":\"https:\/\/www.notibras.com\/site\/heroi-malines-obtem-visto-de-residencia-na-franca\/\"},\"author\":{\"name\":\"Reda\u00e7\u00e3o\",\"@id\":\"https:\/\/www.notibras.com\/site\/#\/schema\/person\/00b8e1aa08f9ef6563e878c5159d01cf\"},\"headline\":\"Her\u00f3i malin\u00eas obt\u00e9m visto de resid\u00eancia na Fran\u00e7a\",\"datePublished\":\"2018-05-30T00:06:15+00:00\",\"mainEntityOfPage\":{\"@id\":\"https:\/\/www.notibras.com\/site\/heroi-malines-obtem-visto-de-residencia-na-franca\/\"},\"wordCount\":458,\"publisher\":{\"@id\":\"https:\/\/www.notibras.com\/site\/#organization\"},\"image\":{\"@id\":\"https:\/\/www.notibras.com\/site\/heroi-malines-obtem-visto-de-residencia-na-franca\/#primaryimage\"},\"thumbnailUrl\":\"https:\/\/www.notibras.com\/site\/wp-content\/uploads\/2018\/05\/1527523548500.jpg\",\"articleSection\":[\"Mundo\"],\"inLanguage\":\"pt-BR\"},{\"@type\":\"WebPage\",\"@id\":\"https:\/\/www.notibras.com\/site\/heroi-malines-obtem-visto-de-residencia-na-franca\/\",\"url\":\"https:\/\/www.notibras.com\/site\/heroi-malines-obtem-visto-de-residencia-na-franca\/\",\"name\":\"Her\u00f3i malin\u00eas obt\u00e9m visto de resid\u00eancia na Fran\u00e7a - Notibras\",\"isPartOf\":{\"@id\":\"https:\/\/www.notibras.com\/site\/#website\"},\"primaryImageOfPage\":{\"@id\":\"https:\/\/www.notibras.com\/site\/heroi-malines-obtem-visto-de-residencia-na-franca\/#primaryimage\"},\"image\":{\"@id\":\"https:\/\/www.notibras.com\/site\/heroi-malines-obtem-visto-de-residencia-na-franca\/#primaryimage\"},\"thumbnailUrl\":\"https:\/\/www.notibras.com\/site\/wp-content\/uploads\/2018\/05\/1527523548500.jpg\",\"datePublished\":\"2018-05-30T00:06:15+00:00\",\"breadcrumb\":{\"@id\":\"https:\/\/www.notibras.com\/site\/heroi-malines-obtem-visto-de-residencia-na-franca\/#breadcrumb\"},\"inLanguage\":\"pt-BR\",\"potentialAction\":[{\"@type\":\"ReadAction\",\"target\":[\"https:\/\/www.notibras.com\/site\/heroi-malines-obtem-visto-de-residencia-na-franca\/\"]}]},{\"@type\":\"ImageObject\",\"inLanguage\":\"pt-BR\",\"@id\":\"https:\/\/www.notibras.com\/site\/heroi-malines-obtem-visto-de-residencia-na-franca\/#primaryimage\",\"url\":\"https:\/\/www.notibras.com\/site\/wp-content\/uploads\/2018\/05\/1527523548500.jpg\",\"contentUrl\":\"https:\/\/www.notibras.com\/site\/wp-content\/uploads\/2018\/05\/1527523548500.jpg\",\"width\":932,\"height\":621,\"caption\":\"Foto: Thibault Camus\/AFP\"},{\"@type\":\"BreadcrumbList\",\"@id\":\"https:\/\/www.notibras.com\/site\/heroi-malines-obtem-visto-de-residencia-na-franca\/#breadcrumb\",\"itemListElement\":[{\"@type\":\"ListItem\",\"position\":1,\"name\":\"In\u00edcio\",\"item\":\"https:\/\/www.notibras.com\/site\/\"},{\"@type\":\"ListItem\",\"position\":2,\"name\":\"Her\u00f3i malin\u00eas obt\u00e9m visto de resid\u00eancia na Fran\u00e7a\"}]},{\"@type\":\"WebSite\",\"@id\":\"https:\/\/www.notibras.com\/site\/#website\",\"url\":\"https:\/\/www.notibras.com\/site\/\",\"name\":\"Notibras\",\"description\":\"Not\u00edcias de Bras\u00edlia, do Brasil e do Mundo\",\"publisher\":{\"@id\":\"https:\/\/www.notibras.com\/site\/#organization\"},\"potentialAction\":[{\"@type\":\"SearchAction\",\"target\":{\"@type\":\"EntryPoint\",\"urlTemplate\":\"https:\/\/www.notibras.com\/site\/?s={search_term_string}\"},\"query-input\":{\"@type\":\"PropertyValueSpecification\",\"valueRequired\":true,\"valueName\":\"search_term_string\"}}],\"inLanguage\":\"pt-BR\"},{\"@type\":\"Organization\",\"@id\":\"https:\/\/www.notibras.com\/site\/#organization\",\"name\":\"Grupo Notibras de Comunica\u00e7\u00e3o\",\"url\":\"https:\/\/www.notibras.com\/site\/\",\"logo\":{\"@type\":\"ImageObject\",\"inLanguage\":\"pt-BR\",\"@id\":\"https:\/\/www.notibras.com\/site\/#\/schema\/logo\/image\/\",\"url\":\"https:\/\/www.notibras.com\/site\/wp-content\/uploads\/2023\/01\/notibras23.png\",\"contentUrl\":\"https:\/\/www.notibras.com\/site\/wp-content\/uploads\/2023\/01\/notibras23.png\",\"width\":350,\"height\":87,\"caption\":\"Grupo Notibras de Comunica\u00e7\u00e3o\"},\"image\":{\"@id\":\"https:\/\/www.notibras.com\/site\/#\/schema\/logo\/image\/\"},\"sameAs\":[\"https:\/\/www.facebook.com\/notibras\/\",\"https:\/\/x.com\/Notibras\",\"https:\/\/www.instagram.com\/notibras\/\"]},{\"@type\":\"Person\",\"@id\":\"https:\/\/www.notibras.com\/site\/#\/schema\/person\/00b8e1aa08f9ef6563e878c5159d01cf\",\"name\":\"Reda\u00e7\u00e3o\",\"image\":{\"@type\":\"ImageObject\",\"inLanguage\":\"pt-BR\",\"@id\":\"https:\/\/secure.gravatar.com\/avatar\/ac5a707d5b47784a5ed426c6e213e201423c750890f64e4c379114dade67dfb9?s=96&d=mm&r=g\",\"url\":\"https:\/\/secure.gravatar.com\/avatar\/ac5a707d5b47784a5ed426c6e213e201423c750890f64e4c379114dade67dfb9?s=96&d=mm&r=g\",\"contentUrl\":\"https:\/\/secure.gravatar.com\/avatar\/ac5a707d5b47784a5ed426c6e213e201423c750890f64e4c379114dade67dfb9?s=96&d=mm&r=g\",\"caption\":\"Reda\u00e7\u00e3o\"}}]}<\/script>\n<!-- \/ Yoast SEO plugin. -->","yoast_head_json":{"title":"Her\u00f3i malin\u00eas obt\u00e9m visto de resid\u00eancia na Fran\u00e7a - Notibras","robots":{"index":"index","follow":"follow","max-snippet":"max-snippet:-1","max-image-preview":"max-image-preview:large","max-video-preview":"max-video-preview:-1"},"canonical":"https:\/\/www.notibras.com\/site\/heroi-malines-obtem-visto-de-residencia-na-franca\/","og_locale":"pt_BR","og_type":"article","og_title":"Her\u00f3i malin\u00eas obt\u00e9m visto de resid\u00eancia na Fran\u00e7a - Notibras","og_description":"O jovem imigrante ilegal do Mali que ganhou fama ao escalar um pr\u00e9dio para salvar uma crian\u00e7a em Paris recebeu nesta ter\u00e7a-feira, 29, um visto de resid\u00eancia, o primeiro passo antes de obter a nacionalidade francesa prometida pelo presidente Emmanuel Macron. Depois de receber a permiss\u00e3o das m\u00e3os do prefeito do Departamento de Seine Saint-Denis, [&hellip;]","og_url":"https:\/\/www.notibras.com\/site\/heroi-malines-obtem-visto-de-residencia-na-franca\/","og_site_name":"Notibras","article_publisher":"https:\/\/www.facebook.com\/notibras\/","article_published_time":"2018-05-30T00:06:15+00:00","og_image":[{"width":932,"height":621,"url":"https:\/\/www.notibras.com\/site\/wp-content\/uploads\/2018\/05\/1527523548500.jpg","type":"image\/jpeg"}],"author":"Reda\u00e7\u00e3o","twitter_card":"summary_large_image","twitter_creator":"@Notibras","twitter_site":"@Notibras","twitter_misc":{"Escrito por":"Reda\u00e7\u00e3o","Est. tempo de leitura":"2 minutos"},"schema":{"@context":"https:\/\/schema.org","@graph":[{"@type":"Article","@id":"https:\/\/www.notibras.com\/site\/heroi-malines-obtem-visto-de-residencia-na-franca\/#article","isPartOf":{"@id":"https:\/\/www.notibras.com\/site\/heroi-malines-obtem-visto-de-residencia-na-franca\/"},"author":{"name":"Reda\u00e7\u00e3o","@id":"https:\/\/www.notibras.com\/site\/#\/schema\/person\/00b8e1aa08f9ef6563e878c5159d01cf"},"headline":"Her\u00f3i malin\u00eas obt\u00e9m visto de resid\u00eancia na Fran\u00e7a","datePublished":"2018-05-30T00:06:15+00:00","mainEntityOfPage":{"@id":"https:\/\/www.notibras.com\/site\/heroi-malines-obtem-visto-de-residencia-na-franca\/"},"wordCount":458,"publisher":{"@id":"https:\/\/www.notibras.com\/site\/#organization"},"image":{"@id":"https:\/\/www.notibras.com\/site\/heroi-malines-obtem-visto-de-residencia-na-franca\/#primaryimage"},"thumbnailUrl":"https:\/\/www.notibras.com\/site\/wp-content\/uploads\/2018\/05\/1527523548500.jpg","articleSection":["Mundo"],"inLanguage":"pt-BR"},{"@type":"WebPage","@id":"https:\/\/www.notibras.com\/site\/heroi-malines-obtem-visto-de-residencia-na-franca\/","url":"https:\/\/www.notibras.com\/site\/heroi-malines-obtem-visto-de-residencia-na-franca\/","name":"Her\u00f3i malin\u00eas obt\u00e9m visto de resid\u00eancia na Fran\u00e7a - Notibras","isPartOf":{"@id":"https:\/\/www.notibras.com\/site\/#website"},"primaryImageOfPage":{"@id":"https:\/\/www.notibras.com\/site\/heroi-malines-obtem-visto-de-residencia-na-franca\/#primaryimage"},"image":{"@id":"https:\/\/www.notibras.com\/site\/heroi-malines-obtem-visto-de-residencia-na-franca\/#primaryimage"},"thumbnailUrl":"https:\/\/www.notibras.com\/site\/wp-content\/uploads\/2018\/05\/1527523548500.jpg","datePublished":"2018-05-30T00:06:15+00:00","breadcrumb":{"@id":"https:\/\/www.notibras.com\/site\/heroi-malines-obtem-visto-de-residencia-na-franca\/#breadcrumb"},"inLanguage":"pt-BR","potentialAction":[{"@type":"ReadAction","target":["https:\/\/www.notibras.com\/site\/heroi-malines-obtem-visto-de-residencia-na-franca\/"]}]},{"@type":"ImageObject","inLanguage":"pt-BR","@id":"https:\/\/www.notibras.com\/site\/heroi-malines-obtem-visto-de-residencia-na-franca\/#primaryimage","url":"https:\/\/www.notibras.com\/site\/wp-content\/uploads\/2018\/05\/1527523548500.jpg","contentUrl":"https:\/\/www.notibras.com\/site\/wp-content\/uploads\/2018\/05\/1527523548500.jpg","width":932,"height":621,"caption":"Foto: Thibault Camus\/AFP"},{"@type":"BreadcrumbList","@id":"https:\/\/www.notibras.com\/site\/heroi-malines-obtem-visto-de-residencia-na-franca\/#breadcrumb","itemListElement":[{"@type":"ListItem","position":1,"name":"In\u00edcio","item":"https:\/\/www.notibras.com\/site\/"},{"@type":"ListItem","position":2,"name":"Her\u00f3i malin\u00eas obt\u00e9m visto de resid\u00eancia na Fran\u00e7a"}]},{"@type":"WebSite","@id":"https:\/\/www.notibras.com\/site\/#website","url":"https:\/\/www.notibras.com\/site\/","name":"Notibras","description":"Not\u00edcias de Bras\u00edlia, do Brasil e do Mundo","publisher":{"@id":"https:\/\/www.notibras.com\/site\/#organization"},"potentialAction":[{"@type":"SearchAction","target":{"@type":"EntryPoint","urlTemplate":"https:\/\/www.notibras.com\/site\/?s={search_term_string}"},"query-input":{"@type":"PropertyValueSpecification","valueRequired":true,"valueName":"search_term_string"}}],"inLanguage":"pt-BR"},{"@type":"Organization","@id":"https:\/\/www.notibras.com\/site\/#organization","name":"Grupo Notibras de Comunica\u00e7\u00e3o","url":"https:\/\/www.notibras.com\/site\/","logo":{"@type":"ImageObject","inLanguage":"pt-BR","@id":"https:\/\/www.notibras.com\/site\/#\/schema\/logo\/image\/","url":"https:\/\/www.notibras.com\/site\/wp-content\/uploads\/2023\/01\/notibras23.png","contentUrl":"https:\/\/www.notibras.com\/site\/wp-content\/uploads\/2023\/01\/notibras23.png","width":350,"height":87,"caption":"Grupo Notibras de Comunica\u00e7\u00e3o"},"image":{"@id":"https:\/\/www.notibras.com\/site\/#\/schema\/logo\/image\/"},"sameAs":["https:\/\/www.facebook.com\/notibras\/","https:\/\/x.com\/Notibras","https:\/\/www.instagram.com\/notibras\/"]},{"@type":"Person","@id":"https:\/\/www.notibras.com\/site\/#\/schema\/person\/00b8e1aa08f9ef6563e878c5159d01cf","name":"Reda\u00e7\u00e3o","image":{"@type":"ImageObject","inLanguage":"pt-BR","@id":"https:\/\/secure.gravatar.com\/avatar\/ac5a707d5b47784a5ed426c6e213e201423c750890f64e4c379114dade67dfb9?s=96&d=mm&r=g","url":"https:\/\/secure.gravatar.com\/avatar\/ac5a707d5b47784a5ed426c6e213e201423c750890f64e4c379114dade67dfb9?s=96&d=mm&r=g","contentUrl":"https:\/\/secure.gravatar.com\/avatar\/ac5a707d5b47784a5ed426c6e213e201423c750890f64e4c379114dade67dfb9?s=96&d=mm&r=g","caption":"Reda\u00e7\u00e3o"}}]}},"amp_enabled":true,"_links":{"self":[{"href":"https:\/\/www.notibras.com\/site\/wp-json\/wp\/v2\/posts\/180817","targetHints":{"allow":["GET"]}}],"collection":[{"href":"https:\/\/www.notibras.com\/site\/wp-json\/wp\/v2\/posts"}],"about":[{"href":"https:\/\/www.notibras.com\/site\/wp-json\/wp\/v2\/types\/post"}],"author":[{"embeddable":true,"href":"https:\/\/www.notibras.com\/site\/wp-json\/wp\/v2\/users\/1"}],"replies":[{"embeddable":true,"href":"https:\/\/www.notibras.com\/site\/wp-json\/wp\/v2\/comments?post=180817"}],"version-history":[{"count":1,"href":"https:\/\/www.notibras.com\/site\/wp-json\/wp\/v2\/posts\/180817\/revisions"}],"predecessor-version":[{"id":180822,"href":"https:\/\/www.notibras.com\/site\/wp-json\/wp\/v2\/posts\/180817\/revisions\/180822"}],"wp:featuredmedia":[{"embeddable":true,"href":"https:\/\/www.notibras.com\/site\/wp-json\/wp\/v2\/media\/180821"}],"wp:attachment":[{"href":"https:\/\/www.notibras.com\/site\/wp-json\/wp\/v2\/media?parent=180817"}],"wp:term":[{"taxonomy":"category","embeddable":true,"href":"https:\/\/www.notibras.com\/site\/wp-json\/wp\/v2\/categories?post=180817"},{"taxonomy":"post_tag","embeddable":true,"href":"https:\/\/www.notibras.com\/site\/wp-json\/wp\/v2\/tags?post=180817"}],"curies":[{"name":"wp","href":"https:\/\/api.w.org\/{rel}","templated":true}]}}