{"id":180823,"date":"2018-05-29T21:17:48","date_gmt":"2018-05-30T00:17:48","guid":{"rendered":"https:\/\/www.notibras.com\/site\/?p=180823"},"modified":"2018-05-29T23:05:35","modified_gmt":"2018-05-30T02:05:35","slug":"eua-desconhecem-paradeiro-de-1-475-criancas-que-chegaram-no-pais","status":"publish","type":"post","link":"https:\/\/www.notibras.com\/site\/eua-desconhecem-paradeiro-de-1-475-criancas-que-chegaram-no-pais\/","title":{"rendered":"EUA desconhecem paradeiro de crian\u00e7as imigrantes"},"content":{"rendered":"<p>Nos \u00faltimos dias, mensagens com a hastag #WhereAreTheChildren (onde est\u00e3o as crian\u00e7as) e #MissingChildren (crian\u00e7as desaparecidas) se difundiram rapidamente pelo Twitter nos Estados Unidos. As manifesta\u00e7\u00f5es nas redes sociais questionam o paradeiro de 1.475 crian\u00e7as que cruzaram sozinhas a fronteira dos Estados Unidos no ano passado. Elas foram entregues a uma ag\u00eancia federal que as colocou em casas de fam\u00edlias adotivas, mas despois disso perdeu o contato com os respons\u00e1veis.<\/p>\n<p>A situa\u00e7\u00e3o foi revelada por um funcion\u00e1rio do Departamento de Sa\u00fade e Servi\u00e7os Humanos (HHS, na sigla em ingl\u00eas) durante uma audi\u00eancia no Senado. O depoimento, no dia 26 de abril deste ano, gerou grande repercuss\u00e3o. O secret\u00e1rio adjunto Steven Wagner contou que o escrit\u00f3rio do governo respons\u00e1vel pelo reassentamento de refugiados n\u00e3o conseguiu determinar o paradeiro das crian\u00e7as em contatos telef\u00f4nicos de acompanhamento. A transcri\u00e7\u00e3o do depoimento est\u00e1 dispon\u00edvel no site do HHS.<\/p>\n<p>Wagner contou que, entre outubro e dezembro de 2017, o HHS fez contato com 7.635 crian\u00e7as que estavam sob tutela da ag\u00eancia federal e foram transferidas para a guarda de um respons\u00e1vel. Do total, 6.075 continuavam vivendo com as fam\u00edlias em que foram colocadas, 28 tinham fugido, 5 tinham sido deportadas e 52 estavam morando com outras fam\u00edlias. Sobre as demais 1.475 crian\u00e7as, a ag\u00eancia informou que \u201cn\u00e3o conseguiu determinar com certeza o paradeiro&#8221; delas.<\/p>\n<p>O HHS argumentou que n\u00e3o \u00e9 seu papel acompanhar as crian\u00e7as depois de liberadas. Em um comunicado enviado ao jornal Washington Post, o departamento afirmou ainda que 85% das fam\u00edlias que recebem menores desacompanhados s\u00e3o parentes pr\u00f3ximos que vivem nos Estados Unidos. Uma possibilidade levantada por especialistas ouvidos pela imprensa norte-americana \u00e9 de que os respons\u00e1veis n\u00e3o queiram intencionalmente falar com autoridades do governo para evitar o risco de deporta\u00e7\u00e3o.<\/p>\n<p>Ainda assim, senadores no Congresso criticaram a falha da ag\u00eancia para evitar que as crian\u00e7as caiam, eventualmente, na m\u00e3o de traficantes de pessoas. No m\u00eas passado, uma reportagem investigativa da rede de televis\u00e3o PBS revelou a hist\u00f3ria de oito adolescentes da Guatemala que eram for\u00e7adas a trabalhar em uma fazenda em Ohio. Pelo menos seis pessoas foram indiciadas desde a divulga\u00e7\u00e3o do caso pela imprensa norte-americana.<\/p>\n<p><strong>Gest\u00e3o de Barack Obama &#8211;\u00a0<\/strong>Em entrevista coletiva, diferentes funcion\u00e1rios da Casa Branca culparam a gest\u00e3o do ex-presidente Barack Obama pelo problema, criticando a pol\u00edtica de &#8220;capturar e libertar&#8221; adotada na \u00e9poca.<\/p>\n<p>A pol\u00edtica da gest\u00e3o anterior permitia que os agentes de fronteira liberassem os imigrantes ilegais presos na fronteira, caso eles n\u00e3o representassem um risco para a seguran\u00e7a do pa\u00eds. Dessa forma, eles podiam permanecer em liberdade enquanto esperavam o julgamento de deporta\u00e7\u00e3o.<\/p>\n<p>De acordo com o assessor pol\u00edtico da Casa Branca Stephen Miller, diferentemente do divulgado pela m\u00eddia norte-americana, os menores n\u00e3o est\u00e3o sob cust\u00f3dia do governo. Segundo ele, na maioria dos casos as crian\u00e7as foram entregues a seus pr\u00f3prios familiares que j\u00e1 vivem no pa\u00eds.<\/p>\n<p>O assessor explicou que os dados se referem a 14% dos casos nos quais o governo quis fazer um &#8220;acompanhamento volunt\u00e1rio&#8221; dos menores e n\u00e3o obteve resposta das fam\u00edlias: &#8220;N\u00e3o existe nenhum motivo para pensar que ocorreu algo com essas crian\u00e7as. Se voc\u00ea liga para um amigo e ele n\u00e3o atende ao telefone, voc\u00ea n\u00e3o pensa que ele foi sequestrado&#8221;, disse Miller.<\/p>\n<p>Al\u00e9m disso, o assessor da Casa Branca acusou os democratas de impedir o fim da &#8220;crise humanit\u00e1ria&#8221; na fronteira ao se recusarem a aprovar os recursos necess\u00e1rios para a constru\u00e7\u00e3o de um muro e leis mais firmes de uma nova pol\u00edtica de imigra\u00e7\u00e3o: &#8220;se n\u00e3o fosse pelos democratas e a recusa em fechar esses vazios legais, os imigrantes poderiam ser enviados aos seus pa\u00edses de origem de maneira r\u00e1pida e segura&#8221;, concluiu.<\/p>\n<p><strong>Nova pol\u00edtica de imigra\u00e7\u00e3o &#8211;\u00a0<\/strong>A revolta pela perda de contato com as crian\u00e7as estrangeiras se somou a cr\u00edticas contra a pol\u00edtica de imigra\u00e7\u00e3o rec\u00e9m-anunciada pela administra\u00e7\u00e3o de Donald Trump. No in\u00edcio de maio, o procurador-geral Jeff Sessions afirmou que come\u00e7aria a implementar \u201ctoler\u00e2ncia zero\u201d na fronteira.<\/p>\n<p>O procurador-geral afirmou que, se algu\u00e9m tentar entrar ilegalmente nos Estados Unidos com uma crian\u00e7a, essa pessoa ser\u00e1 processada e separada do menor, como determina a lei.<\/p>\n<p>Apesar de a mudan\u00e7a ter sido anunciada por Sessions, no s\u00e1bado (26), o presidente Donald Trump tamb\u00e9m culpou o partido democrata, de oposi\u00e7\u00e3o, pela situa\u00e7\u00e3o das crian\u00e7as imigrantes. Em uma mensagem no Twitter, ele disse: \u201cpressionem os democratas para que ponham fim \u00e0 horr\u00edvel lei que separa as crian\u00e7as dos pais depois de cruzarem a fronteira\u201d. Trump voltou a defender a promessa de campanha de construir um muro na divisa com o M\u00e9xico.<\/p>\n","protected":false},"excerpt":{"rendered":"<p>Nos \u00faltimos dias, mensagens com a hastag #WhereAreTheChildren (onde est\u00e3o as crian\u00e7as) e #MissingChildren (crian\u00e7as desaparecidas) se difundiram rapidamente pelo Twitter nos Estados Unidos. As manifesta\u00e7\u00f5es nas redes sociais questionam o paradeiro de 1.475 crian\u00e7as que cruzaram sozinhas a fronteira dos Estados Unidos no ano passado. Elas foram entregues a uma ag\u00eancia federal que as [&hellip;]<\/p>\n","protected":false},"author":1,"featured_media":178070,"comment_status":"closed","ping_status":"closed","sticky":false,"template":"","format":"standard","meta":{"_acf_changed":false,"footnotes":""},"categories":[17],"tags":[],"class_list":["post-180823","post","type-post","status-publish","format-standard","has-post-thumbnail","hentry","category-mundo"],"acf":[],"yoast_head":"<!-- This site is optimized with the Yoast SEO plugin v27.2 - https:\/\/yoast.com\/product\/yoast-seo-wordpress\/ -->\n<title>EUA desconhecem paradeiro de crian\u00e7as imigrantes - Notibras<\/title>\n<meta name=\"robots\" content=\"index, follow, max-snippet:-1, max-image-preview:large, max-video-preview:-1\" \/>\n<link rel=\"canonical\" href=\"https:\/\/www.notibras.com\/site\/eua-desconhecem-paradeiro-de-1-475-criancas-que-chegaram-no-pais\/\" \/>\n<meta property=\"og:locale\" content=\"pt_BR\" \/>\n<meta property=\"og:type\" content=\"article\" \/>\n<meta property=\"og:title\" content=\"EUA desconhecem paradeiro de crian\u00e7as imigrantes - Notibras\" \/>\n<meta property=\"og:description\" content=\"Nos \u00faltimos dias, mensagens com a hastag #WhereAreTheChildren (onde est\u00e3o as crian\u00e7as) e #MissingChildren (crian\u00e7as desaparecidas) se difundiram rapidamente pelo Twitter nos Estados Unidos. As manifesta\u00e7\u00f5es nas redes sociais questionam o paradeiro de 1.475 crian\u00e7as que cruzaram sozinhas a fronteira dos Estados Unidos no ano passado. Elas foram entregues a uma ag\u00eancia federal que as [&hellip;]\" \/>\n<meta property=\"og:url\" content=\"https:\/\/www.notibras.com\/site\/eua-desconhecem-paradeiro-de-1-475-criancas-que-chegaram-no-pais\/\" \/>\n<meta property=\"og:site_name\" content=\"Notibras\" \/>\n<meta property=\"article:publisher\" content=\"https:\/\/www.facebook.com\/notibras\/\" \/>\n<meta property=\"article:published_time\" content=\"2018-05-30T00:17:48+00:00\" \/>\n<meta property=\"article:modified_time\" content=\"2018-05-30T02:05:35+00:00\" \/>\n<meta property=\"og:image\" content=\"https:\/\/www.notibras.com\/site\/wp-content\/uploads\/2018\/05\/Trump.png\" \/>\n\t<meta property=\"og:image:width\" content=\"916\" \/>\n\t<meta property=\"og:image:height\" content=\"583\" \/>\n\t<meta property=\"og:image:type\" content=\"image\/png\" \/>\n<meta name=\"author\" content=\"Reda\u00e7\u00e3o\" \/>\n<meta name=\"twitter:card\" content=\"summary_large_image\" \/>\n<meta name=\"twitter:creator\" content=\"@Notibras\" \/>\n<meta name=\"twitter:site\" content=\"@Notibras\" \/>\n<meta name=\"twitter:label1\" content=\"Escrito por\" \/>\n\t<meta name=\"twitter:data1\" content=\"Reda\u00e7\u00e3o\" \/>\n\t<meta name=\"twitter:label2\" content=\"Est. tempo de leitura\" \/>\n\t<meta name=\"twitter:data2\" content=\"4 minutos\" \/>\n<script type=\"application\/ld+json\" class=\"yoast-schema-graph\">{\"@context\":\"https:\/\/schema.org\",\"@graph\":[{\"@type\":\"Article\",\"@id\":\"https:\/\/www.notibras.com\/site\/eua-desconhecem-paradeiro-de-1-475-criancas-que-chegaram-no-pais\/#article\",\"isPartOf\":{\"@id\":\"https:\/\/www.notibras.com\/site\/eua-desconhecem-paradeiro-de-1-475-criancas-que-chegaram-no-pais\/\"},\"author\":{\"name\":\"Reda\u00e7\u00e3o\",\"@id\":\"https:\/\/www.notibras.com\/site\/#\/schema\/person\/00b8e1aa08f9ef6563e878c5159d01cf\"},\"headline\":\"EUA desconhecem paradeiro de crian\u00e7as imigrantes\",\"datePublished\":\"2018-05-30T00:17:48+00:00\",\"dateModified\":\"2018-05-30T02:05:35+00:00\",\"mainEntityOfPage\":{\"@id\":\"https:\/\/www.notibras.com\/site\/eua-desconhecem-paradeiro-de-1-475-criancas-que-chegaram-no-pais\/\"},\"wordCount\":849,\"publisher\":{\"@id\":\"https:\/\/www.notibras.com\/site\/#organization\"},\"image\":{\"@id\":\"https:\/\/www.notibras.com\/site\/eua-desconhecem-paradeiro-de-1-475-criancas-que-chegaram-no-pais\/#primaryimage\"},\"thumbnailUrl\":\"https:\/\/www.notibras.com\/site\/wp-content\/uploads\/2018\/05\/Trump.png\",\"articleSection\":[\"Mundo\"],\"inLanguage\":\"pt-BR\"},{\"@type\":\"WebPage\",\"@id\":\"https:\/\/www.notibras.com\/site\/eua-desconhecem-paradeiro-de-1-475-criancas-que-chegaram-no-pais\/\",\"url\":\"https:\/\/www.notibras.com\/site\/eua-desconhecem-paradeiro-de-1-475-criancas-que-chegaram-no-pais\/\",\"name\":\"EUA desconhecem paradeiro de crian\u00e7as imigrantes - Notibras\",\"isPartOf\":{\"@id\":\"https:\/\/www.notibras.com\/site\/#website\"},\"primaryImageOfPage\":{\"@id\":\"https:\/\/www.notibras.com\/site\/eua-desconhecem-paradeiro-de-1-475-criancas-que-chegaram-no-pais\/#primaryimage\"},\"image\":{\"@id\":\"https:\/\/www.notibras.com\/site\/eua-desconhecem-paradeiro-de-1-475-criancas-que-chegaram-no-pais\/#primaryimage\"},\"thumbnailUrl\":\"https:\/\/www.notibras.com\/site\/wp-content\/uploads\/2018\/05\/Trump.png\",\"datePublished\":\"2018-05-30T00:17:48+00:00\",\"dateModified\":\"2018-05-30T02:05:35+00:00\",\"breadcrumb\":{\"@id\":\"https:\/\/www.notibras.com\/site\/eua-desconhecem-paradeiro-de-1-475-criancas-que-chegaram-no-pais\/#breadcrumb\"},\"inLanguage\":\"pt-BR\",\"potentialAction\":[{\"@type\":\"ReadAction\",\"target\":[\"https:\/\/www.notibras.com\/site\/eua-desconhecem-paradeiro-de-1-475-criancas-que-chegaram-no-pais\/\"]}]},{\"@type\":\"ImageObject\",\"inLanguage\":\"pt-BR\",\"@id\":\"https:\/\/www.notibras.com\/site\/eua-desconhecem-paradeiro-de-1-475-criancas-que-chegaram-no-pais\/#primaryimage\",\"url\":\"https:\/\/www.notibras.com\/site\/wp-content\/uploads\/2018\/05\/Trump.png\",\"contentUrl\":\"https:\/\/www.notibras.com\/site\/wp-content\/uploads\/2018\/05\/Trump.png\",\"width\":916,\"height\":583,\"caption\":\"Foto: Shawn Thew\"},{\"@type\":\"BreadcrumbList\",\"@id\":\"https:\/\/www.notibras.com\/site\/eua-desconhecem-paradeiro-de-1-475-criancas-que-chegaram-no-pais\/#breadcrumb\",\"itemListElement\":[{\"@type\":\"ListItem\",\"position\":1,\"name\":\"In\u00edcio\",\"item\":\"https:\/\/www.notibras.com\/site\/\"},{\"@type\":\"ListItem\",\"position\":2,\"name\":\"EUA desconhecem paradeiro de crian\u00e7as imigrantes\"}]},{\"@type\":\"WebSite\",\"@id\":\"https:\/\/www.notibras.com\/site\/#website\",\"url\":\"https:\/\/www.notibras.com\/site\/\",\"name\":\"Notibras\",\"description\":\"Not\u00edcias de Bras\u00edlia, do Brasil e do Mundo\",\"publisher\":{\"@id\":\"https:\/\/www.notibras.com\/site\/#organization\"},\"potentialAction\":[{\"@type\":\"SearchAction\",\"target\":{\"@type\":\"EntryPoint\",\"urlTemplate\":\"https:\/\/www.notibras.com\/site\/?s={search_term_string}\"},\"query-input\":{\"@type\":\"PropertyValueSpecification\",\"valueRequired\":true,\"valueName\":\"search_term_string\"}}],\"inLanguage\":\"pt-BR\"},{\"@type\":\"Organization\",\"@id\":\"https:\/\/www.notibras.com\/site\/#organization\",\"name\":\"Grupo Notibras de Comunica\u00e7\u00e3o\",\"url\":\"https:\/\/www.notibras.com\/site\/\",\"logo\":{\"@type\":\"ImageObject\",\"inLanguage\":\"pt-BR\",\"@id\":\"https:\/\/www.notibras.com\/site\/#\/schema\/logo\/image\/\",\"url\":\"https:\/\/www.notibras.com\/site\/wp-content\/uploads\/2023\/01\/notibras23.png\",\"contentUrl\":\"https:\/\/www.notibras.com\/site\/wp-content\/uploads\/2023\/01\/notibras23.png\",\"width\":350,\"height\":87,\"caption\":\"Grupo Notibras de Comunica\u00e7\u00e3o\"},\"image\":{\"@id\":\"https:\/\/www.notibras.com\/site\/#\/schema\/logo\/image\/\"},\"sameAs\":[\"https:\/\/www.facebook.com\/notibras\/\",\"https:\/\/x.com\/Notibras\",\"https:\/\/www.instagram.com\/notibras\/\"]},{\"@type\":\"Person\",\"@id\":\"https:\/\/www.notibras.com\/site\/#\/schema\/person\/00b8e1aa08f9ef6563e878c5159d01cf\",\"name\":\"Reda\u00e7\u00e3o\",\"image\":{\"@type\":\"ImageObject\",\"inLanguage\":\"pt-BR\",\"@id\":\"https:\/\/secure.gravatar.com\/avatar\/ac5a707d5b47784a5ed426c6e213e201423c750890f64e4c379114dade67dfb9?s=96&d=mm&r=g\",\"url\":\"https:\/\/secure.gravatar.com\/avatar\/ac5a707d5b47784a5ed426c6e213e201423c750890f64e4c379114dade67dfb9?s=96&d=mm&r=g\",\"contentUrl\":\"https:\/\/secure.gravatar.com\/avatar\/ac5a707d5b47784a5ed426c6e213e201423c750890f64e4c379114dade67dfb9?s=96&d=mm&r=g\",\"caption\":\"Reda\u00e7\u00e3o\"}}]}<\/script>\n<!-- \/ Yoast SEO plugin. -->","yoast_head_json":{"title":"EUA desconhecem paradeiro de crian\u00e7as imigrantes - Notibras","robots":{"index":"index","follow":"follow","max-snippet":"max-snippet:-1","max-image-preview":"max-image-preview:large","max-video-preview":"max-video-preview:-1"},"canonical":"https:\/\/www.notibras.com\/site\/eua-desconhecem-paradeiro-de-1-475-criancas-que-chegaram-no-pais\/","og_locale":"pt_BR","og_type":"article","og_title":"EUA desconhecem paradeiro de crian\u00e7as imigrantes - Notibras","og_description":"Nos \u00faltimos dias, mensagens com a hastag #WhereAreTheChildren (onde est\u00e3o as crian\u00e7as) e #MissingChildren (crian\u00e7as desaparecidas) se difundiram rapidamente pelo Twitter nos Estados Unidos. As manifesta\u00e7\u00f5es nas redes sociais questionam o paradeiro de 1.475 crian\u00e7as que cruzaram sozinhas a fronteira dos Estados Unidos no ano passado. Elas foram entregues a uma ag\u00eancia federal que as [&hellip;]","og_url":"https:\/\/www.notibras.com\/site\/eua-desconhecem-paradeiro-de-1-475-criancas-que-chegaram-no-pais\/","og_site_name":"Notibras","article_publisher":"https:\/\/www.facebook.com\/notibras\/","article_published_time":"2018-05-30T00:17:48+00:00","article_modified_time":"2018-05-30T02:05:35+00:00","og_image":[{"width":916,"height":583,"url":"https:\/\/www.notibras.com\/site\/wp-content\/uploads\/2018\/05\/Trump.png","type":"image\/png"}],"author":"Reda\u00e7\u00e3o","twitter_card":"summary_large_image","twitter_creator":"@Notibras","twitter_site":"@Notibras","twitter_misc":{"Escrito por":"Reda\u00e7\u00e3o","Est. tempo de leitura":"4 minutos"},"schema":{"@context":"https:\/\/schema.org","@graph":[{"@type":"Article","@id":"https:\/\/www.notibras.com\/site\/eua-desconhecem-paradeiro-de-1-475-criancas-que-chegaram-no-pais\/#article","isPartOf":{"@id":"https:\/\/www.notibras.com\/site\/eua-desconhecem-paradeiro-de-1-475-criancas-que-chegaram-no-pais\/"},"author":{"name":"Reda\u00e7\u00e3o","@id":"https:\/\/www.notibras.com\/site\/#\/schema\/person\/00b8e1aa08f9ef6563e878c5159d01cf"},"headline":"EUA desconhecem paradeiro de crian\u00e7as imigrantes","datePublished":"2018-05-30T00:17:48+00:00","dateModified":"2018-05-30T02:05:35+00:00","mainEntityOfPage":{"@id":"https:\/\/www.notibras.com\/site\/eua-desconhecem-paradeiro-de-1-475-criancas-que-chegaram-no-pais\/"},"wordCount":849,"publisher":{"@id":"https:\/\/www.notibras.com\/site\/#organization"},"image":{"@id":"https:\/\/www.notibras.com\/site\/eua-desconhecem-paradeiro-de-1-475-criancas-que-chegaram-no-pais\/#primaryimage"},"thumbnailUrl":"https:\/\/www.notibras.com\/site\/wp-content\/uploads\/2018\/05\/Trump.png","articleSection":["Mundo"],"inLanguage":"pt-BR"},{"@type":"WebPage","@id":"https:\/\/www.notibras.com\/site\/eua-desconhecem-paradeiro-de-1-475-criancas-que-chegaram-no-pais\/","url":"https:\/\/www.notibras.com\/site\/eua-desconhecem-paradeiro-de-1-475-criancas-que-chegaram-no-pais\/","name":"EUA desconhecem paradeiro de crian\u00e7as imigrantes - Notibras","isPartOf":{"@id":"https:\/\/www.notibras.com\/site\/#website"},"primaryImageOfPage":{"@id":"https:\/\/www.notibras.com\/site\/eua-desconhecem-paradeiro-de-1-475-criancas-que-chegaram-no-pais\/#primaryimage"},"image":{"@id":"https:\/\/www.notibras.com\/site\/eua-desconhecem-paradeiro-de-1-475-criancas-que-chegaram-no-pais\/#primaryimage"},"thumbnailUrl":"https:\/\/www.notibras.com\/site\/wp-content\/uploads\/2018\/05\/Trump.png","datePublished":"2018-05-30T00:17:48+00:00","dateModified":"2018-05-30T02:05:35+00:00","breadcrumb":{"@id":"https:\/\/www.notibras.com\/site\/eua-desconhecem-paradeiro-de-1-475-criancas-que-chegaram-no-pais\/#breadcrumb"},"inLanguage":"pt-BR","potentialAction":[{"@type":"ReadAction","target":["https:\/\/www.notibras.com\/site\/eua-desconhecem-paradeiro-de-1-475-criancas-que-chegaram-no-pais\/"]}]},{"@type":"ImageObject","inLanguage":"pt-BR","@id":"https:\/\/www.notibras.com\/site\/eua-desconhecem-paradeiro-de-1-475-criancas-que-chegaram-no-pais\/#primaryimage","url":"https:\/\/www.notibras.com\/site\/wp-content\/uploads\/2018\/05\/Trump.png","contentUrl":"https:\/\/www.notibras.com\/site\/wp-content\/uploads\/2018\/05\/Trump.png","width":916,"height":583,"caption":"Foto: Shawn Thew"},{"@type":"BreadcrumbList","@id":"https:\/\/www.notibras.com\/site\/eua-desconhecem-paradeiro-de-1-475-criancas-que-chegaram-no-pais\/#breadcrumb","itemListElement":[{"@type":"ListItem","position":1,"name":"In\u00edcio","item":"https:\/\/www.notibras.com\/site\/"},{"@type":"ListItem","position":2,"name":"EUA desconhecem paradeiro de crian\u00e7as imigrantes"}]},{"@type":"WebSite","@id":"https:\/\/www.notibras.com\/site\/#website","url":"https:\/\/www.notibras.com\/site\/","name":"Notibras","description":"Not\u00edcias de Bras\u00edlia, do Brasil e do Mundo","publisher":{"@id":"https:\/\/www.notibras.com\/site\/#organization"},"potentialAction":[{"@type":"SearchAction","target":{"@type":"EntryPoint","urlTemplate":"https:\/\/www.notibras.com\/site\/?s={search_term_string}"},"query-input":{"@type":"PropertyValueSpecification","valueRequired":true,"valueName":"search_term_string"}}],"inLanguage":"pt-BR"},{"@type":"Organization","@id":"https:\/\/www.notibras.com\/site\/#organization","name":"Grupo Notibras de Comunica\u00e7\u00e3o","url":"https:\/\/www.notibras.com\/site\/","logo":{"@type":"ImageObject","inLanguage":"pt-BR","@id":"https:\/\/www.notibras.com\/site\/#\/schema\/logo\/image\/","url":"https:\/\/www.notibras.com\/site\/wp-content\/uploads\/2023\/01\/notibras23.png","contentUrl":"https:\/\/www.notibras.com\/site\/wp-content\/uploads\/2023\/01\/notibras23.png","width":350,"height":87,"caption":"Grupo Notibras de Comunica\u00e7\u00e3o"},"image":{"@id":"https:\/\/www.notibras.com\/site\/#\/schema\/logo\/image\/"},"sameAs":["https:\/\/www.facebook.com\/notibras\/","https:\/\/x.com\/Notibras","https:\/\/www.instagram.com\/notibras\/"]},{"@type":"Person","@id":"https:\/\/www.notibras.com\/site\/#\/schema\/person\/00b8e1aa08f9ef6563e878c5159d01cf","name":"Reda\u00e7\u00e3o","image":{"@type":"ImageObject","inLanguage":"pt-BR","@id":"https:\/\/secure.gravatar.com\/avatar\/ac5a707d5b47784a5ed426c6e213e201423c750890f64e4c379114dade67dfb9?s=96&d=mm&r=g","url":"https:\/\/secure.gravatar.com\/avatar\/ac5a707d5b47784a5ed426c6e213e201423c750890f64e4c379114dade67dfb9?s=96&d=mm&r=g","contentUrl":"https:\/\/secure.gravatar.com\/avatar\/ac5a707d5b47784a5ed426c6e213e201423c750890f64e4c379114dade67dfb9?s=96&d=mm&r=g","caption":"Reda\u00e7\u00e3o"}}]}},"amp_enabled":true,"_links":{"self":[{"href":"https:\/\/www.notibras.com\/site\/wp-json\/wp\/v2\/posts\/180823","targetHints":{"allow":["GET"]}}],"collection":[{"href":"https:\/\/www.notibras.com\/site\/wp-json\/wp\/v2\/posts"}],"about":[{"href":"https:\/\/www.notibras.com\/site\/wp-json\/wp\/v2\/types\/post"}],"author":[{"embeddable":true,"href":"https:\/\/www.notibras.com\/site\/wp-json\/wp\/v2\/users\/1"}],"replies":[{"embeddable":true,"href":"https:\/\/www.notibras.com\/site\/wp-json\/wp\/v2\/comments?post=180823"}],"version-history":[{"count":3,"href":"https:\/\/www.notibras.com\/site\/wp-json\/wp\/v2\/posts\/180823\/revisions"}],"predecessor-version":[{"id":180859,"href":"https:\/\/www.notibras.com\/site\/wp-json\/wp\/v2\/posts\/180823\/revisions\/180859"}],"wp:featuredmedia":[{"embeddable":true,"href":"https:\/\/www.notibras.com\/site\/wp-json\/wp\/v2\/media\/178070"}],"wp:attachment":[{"href":"https:\/\/www.notibras.com\/site\/wp-json\/wp\/v2\/media?parent=180823"}],"wp:term":[{"taxonomy":"category","embeddable":true,"href":"https:\/\/www.notibras.com\/site\/wp-json\/wp\/v2\/categories?post=180823"},{"taxonomy":"post_tag","embeddable":true,"href":"https:\/\/www.notibras.com\/site\/wp-json\/wp\/v2\/tags?post=180823"}],"curies":[{"name":"wp","href":"https:\/\/api.w.org\/{rel}","templated":true}]}}