{"id":180896,"date":"2018-05-30T07:33:32","date_gmt":"2018-05-30T10:33:32","guid":{"rendered":"https:\/\/www.notibras.com\/site\/?p=180896"},"modified":"2018-05-30T07:33:32","modified_gmt":"2018-05-30T10:33:32","slug":"governo-americano-nega-ter-perdido-criancas-imigrantes","status":"publish","type":"post","link":"https:\/\/www.notibras.com\/site\/governo-americano-nega-ter-perdido-criancas-imigrantes\/","title":{"rendered":"Governo americano nega ter &#8216;perdido&#8217; crian\u00e7as imigrantes"},"content":{"rendered":"<p>O governo dos Estados Unidos rebateu as informa\u00e7\u00f5es que afirmam que quase 1,5 mil imigrantes ilegais menores de idade sumiram no pa\u00eds ap\u00f3s serem separados da fam\u00edlia na fronteira, alegando que n\u00e3o \u00e9 certo cham\u00e1-los de &#8220;desaparecidos&#8221;.<\/p>\n<p>Segundo o jornal The New York Times, que cita fontes do Departamento de Sa\u00fade e Servi\u00e7os Humanos (HHS), o governo perdeu o rastro de pelo menos 1.475 menores. Eles foram separados dos pais na fronteira e entregues a fam\u00edlias de amparo.<\/p>\n<p>Em entrevista coletiva, diferentes funcion\u00e1rios da Casa Branca culparam a gest\u00e3o do ex-presidente Barack Obama pelo problema, criticando a pol\u00edtica de &#8220;capturar e libertar&#8221; adotada na \u00e9poca.<\/p>\n<p>Essa pol\u00edtica permite que os agentes de fronteira libertem os imigrantes ilegais presos na fronteira caso eles n\u00e3o representem um risco para a seguran\u00e7a do pa\u00eds. Dessa forma, eles podem permanecer em liberdade enquanto esperam o julgamento de deporta\u00e7\u00e3o.<\/p>\n<p>De qualquer forma, segundo Stephen Miller, assessor pol\u00edtico da Casa Branca, a descri\u00e7\u00e3o do problema feita pelo Times n\u00e3o est\u00e1 correta j\u00e1 que os menores n\u00e3o est\u00e3o sob cust\u00f3dia do governo.<\/p>\n<p>Na maioria dos casos, conforme Miller, essas crian\u00e7as s\u00e3o entregues a seus pr\u00f3prios parentes que j\u00e1 vivem no pa\u00eds.<\/p>\n<p>O assessor explicou que os dados publicados no jornal se referem a 14% dos casos nos quais o governo quis fazer um &#8220;acompanhamento volunt\u00e1rio&#8221; dos menores e n\u00e3o obteve resposta das fam\u00edlias.<\/p>\n<p>&#8220;N\u00e3o existe nenhum motivo para pensar que ocorreu algo com essas crian\u00e7as. Se voc\u00ea liga para um amigo e ele n\u00e3o atende ao telefone, voc\u00ea n\u00e3o pensa que ele foi sequestrado&#8221;, disse Miller.<\/p>\n<p>&#8220;Voc\u00eas podem sair das sombras&#8221;, diz Obama em discurso para imigrantes<br \/>\nAl\u00e9m disso, Miller acusou os democratas de impedir o fim da &#8220;crise humanit\u00e1ria&#8221; na fronteira por se negarem a aprovar os recursos necess\u00e1rios para a constru\u00e7\u00e3o de um muro e leis mais firmes para modificar o atual programa migrat\u00f3rio em vigor no pa\u00eds.<\/p>\n<p>&#8220;Se n\u00e3o fosse pelos democratas e a recusa em fechar esses vazios legais, os imigrantes poderiam ser enviados aos seus pa\u00edses de origem de maneira r\u00e1pida e segura&#8221;, concluiu.<\/p>\n","protected":false},"excerpt":{"rendered":"<p>O governo dos Estados Unidos rebateu as informa\u00e7\u00f5es que afirmam que quase 1,5 mil imigrantes ilegais menores de idade sumiram no pa\u00eds ap\u00f3s serem separados da fam\u00edlia na fronteira, alegando que n\u00e3o \u00e9 certo cham\u00e1-los de &#8220;desaparecidos&#8221;. Segundo o jornal The New York Times, que cita fontes do Departamento de Sa\u00fade e Servi\u00e7os Humanos (HHS), [&hellip;]<\/p>\n","protected":false},"author":1,"featured_media":180897,"comment_status":"closed","ping_status":"closed","sticky":false,"template":"","format":"standard","meta":{"_acf_changed":false,"footnotes":""},"categories":[17],"tags":[],"class_list":["post-180896","post","type-post","status-publish","format-standard","has-post-thumbnail","hentry","category-mundo"],"acf":[],"yoast_head":"<!-- This site is optimized with the Yoast SEO plugin v27.2 - https:\/\/yoast.com\/product\/yoast-seo-wordpress\/ -->\n<title>Governo americano nega ter &#039;perdido&#039; crian\u00e7as imigrantes - Notibras<\/title>\n<meta name=\"robots\" content=\"index, follow, max-snippet:-1, max-image-preview:large, max-video-preview:-1\" \/>\n<link rel=\"canonical\" href=\"https:\/\/www.notibras.com\/site\/governo-americano-nega-ter-perdido-criancas-imigrantes\/\" \/>\n<meta property=\"og:locale\" content=\"pt_BR\" \/>\n<meta property=\"og:type\" content=\"article\" \/>\n<meta property=\"og:title\" content=\"Governo americano nega ter &#039;perdido&#039; crian\u00e7as imigrantes - Notibras\" \/>\n<meta property=\"og:description\" content=\"O governo dos Estados Unidos rebateu as informa\u00e7\u00f5es que afirmam que quase 1,5 mil imigrantes ilegais menores de idade sumiram no pa\u00eds ap\u00f3s serem separados da fam\u00edlia na fronteira, alegando que n\u00e3o \u00e9 certo cham\u00e1-los de &#8220;desaparecidos&#8221;. Segundo o jornal The New York Times, que cita fontes do Departamento de Sa\u00fade e Servi\u00e7os Humanos (HHS), [&hellip;]\" \/>\n<meta property=\"og:url\" content=\"https:\/\/www.notibras.com\/site\/governo-americano-nega-ter-perdido-criancas-imigrantes\/\" \/>\n<meta property=\"og:site_name\" content=\"Notibras\" \/>\n<meta property=\"article:publisher\" content=\"https:\/\/www.facebook.com\/notibras\/\" \/>\n<meta property=\"article:published_time\" content=\"2018-05-30T10:33:32+00:00\" \/>\n<meta property=\"og:image\" content=\"https:\/\/www.notibras.com\/site\/wp-content\/uploads\/2018\/05\/1527623798759.jpg\" \/>\n\t<meta property=\"og:image:width\" content=\"932\" \/>\n\t<meta property=\"og:image:height\" content=\"621\" \/>\n\t<meta property=\"og:image:type\" content=\"image\/jpeg\" \/>\n<meta name=\"author\" content=\"Reda\u00e7\u00e3o\" \/>\n<meta name=\"twitter:card\" content=\"summary_large_image\" \/>\n<meta name=\"twitter:creator\" content=\"@Notibras\" \/>\n<meta name=\"twitter:site\" content=\"@Notibras\" \/>\n<meta name=\"twitter:label1\" content=\"Escrito por\" \/>\n\t<meta name=\"twitter:data1\" content=\"Reda\u00e7\u00e3o\" \/>\n\t<meta name=\"twitter:label2\" content=\"Est. tempo de leitura\" \/>\n\t<meta name=\"twitter:data2\" content=\"2 minutos\" \/>\n<script type=\"application\/ld+json\" class=\"yoast-schema-graph\">{\"@context\":\"https:\/\/schema.org\",\"@graph\":[{\"@type\":\"Article\",\"@id\":\"https:\/\/www.notibras.com\/site\/governo-americano-nega-ter-perdido-criancas-imigrantes\/#article\",\"isPartOf\":{\"@id\":\"https:\/\/www.notibras.com\/site\/governo-americano-nega-ter-perdido-criancas-imigrantes\/\"},\"author\":{\"name\":\"Reda\u00e7\u00e3o\",\"@id\":\"https:\/\/www.notibras.com\/site\/#\/schema\/person\/00b8e1aa08f9ef6563e878c5159d01cf\"},\"headline\":\"Governo americano nega ter &#8216;perdido&#8217; crian\u00e7as imigrantes\",\"datePublished\":\"2018-05-30T10:33:32+00:00\",\"mainEntityOfPage\":{\"@id\":\"https:\/\/www.notibras.com\/site\/governo-americano-nega-ter-perdido-criancas-imigrantes\/\"},\"wordCount\":390,\"publisher\":{\"@id\":\"https:\/\/www.notibras.com\/site\/#organization\"},\"image\":{\"@id\":\"https:\/\/www.notibras.com\/site\/governo-americano-nega-ter-perdido-criancas-imigrantes\/#primaryimage\"},\"thumbnailUrl\":\"https:\/\/www.notibras.com\/site\/wp-content\/uploads\/2018\/05\/1527623798759.jpg\",\"articleSection\":[\"Mundo\"],\"inLanguage\":\"pt-BR\"},{\"@type\":\"WebPage\",\"@id\":\"https:\/\/www.notibras.com\/site\/governo-americano-nega-ter-perdido-criancas-imigrantes\/\",\"url\":\"https:\/\/www.notibras.com\/site\/governo-americano-nega-ter-perdido-criancas-imigrantes\/\",\"name\":\"Governo americano nega ter 'perdido' crian\u00e7as imigrantes - Notibras\",\"isPartOf\":{\"@id\":\"https:\/\/www.notibras.com\/site\/#website\"},\"primaryImageOfPage\":{\"@id\":\"https:\/\/www.notibras.com\/site\/governo-americano-nega-ter-perdido-criancas-imigrantes\/#primaryimage\"},\"image\":{\"@id\":\"https:\/\/www.notibras.com\/site\/governo-americano-nega-ter-perdido-criancas-imigrantes\/#primaryimage\"},\"thumbnailUrl\":\"https:\/\/www.notibras.com\/site\/wp-content\/uploads\/2018\/05\/1527623798759.jpg\",\"datePublished\":\"2018-05-30T10:33:32+00:00\",\"breadcrumb\":{\"@id\":\"https:\/\/www.notibras.com\/site\/governo-americano-nega-ter-perdido-criancas-imigrantes\/#breadcrumb\"},\"inLanguage\":\"pt-BR\",\"potentialAction\":[{\"@type\":\"ReadAction\",\"target\":[\"https:\/\/www.notibras.com\/site\/governo-americano-nega-ter-perdido-criancas-imigrantes\/\"]}]},{\"@type\":\"ImageObject\",\"inLanguage\":\"pt-BR\",\"@id\":\"https:\/\/www.notibras.com\/site\/governo-americano-nega-ter-perdido-criancas-imigrantes\/#primaryimage\",\"url\":\"https:\/\/www.notibras.com\/site\/wp-content\/uploads\/2018\/05\/1527623798759.jpg\",\"contentUrl\":\"https:\/\/www.notibras.com\/site\/wp-content\/uploads\/2018\/05\/1527623798759.jpg\",\"width\":932,\"height\":621,\"caption\":\"Duas meninas imigrantes s\u00e3o mantidas em alojamento do governo americano no Arizona Foto: AP Photo\/Ross D. Franklin\"},{\"@type\":\"BreadcrumbList\",\"@id\":\"https:\/\/www.notibras.com\/site\/governo-americano-nega-ter-perdido-criancas-imigrantes\/#breadcrumb\",\"itemListElement\":[{\"@type\":\"ListItem\",\"position\":1,\"name\":\"In\u00edcio\",\"item\":\"https:\/\/www.notibras.com\/site\/\"},{\"@type\":\"ListItem\",\"position\":2,\"name\":\"Governo americano nega ter &#8216;perdido&#8217; crian\u00e7as imigrantes\"}]},{\"@type\":\"WebSite\",\"@id\":\"https:\/\/www.notibras.com\/site\/#website\",\"url\":\"https:\/\/www.notibras.com\/site\/\",\"name\":\"Notibras\",\"description\":\"Not\u00edcias de Bras\u00edlia, do Brasil e do Mundo\",\"publisher\":{\"@id\":\"https:\/\/www.notibras.com\/site\/#organization\"},\"potentialAction\":[{\"@type\":\"SearchAction\",\"target\":{\"@type\":\"EntryPoint\",\"urlTemplate\":\"https:\/\/www.notibras.com\/site\/?s={search_term_string}\"},\"query-input\":{\"@type\":\"PropertyValueSpecification\",\"valueRequired\":true,\"valueName\":\"search_term_string\"}}],\"inLanguage\":\"pt-BR\"},{\"@type\":\"Organization\",\"@id\":\"https:\/\/www.notibras.com\/site\/#organization\",\"name\":\"Grupo Notibras de Comunica\u00e7\u00e3o\",\"url\":\"https:\/\/www.notibras.com\/site\/\",\"logo\":{\"@type\":\"ImageObject\",\"inLanguage\":\"pt-BR\",\"@id\":\"https:\/\/www.notibras.com\/site\/#\/schema\/logo\/image\/\",\"url\":\"https:\/\/www.notibras.com\/site\/wp-content\/uploads\/2023\/01\/notibras23.png\",\"contentUrl\":\"https:\/\/www.notibras.com\/site\/wp-content\/uploads\/2023\/01\/notibras23.png\",\"width\":350,\"height\":87,\"caption\":\"Grupo Notibras de Comunica\u00e7\u00e3o\"},\"image\":{\"@id\":\"https:\/\/www.notibras.com\/site\/#\/schema\/logo\/image\/\"},\"sameAs\":[\"https:\/\/www.facebook.com\/notibras\/\",\"https:\/\/x.com\/Notibras\",\"https:\/\/www.instagram.com\/notibras\/\"]},{\"@type\":\"Person\",\"@id\":\"https:\/\/www.notibras.com\/site\/#\/schema\/person\/00b8e1aa08f9ef6563e878c5159d01cf\",\"name\":\"Reda\u00e7\u00e3o\",\"image\":{\"@type\":\"ImageObject\",\"inLanguage\":\"pt-BR\",\"@id\":\"https:\/\/secure.gravatar.com\/avatar\/ac5a707d5b47784a5ed426c6e213e201423c750890f64e4c379114dade67dfb9?s=96&d=mm&r=g\",\"url\":\"https:\/\/secure.gravatar.com\/avatar\/ac5a707d5b47784a5ed426c6e213e201423c750890f64e4c379114dade67dfb9?s=96&d=mm&r=g\",\"contentUrl\":\"https:\/\/secure.gravatar.com\/avatar\/ac5a707d5b47784a5ed426c6e213e201423c750890f64e4c379114dade67dfb9?s=96&d=mm&r=g\",\"caption\":\"Reda\u00e7\u00e3o\"}}]}<\/script>\n<!-- \/ Yoast SEO plugin. -->","yoast_head_json":{"title":"Governo americano nega ter 'perdido' crian\u00e7as imigrantes - Notibras","robots":{"index":"index","follow":"follow","max-snippet":"max-snippet:-1","max-image-preview":"max-image-preview:large","max-video-preview":"max-video-preview:-1"},"canonical":"https:\/\/www.notibras.com\/site\/governo-americano-nega-ter-perdido-criancas-imigrantes\/","og_locale":"pt_BR","og_type":"article","og_title":"Governo americano nega ter 'perdido' crian\u00e7as imigrantes - Notibras","og_description":"O governo dos Estados Unidos rebateu as informa\u00e7\u00f5es que afirmam que quase 1,5 mil imigrantes ilegais menores de idade sumiram no pa\u00eds ap\u00f3s serem separados da fam\u00edlia na fronteira, alegando que n\u00e3o \u00e9 certo cham\u00e1-los de &#8220;desaparecidos&#8221;. Segundo o jornal The New York Times, que cita fontes do Departamento de Sa\u00fade e Servi\u00e7os Humanos (HHS), [&hellip;]","og_url":"https:\/\/www.notibras.com\/site\/governo-americano-nega-ter-perdido-criancas-imigrantes\/","og_site_name":"Notibras","article_publisher":"https:\/\/www.facebook.com\/notibras\/","article_published_time":"2018-05-30T10:33:32+00:00","og_image":[{"width":932,"height":621,"url":"https:\/\/www.notibras.com\/site\/wp-content\/uploads\/2018\/05\/1527623798759.jpg","type":"image\/jpeg"}],"author":"Reda\u00e7\u00e3o","twitter_card":"summary_large_image","twitter_creator":"@Notibras","twitter_site":"@Notibras","twitter_misc":{"Escrito por":"Reda\u00e7\u00e3o","Est. tempo de leitura":"2 minutos"},"schema":{"@context":"https:\/\/schema.org","@graph":[{"@type":"Article","@id":"https:\/\/www.notibras.com\/site\/governo-americano-nega-ter-perdido-criancas-imigrantes\/#article","isPartOf":{"@id":"https:\/\/www.notibras.com\/site\/governo-americano-nega-ter-perdido-criancas-imigrantes\/"},"author":{"name":"Reda\u00e7\u00e3o","@id":"https:\/\/www.notibras.com\/site\/#\/schema\/person\/00b8e1aa08f9ef6563e878c5159d01cf"},"headline":"Governo americano nega ter &#8216;perdido&#8217; crian\u00e7as imigrantes","datePublished":"2018-05-30T10:33:32+00:00","mainEntityOfPage":{"@id":"https:\/\/www.notibras.com\/site\/governo-americano-nega-ter-perdido-criancas-imigrantes\/"},"wordCount":390,"publisher":{"@id":"https:\/\/www.notibras.com\/site\/#organization"},"image":{"@id":"https:\/\/www.notibras.com\/site\/governo-americano-nega-ter-perdido-criancas-imigrantes\/#primaryimage"},"thumbnailUrl":"https:\/\/www.notibras.com\/site\/wp-content\/uploads\/2018\/05\/1527623798759.jpg","articleSection":["Mundo"],"inLanguage":"pt-BR"},{"@type":"WebPage","@id":"https:\/\/www.notibras.com\/site\/governo-americano-nega-ter-perdido-criancas-imigrantes\/","url":"https:\/\/www.notibras.com\/site\/governo-americano-nega-ter-perdido-criancas-imigrantes\/","name":"Governo americano nega ter 'perdido' crian\u00e7as imigrantes - Notibras","isPartOf":{"@id":"https:\/\/www.notibras.com\/site\/#website"},"primaryImageOfPage":{"@id":"https:\/\/www.notibras.com\/site\/governo-americano-nega-ter-perdido-criancas-imigrantes\/#primaryimage"},"image":{"@id":"https:\/\/www.notibras.com\/site\/governo-americano-nega-ter-perdido-criancas-imigrantes\/#primaryimage"},"thumbnailUrl":"https:\/\/www.notibras.com\/site\/wp-content\/uploads\/2018\/05\/1527623798759.jpg","datePublished":"2018-05-30T10:33:32+00:00","breadcrumb":{"@id":"https:\/\/www.notibras.com\/site\/governo-americano-nega-ter-perdido-criancas-imigrantes\/#breadcrumb"},"inLanguage":"pt-BR","potentialAction":[{"@type":"ReadAction","target":["https:\/\/www.notibras.com\/site\/governo-americano-nega-ter-perdido-criancas-imigrantes\/"]}]},{"@type":"ImageObject","inLanguage":"pt-BR","@id":"https:\/\/www.notibras.com\/site\/governo-americano-nega-ter-perdido-criancas-imigrantes\/#primaryimage","url":"https:\/\/www.notibras.com\/site\/wp-content\/uploads\/2018\/05\/1527623798759.jpg","contentUrl":"https:\/\/www.notibras.com\/site\/wp-content\/uploads\/2018\/05\/1527623798759.jpg","width":932,"height":621,"caption":"Duas meninas imigrantes s\u00e3o mantidas em alojamento do governo americano no Arizona Foto: AP Photo\/Ross D. Franklin"},{"@type":"BreadcrumbList","@id":"https:\/\/www.notibras.com\/site\/governo-americano-nega-ter-perdido-criancas-imigrantes\/#breadcrumb","itemListElement":[{"@type":"ListItem","position":1,"name":"In\u00edcio","item":"https:\/\/www.notibras.com\/site\/"},{"@type":"ListItem","position":2,"name":"Governo americano nega ter &#8216;perdido&#8217; crian\u00e7as imigrantes"}]},{"@type":"WebSite","@id":"https:\/\/www.notibras.com\/site\/#website","url":"https:\/\/www.notibras.com\/site\/","name":"Notibras","description":"Not\u00edcias de Bras\u00edlia, do Brasil e do Mundo","publisher":{"@id":"https:\/\/www.notibras.com\/site\/#organization"},"potentialAction":[{"@type":"SearchAction","target":{"@type":"EntryPoint","urlTemplate":"https:\/\/www.notibras.com\/site\/?s={search_term_string}"},"query-input":{"@type":"PropertyValueSpecification","valueRequired":true,"valueName":"search_term_string"}}],"inLanguage":"pt-BR"},{"@type":"Organization","@id":"https:\/\/www.notibras.com\/site\/#organization","name":"Grupo Notibras de Comunica\u00e7\u00e3o","url":"https:\/\/www.notibras.com\/site\/","logo":{"@type":"ImageObject","inLanguage":"pt-BR","@id":"https:\/\/www.notibras.com\/site\/#\/schema\/logo\/image\/","url":"https:\/\/www.notibras.com\/site\/wp-content\/uploads\/2023\/01\/notibras23.png","contentUrl":"https:\/\/www.notibras.com\/site\/wp-content\/uploads\/2023\/01\/notibras23.png","width":350,"height":87,"caption":"Grupo Notibras de Comunica\u00e7\u00e3o"},"image":{"@id":"https:\/\/www.notibras.com\/site\/#\/schema\/logo\/image\/"},"sameAs":["https:\/\/www.facebook.com\/notibras\/","https:\/\/x.com\/Notibras","https:\/\/www.instagram.com\/notibras\/"]},{"@type":"Person","@id":"https:\/\/www.notibras.com\/site\/#\/schema\/person\/00b8e1aa08f9ef6563e878c5159d01cf","name":"Reda\u00e7\u00e3o","image":{"@type":"ImageObject","inLanguage":"pt-BR","@id":"https:\/\/secure.gravatar.com\/avatar\/ac5a707d5b47784a5ed426c6e213e201423c750890f64e4c379114dade67dfb9?s=96&d=mm&r=g","url":"https:\/\/secure.gravatar.com\/avatar\/ac5a707d5b47784a5ed426c6e213e201423c750890f64e4c379114dade67dfb9?s=96&d=mm&r=g","contentUrl":"https:\/\/secure.gravatar.com\/avatar\/ac5a707d5b47784a5ed426c6e213e201423c750890f64e4c379114dade67dfb9?s=96&d=mm&r=g","caption":"Reda\u00e7\u00e3o"}}]}},"amp_enabled":true,"_links":{"self":[{"href":"https:\/\/www.notibras.com\/site\/wp-json\/wp\/v2\/posts\/180896","targetHints":{"allow":["GET"]}}],"collection":[{"href":"https:\/\/www.notibras.com\/site\/wp-json\/wp\/v2\/posts"}],"about":[{"href":"https:\/\/www.notibras.com\/site\/wp-json\/wp\/v2\/types\/post"}],"author":[{"embeddable":true,"href":"https:\/\/www.notibras.com\/site\/wp-json\/wp\/v2\/users\/1"}],"replies":[{"embeddable":true,"href":"https:\/\/www.notibras.com\/site\/wp-json\/wp\/v2\/comments?post=180896"}],"version-history":[{"count":1,"href":"https:\/\/www.notibras.com\/site\/wp-json\/wp\/v2\/posts\/180896\/revisions"}],"predecessor-version":[{"id":180898,"href":"https:\/\/www.notibras.com\/site\/wp-json\/wp\/v2\/posts\/180896\/revisions\/180898"}],"wp:featuredmedia":[{"embeddable":true,"href":"https:\/\/www.notibras.com\/site\/wp-json\/wp\/v2\/media\/180897"}],"wp:attachment":[{"href":"https:\/\/www.notibras.com\/site\/wp-json\/wp\/v2\/media?parent=180896"}],"wp:term":[{"taxonomy":"category","embeddable":true,"href":"https:\/\/www.notibras.com\/site\/wp-json\/wp\/v2\/categories?post=180896"},{"taxonomy":"post_tag","embeddable":true,"href":"https:\/\/www.notibras.com\/site\/wp-json\/wp\/v2\/tags?post=180896"}],"curies":[{"name":"wp","href":"https:\/\/api.w.org\/{rel}","templated":true}]}}