{"id":1809,"date":"2014-02-16T18:42:03","date_gmt":"2014-02-16T21:42:03","guid":{"rendered":"http:\/\/www.notibras.com\/site\/?p=1809"},"modified":"2014-02-16T21:38:40","modified_gmt":"2014-02-17T00:38:40","slug":"arbitragem-erra-e-flamengo-vira-contra-vasco-no-maracana","status":"publish","type":"post","link":"https:\/\/www.notibras.com\/site\/arbitragem-erra-e-flamengo-vira-contra-vasco-no-maracana\/","title":{"rendered":"Arbitragem erra e Flamengo vira contra o Vasco no Maracan\u00e3"},"content":{"rendered":"<p>O vasca\u00edno que foi ao Est\u00e1dio do Maracan\u00e3 certamente saiu revoltado. Depois de ver o tenista Rafael Nadal dar pontap\u00e9 inicial, o torcedor assistiu\u00a0uma s\u00e9rie de pol\u00eamicas resultar em vit\u00f3ria do Flamengo, com\u00a0um gol marcado \u00faltimos minutos.\u00a0O\u00a0cl\u00e1ssico terminou 2 a 1 para o Flamengo, que acabou com a invencibilidade do rival no Campeonato Carioca e alcan\u00e7ou os 19 pontos. J\u00e1 o Vasco ficou com 15, ainda na zona de classifica\u00e7\u00e3o.<\/p>\n<p>O cl\u00e1ssico tinha uma s\u00e9rie de candidatos a destaque, principalmente os refor\u00e7os contratados recentemente. Mas o principal destaque no primeiro tempo foi o juiz Eduardo Cordeiro Guimar\u00e3es e seus auxiliares. Ele j\u00e1 chamou aten\u00e7\u00e3o ao criar\u00a0a primeira pol\u00eamica\u00a0aos 11min. O destaque era para ser Douglas, que fazia sua estreia e cobrou a falta com muita qualidade. A bola bateu no travess\u00e3o, pingou dentro do gol e saiu. Por\u00e9m, nem o \u00e1rbitro, nem o bandeirinha e nem mesmo auxiliar que estava atr\u00e1s do gol perceberam. Haja reclama\u00e7\u00e3o no Maracan\u00e3!<\/p>\n<p>Mesmo assim, o Vasco continuou a mandar no jogo. O Flamengo at\u00e9 assustou em uma finaliza\u00e7\u00e3o de L\u00e9o Moura, mas o time cruzmaltino respondeu com uma boa cobran\u00e7a de falta de Fellipe Bastos e outro lance pol\u00eamico: aos 30min, Everton Costa caiu na \u00e1rea e reclamou de p\u00eanalti n\u00e3o marcado.<\/p>\n<p>Com tanta insist\u00eancia, o Vasco conseguiu marcar aos 36min: Douglas puxou uma tabela em velocidade na direita, foi para a linha de fundo e tocou para tr\u00e1s, nos p\u00e9s de Fellipe Bastos, que balan\u00e7ou a rede.<\/p>\n<p>Mas novamente Eduardo Cordeiro Guimar\u00e3es apareceu na partida. Aos 39min, ap\u00f3s falta marcada quase em cima da linha, Elano cobrou com categoria. O goleiro Martin Silva se esticou, pulou pra tr\u00e1s e espalmou, mas o juiz entendeu que a bola passou da linha. O lance deixou o clima quente e at\u00e9 violento no Maracan\u00e3. Ap\u00f3s reclamarem muito, os vasca\u00ednos desceram para o vesti\u00e1rio furiosos com o juiz.<\/p>\n<p>O intervalo serviu para acalmar os jogadores, j\u00e1 que, durante a etapa final, a partida esfriou. Houve apenas uma pol\u00eamica no come\u00e7o, com pedidos de expuls\u00e3o de Andr\u00e9 Santos, mas depois os times se preocuparam em jogar bola. E jogaram mal.<\/p>\n<p>Os melhores ataques s\u00f3 aconteceram no final do jogo e\u00a0eram flamenguistas. Aos 37min, por exemplo, Hernane foi lan\u00e7ado de frente para o goleiro Martin Silva, mas errou ao tentar tocar por cobertura. E,\u00a0aos 44min, Gabriel conseguiu decidir: ele recebeu passe na entrada da \u00e1rea e finalizou com qualidade para fazer o gol e conseguir roubar algum destaque na partida.<\/p>\n","protected":false},"excerpt":{"rendered":"<p>O vasca\u00edno que foi ao Est\u00e1dio do Maracan\u00e3 certamente saiu revoltado. Depois de ver o tenista Rafael Nadal dar pontap\u00e9 inicial, o torcedor assistiu\u00a0uma s\u00e9rie de pol\u00eamicas resultar em vit\u00f3ria do Flamengo, com\u00a0um gol marcado \u00faltimos minutos.\u00a0O\u00a0cl\u00e1ssico terminou 2 a 1 para o Flamengo, que acabou com a invencibilidade do rival no Campeonato Carioca e [&hellip;]<\/p>\n","protected":false},"author":2,"featured_media":1810,"comment_status":"open","ping_status":"closed","sticky":false,"template":"","format":"standard","meta":{"_acf_changed":false,"footnotes":""},"categories":[19],"tags":[],"class_list":["post-1809","post","type-post","status-publish","format-standard","has-post-thumbnail","hentry","category-esportes"],"acf":[],"yoast_head":"<!-- This site is optimized with the Yoast SEO plugin v27.2 - https:\/\/yoast.com\/product\/yoast-seo-wordpress\/ -->\n<title>Arbitragem erra e Flamengo vira contra o Vasco no Maracan\u00e3 - Notibras<\/title>\n<meta name=\"robots\" content=\"index, follow, max-snippet:-1, max-image-preview:large, max-video-preview:-1\" \/>\n<link rel=\"canonical\" href=\"https:\/\/www.notibras.com\/site\/arbitragem-erra-e-flamengo-vira-contra-vasco-no-maracana\/\" \/>\n<meta property=\"og:locale\" content=\"pt_BR\" \/>\n<meta property=\"og:type\" content=\"article\" \/>\n<meta property=\"og:title\" content=\"Arbitragem erra e Flamengo vira contra o Vasco no Maracan\u00e3 - Notibras\" \/>\n<meta property=\"og:description\" content=\"O vasca\u00edno que foi ao Est\u00e1dio do Maracan\u00e3 certamente saiu revoltado. Depois de ver o tenista Rafael Nadal dar pontap\u00e9 inicial, o torcedor assistiu\u00a0uma s\u00e9rie de pol\u00eamicas resultar em vit\u00f3ria do Flamengo, com\u00a0um gol marcado \u00faltimos minutos.\u00a0O\u00a0cl\u00e1ssico terminou 2 a 1 para o Flamengo, que acabou com a invencibilidade do rival no Campeonato Carioca e [&hellip;]\" \/>\n<meta property=\"og:url\" content=\"https:\/\/www.notibras.com\/site\/arbitragem-erra-e-flamengo-vira-contra-vasco-no-maracana\/\" \/>\n<meta property=\"og:site_name\" content=\"Notibras\" \/>\n<meta property=\"article:publisher\" content=\"https:\/\/www.facebook.com\/notibras\/\" \/>\n<meta property=\"article:published_time\" content=\"2014-02-16T21:42:03+00:00\" \/>\n<meta property=\"article:modified_time\" content=\"2014-02-17T00:38:40+00:00\" \/>\n<meta property=\"og:image\" content=\"https:\/\/www.notibras.com\/site\/wp-content\/uploads\/2014\/02\/14vascainoadilsondeixamcampomauropimentelterra.jpg\" \/>\n\t<meta property=\"og:image:width\" content=\"407\" \/>\n\t<meta property=\"og:image:height\" content=\"305\" \/>\n\t<meta property=\"og:image:type\" content=\"image\/jpeg\" \/>\n<meta name=\"author\" content=\"Reda\u00e7\u00e3o\" \/>\n<meta name=\"twitter:card\" content=\"summary_large_image\" \/>\n<meta name=\"twitter:creator\" content=\"@Notibras\" \/>\n<meta name=\"twitter:site\" content=\"@Notibras\" \/>\n<meta name=\"twitter:label1\" content=\"Escrito por\" \/>\n\t<meta name=\"twitter:data1\" content=\"Reda\u00e7\u00e3o\" \/>\n\t<meta name=\"twitter:label2\" content=\"Est. tempo de leitura\" \/>\n\t<meta name=\"twitter:data2\" content=\"2 minutos\" \/>\n<script type=\"application\/ld+json\" class=\"yoast-schema-graph\">{\"@context\":\"https:\/\/schema.org\",\"@graph\":[{\"@type\":\"Article\",\"@id\":\"https:\/\/www.notibras.com\/site\/arbitragem-erra-e-flamengo-vira-contra-vasco-no-maracana\/#article\",\"isPartOf\":{\"@id\":\"https:\/\/www.notibras.com\/site\/arbitragem-erra-e-flamengo-vira-contra-vasco-no-maracana\/\"},\"author\":{\"name\":\"Reda\u00e7\u00e3o\",\"@id\":\"https:\/\/www.notibras.com\/site\/#\/schema\/person\/36ab0979449956132d3e5b517ea76ac8\"},\"headline\":\"Arbitragem erra e Flamengo vira contra o Vasco no Maracan\u00e3\",\"datePublished\":\"2014-02-16T21:42:03+00:00\",\"dateModified\":\"2014-02-17T00:38:40+00:00\",\"mainEntityOfPage\":{\"@id\":\"https:\/\/www.notibras.com\/site\/arbitragem-erra-e-flamengo-vira-contra-vasco-no-maracana\/\"},\"wordCount\":463,\"commentCount\":0,\"publisher\":{\"@id\":\"https:\/\/www.notibras.com\/site\/#organization\"},\"image\":{\"@id\":\"https:\/\/www.notibras.com\/site\/arbitragem-erra-e-flamengo-vira-contra-vasco-no-maracana\/#primaryimage\"},\"thumbnailUrl\":\"https:\/\/www.notibras.com\/site\/wp-content\/uploads\/2014\/02\/14vascainoadilsondeixamcampomauropimentelterra.jpg\",\"articleSection\":[\"Esportes\"],\"inLanguage\":\"pt-BR\",\"potentialAction\":[{\"@type\":\"CommentAction\",\"name\":\"Comment\",\"target\":[\"https:\/\/www.notibras.com\/site\/arbitragem-erra-e-flamengo-vira-contra-vasco-no-maracana\/#respond\"]}]},{\"@type\":\"WebPage\",\"@id\":\"https:\/\/www.notibras.com\/site\/arbitragem-erra-e-flamengo-vira-contra-vasco-no-maracana\/\",\"url\":\"https:\/\/www.notibras.com\/site\/arbitragem-erra-e-flamengo-vira-contra-vasco-no-maracana\/\",\"name\":\"Arbitragem erra e Flamengo vira contra o Vasco no Maracan\u00e3 - Notibras\",\"isPartOf\":{\"@id\":\"https:\/\/www.notibras.com\/site\/#website\"},\"primaryImageOfPage\":{\"@id\":\"https:\/\/www.notibras.com\/site\/arbitragem-erra-e-flamengo-vira-contra-vasco-no-maracana\/#primaryimage\"},\"image\":{\"@id\":\"https:\/\/www.notibras.com\/site\/arbitragem-erra-e-flamengo-vira-contra-vasco-no-maracana\/#primaryimage\"},\"thumbnailUrl\":\"https:\/\/www.notibras.com\/site\/wp-content\/uploads\/2014\/02\/14vascainoadilsondeixamcampomauropimentelterra.jpg\",\"datePublished\":\"2014-02-16T21:42:03+00:00\",\"dateModified\":\"2014-02-17T00:38:40+00:00\",\"breadcrumb\":{\"@id\":\"https:\/\/www.notibras.com\/site\/arbitragem-erra-e-flamengo-vira-contra-vasco-no-maracana\/#breadcrumb\"},\"inLanguage\":\"pt-BR\",\"potentialAction\":[{\"@type\":\"ReadAction\",\"target\":[\"https:\/\/www.notibras.com\/site\/arbitragem-erra-e-flamengo-vira-contra-vasco-no-maracana\/\"]}]},{\"@type\":\"ImageObject\",\"inLanguage\":\"pt-BR\",\"@id\":\"https:\/\/www.notibras.com\/site\/arbitragem-erra-e-flamengo-vira-contra-vasco-no-maracana\/#primaryimage\",\"url\":\"https:\/\/www.notibras.com\/site\/wp-content\/uploads\/2014\/02\/14vascainoadilsondeixamcampomauropimentelterra.jpg\",\"contentUrl\":\"https:\/\/www.notibras.com\/site\/wp-content\/uploads\/2014\/02\/14vascainoadilsondeixamcampomauropimentelterra.jpg\",\"width\":407,\"height\":305},{\"@type\":\"BreadcrumbList\",\"@id\":\"https:\/\/www.notibras.com\/site\/arbitragem-erra-e-flamengo-vira-contra-vasco-no-maracana\/#breadcrumb\",\"itemListElement\":[{\"@type\":\"ListItem\",\"position\":1,\"name\":\"In\u00edcio\",\"item\":\"https:\/\/www.notibras.com\/site\/\"},{\"@type\":\"ListItem\",\"position\":2,\"name\":\"Arbitragem erra e Flamengo vira contra o Vasco no Maracan\u00e3\"}]},{\"@type\":\"WebSite\",\"@id\":\"https:\/\/www.notibras.com\/site\/#website\",\"url\":\"https:\/\/www.notibras.com\/site\/\",\"name\":\"Notibras\",\"description\":\"Not\u00edcias de Bras\u00edlia, do Brasil e do Mundo\",\"publisher\":{\"@id\":\"https:\/\/www.notibras.com\/site\/#organization\"},\"potentialAction\":[{\"@type\":\"SearchAction\",\"target\":{\"@type\":\"EntryPoint\",\"urlTemplate\":\"https:\/\/www.notibras.com\/site\/?s={search_term_string}\"},\"query-input\":{\"@type\":\"PropertyValueSpecification\",\"valueRequired\":true,\"valueName\":\"search_term_string\"}}],\"inLanguage\":\"pt-BR\"},{\"@type\":\"Organization\",\"@id\":\"https:\/\/www.notibras.com\/site\/#organization\",\"name\":\"Grupo Notibras de Comunica\u00e7\u00e3o\",\"url\":\"https:\/\/www.notibras.com\/site\/\",\"logo\":{\"@type\":\"ImageObject\",\"inLanguage\":\"pt-BR\",\"@id\":\"https:\/\/www.notibras.com\/site\/#\/schema\/logo\/image\/\",\"url\":\"https:\/\/www.notibras.com\/site\/wp-content\/uploads\/2023\/01\/notibras23.png\",\"contentUrl\":\"https:\/\/www.notibras.com\/site\/wp-content\/uploads\/2023\/01\/notibras23.png\",\"width\":350,\"height\":87,\"caption\":\"Grupo Notibras de Comunica\u00e7\u00e3o\"},\"image\":{\"@id\":\"https:\/\/www.notibras.com\/site\/#\/schema\/logo\/image\/\"},\"sameAs\":[\"https:\/\/www.facebook.com\/notibras\/\",\"https:\/\/x.com\/Notibras\",\"https:\/\/www.instagram.com\/notibras\/\"]},{\"@type\":\"Person\",\"@id\":\"https:\/\/www.notibras.com\/site\/#\/schema\/person\/36ab0979449956132d3e5b517ea76ac8\",\"name\":\"Reda\u00e7\u00e3o\",\"image\":{\"@type\":\"ImageObject\",\"inLanguage\":\"pt-BR\",\"@id\":\"https:\/\/secure.gravatar.com\/avatar\/e0a867bdedb85fd243eadf09663511f96fc81e0720a4a42581f334ad4303aa6b?s=96&d=mm&r=g\",\"url\":\"https:\/\/secure.gravatar.com\/avatar\/e0a867bdedb85fd243eadf09663511f96fc81e0720a4a42581f334ad4303aa6b?s=96&d=mm&r=g\",\"contentUrl\":\"https:\/\/secure.gravatar.com\/avatar\/e0a867bdedb85fd243eadf09663511f96fc81e0720a4a42581f334ad4303aa6b?s=96&d=mm&r=g\",\"caption\":\"Reda\u00e7\u00e3o\"}}]}<\/script>\n<!-- \/ Yoast SEO plugin. -->","yoast_head_json":{"title":"Arbitragem erra e Flamengo vira contra o Vasco no Maracan\u00e3 - Notibras","robots":{"index":"index","follow":"follow","max-snippet":"max-snippet:-1","max-image-preview":"max-image-preview:large","max-video-preview":"max-video-preview:-1"},"canonical":"https:\/\/www.notibras.com\/site\/arbitragem-erra-e-flamengo-vira-contra-vasco-no-maracana\/","og_locale":"pt_BR","og_type":"article","og_title":"Arbitragem erra e Flamengo vira contra o Vasco no Maracan\u00e3 - Notibras","og_description":"O vasca\u00edno que foi ao Est\u00e1dio do Maracan\u00e3 certamente saiu revoltado. Depois de ver o tenista Rafael Nadal dar pontap\u00e9 inicial, o torcedor assistiu\u00a0uma s\u00e9rie de pol\u00eamicas resultar em vit\u00f3ria do Flamengo, com\u00a0um gol marcado \u00faltimos minutos.\u00a0O\u00a0cl\u00e1ssico terminou 2 a 1 para o Flamengo, que acabou com a invencibilidade do rival no Campeonato Carioca e [&hellip;]","og_url":"https:\/\/www.notibras.com\/site\/arbitragem-erra-e-flamengo-vira-contra-vasco-no-maracana\/","og_site_name":"Notibras","article_publisher":"https:\/\/www.facebook.com\/notibras\/","article_published_time":"2014-02-16T21:42:03+00:00","article_modified_time":"2014-02-17T00:38:40+00:00","og_image":[{"width":407,"height":305,"url":"https:\/\/www.notibras.com\/site\/wp-content\/uploads\/2014\/02\/14vascainoadilsondeixamcampomauropimentelterra.jpg","type":"image\/jpeg"}],"author":"Reda\u00e7\u00e3o","twitter_card":"summary_large_image","twitter_creator":"@Notibras","twitter_site":"@Notibras","twitter_misc":{"Escrito por":"Reda\u00e7\u00e3o","Est. tempo de leitura":"2 minutos"},"schema":{"@context":"https:\/\/schema.org","@graph":[{"@type":"Article","@id":"https:\/\/www.notibras.com\/site\/arbitragem-erra-e-flamengo-vira-contra-vasco-no-maracana\/#article","isPartOf":{"@id":"https:\/\/www.notibras.com\/site\/arbitragem-erra-e-flamengo-vira-contra-vasco-no-maracana\/"},"author":{"name":"Reda\u00e7\u00e3o","@id":"https:\/\/www.notibras.com\/site\/#\/schema\/person\/36ab0979449956132d3e5b517ea76ac8"},"headline":"Arbitragem erra e Flamengo vira contra o Vasco no Maracan\u00e3","datePublished":"2014-02-16T21:42:03+00:00","dateModified":"2014-02-17T00:38:40+00:00","mainEntityOfPage":{"@id":"https:\/\/www.notibras.com\/site\/arbitragem-erra-e-flamengo-vira-contra-vasco-no-maracana\/"},"wordCount":463,"commentCount":0,"publisher":{"@id":"https:\/\/www.notibras.com\/site\/#organization"},"image":{"@id":"https:\/\/www.notibras.com\/site\/arbitragem-erra-e-flamengo-vira-contra-vasco-no-maracana\/#primaryimage"},"thumbnailUrl":"https:\/\/www.notibras.com\/site\/wp-content\/uploads\/2014\/02\/14vascainoadilsondeixamcampomauropimentelterra.jpg","articleSection":["Esportes"],"inLanguage":"pt-BR","potentialAction":[{"@type":"CommentAction","name":"Comment","target":["https:\/\/www.notibras.com\/site\/arbitragem-erra-e-flamengo-vira-contra-vasco-no-maracana\/#respond"]}]},{"@type":"WebPage","@id":"https:\/\/www.notibras.com\/site\/arbitragem-erra-e-flamengo-vira-contra-vasco-no-maracana\/","url":"https:\/\/www.notibras.com\/site\/arbitragem-erra-e-flamengo-vira-contra-vasco-no-maracana\/","name":"Arbitragem erra e Flamengo vira contra o Vasco no Maracan\u00e3 - Notibras","isPartOf":{"@id":"https:\/\/www.notibras.com\/site\/#website"},"primaryImageOfPage":{"@id":"https:\/\/www.notibras.com\/site\/arbitragem-erra-e-flamengo-vira-contra-vasco-no-maracana\/#primaryimage"},"image":{"@id":"https:\/\/www.notibras.com\/site\/arbitragem-erra-e-flamengo-vira-contra-vasco-no-maracana\/#primaryimage"},"thumbnailUrl":"https:\/\/www.notibras.com\/site\/wp-content\/uploads\/2014\/02\/14vascainoadilsondeixamcampomauropimentelterra.jpg","datePublished":"2014-02-16T21:42:03+00:00","dateModified":"2014-02-17T00:38:40+00:00","breadcrumb":{"@id":"https:\/\/www.notibras.com\/site\/arbitragem-erra-e-flamengo-vira-contra-vasco-no-maracana\/#breadcrumb"},"inLanguage":"pt-BR","potentialAction":[{"@type":"ReadAction","target":["https:\/\/www.notibras.com\/site\/arbitragem-erra-e-flamengo-vira-contra-vasco-no-maracana\/"]}]},{"@type":"ImageObject","inLanguage":"pt-BR","@id":"https:\/\/www.notibras.com\/site\/arbitragem-erra-e-flamengo-vira-contra-vasco-no-maracana\/#primaryimage","url":"https:\/\/www.notibras.com\/site\/wp-content\/uploads\/2014\/02\/14vascainoadilsondeixamcampomauropimentelterra.jpg","contentUrl":"https:\/\/www.notibras.com\/site\/wp-content\/uploads\/2014\/02\/14vascainoadilsondeixamcampomauropimentelterra.jpg","width":407,"height":305},{"@type":"BreadcrumbList","@id":"https:\/\/www.notibras.com\/site\/arbitragem-erra-e-flamengo-vira-contra-vasco-no-maracana\/#breadcrumb","itemListElement":[{"@type":"ListItem","position":1,"name":"In\u00edcio","item":"https:\/\/www.notibras.com\/site\/"},{"@type":"ListItem","position":2,"name":"Arbitragem erra e Flamengo vira contra o Vasco no Maracan\u00e3"}]},{"@type":"WebSite","@id":"https:\/\/www.notibras.com\/site\/#website","url":"https:\/\/www.notibras.com\/site\/","name":"Notibras","description":"Not\u00edcias de Bras\u00edlia, do Brasil e do Mundo","publisher":{"@id":"https:\/\/www.notibras.com\/site\/#organization"},"potentialAction":[{"@type":"SearchAction","target":{"@type":"EntryPoint","urlTemplate":"https:\/\/www.notibras.com\/site\/?s={search_term_string}"},"query-input":{"@type":"PropertyValueSpecification","valueRequired":true,"valueName":"search_term_string"}}],"inLanguage":"pt-BR"},{"@type":"Organization","@id":"https:\/\/www.notibras.com\/site\/#organization","name":"Grupo Notibras de Comunica\u00e7\u00e3o","url":"https:\/\/www.notibras.com\/site\/","logo":{"@type":"ImageObject","inLanguage":"pt-BR","@id":"https:\/\/www.notibras.com\/site\/#\/schema\/logo\/image\/","url":"https:\/\/www.notibras.com\/site\/wp-content\/uploads\/2023\/01\/notibras23.png","contentUrl":"https:\/\/www.notibras.com\/site\/wp-content\/uploads\/2023\/01\/notibras23.png","width":350,"height":87,"caption":"Grupo Notibras de Comunica\u00e7\u00e3o"},"image":{"@id":"https:\/\/www.notibras.com\/site\/#\/schema\/logo\/image\/"},"sameAs":["https:\/\/www.facebook.com\/notibras\/","https:\/\/x.com\/Notibras","https:\/\/www.instagram.com\/notibras\/"]},{"@type":"Person","@id":"https:\/\/www.notibras.com\/site\/#\/schema\/person\/36ab0979449956132d3e5b517ea76ac8","name":"Reda\u00e7\u00e3o","image":{"@type":"ImageObject","inLanguage":"pt-BR","@id":"https:\/\/secure.gravatar.com\/avatar\/e0a867bdedb85fd243eadf09663511f96fc81e0720a4a42581f334ad4303aa6b?s=96&d=mm&r=g","url":"https:\/\/secure.gravatar.com\/avatar\/e0a867bdedb85fd243eadf09663511f96fc81e0720a4a42581f334ad4303aa6b?s=96&d=mm&r=g","contentUrl":"https:\/\/secure.gravatar.com\/avatar\/e0a867bdedb85fd243eadf09663511f96fc81e0720a4a42581f334ad4303aa6b?s=96&d=mm&r=g","caption":"Reda\u00e7\u00e3o"}}]}},"amp_enabled":true,"_links":{"self":[{"href":"https:\/\/www.notibras.com\/site\/wp-json\/wp\/v2\/posts\/1809","targetHints":{"allow":["GET"]}}],"collection":[{"href":"https:\/\/www.notibras.com\/site\/wp-json\/wp\/v2\/posts"}],"about":[{"href":"https:\/\/www.notibras.com\/site\/wp-json\/wp\/v2\/types\/post"}],"author":[{"embeddable":true,"href":"https:\/\/www.notibras.com\/site\/wp-json\/wp\/v2\/users\/2"}],"replies":[{"embeddable":true,"href":"https:\/\/www.notibras.com\/site\/wp-json\/wp\/v2\/comments?post=1809"}],"version-history":[{"count":0,"href":"https:\/\/www.notibras.com\/site\/wp-json\/wp\/v2\/posts\/1809\/revisions"}],"wp:featuredmedia":[{"embeddable":true,"href":"https:\/\/www.notibras.com\/site\/wp-json\/wp\/v2\/media\/1810"}],"wp:attachment":[{"href":"https:\/\/www.notibras.com\/site\/wp-json\/wp\/v2\/media?parent=1809"}],"wp:term":[{"taxonomy":"category","embeddable":true,"href":"https:\/\/www.notibras.com\/site\/wp-json\/wp\/v2\/categories?post=1809"},{"taxonomy":"post_tag","embeddable":true,"href":"https:\/\/www.notibras.com\/site\/wp-json\/wp\/v2\/tags?post=1809"}],"curies":[{"name":"wp","href":"https:\/\/api.w.org\/{rel}","templated":true}]}}