{"id":180982,"date":"2018-05-30T16:08:17","date_gmt":"2018-05-30T19:08:17","guid":{"rendered":"https:\/\/www.notibras.com\/site\/?p=180982"},"modified":"2018-05-30T16:08:17","modified_gmt":"2018-05-30T19:08:17","slug":"crise-politica-na-italia-derruba-euro-bolsas-e-ameaca-economia","status":"publish","type":"post","link":"https:\/\/www.notibras.com\/site\/crise-politica-na-italia-derruba-euro-bolsas-e-ameaca-economia\/","title":{"rendered":"Crise pol\u00edtica na It\u00e1lia derruba euro, bolsas e amea\u00e7a economia"},"content":{"rendered":"<p>A decis\u00e3o tomada pelo presidente da It\u00e1lia, Sergio Mattarella, de rejeitar a forma\u00e7\u00e3o de um governo populista lan\u00e7ou nesta ter\u00e7a-feira, 29, o pa\u00eds em uma crise de confian\u00e7a que afetou os mercados financeiros da Europa. O euro caiu, as bolsas fecharam em baixa e os rendimentos dos t\u00edtulos de dez anos da It\u00e1lia deram um salto.<\/p>\n<p>Dois dias ap\u00f3s o veto imposto \u00e0 nomea\u00e7\u00e3o do economista Paolo Savona, de perfil \u201ceuroc\u00e9tico\u201d, para o Minist\u00e9rio da Economia, a press\u00e3o dos partidos majorit\u00e1rios no Parlamento pela realiza\u00e7\u00e3o de novas elei\u00e7\u00f5es, somada \u00e0s pesquisas que apontam o crescimento dos populistas, provocaram queda nas bolsas de valores do continente.<\/p>\n<p>Os sinais de nervosismo apareceram em todos os indicadores. No mercado de c\u00e2mbio, o euro caiu a US$ 1,16, pior cota\u00e7\u00e3o desde julho de 2017. As bolsas ca\u00edram. Em Londres, o \u00edndice FTSE fechou em baixa de 0,94%. Em Frankfurt, o DAX recuou 1,54% e, em Paris, o CAC 40 perdeu 1,71%. A maior queda foi a da Bolsa de Mil\u00e3o, que fechou em queda de 2,68%, o mais baixo n\u00edvel desde agosto de 2017.<\/p>\n<p>O que parecia ser uma s\u00e9rie de m\u00e1s not\u00edcias para a It\u00e1lia e para a Uni\u00e3o Europeia, no entanto, foi interpretada em Bruxelas como uma \u201cli\u00e7\u00e3o\u201d dos mercados financeiros aos eleitores italianos. Em uma declara\u00e7\u00e3o que provocou revolta em Roma, o comiss\u00e1rio europeu de or\u00e7amento, o conservador alem\u00e3o G\u00fcnther Oettinger, afirmou que \u201cos mercados ensinar\u00e3o os italianos a votar melhor\u201d.<\/p>\n<p>\u201cEstou inquieto e espero que, nas pr\u00f3ximas semanas, os acontecimentos envolvendo a economia da It\u00e1lia possam ser t\u00e3o dr\u00e1sticos que produza um sinal aos eleitores para que n\u00e3o escolham populistas de esquerda ou de direita\u201d, afirmou Oettinger.<\/p>\n<p>Longe de acalmar os \u00e2nimos, a declara\u00e7\u00e3o lan\u00e7ou ainda mais gasolina na fogueira italiana. L\u00edder do Movimento 5 Estrelas (M5S), Luigi Di Maio, partido mais votado na elei\u00e7\u00e3o de mar\u00e7o, atacou a Uni\u00e3o Europeia por desejar o pior para a It\u00e1lia e por tentar manipular a democracia italiana. \u201cPessoas tratam a It\u00e1lia como uma col\u00f4nia de f\u00e9rias onde v\u00eam passar o ver\u00e3o. Mas, em alguns meses, nascer\u00e1 um governo de mudan\u00e7a que, enfim, nos far\u00e1 ser respeitados na Europa\u201d, advertiu.<\/p>\n<p>Pelo Twitter, Matteo Salvini, l\u00edder da Liga, partido de extrema direita, parceiro de coaliz\u00e3o do M5S, foi ainda mais duro com a UE, a qual acusou de estar por tr\u00e1s da decis\u00e3o de Mattarella de nomear o economista Carlo Cottarelli, ex-diretor do Fundo Monet\u00e1rio Internacional (FMI), ao posto de primeiro-ministro.<\/p>\n<p>\u201cEm Bruxelas, eles n\u00e3o t\u00eam nem vergonha. Vejam se n\u00e3o \u00e9 uma amea\u00e7a. Eu n\u00e3o tenho medo\u201d, disse, reiterando sua estrat\u00e9gia de campanha com base em ataques a Bruxelas.<\/p>\n<p>N\u00e3o bastasse a tens\u00e3o pol\u00edtica, a indefini\u00e7\u00e3o de uma data para o in\u00edcio do novo processo eleitoral causou fortes cr\u00edticas ter\u00e7a-feira, 29, em Roma. Rec\u00e9m-nomeado, Cottarelli ainda precisa passar pelo voto de confian\u00e7a do Parlamento \u2013 o que \u00e9 quase imposs\u00edvel sem o apoio de M5S e Liga.<\/p>\n<p>Com isso, restar\u00e1 a Cottarelli apenas gerenciar os assuntos correntes e convocar elei\u00e7\u00f5es antecipadas. No entanto, para ganhar tempo, especula-se que o voto de confian\u00e7a s\u00f3 ser\u00e1 submetido ao Parlamento no dia 29 de julho, o que empurrar\u00e1 as elei\u00e7\u00f5es para setembro ou para o fim do ano. \u201cQueremos a vota\u00e7\u00e3o o mais r\u00e1pido poss\u00edvel\u201d, reclamou Di Maio.<\/p>\n","protected":false},"excerpt":{"rendered":"<p>A decis\u00e3o tomada pelo presidente da It\u00e1lia, Sergio Mattarella, de rejeitar a forma\u00e7\u00e3o de um governo populista lan\u00e7ou nesta ter\u00e7a-feira, 29, o pa\u00eds em uma crise de confian\u00e7a que afetou os mercados financeiros da Europa. O euro caiu, as bolsas fecharam em baixa e os rendimentos dos t\u00edtulos de dez anos da It\u00e1lia deram um [&hellip;]<\/p>\n","protected":false},"author":1,"featured_media":180983,"comment_status":"closed","ping_status":"closed","sticky":false,"template":"","format":"standard","meta":{"_acf_changed":false,"footnotes":""},"categories":[17],"tags":[],"class_list":["post-180982","post","type-post","status-publish","format-standard","has-post-thumbnail","hentry","category-mundo"],"acf":[],"yoast_head":"<!-- This site is optimized with the Yoast SEO plugin v27.2 - https:\/\/yoast.com\/product\/yoast-seo-wordpress\/ -->\n<title>Crise pol\u00edtica na It\u00e1lia derruba euro, bolsas e amea\u00e7a economia - Notibras<\/title>\n<meta name=\"robots\" content=\"index, follow, max-snippet:-1, max-image-preview:large, max-video-preview:-1\" \/>\n<link rel=\"canonical\" href=\"https:\/\/www.notibras.com\/site\/crise-politica-na-italia-derruba-euro-bolsas-e-ameaca-economia\/\" \/>\n<meta property=\"og:locale\" content=\"pt_BR\" \/>\n<meta property=\"og:type\" content=\"article\" \/>\n<meta property=\"og:title\" content=\"Crise pol\u00edtica na It\u00e1lia derruba euro, bolsas e amea\u00e7a economia - Notibras\" \/>\n<meta property=\"og:description\" content=\"A decis\u00e3o tomada pelo presidente da It\u00e1lia, Sergio Mattarella, de rejeitar a forma\u00e7\u00e3o de um governo populista lan\u00e7ou nesta ter\u00e7a-feira, 29, o pa\u00eds em uma crise de confian\u00e7a que afetou os mercados financeiros da Europa. O euro caiu, as bolsas fecharam em baixa e os rendimentos dos t\u00edtulos de dez anos da It\u00e1lia deram um [&hellip;]\" \/>\n<meta property=\"og:url\" content=\"https:\/\/www.notibras.com\/site\/crise-politica-na-italia-derruba-euro-bolsas-e-ameaca-economia\/\" \/>\n<meta property=\"og:site_name\" content=\"Notibras\" \/>\n<meta property=\"article:publisher\" content=\"https:\/\/www.facebook.com\/notibras\/\" \/>\n<meta property=\"article:published_time\" content=\"2018-05-30T19:08:17+00:00\" \/>\n<meta property=\"og:image\" content=\"https:\/\/www.notibras.com\/site\/wp-content\/uploads\/2018\/05\/1527552271140.jpg\" \/>\n\t<meta property=\"og:image:width\" content=\"932\" \/>\n\t<meta property=\"og:image:height\" content=\"621\" \/>\n\t<meta property=\"og:image:type\" content=\"image\/jpeg\" \/>\n<meta name=\"author\" content=\"Reda\u00e7\u00e3o\" \/>\n<meta name=\"twitter:card\" content=\"summary_large_image\" \/>\n<meta name=\"twitter:creator\" content=\"@Notibras\" \/>\n<meta name=\"twitter:site\" content=\"@Notibras\" \/>\n<meta name=\"twitter:label1\" content=\"Escrito por\" \/>\n\t<meta name=\"twitter:data1\" content=\"Reda\u00e7\u00e3o\" \/>\n\t<meta name=\"twitter:label2\" content=\"Est. tempo de leitura\" \/>\n\t<meta name=\"twitter:data2\" content=\"3 minutos\" \/>\n<script type=\"application\/ld+json\" class=\"yoast-schema-graph\">{\"@context\":\"https:\/\/schema.org\",\"@graph\":[{\"@type\":\"Article\",\"@id\":\"https:\/\/www.notibras.com\/site\/crise-politica-na-italia-derruba-euro-bolsas-e-ameaca-economia\/#article\",\"isPartOf\":{\"@id\":\"https:\/\/www.notibras.com\/site\/crise-politica-na-italia-derruba-euro-bolsas-e-ameaca-economia\/\"},\"author\":{\"name\":\"Reda\u00e7\u00e3o\",\"@id\":\"https:\/\/www.notibras.com\/site\/#\/schema\/person\/00b8e1aa08f9ef6563e878c5159d01cf\"},\"headline\":\"Crise pol\u00edtica na It\u00e1lia derruba euro, bolsas e amea\u00e7a economia\",\"datePublished\":\"2018-05-30T19:08:17+00:00\",\"mainEntityOfPage\":{\"@id\":\"https:\/\/www.notibras.com\/site\/crise-politica-na-italia-derruba-euro-bolsas-e-ameaca-economia\/\"},\"wordCount\":621,\"publisher\":{\"@id\":\"https:\/\/www.notibras.com\/site\/#organization\"},\"image\":{\"@id\":\"https:\/\/www.notibras.com\/site\/crise-politica-na-italia-derruba-euro-bolsas-e-ameaca-economia\/#primaryimage\"},\"thumbnailUrl\":\"https:\/\/www.notibras.com\/site\/wp-content\/uploads\/2018\/05\/1527552271140.jpg\",\"articleSection\":[\"Mundo\"],\"inLanguage\":\"pt-BR\"},{\"@type\":\"WebPage\",\"@id\":\"https:\/\/www.notibras.com\/site\/crise-politica-na-italia-derruba-euro-bolsas-e-ameaca-economia\/\",\"url\":\"https:\/\/www.notibras.com\/site\/crise-politica-na-italia-derruba-euro-bolsas-e-ameaca-economia\/\",\"name\":\"Crise pol\u00edtica na It\u00e1lia derruba euro, bolsas e amea\u00e7a economia - Notibras\",\"isPartOf\":{\"@id\":\"https:\/\/www.notibras.com\/site\/#website\"},\"primaryImageOfPage\":{\"@id\":\"https:\/\/www.notibras.com\/site\/crise-politica-na-italia-derruba-euro-bolsas-e-ameaca-economia\/#primaryimage\"},\"image\":{\"@id\":\"https:\/\/www.notibras.com\/site\/crise-politica-na-italia-derruba-euro-bolsas-e-ameaca-economia\/#primaryimage\"},\"thumbnailUrl\":\"https:\/\/www.notibras.com\/site\/wp-content\/uploads\/2018\/05\/1527552271140.jpg\",\"datePublished\":\"2018-05-30T19:08:17+00:00\",\"breadcrumb\":{\"@id\":\"https:\/\/www.notibras.com\/site\/crise-politica-na-italia-derruba-euro-bolsas-e-ameaca-economia\/#breadcrumb\"},\"inLanguage\":\"pt-BR\",\"potentialAction\":[{\"@type\":\"ReadAction\",\"target\":[\"https:\/\/www.notibras.com\/site\/crise-politica-na-italia-derruba-euro-bolsas-e-ameaca-economia\/\"]}]},{\"@type\":\"ImageObject\",\"inLanguage\":\"pt-BR\",\"@id\":\"https:\/\/www.notibras.com\/site\/crise-politica-na-italia-derruba-euro-bolsas-e-ameaca-economia\/#primaryimage\",\"url\":\"https:\/\/www.notibras.com\/site\/wp-content\/uploads\/2018\/05\/1527552271140.jpg\",\"contentUrl\":\"https:\/\/www.notibras.com\/site\/wp-content\/uploads\/2018\/05\/1527552271140.jpg\",\"width\":932,\"height\":621,\"caption\":\"Sergio Mattarella, presidente da It\u00e1lia. Foto: Fabio Frustaci\/ANSA\/AP\"},{\"@type\":\"BreadcrumbList\",\"@id\":\"https:\/\/www.notibras.com\/site\/crise-politica-na-italia-derruba-euro-bolsas-e-ameaca-economia\/#breadcrumb\",\"itemListElement\":[{\"@type\":\"ListItem\",\"position\":1,\"name\":\"In\u00edcio\",\"item\":\"https:\/\/www.notibras.com\/site\/\"},{\"@type\":\"ListItem\",\"position\":2,\"name\":\"Crise pol\u00edtica na It\u00e1lia derruba euro, bolsas e amea\u00e7a economia\"}]},{\"@type\":\"WebSite\",\"@id\":\"https:\/\/www.notibras.com\/site\/#website\",\"url\":\"https:\/\/www.notibras.com\/site\/\",\"name\":\"Notibras\",\"description\":\"Not\u00edcias de Bras\u00edlia, do Brasil e do Mundo\",\"publisher\":{\"@id\":\"https:\/\/www.notibras.com\/site\/#organization\"},\"potentialAction\":[{\"@type\":\"SearchAction\",\"target\":{\"@type\":\"EntryPoint\",\"urlTemplate\":\"https:\/\/www.notibras.com\/site\/?s={search_term_string}\"},\"query-input\":{\"@type\":\"PropertyValueSpecification\",\"valueRequired\":true,\"valueName\":\"search_term_string\"}}],\"inLanguage\":\"pt-BR\"},{\"@type\":\"Organization\",\"@id\":\"https:\/\/www.notibras.com\/site\/#organization\",\"name\":\"Grupo Notibras de Comunica\u00e7\u00e3o\",\"url\":\"https:\/\/www.notibras.com\/site\/\",\"logo\":{\"@type\":\"ImageObject\",\"inLanguage\":\"pt-BR\",\"@id\":\"https:\/\/www.notibras.com\/site\/#\/schema\/logo\/image\/\",\"url\":\"https:\/\/www.notibras.com\/site\/wp-content\/uploads\/2023\/01\/notibras23.png\",\"contentUrl\":\"https:\/\/www.notibras.com\/site\/wp-content\/uploads\/2023\/01\/notibras23.png\",\"width\":350,\"height\":87,\"caption\":\"Grupo Notibras de Comunica\u00e7\u00e3o\"},\"image\":{\"@id\":\"https:\/\/www.notibras.com\/site\/#\/schema\/logo\/image\/\"},\"sameAs\":[\"https:\/\/www.facebook.com\/notibras\/\",\"https:\/\/x.com\/Notibras\",\"https:\/\/www.instagram.com\/notibras\/\"]},{\"@type\":\"Person\",\"@id\":\"https:\/\/www.notibras.com\/site\/#\/schema\/person\/00b8e1aa08f9ef6563e878c5159d01cf\",\"name\":\"Reda\u00e7\u00e3o\",\"image\":{\"@type\":\"ImageObject\",\"inLanguage\":\"pt-BR\",\"@id\":\"https:\/\/secure.gravatar.com\/avatar\/ac5a707d5b47784a5ed426c6e213e201423c750890f64e4c379114dade67dfb9?s=96&d=mm&r=g\",\"url\":\"https:\/\/secure.gravatar.com\/avatar\/ac5a707d5b47784a5ed426c6e213e201423c750890f64e4c379114dade67dfb9?s=96&d=mm&r=g\",\"contentUrl\":\"https:\/\/secure.gravatar.com\/avatar\/ac5a707d5b47784a5ed426c6e213e201423c750890f64e4c379114dade67dfb9?s=96&d=mm&r=g\",\"caption\":\"Reda\u00e7\u00e3o\"}}]}<\/script>\n<!-- \/ Yoast SEO plugin. -->","yoast_head_json":{"title":"Crise pol\u00edtica na It\u00e1lia derruba euro, bolsas e amea\u00e7a economia - Notibras","robots":{"index":"index","follow":"follow","max-snippet":"max-snippet:-1","max-image-preview":"max-image-preview:large","max-video-preview":"max-video-preview:-1"},"canonical":"https:\/\/www.notibras.com\/site\/crise-politica-na-italia-derruba-euro-bolsas-e-ameaca-economia\/","og_locale":"pt_BR","og_type":"article","og_title":"Crise pol\u00edtica na It\u00e1lia derruba euro, bolsas e amea\u00e7a economia - Notibras","og_description":"A decis\u00e3o tomada pelo presidente da It\u00e1lia, Sergio Mattarella, de rejeitar a forma\u00e7\u00e3o de um governo populista lan\u00e7ou nesta ter\u00e7a-feira, 29, o pa\u00eds em uma crise de confian\u00e7a que afetou os mercados financeiros da Europa. O euro caiu, as bolsas fecharam em baixa e os rendimentos dos t\u00edtulos de dez anos da It\u00e1lia deram um [&hellip;]","og_url":"https:\/\/www.notibras.com\/site\/crise-politica-na-italia-derruba-euro-bolsas-e-ameaca-economia\/","og_site_name":"Notibras","article_publisher":"https:\/\/www.facebook.com\/notibras\/","article_published_time":"2018-05-30T19:08:17+00:00","og_image":[{"width":932,"height":621,"url":"https:\/\/www.notibras.com\/site\/wp-content\/uploads\/2018\/05\/1527552271140.jpg","type":"image\/jpeg"}],"author":"Reda\u00e7\u00e3o","twitter_card":"summary_large_image","twitter_creator":"@Notibras","twitter_site":"@Notibras","twitter_misc":{"Escrito por":"Reda\u00e7\u00e3o","Est. tempo de leitura":"3 minutos"},"schema":{"@context":"https:\/\/schema.org","@graph":[{"@type":"Article","@id":"https:\/\/www.notibras.com\/site\/crise-politica-na-italia-derruba-euro-bolsas-e-ameaca-economia\/#article","isPartOf":{"@id":"https:\/\/www.notibras.com\/site\/crise-politica-na-italia-derruba-euro-bolsas-e-ameaca-economia\/"},"author":{"name":"Reda\u00e7\u00e3o","@id":"https:\/\/www.notibras.com\/site\/#\/schema\/person\/00b8e1aa08f9ef6563e878c5159d01cf"},"headline":"Crise pol\u00edtica na It\u00e1lia derruba euro, bolsas e amea\u00e7a economia","datePublished":"2018-05-30T19:08:17+00:00","mainEntityOfPage":{"@id":"https:\/\/www.notibras.com\/site\/crise-politica-na-italia-derruba-euro-bolsas-e-ameaca-economia\/"},"wordCount":621,"publisher":{"@id":"https:\/\/www.notibras.com\/site\/#organization"},"image":{"@id":"https:\/\/www.notibras.com\/site\/crise-politica-na-italia-derruba-euro-bolsas-e-ameaca-economia\/#primaryimage"},"thumbnailUrl":"https:\/\/www.notibras.com\/site\/wp-content\/uploads\/2018\/05\/1527552271140.jpg","articleSection":["Mundo"],"inLanguage":"pt-BR"},{"@type":"WebPage","@id":"https:\/\/www.notibras.com\/site\/crise-politica-na-italia-derruba-euro-bolsas-e-ameaca-economia\/","url":"https:\/\/www.notibras.com\/site\/crise-politica-na-italia-derruba-euro-bolsas-e-ameaca-economia\/","name":"Crise pol\u00edtica na It\u00e1lia derruba euro, bolsas e amea\u00e7a economia - Notibras","isPartOf":{"@id":"https:\/\/www.notibras.com\/site\/#website"},"primaryImageOfPage":{"@id":"https:\/\/www.notibras.com\/site\/crise-politica-na-italia-derruba-euro-bolsas-e-ameaca-economia\/#primaryimage"},"image":{"@id":"https:\/\/www.notibras.com\/site\/crise-politica-na-italia-derruba-euro-bolsas-e-ameaca-economia\/#primaryimage"},"thumbnailUrl":"https:\/\/www.notibras.com\/site\/wp-content\/uploads\/2018\/05\/1527552271140.jpg","datePublished":"2018-05-30T19:08:17+00:00","breadcrumb":{"@id":"https:\/\/www.notibras.com\/site\/crise-politica-na-italia-derruba-euro-bolsas-e-ameaca-economia\/#breadcrumb"},"inLanguage":"pt-BR","potentialAction":[{"@type":"ReadAction","target":["https:\/\/www.notibras.com\/site\/crise-politica-na-italia-derruba-euro-bolsas-e-ameaca-economia\/"]}]},{"@type":"ImageObject","inLanguage":"pt-BR","@id":"https:\/\/www.notibras.com\/site\/crise-politica-na-italia-derruba-euro-bolsas-e-ameaca-economia\/#primaryimage","url":"https:\/\/www.notibras.com\/site\/wp-content\/uploads\/2018\/05\/1527552271140.jpg","contentUrl":"https:\/\/www.notibras.com\/site\/wp-content\/uploads\/2018\/05\/1527552271140.jpg","width":932,"height":621,"caption":"Sergio Mattarella, presidente da It\u00e1lia. Foto: Fabio Frustaci\/ANSA\/AP"},{"@type":"BreadcrumbList","@id":"https:\/\/www.notibras.com\/site\/crise-politica-na-italia-derruba-euro-bolsas-e-ameaca-economia\/#breadcrumb","itemListElement":[{"@type":"ListItem","position":1,"name":"In\u00edcio","item":"https:\/\/www.notibras.com\/site\/"},{"@type":"ListItem","position":2,"name":"Crise pol\u00edtica na It\u00e1lia derruba euro, bolsas e amea\u00e7a economia"}]},{"@type":"WebSite","@id":"https:\/\/www.notibras.com\/site\/#website","url":"https:\/\/www.notibras.com\/site\/","name":"Notibras","description":"Not\u00edcias de Bras\u00edlia, do Brasil e do Mundo","publisher":{"@id":"https:\/\/www.notibras.com\/site\/#organization"},"potentialAction":[{"@type":"SearchAction","target":{"@type":"EntryPoint","urlTemplate":"https:\/\/www.notibras.com\/site\/?s={search_term_string}"},"query-input":{"@type":"PropertyValueSpecification","valueRequired":true,"valueName":"search_term_string"}}],"inLanguage":"pt-BR"},{"@type":"Organization","@id":"https:\/\/www.notibras.com\/site\/#organization","name":"Grupo Notibras de Comunica\u00e7\u00e3o","url":"https:\/\/www.notibras.com\/site\/","logo":{"@type":"ImageObject","inLanguage":"pt-BR","@id":"https:\/\/www.notibras.com\/site\/#\/schema\/logo\/image\/","url":"https:\/\/www.notibras.com\/site\/wp-content\/uploads\/2023\/01\/notibras23.png","contentUrl":"https:\/\/www.notibras.com\/site\/wp-content\/uploads\/2023\/01\/notibras23.png","width":350,"height":87,"caption":"Grupo Notibras de Comunica\u00e7\u00e3o"},"image":{"@id":"https:\/\/www.notibras.com\/site\/#\/schema\/logo\/image\/"},"sameAs":["https:\/\/www.facebook.com\/notibras\/","https:\/\/x.com\/Notibras","https:\/\/www.instagram.com\/notibras\/"]},{"@type":"Person","@id":"https:\/\/www.notibras.com\/site\/#\/schema\/person\/00b8e1aa08f9ef6563e878c5159d01cf","name":"Reda\u00e7\u00e3o","image":{"@type":"ImageObject","inLanguage":"pt-BR","@id":"https:\/\/secure.gravatar.com\/avatar\/ac5a707d5b47784a5ed426c6e213e201423c750890f64e4c379114dade67dfb9?s=96&d=mm&r=g","url":"https:\/\/secure.gravatar.com\/avatar\/ac5a707d5b47784a5ed426c6e213e201423c750890f64e4c379114dade67dfb9?s=96&d=mm&r=g","contentUrl":"https:\/\/secure.gravatar.com\/avatar\/ac5a707d5b47784a5ed426c6e213e201423c750890f64e4c379114dade67dfb9?s=96&d=mm&r=g","caption":"Reda\u00e7\u00e3o"}}]}},"amp_enabled":true,"_links":{"self":[{"href":"https:\/\/www.notibras.com\/site\/wp-json\/wp\/v2\/posts\/180982","targetHints":{"allow":["GET"]}}],"collection":[{"href":"https:\/\/www.notibras.com\/site\/wp-json\/wp\/v2\/posts"}],"about":[{"href":"https:\/\/www.notibras.com\/site\/wp-json\/wp\/v2\/types\/post"}],"author":[{"embeddable":true,"href":"https:\/\/www.notibras.com\/site\/wp-json\/wp\/v2\/users\/1"}],"replies":[{"embeddable":true,"href":"https:\/\/www.notibras.com\/site\/wp-json\/wp\/v2\/comments?post=180982"}],"version-history":[{"count":1,"href":"https:\/\/www.notibras.com\/site\/wp-json\/wp\/v2\/posts\/180982\/revisions"}],"predecessor-version":[{"id":180984,"href":"https:\/\/www.notibras.com\/site\/wp-json\/wp\/v2\/posts\/180982\/revisions\/180984"}],"wp:featuredmedia":[{"embeddable":true,"href":"https:\/\/www.notibras.com\/site\/wp-json\/wp\/v2\/media\/180983"}],"wp:attachment":[{"href":"https:\/\/www.notibras.com\/site\/wp-json\/wp\/v2\/media?parent=180982"}],"wp:term":[{"taxonomy":"category","embeddable":true,"href":"https:\/\/www.notibras.com\/site\/wp-json\/wp\/v2\/categories?post=180982"},{"taxonomy":"post_tag","embeddable":true,"href":"https:\/\/www.notibras.com\/site\/wp-json\/wp\/v2\/tags?post=180982"}],"curies":[{"name":"wp","href":"https:\/\/api.w.org\/{rel}","templated":true}]}}