{"id":180985,"date":"2018-05-30T17:46:32","date_gmt":"2018-05-30T20:46:32","guid":{"rendered":"https:\/\/www.notibras.com\/site\/?p=180985"},"modified":"2018-05-30T17:46:32","modified_gmt":"2018-05-30T20:46:32","slug":"estado-islamico-reivindica-autoria-de-ataque-na-belgica","status":"publish","type":"post","link":"https:\/\/www.notibras.com\/site\/estado-islamico-reivindica-autoria-de-ataque-na-belgica\/","title":{"rendered":"Estado Isl\u00e2mico reivindica autoria de ataque na B\u00e9lgica"},"content":{"rendered":"<p>O grupo Estado Isl\u00e2mico reivindicou nesta quarta-feira, 30, a autoria do ataque que matou duas policiais e um civil na ter\u00e7a-feira, em Li\u00e9ge, B\u00e9gica. Segundo um site de propaganda dos terroristas, o homem que cometeu o ataque &#8211; morto depois em uma troca de tiros com a pol\u00edcia &#8211; era um &#8220;soldado do califado&#8221;.<\/p>\n<p>Mais cedo, promotores belgas afirmaram que o homem cometeu um &#8220;assassinato terrorista&#8221; e poderia ter a inten\u00e7\u00e3o de causar mais mortes. As autoridades tentam agora determinar se ele agiu sozinho. A pol\u00edcia informou que no dia anterior ao ataque, na segunda-feira, ele teria matado uma outra pessoa.<\/p>\n<p>Benjamin Herman, de 31 anos, era um detento e estava em uma licen\u00e7a de dois dias quando atacou duas policiais, apunhalando-as repetidamente. Depois disso, roubou suas armas e disparou contra elas, segundo as autoridades. Em seguida, ele atravessou a rua e realizou diversos disparos contra um homem de 22 anos que estava dentro de um carro. Ent\u00e3o, levou uma mulher como ref\u00e9m para dentro de uma escola nas proximidades. Quando a pol\u00edcia cercou o local, Herman correu para a cal\u00e7ada, atirando contra os policiais, foi baleado e morreu. Quatro agentes ficaram feridos.<\/p>\n<p>Segundo os promotores, o homem gritou &#8220;Allahu akbar&#8221; (Al\u00e1 \u00e9 grande, em \u00e1rabe) v\u00e1rias vezes. A ju\u00edza federal belga Wenke Roggen disse que o ataque foi considerado &#8220;assassinato terrorista e tentativa de homic\u00eddio terrorista&#8221;. Ela explicou que o modo de agir &#8211; atacar policiais com facas e roubar suas armas &#8211; \u00e9 semelhante ao mostrado em v\u00eddeos do Estado Isl\u00e2mico.<\/p>\n<p>Wenke acrescentou que o homem tamb\u00e9m estava em contato com pessoas radicalizadas. Segundo a ju\u00edza, o ataque come\u00e7ou do lado de fora de um caf\u00e9. Wenke explicou que ele entrou e saiu do local algumas vezes depois de atirar nas policiais, mas os clientes do estabelecimento fugiram ou se esconderam gra\u00e7as \u00e0 a\u00e7\u00e3o r\u00e1pida do dono do local.<\/p>\n<p>Nesta quarta, as autoridades belgas confirmaram que o atirador de Li\u00e8ge assassinou uma pessoa na segunda-feira. Segundo o ministro do Interior belga, Jan Jambon, a v\u00edtima era um ex-detento que esteve preso junto com Herman. Jambon afirmou que o homem morreu atigido por um objeto pontiagudo na cabe\u00e7a.<\/p>\n<p>Sobre o ataque de ter\u00e7a, o ministro disse que a mulher feita ref\u00e9m dentro da escola pode ter derrubado o atirador e, assim, evitado mortes dentro da escola. Jambon, o primeiro-ministro belga, Charles Michel, e o rei Philippe visitaram a v\u00edtima no hospital, onde estava sendo tratada. &#8220;Ela foi muito corajosa&#8221;, afirmou.<\/p>\n<p>A ref\u00e9m foi identificada apenas pelo seu primeiro nome, Darifa. Ela chegou a falar com a TV estatal RTBF, e afirmou que Herman queria &#8220;agitar&#8221; a pol\u00edcia. Ele perguntou se Darifa era mu\u00e7ulmana e se estava observando o m\u00eas sagrado de jejum do Ramad\u00e3.<\/p>\n<p>&#8220;Ele me disse: &#8216;n\u00e3o se preocupe, n\u00e3o vou fazer nada. Escute, fa\u00e7a o que eu disser, mas n\u00e3o se preocupe. Eu n\u00e3o vou fazer nada com voc\u00ea'&#8221;, revelou Darifa. Ela disse que Herman jogou seu documento de identidade no ch\u00e3o antes de sair correndo para confrontar a pol\u00edcia. &#8220;Eu acho que ele sabia que tudo estava acabado para ele. E saiu.&#8221;<\/p>\n<p>Segundo Jambon, a investiga\u00e7\u00e3o sobre o incidente vai incluir as circunst\u00e2ncias sob as quais Herman foi liberado da pris\u00e3o. Al\u00e9m disso, um investigador especializado em terrorismo pediu aut\u00f3psias dos mortos e um exame toxicol\u00f3gico do terrorista.<\/p>\n<p><strong>Hist\u00f3rico &#8211;\u00a0<\/strong>De acordo com as informa\u00e7\u00f5es dos promotores, o atirador teve uma s\u00e9rie de desentendimentos com a pol\u00edcia desde quando era menor de idade. Herman foi condenado por crimes envolvendo agress\u00e3o, drogas e insubordina\u00e7\u00e3o.<\/p>\n<p>Apesar da declara\u00e7\u00e3o da ju\u00edza Wenke sobre seu contato com outras pessoas radicalizadas, Jambon afirmou que se trata de um caso isolado. &#8220;Ele n\u00e3o fazia parte de uma rede, n\u00e3o recebia instru\u00e7\u00f5es de ningu\u00e9m, ent\u00e3o n\u00e3o h\u00e1 necessidade de elevar o n\u00edvel de alerta terrorista&#8221;, disse, acrescentando que os investigadores n\u00e3o t\u00eam informa\u00e7\u00f5es precisas sobre qualquer outro poss\u00edvel ataque.<\/p>\n<p>Questionado sobre como duas policiais foram desarmadas, o ministro elogiou o trabalho dos funcion\u00e1rios envolvidos, ressaltando que &#8220;a pol\u00edcia fez um trabalho extraordin\u00e1rio&#8221;. &#8220;Eles reagiram bem. Todos os sistemas, todos os procedimentos funcionaram. Mas se voc\u00ea \u00e9 atacado por tr\u00e1s, como foi o caso das duas policiais, voc\u00ea n\u00e3o pode fazer nada.&#8221;<\/p>\n<p>As policiais foram identificadas como Soraya Belkacemi, de 44 anos, e Lucile Garcia, de 54 anos. O passageiro morto dentro do carro era Cyril Vangriecken, de 22 anos. Ele se preparava para se tornar professor em uma escola prim\u00e1ria.<\/p>\n<p>O ataque abalou a B\u00e9lgica, onde policiais e for\u00e7as militares trabalham para proteger pr\u00e9dios p\u00fablicos h\u00e1 dois anos, desde que ataques suicidas coordenados no aeroporto de Bruxelas e no metr\u00f4 mataram 32 pessoas e feriram centenas em 22 de mar\u00e7o de 2016.<\/p>\n","protected":false},"excerpt":{"rendered":"<p>O grupo Estado Isl\u00e2mico reivindicou nesta quarta-feira, 30, a autoria do ataque que matou duas policiais e um civil na ter\u00e7a-feira, em Li\u00e9ge, B\u00e9gica. Segundo um site de propaganda dos terroristas, o homem que cometeu o ataque &#8211; morto depois em uma troca de tiros com a pol\u00edcia &#8211; era um &#8220;soldado do califado&#8221;. Mais [&hellip;]<\/p>\n","protected":false},"author":1,"featured_media":180986,"comment_status":"closed","ping_status":"closed","sticky":false,"template":"","format":"standard","meta":{"_acf_changed":false,"footnotes":""},"categories":[17],"tags":[],"class_list":["post-180985","post","type-post","status-publish","format-standard","has-post-thumbnail","hentry","category-mundo"],"acf":[],"yoast_head":"<!-- This site is optimized with the Yoast SEO plugin v27.2 - https:\/\/yoast.com\/product\/yoast-seo-wordpress\/ -->\n<title>Estado Isl\u00e2mico reivindica autoria de ataque na B\u00e9lgica - Notibras<\/title>\n<meta name=\"robots\" content=\"index, follow, max-snippet:-1, max-image-preview:large, max-video-preview:-1\" \/>\n<link rel=\"canonical\" href=\"https:\/\/www.notibras.com\/site\/estado-islamico-reivindica-autoria-de-ataque-na-belgica\/\" \/>\n<meta property=\"og:locale\" content=\"pt_BR\" \/>\n<meta property=\"og:type\" content=\"article\" \/>\n<meta property=\"og:title\" content=\"Estado Isl\u00e2mico reivindica autoria de ataque na B\u00e9lgica - Notibras\" \/>\n<meta property=\"og:description\" content=\"O grupo Estado Isl\u00e2mico reivindicou nesta quarta-feira, 30, a autoria do ataque que matou duas policiais e um civil na ter\u00e7a-feira, em Li\u00e9ge, B\u00e9gica. Segundo um site de propaganda dos terroristas, o homem que cometeu o ataque &#8211; morto depois em uma troca de tiros com a pol\u00edcia &#8211; era um &#8220;soldado do califado&#8221;. Mais [&hellip;]\" \/>\n<meta property=\"og:url\" content=\"https:\/\/www.notibras.com\/site\/estado-islamico-reivindica-autoria-de-ataque-na-belgica\/\" \/>\n<meta property=\"og:site_name\" content=\"Notibras\" \/>\n<meta property=\"article:publisher\" content=\"https:\/\/www.facebook.com\/notibras\/\" \/>\n<meta property=\"article:published_time\" content=\"2018-05-30T20:46:32+00:00\" \/>\n<meta property=\"og:image\" content=\"https:\/\/www.notibras.com\/site\/wp-content\/uploads\/2018\/05\/1527597355559.jpg\" \/>\n\t<meta property=\"og:image:width\" content=\"932\" \/>\n\t<meta property=\"og:image:height\" content=\"621\" \/>\n\t<meta property=\"og:image:type\" content=\"image\/jpeg\" \/>\n<meta name=\"author\" content=\"Reda\u00e7\u00e3o\" \/>\n<meta name=\"twitter:card\" content=\"summary_large_image\" \/>\n<meta name=\"twitter:creator\" content=\"@Notibras\" \/>\n<meta name=\"twitter:site\" content=\"@Notibras\" \/>\n<meta name=\"twitter:label1\" content=\"Escrito por\" \/>\n\t<meta name=\"twitter:data1\" content=\"Reda\u00e7\u00e3o\" \/>\n\t<meta name=\"twitter:label2\" content=\"Est. tempo de leitura\" \/>\n\t<meta name=\"twitter:data2\" content=\"4 minutos\" \/>\n<script type=\"application\/ld+json\" class=\"yoast-schema-graph\">{\"@context\":\"https:\/\/schema.org\",\"@graph\":[{\"@type\":\"Article\",\"@id\":\"https:\/\/www.notibras.com\/site\/estado-islamico-reivindica-autoria-de-ataque-na-belgica\/#article\",\"isPartOf\":{\"@id\":\"https:\/\/www.notibras.com\/site\/estado-islamico-reivindica-autoria-de-ataque-na-belgica\/\"},\"author\":{\"name\":\"Reda\u00e7\u00e3o\",\"@id\":\"https:\/\/www.notibras.com\/site\/#\/schema\/person\/00b8e1aa08f9ef6563e878c5159d01cf\"},\"headline\":\"Estado Isl\u00e2mico reivindica autoria de ataque na B\u00e9lgica\",\"datePublished\":\"2018-05-30T20:46:32+00:00\",\"mainEntityOfPage\":{\"@id\":\"https:\/\/www.notibras.com\/site\/estado-islamico-reivindica-autoria-de-ataque-na-belgica\/\"},\"wordCount\":853,\"publisher\":{\"@id\":\"https:\/\/www.notibras.com\/site\/#organization\"},\"image\":{\"@id\":\"https:\/\/www.notibras.com\/site\/estado-islamico-reivindica-autoria-de-ataque-na-belgica\/#primaryimage\"},\"thumbnailUrl\":\"https:\/\/www.notibras.com\/site\/wp-content\/uploads\/2018\/05\/1527597355559.jpg\",\"articleSection\":[\"Mundo\"],\"inLanguage\":\"pt-BR\"},{\"@type\":\"WebPage\",\"@id\":\"https:\/\/www.notibras.com\/site\/estado-islamico-reivindica-autoria-de-ataque-na-belgica\/\",\"url\":\"https:\/\/www.notibras.com\/site\/estado-islamico-reivindica-autoria-de-ataque-na-belgica\/\",\"name\":\"Estado Isl\u00e2mico reivindica autoria de ataque na B\u00e9lgica - Notibras\",\"isPartOf\":{\"@id\":\"https:\/\/www.notibras.com\/site\/#website\"},\"primaryImageOfPage\":{\"@id\":\"https:\/\/www.notibras.com\/site\/estado-islamico-reivindica-autoria-de-ataque-na-belgica\/#primaryimage\"},\"image\":{\"@id\":\"https:\/\/www.notibras.com\/site\/estado-islamico-reivindica-autoria-de-ataque-na-belgica\/#primaryimage\"},\"thumbnailUrl\":\"https:\/\/www.notibras.com\/site\/wp-content\/uploads\/2018\/05\/1527597355559.jpg\",\"datePublished\":\"2018-05-30T20:46:32+00:00\",\"breadcrumb\":{\"@id\":\"https:\/\/www.notibras.com\/site\/estado-islamico-reivindica-autoria-de-ataque-na-belgica\/#breadcrumb\"},\"inLanguage\":\"pt-BR\",\"potentialAction\":[{\"@type\":\"ReadAction\",\"target\":[\"https:\/\/www.notibras.com\/site\/estado-islamico-reivindica-autoria-de-ataque-na-belgica\/\"]}]},{\"@type\":\"ImageObject\",\"inLanguage\":\"pt-BR\",\"@id\":\"https:\/\/www.notibras.com\/site\/estado-islamico-reivindica-autoria-de-ataque-na-belgica\/#primaryimage\",\"url\":\"https:\/\/www.notibras.com\/site\/wp-content\/uploads\/2018\/05\/1527597355559.jpg\",\"contentUrl\":\"https:\/\/www.notibras.com\/site\/wp-content\/uploads\/2018\/05\/1527597355559.jpg\",\"width\":932,\"height\":621,\"caption\":\"Peritos trabalham no local em que atirador matou 3 pessoas em Li\u00e8ge, na B\u00e9lgica Foto: AP Photo\/Geert Vanden Wijngaert\"},{\"@type\":\"BreadcrumbList\",\"@id\":\"https:\/\/www.notibras.com\/site\/estado-islamico-reivindica-autoria-de-ataque-na-belgica\/#breadcrumb\",\"itemListElement\":[{\"@type\":\"ListItem\",\"position\":1,\"name\":\"In\u00edcio\",\"item\":\"https:\/\/www.notibras.com\/site\/\"},{\"@type\":\"ListItem\",\"position\":2,\"name\":\"Estado Isl\u00e2mico reivindica autoria de ataque na B\u00e9lgica\"}]},{\"@type\":\"WebSite\",\"@id\":\"https:\/\/www.notibras.com\/site\/#website\",\"url\":\"https:\/\/www.notibras.com\/site\/\",\"name\":\"Notibras\",\"description\":\"Not\u00edcias de Bras\u00edlia, do Brasil e do Mundo\",\"publisher\":{\"@id\":\"https:\/\/www.notibras.com\/site\/#organization\"},\"potentialAction\":[{\"@type\":\"SearchAction\",\"target\":{\"@type\":\"EntryPoint\",\"urlTemplate\":\"https:\/\/www.notibras.com\/site\/?s={search_term_string}\"},\"query-input\":{\"@type\":\"PropertyValueSpecification\",\"valueRequired\":true,\"valueName\":\"search_term_string\"}}],\"inLanguage\":\"pt-BR\"},{\"@type\":\"Organization\",\"@id\":\"https:\/\/www.notibras.com\/site\/#organization\",\"name\":\"Grupo Notibras de Comunica\u00e7\u00e3o\",\"url\":\"https:\/\/www.notibras.com\/site\/\",\"logo\":{\"@type\":\"ImageObject\",\"inLanguage\":\"pt-BR\",\"@id\":\"https:\/\/www.notibras.com\/site\/#\/schema\/logo\/image\/\",\"url\":\"https:\/\/www.notibras.com\/site\/wp-content\/uploads\/2023\/01\/notibras23.png\",\"contentUrl\":\"https:\/\/www.notibras.com\/site\/wp-content\/uploads\/2023\/01\/notibras23.png\",\"width\":350,\"height\":87,\"caption\":\"Grupo Notibras de Comunica\u00e7\u00e3o\"},\"image\":{\"@id\":\"https:\/\/www.notibras.com\/site\/#\/schema\/logo\/image\/\"},\"sameAs\":[\"https:\/\/www.facebook.com\/notibras\/\",\"https:\/\/x.com\/Notibras\",\"https:\/\/www.instagram.com\/notibras\/\"]},{\"@type\":\"Person\",\"@id\":\"https:\/\/www.notibras.com\/site\/#\/schema\/person\/00b8e1aa08f9ef6563e878c5159d01cf\",\"name\":\"Reda\u00e7\u00e3o\",\"image\":{\"@type\":\"ImageObject\",\"inLanguage\":\"pt-BR\",\"@id\":\"https:\/\/secure.gravatar.com\/avatar\/ac5a707d5b47784a5ed426c6e213e201423c750890f64e4c379114dade67dfb9?s=96&d=mm&r=g\",\"url\":\"https:\/\/secure.gravatar.com\/avatar\/ac5a707d5b47784a5ed426c6e213e201423c750890f64e4c379114dade67dfb9?s=96&d=mm&r=g\",\"contentUrl\":\"https:\/\/secure.gravatar.com\/avatar\/ac5a707d5b47784a5ed426c6e213e201423c750890f64e4c379114dade67dfb9?s=96&d=mm&r=g\",\"caption\":\"Reda\u00e7\u00e3o\"}}]}<\/script>\n<!-- \/ Yoast SEO plugin. -->","yoast_head_json":{"title":"Estado Isl\u00e2mico reivindica autoria de ataque na B\u00e9lgica - Notibras","robots":{"index":"index","follow":"follow","max-snippet":"max-snippet:-1","max-image-preview":"max-image-preview:large","max-video-preview":"max-video-preview:-1"},"canonical":"https:\/\/www.notibras.com\/site\/estado-islamico-reivindica-autoria-de-ataque-na-belgica\/","og_locale":"pt_BR","og_type":"article","og_title":"Estado Isl\u00e2mico reivindica autoria de ataque na B\u00e9lgica - Notibras","og_description":"O grupo Estado Isl\u00e2mico reivindicou nesta quarta-feira, 30, a autoria do ataque que matou duas policiais e um civil na ter\u00e7a-feira, em Li\u00e9ge, B\u00e9gica. Segundo um site de propaganda dos terroristas, o homem que cometeu o ataque &#8211; morto depois em uma troca de tiros com a pol\u00edcia &#8211; era um &#8220;soldado do califado&#8221;. Mais [&hellip;]","og_url":"https:\/\/www.notibras.com\/site\/estado-islamico-reivindica-autoria-de-ataque-na-belgica\/","og_site_name":"Notibras","article_publisher":"https:\/\/www.facebook.com\/notibras\/","article_published_time":"2018-05-30T20:46:32+00:00","og_image":[{"width":932,"height":621,"url":"https:\/\/www.notibras.com\/site\/wp-content\/uploads\/2018\/05\/1527597355559.jpg","type":"image\/jpeg"}],"author":"Reda\u00e7\u00e3o","twitter_card":"summary_large_image","twitter_creator":"@Notibras","twitter_site":"@Notibras","twitter_misc":{"Escrito por":"Reda\u00e7\u00e3o","Est. tempo de leitura":"4 minutos"},"schema":{"@context":"https:\/\/schema.org","@graph":[{"@type":"Article","@id":"https:\/\/www.notibras.com\/site\/estado-islamico-reivindica-autoria-de-ataque-na-belgica\/#article","isPartOf":{"@id":"https:\/\/www.notibras.com\/site\/estado-islamico-reivindica-autoria-de-ataque-na-belgica\/"},"author":{"name":"Reda\u00e7\u00e3o","@id":"https:\/\/www.notibras.com\/site\/#\/schema\/person\/00b8e1aa08f9ef6563e878c5159d01cf"},"headline":"Estado Isl\u00e2mico reivindica autoria de ataque na B\u00e9lgica","datePublished":"2018-05-30T20:46:32+00:00","mainEntityOfPage":{"@id":"https:\/\/www.notibras.com\/site\/estado-islamico-reivindica-autoria-de-ataque-na-belgica\/"},"wordCount":853,"publisher":{"@id":"https:\/\/www.notibras.com\/site\/#organization"},"image":{"@id":"https:\/\/www.notibras.com\/site\/estado-islamico-reivindica-autoria-de-ataque-na-belgica\/#primaryimage"},"thumbnailUrl":"https:\/\/www.notibras.com\/site\/wp-content\/uploads\/2018\/05\/1527597355559.jpg","articleSection":["Mundo"],"inLanguage":"pt-BR"},{"@type":"WebPage","@id":"https:\/\/www.notibras.com\/site\/estado-islamico-reivindica-autoria-de-ataque-na-belgica\/","url":"https:\/\/www.notibras.com\/site\/estado-islamico-reivindica-autoria-de-ataque-na-belgica\/","name":"Estado Isl\u00e2mico reivindica autoria de ataque na B\u00e9lgica - Notibras","isPartOf":{"@id":"https:\/\/www.notibras.com\/site\/#website"},"primaryImageOfPage":{"@id":"https:\/\/www.notibras.com\/site\/estado-islamico-reivindica-autoria-de-ataque-na-belgica\/#primaryimage"},"image":{"@id":"https:\/\/www.notibras.com\/site\/estado-islamico-reivindica-autoria-de-ataque-na-belgica\/#primaryimage"},"thumbnailUrl":"https:\/\/www.notibras.com\/site\/wp-content\/uploads\/2018\/05\/1527597355559.jpg","datePublished":"2018-05-30T20:46:32+00:00","breadcrumb":{"@id":"https:\/\/www.notibras.com\/site\/estado-islamico-reivindica-autoria-de-ataque-na-belgica\/#breadcrumb"},"inLanguage":"pt-BR","potentialAction":[{"@type":"ReadAction","target":["https:\/\/www.notibras.com\/site\/estado-islamico-reivindica-autoria-de-ataque-na-belgica\/"]}]},{"@type":"ImageObject","inLanguage":"pt-BR","@id":"https:\/\/www.notibras.com\/site\/estado-islamico-reivindica-autoria-de-ataque-na-belgica\/#primaryimage","url":"https:\/\/www.notibras.com\/site\/wp-content\/uploads\/2018\/05\/1527597355559.jpg","contentUrl":"https:\/\/www.notibras.com\/site\/wp-content\/uploads\/2018\/05\/1527597355559.jpg","width":932,"height":621,"caption":"Peritos trabalham no local em que atirador matou 3 pessoas em Li\u00e8ge, na B\u00e9lgica Foto: AP Photo\/Geert Vanden Wijngaert"},{"@type":"BreadcrumbList","@id":"https:\/\/www.notibras.com\/site\/estado-islamico-reivindica-autoria-de-ataque-na-belgica\/#breadcrumb","itemListElement":[{"@type":"ListItem","position":1,"name":"In\u00edcio","item":"https:\/\/www.notibras.com\/site\/"},{"@type":"ListItem","position":2,"name":"Estado Isl\u00e2mico reivindica autoria de ataque na B\u00e9lgica"}]},{"@type":"WebSite","@id":"https:\/\/www.notibras.com\/site\/#website","url":"https:\/\/www.notibras.com\/site\/","name":"Notibras","description":"Not\u00edcias de Bras\u00edlia, do Brasil e do Mundo","publisher":{"@id":"https:\/\/www.notibras.com\/site\/#organization"},"potentialAction":[{"@type":"SearchAction","target":{"@type":"EntryPoint","urlTemplate":"https:\/\/www.notibras.com\/site\/?s={search_term_string}"},"query-input":{"@type":"PropertyValueSpecification","valueRequired":true,"valueName":"search_term_string"}}],"inLanguage":"pt-BR"},{"@type":"Organization","@id":"https:\/\/www.notibras.com\/site\/#organization","name":"Grupo Notibras de Comunica\u00e7\u00e3o","url":"https:\/\/www.notibras.com\/site\/","logo":{"@type":"ImageObject","inLanguage":"pt-BR","@id":"https:\/\/www.notibras.com\/site\/#\/schema\/logo\/image\/","url":"https:\/\/www.notibras.com\/site\/wp-content\/uploads\/2023\/01\/notibras23.png","contentUrl":"https:\/\/www.notibras.com\/site\/wp-content\/uploads\/2023\/01\/notibras23.png","width":350,"height":87,"caption":"Grupo Notibras de Comunica\u00e7\u00e3o"},"image":{"@id":"https:\/\/www.notibras.com\/site\/#\/schema\/logo\/image\/"},"sameAs":["https:\/\/www.facebook.com\/notibras\/","https:\/\/x.com\/Notibras","https:\/\/www.instagram.com\/notibras\/"]},{"@type":"Person","@id":"https:\/\/www.notibras.com\/site\/#\/schema\/person\/00b8e1aa08f9ef6563e878c5159d01cf","name":"Reda\u00e7\u00e3o","image":{"@type":"ImageObject","inLanguage":"pt-BR","@id":"https:\/\/secure.gravatar.com\/avatar\/ac5a707d5b47784a5ed426c6e213e201423c750890f64e4c379114dade67dfb9?s=96&d=mm&r=g","url":"https:\/\/secure.gravatar.com\/avatar\/ac5a707d5b47784a5ed426c6e213e201423c750890f64e4c379114dade67dfb9?s=96&d=mm&r=g","contentUrl":"https:\/\/secure.gravatar.com\/avatar\/ac5a707d5b47784a5ed426c6e213e201423c750890f64e4c379114dade67dfb9?s=96&d=mm&r=g","caption":"Reda\u00e7\u00e3o"}}]}},"amp_enabled":true,"_links":{"self":[{"href":"https:\/\/www.notibras.com\/site\/wp-json\/wp\/v2\/posts\/180985","targetHints":{"allow":["GET"]}}],"collection":[{"href":"https:\/\/www.notibras.com\/site\/wp-json\/wp\/v2\/posts"}],"about":[{"href":"https:\/\/www.notibras.com\/site\/wp-json\/wp\/v2\/types\/post"}],"author":[{"embeddable":true,"href":"https:\/\/www.notibras.com\/site\/wp-json\/wp\/v2\/users\/1"}],"replies":[{"embeddable":true,"href":"https:\/\/www.notibras.com\/site\/wp-json\/wp\/v2\/comments?post=180985"}],"version-history":[{"count":1,"href":"https:\/\/www.notibras.com\/site\/wp-json\/wp\/v2\/posts\/180985\/revisions"}],"predecessor-version":[{"id":180987,"href":"https:\/\/www.notibras.com\/site\/wp-json\/wp\/v2\/posts\/180985\/revisions\/180987"}],"wp:featuredmedia":[{"embeddable":true,"href":"https:\/\/www.notibras.com\/site\/wp-json\/wp\/v2\/media\/180986"}],"wp:attachment":[{"href":"https:\/\/www.notibras.com\/site\/wp-json\/wp\/v2\/media?parent=180985"}],"wp:term":[{"taxonomy":"category","embeddable":true,"href":"https:\/\/www.notibras.com\/site\/wp-json\/wp\/v2\/categories?post=180985"},{"taxonomy":"post_tag","embeddable":true,"href":"https:\/\/www.notibras.com\/site\/wp-json\/wp\/v2\/tags?post=180985"}],"curies":[{"name":"wp","href":"https:\/\/api.w.org\/{rel}","templated":true}]}}