{"id":180994,"date":"2018-05-30T18:12:22","date_gmt":"2018-05-30T21:12:22","guid":{"rendered":"https:\/\/www.notibras.com\/site\/?p=180994"},"modified":"2018-05-30T18:12:22","modified_gmt":"2018-05-30T21:12:22","slug":"pobreza-conflito-e-exclusao-ameacam-12-bilhao-de-criancas","status":"publish","type":"post","link":"https:\/\/www.notibras.com\/site\/pobreza-conflito-e-exclusao-ameacam-12-bilhao-de-criancas\/","title":{"rendered":"Pobreza, conflito e exclus\u00e3o amea\u00e7am 1,2 bilh\u00e3o de crian\u00e7as"},"content":{"rendered":"<p>A pobreza, os conflitos e a discrimina\u00e7\u00e3o de g\u00eanero amea\u00e7am a inf\u00e2ncia de mais da metade das crian\u00e7as do mundo, alerta um relat\u00f3rio divulgado nesta quarta-feira (30) pela organiza\u00e7\u00e3o humanit\u00e1ria Save the Children e que analisa a situa\u00e7\u00e3o de 175 pa\u00edses.<\/p>\n<p>Os tr\u00eas principais fatores de risco identificados no estudo afetam mais de 1,2 bilh\u00e3o de crian\u00e7as, enquanto quase 153 milh\u00f5es est\u00e3o em situa\u00e7\u00e3o de &#8220;risco extremo&#8221;, vivendo em 20 pa\u00edses atingidos pelas tr\u00eas amea\u00e7as ao mesmo tempo \u2013 incluindo Sud\u00e3o do Sul, Som\u00e1lia, I\u00eamen e Afeganist\u00e3o \u2013, conforme o estudo, publicado dois dias antes do Dia Internacional da Crian\u00e7a, que ser\u00e1 na pr\u00f3xima sexta-feira, 1\u00ba de junho.<\/p>\n<p>A ONG brit\u00e2nica detalha que a pobreza condena 1 bilh\u00e3o de menores a ter mais possibilidades de morrer antes dos 5 anos, ter problemas de crescimento por desnutri\u00e7\u00e3o, ficar de fora da escola ou ser obrigado a trabalhar; que 240 milh\u00f5es vivem em pa\u00edses imersos em conflitos, o que acarreta na diminui\u00e7\u00e3o da expectativa de vida e que 575 milh\u00f5es de meninas vivem em pa\u00edses onde o preconceito de g\u00eanero \u00e9 uma quest\u00e3o s\u00e9ria, o que aumenta as chances de que tenham a educa\u00e7\u00e3o negada e sejam for\u00e7adas a se casar ou ter filhos antes de estar emocional e fisicamente preparadas.<\/p>\n<p>A desnutri\u00e7\u00e3o, a propaga\u00e7\u00e3o de doen\u00e7as e a falta de atendimento m\u00e9dico mata 20 vezes mais crian\u00e7as em zonas de conflito do que a pr\u00f3pria viol\u00eancia, segundo a organiza\u00e7\u00e3o.<\/p>\n<p>O Save the Children indica que, apesar de ter notado melhorias nas condi\u00e7\u00f5es da inf\u00e2ncia em 95 pa\u00edses no \u00faltimo ano, &#8220;o progresso n\u00e3o est\u00e1 acontecendo r\u00e1pido o suficiente&#8221; e em 40 pa\u00edses a situa\u00e7\u00e3o piorou nos \u00faltimos meses.<\/p>\n<p>&#8220;Mais da metade das crian\u00e7as do mundo come\u00e7a a vida com marcas por motivos como ser menina, viver na pobreza ou estar em uma regi\u00e3o de guerra. Se n\u00e3o tomarmos a\u00e7\u00f5es urgentes, nunca cumpriremos as promessas feitas por todos os pa\u00edses nas Na\u00e7\u00f5es Unidas em 2015 de garantir que at\u00e9 2030 todos as crian\u00e7as sobrevivam, recebam educa\u00e7\u00e3o e estejam protegidas&#8221;, afirmou a diretora-geral da Save the Children International, Helle Thorning-Schmidt.<\/p>\n<p>Neste cen\u00e1rio, o Brasil aparece na classifica\u00e7\u00e3o do \u00cdndice do Fim da Inf\u00e2ncia na 93\u00aa posi\u00e7\u00e3o, no grupo de pa\u00edses onde &#8220;algumas crian\u00e7as perdem a inf\u00e2ncia&#8221;. Conforme essa lista, o local onde a inf\u00e2ncia \u00e9 menos afetada \u00e9 Singapura e o pa\u00eds onde as crian\u00e7as s\u00e3o mais prejudicadas \u00e9 o N\u00edger.<\/p>\n","protected":false},"excerpt":{"rendered":"<p>A pobreza, os conflitos e a discrimina\u00e7\u00e3o de g\u00eanero amea\u00e7am a inf\u00e2ncia de mais da metade das crian\u00e7as do mundo, alerta um relat\u00f3rio divulgado nesta quarta-feira (30) pela organiza\u00e7\u00e3o humanit\u00e1ria Save the Children e que analisa a situa\u00e7\u00e3o de 175 pa\u00edses. Os tr\u00eas principais fatores de risco identificados no estudo afetam mais de 1,2 bilh\u00e3o [&hellip;]<\/p>\n","protected":false},"author":1,"featured_media":167094,"comment_status":"closed","ping_status":"closed","sticky":false,"template":"","format":"standard","meta":{"_acf_changed":false,"footnotes":""},"categories":[17],"tags":[],"class_list":["post-180994","post","type-post","status-publish","format-standard","has-post-thumbnail","hentry","category-mundo"],"acf":[],"yoast_head":"<!-- This site is optimized with the Yoast SEO plugin v27.2 - https:\/\/yoast.com\/product\/yoast-seo-wordpress\/ -->\n<title>Pobreza, conflito e exclus\u00e3o amea\u00e7am 1,2 bilh\u00e3o de crian\u00e7as - Notibras<\/title>\n<meta name=\"robots\" content=\"index, follow, max-snippet:-1, max-image-preview:large, max-video-preview:-1\" \/>\n<link rel=\"canonical\" href=\"https:\/\/www.notibras.com\/site\/pobreza-conflito-e-exclusao-ameacam-12-bilhao-de-criancas\/\" \/>\n<meta property=\"og:locale\" content=\"pt_BR\" \/>\n<meta property=\"og:type\" content=\"article\" \/>\n<meta property=\"og:title\" content=\"Pobreza, conflito e exclus\u00e3o amea\u00e7am 1,2 bilh\u00e3o de crian\u00e7as - Notibras\" \/>\n<meta property=\"og:description\" content=\"A pobreza, os conflitos e a discrimina\u00e7\u00e3o de g\u00eanero amea\u00e7am a inf\u00e2ncia de mais da metade das crian\u00e7as do mundo, alerta um relat\u00f3rio divulgado nesta quarta-feira (30) pela organiza\u00e7\u00e3o humanit\u00e1ria Save the Children e que analisa a situa\u00e7\u00e3o de 175 pa\u00edses. Os tr\u00eas principais fatores de risco identificados no estudo afetam mais de 1,2 bilh\u00e3o [&hellip;]\" \/>\n<meta property=\"og:url\" content=\"https:\/\/www.notibras.com\/site\/pobreza-conflito-e-exclusao-ameacam-12-bilhao-de-criancas\/\" \/>\n<meta property=\"og:site_name\" content=\"Notibras\" \/>\n<meta property=\"article:publisher\" content=\"https:\/\/www.facebook.com\/notibras\/\" \/>\n<meta property=\"article:published_time\" content=\"2018-05-30T21:12:22+00:00\" \/>\n<meta property=\"og:image\" content=\"https:\/\/www.notibras.com\/site\/wp-content\/uploads\/2018\/01\/Guerra-iraque-crian\u00e7as-deslocadas.png\" \/>\n\t<meta property=\"og:image:width\" content=\"925\" \/>\n\t<meta property=\"og:image:height\" content=\"602\" \/>\n\t<meta property=\"og:image:type\" content=\"image\/png\" \/>\n<meta name=\"author\" content=\"Reda\u00e7\u00e3o\" \/>\n<meta name=\"twitter:card\" content=\"summary_large_image\" \/>\n<meta name=\"twitter:creator\" content=\"@Notibras\" \/>\n<meta name=\"twitter:site\" content=\"@Notibras\" \/>\n<meta name=\"twitter:label1\" content=\"Escrito por\" \/>\n\t<meta name=\"twitter:data1\" content=\"Reda\u00e7\u00e3o\" \/>\n\t<meta name=\"twitter:label2\" content=\"Est. tempo de leitura\" \/>\n\t<meta name=\"twitter:data2\" content=\"2 minutos\" \/>\n<script type=\"application\/ld+json\" class=\"yoast-schema-graph\">{\"@context\":\"https:\/\/schema.org\",\"@graph\":[{\"@type\":\"Article\",\"@id\":\"https:\/\/www.notibras.com\/site\/pobreza-conflito-e-exclusao-ameacam-12-bilhao-de-criancas\/#article\",\"isPartOf\":{\"@id\":\"https:\/\/www.notibras.com\/site\/pobreza-conflito-e-exclusao-ameacam-12-bilhao-de-criancas\/\"},\"author\":{\"name\":\"Reda\u00e7\u00e3o\",\"@id\":\"https:\/\/www.notibras.com\/site\/#\/schema\/person\/00b8e1aa08f9ef6563e878c5159d01cf\"},\"headline\":\"Pobreza, conflito e exclus\u00e3o amea\u00e7am 1,2 bilh\u00e3o de crian\u00e7as\",\"datePublished\":\"2018-05-30T21:12:22+00:00\",\"mainEntityOfPage\":{\"@id\":\"https:\/\/www.notibras.com\/site\/pobreza-conflito-e-exclusao-ameacam-12-bilhao-de-criancas\/\"},\"wordCount\":462,\"publisher\":{\"@id\":\"https:\/\/www.notibras.com\/site\/#organization\"},\"image\":{\"@id\":\"https:\/\/www.notibras.com\/site\/pobreza-conflito-e-exclusao-ameacam-12-bilhao-de-criancas\/#primaryimage\"},\"thumbnailUrl\":\"https:\/\/www.notibras.com\/site\/wp-content\/uploads\/2018\/01\/Guerra-iraque-crian\u00e7as-deslocadas.png\",\"articleSection\":[\"Mundo\"],\"inLanguage\":\"pt-BR\"},{\"@type\":\"WebPage\",\"@id\":\"https:\/\/www.notibras.com\/site\/pobreza-conflito-e-exclusao-ameacam-12-bilhao-de-criancas\/\",\"url\":\"https:\/\/www.notibras.com\/site\/pobreza-conflito-e-exclusao-ameacam-12-bilhao-de-criancas\/\",\"name\":\"Pobreza, conflito e exclus\u00e3o amea\u00e7am 1,2 bilh\u00e3o de crian\u00e7as - Notibras\",\"isPartOf\":{\"@id\":\"https:\/\/www.notibras.com\/site\/#website\"},\"primaryImageOfPage\":{\"@id\":\"https:\/\/www.notibras.com\/site\/pobreza-conflito-e-exclusao-ameacam-12-bilhao-de-criancas\/#primaryimage\"},\"image\":{\"@id\":\"https:\/\/www.notibras.com\/site\/pobreza-conflito-e-exclusao-ameacam-12-bilhao-de-criancas\/#primaryimage\"},\"thumbnailUrl\":\"https:\/\/www.notibras.com\/site\/wp-content\/uploads\/2018\/01\/Guerra-iraque-crian\u00e7as-deslocadas.png\",\"datePublished\":\"2018-05-30T21:12:22+00:00\",\"breadcrumb\":{\"@id\":\"https:\/\/www.notibras.com\/site\/pobreza-conflito-e-exclusao-ameacam-12-bilhao-de-criancas\/#breadcrumb\"},\"inLanguage\":\"pt-BR\",\"potentialAction\":[{\"@type\":\"ReadAction\",\"target\":[\"https:\/\/www.notibras.com\/site\/pobreza-conflito-e-exclusao-ameacam-12-bilhao-de-criancas\/\"]}]},{\"@type\":\"ImageObject\",\"inLanguage\":\"pt-BR\",\"@id\":\"https:\/\/www.notibras.com\/site\/pobreza-conflito-e-exclusao-ameacam-12-bilhao-de-criancas\/#primaryimage\",\"url\":\"https:\/\/www.notibras.com\/site\/wp-content\/uploads\/2018\/01\/Guerra-iraque-crian\u00e7as-deslocadas.png\",\"contentUrl\":\"https:\/\/www.notibras.com\/site\/wp-content\/uploads\/2018\/01\/Guerra-iraque-crian\u00e7as-deslocadas.png\",\"width\":925,\"height\":602,\"caption\":\"Foto: Hadi Mizban\/AP Photo\"},{\"@type\":\"BreadcrumbList\",\"@id\":\"https:\/\/www.notibras.com\/site\/pobreza-conflito-e-exclusao-ameacam-12-bilhao-de-criancas\/#breadcrumb\",\"itemListElement\":[{\"@type\":\"ListItem\",\"position\":1,\"name\":\"In\u00edcio\",\"item\":\"https:\/\/www.notibras.com\/site\/\"},{\"@type\":\"ListItem\",\"position\":2,\"name\":\"Pobreza, conflito e exclus\u00e3o amea\u00e7am 1,2 bilh\u00e3o de crian\u00e7as\"}]},{\"@type\":\"WebSite\",\"@id\":\"https:\/\/www.notibras.com\/site\/#website\",\"url\":\"https:\/\/www.notibras.com\/site\/\",\"name\":\"Notibras\",\"description\":\"Not\u00edcias de Bras\u00edlia, do Brasil e do Mundo\",\"publisher\":{\"@id\":\"https:\/\/www.notibras.com\/site\/#organization\"},\"potentialAction\":[{\"@type\":\"SearchAction\",\"target\":{\"@type\":\"EntryPoint\",\"urlTemplate\":\"https:\/\/www.notibras.com\/site\/?s={search_term_string}\"},\"query-input\":{\"@type\":\"PropertyValueSpecification\",\"valueRequired\":true,\"valueName\":\"search_term_string\"}}],\"inLanguage\":\"pt-BR\"},{\"@type\":\"Organization\",\"@id\":\"https:\/\/www.notibras.com\/site\/#organization\",\"name\":\"Grupo Notibras de Comunica\u00e7\u00e3o\",\"url\":\"https:\/\/www.notibras.com\/site\/\",\"logo\":{\"@type\":\"ImageObject\",\"inLanguage\":\"pt-BR\",\"@id\":\"https:\/\/www.notibras.com\/site\/#\/schema\/logo\/image\/\",\"url\":\"https:\/\/www.notibras.com\/site\/wp-content\/uploads\/2023\/01\/notibras23.png\",\"contentUrl\":\"https:\/\/www.notibras.com\/site\/wp-content\/uploads\/2023\/01\/notibras23.png\",\"width\":350,\"height\":87,\"caption\":\"Grupo Notibras de Comunica\u00e7\u00e3o\"},\"image\":{\"@id\":\"https:\/\/www.notibras.com\/site\/#\/schema\/logo\/image\/\"},\"sameAs\":[\"https:\/\/www.facebook.com\/notibras\/\",\"https:\/\/x.com\/Notibras\",\"https:\/\/www.instagram.com\/notibras\/\"]},{\"@type\":\"Person\",\"@id\":\"https:\/\/www.notibras.com\/site\/#\/schema\/person\/00b8e1aa08f9ef6563e878c5159d01cf\",\"name\":\"Reda\u00e7\u00e3o\",\"image\":{\"@type\":\"ImageObject\",\"inLanguage\":\"pt-BR\",\"@id\":\"https:\/\/secure.gravatar.com\/avatar\/ac5a707d5b47784a5ed426c6e213e201423c750890f64e4c379114dade67dfb9?s=96&d=mm&r=g\",\"url\":\"https:\/\/secure.gravatar.com\/avatar\/ac5a707d5b47784a5ed426c6e213e201423c750890f64e4c379114dade67dfb9?s=96&d=mm&r=g\",\"contentUrl\":\"https:\/\/secure.gravatar.com\/avatar\/ac5a707d5b47784a5ed426c6e213e201423c750890f64e4c379114dade67dfb9?s=96&d=mm&r=g\",\"caption\":\"Reda\u00e7\u00e3o\"}}]}<\/script>\n<!-- \/ Yoast SEO plugin. -->","yoast_head_json":{"title":"Pobreza, conflito e exclus\u00e3o amea\u00e7am 1,2 bilh\u00e3o de crian\u00e7as - Notibras","robots":{"index":"index","follow":"follow","max-snippet":"max-snippet:-1","max-image-preview":"max-image-preview:large","max-video-preview":"max-video-preview:-1"},"canonical":"https:\/\/www.notibras.com\/site\/pobreza-conflito-e-exclusao-ameacam-12-bilhao-de-criancas\/","og_locale":"pt_BR","og_type":"article","og_title":"Pobreza, conflito e exclus\u00e3o amea\u00e7am 1,2 bilh\u00e3o de crian\u00e7as - Notibras","og_description":"A pobreza, os conflitos e a discrimina\u00e7\u00e3o de g\u00eanero amea\u00e7am a inf\u00e2ncia de mais da metade das crian\u00e7as do mundo, alerta um relat\u00f3rio divulgado nesta quarta-feira (30) pela organiza\u00e7\u00e3o humanit\u00e1ria Save the Children e que analisa a situa\u00e7\u00e3o de 175 pa\u00edses. Os tr\u00eas principais fatores de risco identificados no estudo afetam mais de 1,2 bilh\u00e3o [&hellip;]","og_url":"https:\/\/www.notibras.com\/site\/pobreza-conflito-e-exclusao-ameacam-12-bilhao-de-criancas\/","og_site_name":"Notibras","article_publisher":"https:\/\/www.facebook.com\/notibras\/","article_published_time":"2018-05-30T21:12:22+00:00","og_image":[{"width":925,"height":602,"url":"https:\/\/www.notibras.com\/site\/wp-content\/uploads\/2018\/01\/Guerra-iraque-crian\u00e7as-deslocadas.png","type":"image\/png"}],"author":"Reda\u00e7\u00e3o","twitter_card":"summary_large_image","twitter_creator":"@Notibras","twitter_site":"@Notibras","twitter_misc":{"Escrito por":"Reda\u00e7\u00e3o","Est. tempo de leitura":"2 minutos"},"schema":{"@context":"https:\/\/schema.org","@graph":[{"@type":"Article","@id":"https:\/\/www.notibras.com\/site\/pobreza-conflito-e-exclusao-ameacam-12-bilhao-de-criancas\/#article","isPartOf":{"@id":"https:\/\/www.notibras.com\/site\/pobreza-conflito-e-exclusao-ameacam-12-bilhao-de-criancas\/"},"author":{"name":"Reda\u00e7\u00e3o","@id":"https:\/\/www.notibras.com\/site\/#\/schema\/person\/00b8e1aa08f9ef6563e878c5159d01cf"},"headline":"Pobreza, conflito e exclus\u00e3o amea\u00e7am 1,2 bilh\u00e3o de crian\u00e7as","datePublished":"2018-05-30T21:12:22+00:00","mainEntityOfPage":{"@id":"https:\/\/www.notibras.com\/site\/pobreza-conflito-e-exclusao-ameacam-12-bilhao-de-criancas\/"},"wordCount":462,"publisher":{"@id":"https:\/\/www.notibras.com\/site\/#organization"},"image":{"@id":"https:\/\/www.notibras.com\/site\/pobreza-conflito-e-exclusao-ameacam-12-bilhao-de-criancas\/#primaryimage"},"thumbnailUrl":"https:\/\/www.notibras.com\/site\/wp-content\/uploads\/2018\/01\/Guerra-iraque-crian\u00e7as-deslocadas.png","articleSection":["Mundo"],"inLanguage":"pt-BR"},{"@type":"WebPage","@id":"https:\/\/www.notibras.com\/site\/pobreza-conflito-e-exclusao-ameacam-12-bilhao-de-criancas\/","url":"https:\/\/www.notibras.com\/site\/pobreza-conflito-e-exclusao-ameacam-12-bilhao-de-criancas\/","name":"Pobreza, conflito e exclus\u00e3o amea\u00e7am 1,2 bilh\u00e3o de crian\u00e7as - Notibras","isPartOf":{"@id":"https:\/\/www.notibras.com\/site\/#website"},"primaryImageOfPage":{"@id":"https:\/\/www.notibras.com\/site\/pobreza-conflito-e-exclusao-ameacam-12-bilhao-de-criancas\/#primaryimage"},"image":{"@id":"https:\/\/www.notibras.com\/site\/pobreza-conflito-e-exclusao-ameacam-12-bilhao-de-criancas\/#primaryimage"},"thumbnailUrl":"https:\/\/www.notibras.com\/site\/wp-content\/uploads\/2018\/01\/Guerra-iraque-crian\u00e7as-deslocadas.png","datePublished":"2018-05-30T21:12:22+00:00","breadcrumb":{"@id":"https:\/\/www.notibras.com\/site\/pobreza-conflito-e-exclusao-ameacam-12-bilhao-de-criancas\/#breadcrumb"},"inLanguage":"pt-BR","potentialAction":[{"@type":"ReadAction","target":["https:\/\/www.notibras.com\/site\/pobreza-conflito-e-exclusao-ameacam-12-bilhao-de-criancas\/"]}]},{"@type":"ImageObject","inLanguage":"pt-BR","@id":"https:\/\/www.notibras.com\/site\/pobreza-conflito-e-exclusao-ameacam-12-bilhao-de-criancas\/#primaryimage","url":"https:\/\/www.notibras.com\/site\/wp-content\/uploads\/2018\/01\/Guerra-iraque-crian\u00e7as-deslocadas.png","contentUrl":"https:\/\/www.notibras.com\/site\/wp-content\/uploads\/2018\/01\/Guerra-iraque-crian\u00e7as-deslocadas.png","width":925,"height":602,"caption":"Foto: Hadi Mizban\/AP Photo"},{"@type":"BreadcrumbList","@id":"https:\/\/www.notibras.com\/site\/pobreza-conflito-e-exclusao-ameacam-12-bilhao-de-criancas\/#breadcrumb","itemListElement":[{"@type":"ListItem","position":1,"name":"In\u00edcio","item":"https:\/\/www.notibras.com\/site\/"},{"@type":"ListItem","position":2,"name":"Pobreza, conflito e exclus\u00e3o amea\u00e7am 1,2 bilh\u00e3o de crian\u00e7as"}]},{"@type":"WebSite","@id":"https:\/\/www.notibras.com\/site\/#website","url":"https:\/\/www.notibras.com\/site\/","name":"Notibras","description":"Not\u00edcias de Bras\u00edlia, do Brasil e do Mundo","publisher":{"@id":"https:\/\/www.notibras.com\/site\/#organization"},"potentialAction":[{"@type":"SearchAction","target":{"@type":"EntryPoint","urlTemplate":"https:\/\/www.notibras.com\/site\/?s={search_term_string}"},"query-input":{"@type":"PropertyValueSpecification","valueRequired":true,"valueName":"search_term_string"}}],"inLanguage":"pt-BR"},{"@type":"Organization","@id":"https:\/\/www.notibras.com\/site\/#organization","name":"Grupo Notibras de Comunica\u00e7\u00e3o","url":"https:\/\/www.notibras.com\/site\/","logo":{"@type":"ImageObject","inLanguage":"pt-BR","@id":"https:\/\/www.notibras.com\/site\/#\/schema\/logo\/image\/","url":"https:\/\/www.notibras.com\/site\/wp-content\/uploads\/2023\/01\/notibras23.png","contentUrl":"https:\/\/www.notibras.com\/site\/wp-content\/uploads\/2023\/01\/notibras23.png","width":350,"height":87,"caption":"Grupo Notibras de Comunica\u00e7\u00e3o"},"image":{"@id":"https:\/\/www.notibras.com\/site\/#\/schema\/logo\/image\/"},"sameAs":["https:\/\/www.facebook.com\/notibras\/","https:\/\/x.com\/Notibras","https:\/\/www.instagram.com\/notibras\/"]},{"@type":"Person","@id":"https:\/\/www.notibras.com\/site\/#\/schema\/person\/00b8e1aa08f9ef6563e878c5159d01cf","name":"Reda\u00e7\u00e3o","image":{"@type":"ImageObject","inLanguage":"pt-BR","@id":"https:\/\/secure.gravatar.com\/avatar\/ac5a707d5b47784a5ed426c6e213e201423c750890f64e4c379114dade67dfb9?s=96&d=mm&r=g","url":"https:\/\/secure.gravatar.com\/avatar\/ac5a707d5b47784a5ed426c6e213e201423c750890f64e4c379114dade67dfb9?s=96&d=mm&r=g","contentUrl":"https:\/\/secure.gravatar.com\/avatar\/ac5a707d5b47784a5ed426c6e213e201423c750890f64e4c379114dade67dfb9?s=96&d=mm&r=g","caption":"Reda\u00e7\u00e3o"}}]}},"amp_enabled":true,"_links":{"self":[{"href":"https:\/\/www.notibras.com\/site\/wp-json\/wp\/v2\/posts\/180994","targetHints":{"allow":["GET"]}}],"collection":[{"href":"https:\/\/www.notibras.com\/site\/wp-json\/wp\/v2\/posts"}],"about":[{"href":"https:\/\/www.notibras.com\/site\/wp-json\/wp\/v2\/types\/post"}],"author":[{"embeddable":true,"href":"https:\/\/www.notibras.com\/site\/wp-json\/wp\/v2\/users\/1"}],"replies":[{"embeddable":true,"href":"https:\/\/www.notibras.com\/site\/wp-json\/wp\/v2\/comments?post=180994"}],"version-history":[{"count":1,"href":"https:\/\/www.notibras.com\/site\/wp-json\/wp\/v2\/posts\/180994\/revisions"}],"predecessor-version":[{"id":180995,"href":"https:\/\/www.notibras.com\/site\/wp-json\/wp\/v2\/posts\/180994\/revisions\/180995"}],"wp:featuredmedia":[{"embeddable":true,"href":"https:\/\/www.notibras.com\/site\/wp-json\/wp\/v2\/media\/167094"}],"wp:attachment":[{"href":"https:\/\/www.notibras.com\/site\/wp-json\/wp\/v2\/media?parent=180994"}],"wp:term":[{"taxonomy":"category","embeddable":true,"href":"https:\/\/www.notibras.com\/site\/wp-json\/wp\/v2\/categories?post=180994"},{"taxonomy":"post_tag","embeddable":true,"href":"https:\/\/www.notibras.com\/site\/wp-json\/wp\/v2\/tags?post=180994"}],"curies":[{"name":"wp","href":"https:\/\/api.w.org\/{rel}","templated":true}]}}