{"id":18122,"date":"2014-08-01T10:07:07","date_gmt":"2014-08-01T13:07:07","guid":{"rendered":"http:\/\/www.notibras.com\/site\/?p=18122"},"modified":"2014-08-01T10:07:07","modified_gmt":"2014-08-01T13:07:07","slug":"pedagios-na-ponte-rio-niteroi-e-na-dutra-ficam-mais-caros-hoje","status":"publish","type":"post","link":"https:\/\/www.notibras.com\/site\/pedagios-na-ponte-rio-niteroi-e-na-dutra-ficam-mais-caros-hoje\/","title":{"rendered":"Ped\u00e1gios na Ponte Rio-Niter\u00f3i e na Dutra ficam mais caros hoje"},"content":{"rendered":"<p>Come\u00e7a a valer nesta sexta-feira (1) o reajuste nos valores de ped\u00e1gio da Ponte Rio-Niter\u00f3i e na Via Dutra. Na ponte, a tarifa foi reajustada em 6,12%, passando de R$ 4,90 para R$ 5,20 para carros de passeio e ve\u00edculos comerciais (por eixo).<\/p>\n<p>Na Rodovia Presidente Dutra, o aumento foi de 7,92%. A tarifa subiu de R$ 10,10 para R$ 10,90 para ve\u00edculos de passeio tanto no ped\u00e1gio de Itatiaia(km 318), no Sul Fluminense, como em Vi\u00fava Gra\u00e7a (km 207), Serop\u00e9dica, na Baixada.<\/p>\n<p>O reajuste foi publicado no dia 24 no Di\u00e1rio Oficial da Uni\u00e3o, ap\u00f3s aprova\u00e7\u00e3o da Ag\u00eancia Nacional de Transportes Terrestres (ANTT).<\/p>\n","protected":false},"excerpt":{"rendered":"<p>Come\u00e7a a valer nesta sexta-feira (1) o reajuste nos valores de ped\u00e1gio da Ponte Rio-Niter\u00f3i e na Via Dutra. Na ponte, a tarifa foi reajustada em 6,12%, passando de R$ 4,90 para R$ 5,20 para carros de passeio e ve\u00edculos comerciais (por eixo). Na Rodovia Presidente Dutra, o aumento foi de 7,92%. A tarifa subiu [&hellip;]<\/p>\n","protected":false},"author":1,"featured_media":18123,"comment_status":"open","ping_status":"closed","sticky":false,"template":"","format":"standard","meta":{"_acf_changed":false,"footnotes":""},"categories":[21],"tags":[],"class_list":["post-18122","post","type-post","status-publish","format-standard","has-post-thumbnail","hentry","category-rio-de-janeiro"],"acf":[],"_links":{"self":[{"href":"https:\/\/www.notibras.com\/site\/wp-json\/wp\/v2\/posts\/18122","targetHints":{"allow":["GET"]}}],"collection":[{"href":"https:\/\/www.notibras.com\/site\/wp-json\/wp\/v2\/posts"}],"about":[{"href":"https:\/\/www.notibras.com\/site\/wp-json\/wp\/v2\/types\/post"}],"author":[{"embeddable":true,"href":"https:\/\/www.notibras.com\/site\/wp-json\/wp\/v2\/users\/1"}],"replies":[{"embeddable":true,"href":"https:\/\/www.notibras.com\/site\/wp-json\/wp\/v2\/comments?post=18122"}],"version-history":[{"count":0,"href":"https:\/\/www.notibras.com\/site\/wp-json\/wp\/v2\/posts\/18122\/revisions"}],"wp:featuredmedia":[{"embeddable":true,"href":"https:\/\/www.notibras.com\/site\/wp-json\/wp\/v2\/media\/18123"}],"wp:attachment":[{"href":"https:\/\/www.notibras.com\/site\/wp-json\/wp\/v2\/media?parent=18122"}],"wp:term":[{"taxonomy":"category","embeddable":true,"href":"https:\/\/www.notibras.com\/site\/wp-json\/wp\/v2\/categories?post=18122"},{"taxonomy":"post_tag","embeddable":true,"href":"https:\/\/www.notibras.com\/site\/wp-json\/wp\/v2\/tags?post=18122"}],"curies":[{"name":"wp","href":"https:\/\/api.w.org\/{rel}","templated":true}]}}