{"id":18128,"date":"2014-08-01T10:29:56","date_gmt":"2014-08-01T13:29:56","guid":{"rendered":"http:\/\/www.notibras.com\/site\/?p=18128"},"modified":"2014-08-01T10:31:03","modified_gmt":"2014-08-01T13:31:03","slug":"pessoas-morrem-afogadas-durante-festa-que-marca-o-fim-do-ramada","status":"publish","type":"post","link":"https:\/\/www.notibras.com\/site\/pessoas-morrem-afogadas-durante-festa-que-marca-o-fim-do-ramada\/","title":{"rendered":"Festa pelo fim do Ramad\u00e3 tem 31 mortos em praia no Paquist\u00e3o"},"content":{"rendered":"<p>Os servi\u00e7os de resgate recuperaram outros dez corpos das agitadas \u00e1guas da costa de Karachi, no Paquist\u00e3o, elevando a 31 o n\u00famero de pessoas que se afogaram na quarta-feira (30), em plena temporada de ventos de mon\u00e7\u00f5es.<\/p>\n<blockquote><p>&#8220;Recuperamos outros dez corpos do mar e o n\u00famero total de pessoas que morreram afogadas \u00e9 31&#8221;, declarou nesta sexta-feira \u00e0 AFP o principal administrador de Karachi, Shoaib Ahmed Siddiqui.<\/p><\/blockquote>\n<p>Siddiqui indicou que as opera\u00e7\u00f5es de busca prosseguiam nesta sexta-feira (1\u00ba), &#8220;j\u00e1 que n\u00e3o estamos certos sobre o n\u00famero de desaparecidos&#8221;, reconheceu.<\/p>\n<p>Os banhistas que se afogaram desobedeceram a proibi\u00e7\u00e3o das autoridades de nadar em frente \u00e0 costa desta cidade do sul do Paquist\u00e3o.<\/p>\n<p>Milhares de pessoas estavam na quarta-feira nas praias da cidade para celebrar a festa do Eid, que marca o fim do Ramad\u00e3 e termina nesta sexta-feira (1\u00ba).<\/p>\n","protected":false},"excerpt":{"rendered":"<p>Os servi\u00e7os de resgate recuperaram outros dez corpos das agitadas \u00e1guas da costa de Karachi, no Paquist\u00e3o, elevando a 31 o n\u00famero de pessoas que se afogaram na quarta-feira (30), em plena temporada de ventos de mon\u00e7\u00f5es. &#8220;Recuperamos outros dez corpos do mar e o n\u00famero total de pessoas que morreram afogadas \u00e9 31&#8221;, declarou [&hellip;]<\/p>\n","protected":false},"author":1,"featured_media":18129,"comment_status":"open","ping_status":"closed","sticky":false,"template":"","format":"standard","meta":{"_acf_changed":false,"footnotes":""},"categories":[17],"tags":[],"class_list":["post-18128","post","type-post","status-publish","format-standard","has-post-thumbnail","hentry","category-mundo"],"acf":[],"_links":{"self":[{"href":"https:\/\/www.notibras.com\/site\/wp-json\/wp\/v2\/posts\/18128","targetHints":{"allow":["GET"]}}],"collection":[{"href":"https:\/\/www.notibras.com\/site\/wp-json\/wp\/v2\/posts"}],"about":[{"href":"https:\/\/www.notibras.com\/site\/wp-json\/wp\/v2\/types\/post"}],"author":[{"embeddable":true,"href":"https:\/\/www.notibras.com\/site\/wp-json\/wp\/v2\/users\/1"}],"replies":[{"embeddable":true,"href":"https:\/\/www.notibras.com\/site\/wp-json\/wp\/v2\/comments?post=18128"}],"version-history":[{"count":0,"href":"https:\/\/www.notibras.com\/site\/wp-json\/wp\/v2\/posts\/18128\/revisions"}],"wp:featuredmedia":[{"embeddable":true,"href":"https:\/\/www.notibras.com\/site\/wp-json\/wp\/v2\/media\/18129"}],"wp:attachment":[{"href":"https:\/\/www.notibras.com\/site\/wp-json\/wp\/v2\/media?parent=18128"}],"wp:term":[{"taxonomy":"category","embeddable":true,"href":"https:\/\/www.notibras.com\/site\/wp-json\/wp\/v2\/categories?post=18128"},{"taxonomy":"post_tag","embeddable":true,"href":"https:\/\/www.notibras.com\/site\/wp-json\/wp\/v2\/tags?post=18128"}],"curies":[{"name":"wp","href":"https:\/\/api.w.org\/{rel}","templated":true}]}}