{"id":18148,"date":"2014-08-01T14:09:22","date_gmt":"2014-08-01T17:09:22","guid":{"rendered":"http:\/\/www.notibras.com\/site\/?p=18148"},"modified":"2014-08-02T21:20:32","modified_gmt":"2014-08-03T00:20:32","slug":"producao-industrial-tem-queda-de-14-e-automoveis-puxam-a-fila","status":"publish","type":"post","link":"https:\/\/www.notibras.com\/site\/producao-industrial-tem-queda-de-14-e-automoveis-puxam-a-fila\/","title":{"rendered":"Produ\u00e7\u00e3o industrial registra uma queda de 1,4% e fila \u00e9 puxada por autom\u00f3veis"},"content":{"rendered":"<p>A produ\u00e7\u00e3o industrial brasileira caiu 1,4% de maio para junho deste ano, segundo dados da Pesquisa Industrial Mensal divulgados nesta sexta 1\u00ba pelo Instituto Brasileiro de Geografia e Estat\u00edstica (IBGE). \u00c9 o quarto m\u00eas seguido de queda do indicador, que havia recuado 0,8% em maio deste ano.<\/p>\n<p>A ind\u00fastria brasileira teve queda em todos os tipos de compara\u00e7\u00e3o: 6,9% na compara\u00e7\u00e3o com junho de 2013 (maior desde setembro de 2009), 2,6% no acumulado do ano e 0,6% no acumulado de 12 meses.<\/p>\n<p>As quatro grandes categorias industriais tiveram queda na passagem de maio para junho: bens de consumo dur\u00e1veis (24,9%), bens de capital (9,7%), bens de consumo semi e n\u00e3o dur\u00e1veis (1,3%) e bens intermedi\u00e1rios (0,1%).<\/p>\n<blockquote><p>A queda de 12,1% na produ\u00e7\u00e3o de ve\u00edculos automotores no pa\u00eds entre maio e junho deste ano foi a principal influ\u00eancia para esse recuo. Segundo dados da Pesquisa Industrial Mensal do IBGE, no entanto, esse n\u00e3o foi o \u00fanico motivo para a quarta queda consecutiva da ind\u00fastria nacional.<\/p><\/blockquote>\n<p>Dezoito das 24 atividades industriais pesquisadas pelo IBGE tiveram recuo na produ\u00e7\u00e3o. Al\u00e9m dos ve\u00edculos, tiveram queda setores como equipamentos de inform\u00e1tica, produtos eletr\u00f4nicos e \u00f3pticos (-29,6%), m\u00e1quinas e equipamentos (-9,4%), vestu\u00e1rio e acess\u00f3rios (-10%) e borracha e pl\u00e1stico (-5,6%).<\/p>\n<p>Seis setores evitaram uma queda maior da ind\u00fastria no per\u00edodo. O principal deles foi o segmento de\u00a0 coque, derivados do petr\u00f3leo e biocombust\u00edveis, que apresentou crescimento de 6,6%. Outro setor importante, que tamb\u00e9m teve resultado positivo em junho, foi o de produtos aliment\u00edcios, com alta de 2,1%.<\/p>\n<p><strong>V\u00edtor Abdala, ABr<\/strong><\/p>\n","protected":false},"excerpt":{"rendered":"<p>A produ\u00e7\u00e3o industrial brasileira caiu 1,4% de maio para junho deste ano, segundo dados da Pesquisa Industrial Mensal divulgados nesta sexta 1\u00ba pelo Instituto Brasileiro de Geografia e Estat\u00edstica (IBGE). \u00c9 o quarto m\u00eas seguido de queda do indicador, que havia recuado 0,8% em maio deste ano. A ind\u00fastria brasileira teve queda em todos os [&hellip;]<\/p>\n","protected":false},"author":2,"featured_media":18149,"comment_status":"open","ping_status":"closed","sticky":false,"template":"","format":"standard","meta":{"_acf_changed":false,"footnotes":""},"categories":[16],"tags":[],"class_list":["post-18148","post","type-post","status-publish","format-standard","has-post-thumbnail","hentry","category-brasil"],"acf":[],"_links":{"self":[{"href":"https:\/\/www.notibras.com\/site\/wp-json\/wp\/v2\/posts\/18148","targetHints":{"allow":["GET"]}}],"collection":[{"href":"https:\/\/www.notibras.com\/site\/wp-json\/wp\/v2\/posts"}],"about":[{"href":"https:\/\/www.notibras.com\/site\/wp-json\/wp\/v2\/types\/post"}],"author":[{"embeddable":true,"href":"https:\/\/www.notibras.com\/site\/wp-json\/wp\/v2\/users\/2"}],"replies":[{"embeddable":true,"href":"https:\/\/www.notibras.com\/site\/wp-json\/wp\/v2\/comments?post=18148"}],"version-history":[{"count":0,"href":"https:\/\/www.notibras.com\/site\/wp-json\/wp\/v2\/posts\/18148\/revisions"}],"wp:featuredmedia":[{"embeddable":true,"href":"https:\/\/www.notibras.com\/site\/wp-json\/wp\/v2\/media\/18149"}],"wp:attachment":[{"href":"https:\/\/www.notibras.com\/site\/wp-json\/wp\/v2\/media?parent=18148"}],"wp:term":[{"taxonomy":"category","embeddable":true,"href":"https:\/\/www.notibras.com\/site\/wp-json\/wp\/v2\/categories?post=18148"},{"taxonomy":"post_tag","embeddable":true,"href":"https:\/\/www.notibras.com\/site\/wp-json\/wp\/v2\/tags?post=18148"}],"curies":[{"name":"wp","href":"https:\/\/api.w.org\/{rel}","templated":true}]}}