{"id":18186,"date":"2014-08-01T18:53:33","date_gmt":"2014-08-01T21:53:33","guid":{"rendered":"http:\/\/www.notibras.com\/site\/?p=18186"},"modified":"2014-08-04T15:30:50","modified_gmt":"2014-08-04T18:30:50","slug":"cvarro-da-policia-bate-em-perseguicao-e-bandido-morre-baleado","status":"publish","type":"post","link":"https:\/\/www.notibras.com\/site\/cvarro-da-policia-bate-em-perseguicao-e-bandido-morre-baleado\/","title":{"rendered":"Carro da pol\u00edcia bate em persegui\u00e7\u00e3o e bandido morre"},"content":{"rendered":"<p>Uma ocorr\u00eancia policial terminou com pelo menos dois baleados e um acidente envolvendo uma viatura da Pol\u00edcia Militar na zona leste de S\u00e3o Paulo.<\/p>\n<p>Segundo a pol\u00edcia, um homem invadiu uma academia na rua Doutor Pedro Batista, em Guaianazes, na noite da quinta-feira 31, e efetuou disparos, ferindo uma pessoa.<\/p>\n<blockquote>\n<p class=\"text\">Acionada, a Pol\u00edcia Militar foi at\u00e9 o local e iniciou uma persegui\u00e7\u00e3o, que terminou na rua Evaldo Calabrez. Segundo a PM, houve troca de tiros e o criminoso foi atingido e morto.<\/p>\n<\/blockquote>\n<p class=\"text\">Durante a persegui\u00e7\u00e3o, uma das viaturas acabou batendo em um poste. Os policiais passam bem.<\/p>\n<p class=\"text\">O caso foi levado para o 53\u00baDP e encaminhado para o Departamento de Homic\u00eddios e de Prote\u00e7\u00e3o \u00e0 Pessoa (DHPP).<\/p>\n","protected":false},"excerpt":{"rendered":"<p>Uma ocorr\u00eancia policial terminou com pelo menos dois baleados e um acidente envolvendo uma viatura da Pol\u00edcia Militar na zona leste de S\u00e3o Paulo. Segundo a pol\u00edcia, um homem invadiu uma academia na rua Doutor Pedro Batista, em Guaianazes, na noite da quinta-feira 31, e efetuou disparos, ferindo uma pessoa. Acionada, a Pol\u00edcia Militar foi [&hellip;]<\/p>\n","protected":false},"author":2,"featured_media":18187,"comment_status":"open","ping_status":"closed","sticky":false,"template":"","format":"standard","meta":{"_acf_changed":false,"footnotes":""},"categories":[24],"tags":[],"class_list":["post-18186","post","type-post","status-publish","format-standard","has-post-thumbnail","hentry","category-sao-paulo"],"acf":[],"_links":{"self":[{"href":"https:\/\/www.notibras.com\/site\/wp-json\/wp\/v2\/posts\/18186","targetHints":{"allow":["GET"]}}],"collection":[{"href":"https:\/\/www.notibras.com\/site\/wp-json\/wp\/v2\/posts"}],"about":[{"href":"https:\/\/www.notibras.com\/site\/wp-json\/wp\/v2\/types\/post"}],"author":[{"embeddable":true,"href":"https:\/\/www.notibras.com\/site\/wp-json\/wp\/v2\/users\/2"}],"replies":[{"embeddable":true,"href":"https:\/\/www.notibras.com\/site\/wp-json\/wp\/v2\/comments?post=18186"}],"version-history":[{"count":0,"href":"https:\/\/www.notibras.com\/site\/wp-json\/wp\/v2\/posts\/18186\/revisions"}],"wp:featuredmedia":[{"embeddable":true,"href":"https:\/\/www.notibras.com\/site\/wp-json\/wp\/v2\/media\/18187"}],"wp:attachment":[{"href":"https:\/\/www.notibras.com\/site\/wp-json\/wp\/v2\/media?parent=18186"}],"wp:term":[{"taxonomy":"category","embeddable":true,"href":"https:\/\/www.notibras.com\/site\/wp-json\/wp\/v2\/categories?post=18186"},{"taxonomy":"post_tag","embeddable":true,"href":"https:\/\/www.notibras.com\/site\/wp-json\/wp\/v2\/tags?post=18186"}],"curies":[{"name":"wp","href":"https:\/\/api.w.org\/{rel}","templated":true}]}}