{"id":1824,"date":"2014-02-16T18:25:02","date_gmt":"2014-02-16T21:25:02","guid":{"rendered":"http:\/\/www.notibras.com\/site\/?p=1824"},"modified":"2014-02-16T21:45:27","modified_gmt":"2014-02-17T00:45:27","slug":"palmeiras-arranca-empate-no-fim-e-corinthians-aumenta-jejum","status":"publish","type":"post","link":"https:\/\/www.notibras.com\/site\/palmeiras-arranca-empate-no-fim-e-corinthians-aumenta-jejum\/","title":{"rendered":"Palmeiras arranca empate no fim e Corinthians aumenta jejum"},"content":{"rendered":"<p>Corinthians e Palmeiras voltaram a se enfrentar neste domingo, ap\u00f3s quase um ano do \u00faltimo cl\u00e1ssico. E, no reencontro dos arquirrivais paulistas, nenhum dos lados levou a melhor. Com um segundo tempo eletrizante, o time alvinegro abriu o placar com Romarinho, mas Alan Kardec empatou perto do fim e finalizou o duelo em 1 a 1, no Est\u00e1dio do Pacaembu, em jogo pela oitava rodada do Campeonato Paulista.<\/p>\n<p>O resultado \u00e9 pior para o Corinthians, que agora aumentou para seis a s\u00e9rie de jogos sem vit\u00f3rias e deve permanecer com a crise que o assola desde a derrota por 5 a 1 para o Santos, pela quarta rodada do Estadual. O Palmeiras, por sua vez, manteve a invencibilidade na temporada e continua com \u00f3tima campanha: seis vit\u00f3rias e dois empates.<\/p>\n<p>Ainda l\u00edder do Grupo D, agora com 20 pontos, a equipe alviverde volta a campo na quarta, contra o Ituano, no Pacaembu, enquanto o Corinthians joga no mesmo dia diante do Oeste, fora de casa. Os jogos ser\u00e3o \u00e0s 22h. O clube alvinegro permaneceu na lanterna da Chave D, com oito pontos\u00a0e distante da zona de classifica\u00e7\u00e3o.<\/p>\n<p>No duelo deste domingo, Corinthians e Palmeiras come\u00e7aram com\u00a0um bom ritmo e\u00a0buscando bastante o gol, mas n\u00e3o finalizavam com precis\u00e3o. J\u00e1 no final da primeira etapa, Wellington quase marcou contra ao tentar tirar de cabe\u00e7a, s\u00f3 que as principais emo\u00e7\u00f5es do cl\u00e1ssico estariam mesmo reservadas para a etapa final.<\/p>\n<p>O resultado \u00e9 pior para o Corinthians, que agora aumentou para seis a s\u00e9rie de jogos sem vit\u00f3rias e deve permanecer com a crise que o assola desde a derrota por 5 a 1 para o Santos, pela quarta rodada do Estadual. O Palmeiras, por sua vez, manteve a invencibilidade na temporada e continua com \u00f3tima campanha: seis vit\u00f3rias e dois empates.<\/p>\n<p>Com Jadson inspirado, o Corinthians come\u00e7ou com tudo. O camisa 10 recebeu passe de Uendel logo no in\u00edcio e chutou firme, tirando tinta da trave direita de Fernando Prass. Em seguida, Guilherme fez grande jogada pela direita, se livrou da marca\u00e7\u00e3o e mandou uma bomba no travess\u00e3o palmeirense.<\/p>\n<p>O Corinthians continuou bem.\u00a0Romarinho apareceu livre na \u00e1rea e finalizou, mas Prass saiu para abafar e fez linda defesa. Pouco depois, o mesmo Romarinho recebeu na \u00e1rea e tocou de letra para\u00a0Guerrero. O peruano ficou na cara de Prass, que novamente defendeu a finaliza\u00e7\u00e3o.<\/p>\n<p>Assim, o gol do Corinthians parecia quest\u00e3o de tempo. Aos 15min, Fagner tabelou com Guilherme na direita e cruzou na medida para Romarinho abrir o placar. Com vantagem, a equipe alvinegra diminuiu o ritmo e parecia tentar segurar o resultado, mas n\u00e3o contava com um bom ataque palmeirense no fim. Aos 38min, Diogo carregou pela direita e\u00a0cruzou com precis\u00e3o. Alan Kardec se antecipou a Felipe e deixou tudo igual no Pacaembu.<\/p>\n","protected":false},"excerpt":{"rendered":"<p>Corinthians e Palmeiras voltaram a se enfrentar neste domingo, ap\u00f3s quase um ano do \u00faltimo cl\u00e1ssico. E, no reencontro dos arquirrivais paulistas, nenhum dos lados levou a melhor. Com um segundo tempo eletrizante, o time alvinegro abriu o placar com Romarinho, mas Alan Kardec empatou perto do fim e finalizou o duelo em 1 a [&hellip;]<\/p>\n","protected":false},"author":2,"featured_media":1825,"comment_status":"open","ping_status":"closed","sticky":false,"template":"","format":"standard","meta":{"_acf_changed":false,"footnotes":""},"categories":[19],"tags":[],"class_list":["post-1824","post","type-post","status-publish","format-standard","has-post-thumbnail","hentry","category-esportes"],"acf":[],"yoast_head":"<!-- This site is optimized with the Yoast SEO plugin v27.2 - https:\/\/yoast.com\/product\/yoast-seo-wordpress\/ -->\n<title>Palmeiras arranca empate no fim e Corinthians aumenta jejum - Notibras<\/title>\n<meta name=\"robots\" content=\"index, follow, max-snippet:-1, max-image-preview:large, max-video-preview:-1\" \/>\n<link rel=\"canonical\" href=\"https:\/\/www.notibras.com\/site\/palmeiras-arranca-empate-no-fim-e-corinthians-aumenta-jejum\/\" \/>\n<meta property=\"og:locale\" content=\"pt_BR\" \/>\n<meta property=\"og:type\" content=\"article\" \/>\n<meta property=\"og:title\" content=\"Palmeiras arranca empate no fim e Corinthians aumenta jejum - Notibras\" \/>\n<meta property=\"og:description\" content=\"Corinthians e Palmeiras voltaram a se enfrentar neste domingo, ap\u00f3s quase um ano do \u00faltimo cl\u00e1ssico. E, no reencontro dos arquirrivais paulistas, nenhum dos lados levou a melhor. Com um segundo tempo eletrizante, o time alvinegro abriu o placar com Romarinho, mas Alan Kardec empatou perto do fim e finalizou o duelo em 1 a [&hellip;]\" \/>\n<meta property=\"og:url\" content=\"https:\/\/www.notibras.com\/site\/palmeiras-arranca-empate-no-fim-e-corinthians-aumenta-jejum\/\" \/>\n<meta property=\"og:site_name\" content=\"Notibras\" \/>\n<meta property=\"article:publisher\" content=\"https:\/\/www.facebook.com\/notibras\/\" \/>\n<meta property=\"article:published_time\" content=\"2014-02-16T21:25:02+00:00\" \/>\n<meta property=\"article:modified_time\" content=\"2014-02-17T00:45:27+00:00\" \/>\n<meta property=\"og:image\" content=\"https:\/\/www.notibras.com\/site\/wp-content\/uploads\/2014\/02\/es1.jpg\" \/>\n\t<meta property=\"og:image:width\" content=\"407\" \/>\n\t<meta property=\"og:image:height\" content=\"305\" \/>\n\t<meta property=\"og:image:type\" content=\"image\/jpeg\" \/>\n<meta name=\"author\" content=\"Reda\u00e7\u00e3o\" \/>\n<meta name=\"twitter:card\" content=\"summary_large_image\" \/>\n<meta name=\"twitter:creator\" content=\"@Notibras\" \/>\n<meta name=\"twitter:site\" content=\"@Notibras\" \/>\n<meta name=\"twitter:label1\" content=\"Escrito por\" \/>\n\t<meta name=\"twitter:data1\" content=\"Reda\u00e7\u00e3o\" \/>\n\t<meta name=\"twitter:label2\" content=\"Est. tempo de leitura\" \/>\n\t<meta name=\"twitter:data2\" content=\"2 minutos\" \/>\n<script type=\"application\/ld+json\" class=\"yoast-schema-graph\">{\"@context\":\"https:\/\/schema.org\",\"@graph\":[{\"@type\":\"Article\",\"@id\":\"https:\/\/www.notibras.com\/site\/palmeiras-arranca-empate-no-fim-e-corinthians-aumenta-jejum\/#article\",\"isPartOf\":{\"@id\":\"https:\/\/www.notibras.com\/site\/palmeiras-arranca-empate-no-fim-e-corinthians-aumenta-jejum\/\"},\"author\":{\"name\":\"Reda\u00e7\u00e3o\",\"@id\":\"https:\/\/www.notibras.com\/site\/#\/schema\/person\/36ab0979449956132d3e5b517ea76ac8\"},\"headline\":\"Palmeiras arranca empate no fim e Corinthians aumenta jejum\",\"datePublished\":\"2014-02-16T21:25:02+00:00\",\"dateModified\":\"2014-02-17T00:45:27+00:00\",\"mainEntityOfPage\":{\"@id\":\"https:\/\/www.notibras.com\/site\/palmeiras-arranca-empate-no-fim-e-corinthians-aumenta-jejum\/\"},\"wordCount\":492,\"commentCount\":0,\"publisher\":{\"@id\":\"https:\/\/www.notibras.com\/site\/#organization\"},\"image\":{\"@id\":\"https:\/\/www.notibras.com\/site\/palmeiras-arranca-empate-no-fim-e-corinthians-aumenta-jejum\/#primaryimage\"},\"thumbnailUrl\":\"https:\/\/www.notibras.com\/site\/wp-content\/uploads\/2014\/02\/es1.jpg\",\"articleSection\":[\"Esportes\"],\"inLanguage\":\"pt-BR\",\"potentialAction\":[{\"@type\":\"CommentAction\",\"name\":\"Comment\",\"target\":[\"https:\/\/www.notibras.com\/site\/palmeiras-arranca-empate-no-fim-e-corinthians-aumenta-jejum\/#respond\"]}]},{\"@type\":\"WebPage\",\"@id\":\"https:\/\/www.notibras.com\/site\/palmeiras-arranca-empate-no-fim-e-corinthians-aumenta-jejum\/\",\"url\":\"https:\/\/www.notibras.com\/site\/palmeiras-arranca-empate-no-fim-e-corinthians-aumenta-jejum\/\",\"name\":\"Palmeiras arranca empate no fim e Corinthians aumenta jejum - Notibras\",\"isPartOf\":{\"@id\":\"https:\/\/www.notibras.com\/site\/#website\"},\"primaryImageOfPage\":{\"@id\":\"https:\/\/www.notibras.com\/site\/palmeiras-arranca-empate-no-fim-e-corinthians-aumenta-jejum\/#primaryimage\"},\"image\":{\"@id\":\"https:\/\/www.notibras.com\/site\/palmeiras-arranca-empate-no-fim-e-corinthians-aumenta-jejum\/#primaryimage\"},\"thumbnailUrl\":\"https:\/\/www.notibras.com\/site\/wp-content\/uploads\/2014\/02\/es1.jpg\",\"datePublished\":\"2014-02-16T21:25:02+00:00\",\"dateModified\":\"2014-02-17T00:45:27+00:00\",\"breadcrumb\":{\"@id\":\"https:\/\/www.notibras.com\/site\/palmeiras-arranca-empate-no-fim-e-corinthians-aumenta-jejum\/#breadcrumb\"},\"inLanguage\":\"pt-BR\",\"potentialAction\":[{\"@type\":\"ReadAction\",\"target\":[\"https:\/\/www.notibras.com\/site\/palmeiras-arranca-empate-no-fim-e-corinthians-aumenta-jejum\/\"]}]},{\"@type\":\"ImageObject\",\"inLanguage\":\"pt-BR\",\"@id\":\"https:\/\/www.notibras.com\/site\/palmeiras-arranca-empate-no-fim-e-corinthians-aumenta-jejum\/#primaryimage\",\"url\":\"https:\/\/www.notibras.com\/site\/wp-content\/uploads\/2014\/02\/es1.jpg\",\"contentUrl\":\"https:\/\/www.notibras.com\/site\/wp-content\/uploads\/2014\/02\/es1.jpg\",\"width\":407,\"height\":305},{\"@type\":\"BreadcrumbList\",\"@id\":\"https:\/\/www.notibras.com\/site\/palmeiras-arranca-empate-no-fim-e-corinthians-aumenta-jejum\/#breadcrumb\",\"itemListElement\":[{\"@type\":\"ListItem\",\"position\":1,\"name\":\"In\u00edcio\",\"item\":\"https:\/\/www.notibras.com\/site\/\"},{\"@type\":\"ListItem\",\"position\":2,\"name\":\"Palmeiras arranca empate no fim e Corinthians aumenta jejum\"}]},{\"@type\":\"WebSite\",\"@id\":\"https:\/\/www.notibras.com\/site\/#website\",\"url\":\"https:\/\/www.notibras.com\/site\/\",\"name\":\"Notibras\",\"description\":\"Not\u00edcias de Bras\u00edlia, do Brasil e do Mundo\",\"publisher\":{\"@id\":\"https:\/\/www.notibras.com\/site\/#organization\"},\"potentialAction\":[{\"@type\":\"SearchAction\",\"target\":{\"@type\":\"EntryPoint\",\"urlTemplate\":\"https:\/\/www.notibras.com\/site\/?s={search_term_string}\"},\"query-input\":{\"@type\":\"PropertyValueSpecification\",\"valueRequired\":true,\"valueName\":\"search_term_string\"}}],\"inLanguage\":\"pt-BR\"},{\"@type\":\"Organization\",\"@id\":\"https:\/\/www.notibras.com\/site\/#organization\",\"name\":\"Grupo Notibras de Comunica\u00e7\u00e3o\",\"url\":\"https:\/\/www.notibras.com\/site\/\",\"logo\":{\"@type\":\"ImageObject\",\"inLanguage\":\"pt-BR\",\"@id\":\"https:\/\/www.notibras.com\/site\/#\/schema\/logo\/image\/\",\"url\":\"https:\/\/www.notibras.com\/site\/wp-content\/uploads\/2023\/01\/notibras23.png\",\"contentUrl\":\"https:\/\/www.notibras.com\/site\/wp-content\/uploads\/2023\/01\/notibras23.png\",\"width\":350,\"height\":87,\"caption\":\"Grupo Notibras de Comunica\u00e7\u00e3o\"},\"image\":{\"@id\":\"https:\/\/www.notibras.com\/site\/#\/schema\/logo\/image\/\"},\"sameAs\":[\"https:\/\/www.facebook.com\/notibras\/\",\"https:\/\/x.com\/Notibras\",\"https:\/\/www.instagram.com\/notibras\/\"]},{\"@type\":\"Person\",\"@id\":\"https:\/\/www.notibras.com\/site\/#\/schema\/person\/36ab0979449956132d3e5b517ea76ac8\",\"name\":\"Reda\u00e7\u00e3o\",\"image\":{\"@type\":\"ImageObject\",\"inLanguage\":\"pt-BR\",\"@id\":\"https:\/\/secure.gravatar.com\/avatar\/e0a867bdedb85fd243eadf09663511f96fc81e0720a4a42581f334ad4303aa6b?s=96&d=mm&r=g\",\"url\":\"https:\/\/secure.gravatar.com\/avatar\/e0a867bdedb85fd243eadf09663511f96fc81e0720a4a42581f334ad4303aa6b?s=96&d=mm&r=g\",\"contentUrl\":\"https:\/\/secure.gravatar.com\/avatar\/e0a867bdedb85fd243eadf09663511f96fc81e0720a4a42581f334ad4303aa6b?s=96&d=mm&r=g\",\"caption\":\"Reda\u00e7\u00e3o\"}}]}<\/script>\n<!-- \/ Yoast SEO plugin. -->","yoast_head_json":{"title":"Palmeiras arranca empate no fim e Corinthians aumenta jejum - Notibras","robots":{"index":"index","follow":"follow","max-snippet":"max-snippet:-1","max-image-preview":"max-image-preview:large","max-video-preview":"max-video-preview:-1"},"canonical":"https:\/\/www.notibras.com\/site\/palmeiras-arranca-empate-no-fim-e-corinthians-aumenta-jejum\/","og_locale":"pt_BR","og_type":"article","og_title":"Palmeiras arranca empate no fim e Corinthians aumenta jejum - Notibras","og_description":"Corinthians e Palmeiras voltaram a se enfrentar neste domingo, ap\u00f3s quase um ano do \u00faltimo cl\u00e1ssico. E, no reencontro dos arquirrivais paulistas, nenhum dos lados levou a melhor. Com um segundo tempo eletrizante, o time alvinegro abriu o placar com Romarinho, mas Alan Kardec empatou perto do fim e finalizou o duelo em 1 a [&hellip;]","og_url":"https:\/\/www.notibras.com\/site\/palmeiras-arranca-empate-no-fim-e-corinthians-aumenta-jejum\/","og_site_name":"Notibras","article_publisher":"https:\/\/www.facebook.com\/notibras\/","article_published_time":"2014-02-16T21:25:02+00:00","article_modified_time":"2014-02-17T00:45:27+00:00","og_image":[{"width":407,"height":305,"url":"https:\/\/www.notibras.com\/site\/wp-content\/uploads\/2014\/02\/es1.jpg","type":"image\/jpeg"}],"author":"Reda\u00e7\u00e3o","twitter_card":"summary_large_image","twitter_creator":"@Notibras","twitter_site":"@Notibras","twitter_misc":{"Escrito por":"Reda\u00e7\u00e3o","Est. tempo de leitura":"2 minutos"},"schema":{"@context":"https:\/\/schema.org","@graph":[{"@type":"Article","@id":"https:\/\/www.notibras.com\/site\/palmeiras-arranca-empate-no-fim-e-corinthians-aumenta-jejum\/#article","isPartOf":{"@id":"https:\/\/www.notibras.com\/site\/palmeiras-arranca-empate-no-fim-e-corinthians-aumenta-jejum\/"},"author":{"name":"Reda\u00e7\u00e3o","@id":"https:\/\/www.notibras.com\/site\/#\/schema\/person\/36ab0979449956132d3e5b517ea76ac8"},"headline":"Palmeiras arranca empate no fim e Corinthians aumenta jejum","datePublished":"2014-02-16T21:25:02+00:00","dateModified":"2014-02-17T00:45:27+00:00","mainEntityOfPage":{"@id":"https:\/\/www.notibras.com\/site\/palmeiras-arranca-empate-no-fim-e-corinthians-aumenta-jejum\/"},"wordCount":492,"commentCount":0,"publisher":{"@id":"https:\/\/www.notibras.com\/site\/#organization"},"image":{"@id":"https:\/\/www.notibras.com\/site\/palmeiras-arranca-empate-no-fim-e-corinthians-aumenta-jejum\/#primaryimage"},"thumbnailUrl":"https:\/\/www.notibras.com\/site\/wp-content\/uploads\/2014\/02\/es1.jpg","articleSection":["Esportes"],"inLanguage":"pt-BR","potentialAction":[{"@type":"CommentAction","name":"Comment","target":["https:\/\/www.notibras.com\/site\/palmeiras-arranca-empate-no-fim-e-corinthians-aumenta-jejum\/#respond"]}]},{"@type":"WebPage","@id":"https:\/\/www.notibras.com\/site\/palmeiras-arranca-empate-no-fim-e-corinthians-aumenta-jejum\/","url":"https:\/\/www.notibras.com\/site\/palmeiras-arranca-empate-no-fim-e-corinthians-aumenta-jejum\/","name":"Palmeiras arranca empate no fim e Corinthians aumenta jejum - Notibras","isPartOf":{"@id":"https:\/\/www.notibras.com\/site\/#website"},"primaryImageOfPage":{"@id":"https:\/\/www.notibras.com\/site\/palmeiras-arranca-empate-no-fim-e-corinthians-aumenta-jejum\/#primaryimage"},"image":{"@id":"https:\/\/www.notibras.com\/site\/palmeiras-arranca-empate-no-fim-e-corinthians-aumenta-jejum\/#primaryimage"},"thumbnailUrl":"https:\/\/www.notibras.com\/site\/wp-content\/uploads\/2014\/02\/es1.jpg","datePublished":"2014-02-16T21:25:02+00:00","dateModified":"2014-02-17T00:45:27+00:00","breadcrumb":{"@id":"https:\/\/www.notibras.com\/site\/palmeiras-arranca-empate-no-fim-e-corinthians-aumenta-jejum\/#breadcrumb"},"inLanguage":"pt-BR","potentialAction":[{"@type":"ReadAction","target":["https:\/\/www.notibras.com\/site\/palmeiras-arranca-empate-no-fim-e-corinthians-aumenta-jejum\/"]}]},{"@type":"ImageObject","inLanguage":"pt-BR","@id":"https:\/\/www.notibras.com\/site\/palmeiras-arranca-empate-no-fim-e-corinthians-aumenta-jejum\/#primaryimage","url":"https:\/\/www.notibras.com\/site\/wp-content\/uploads\/2014\/02\/es1.jpg","contentUrl":"https:\/\/www.notibras.com\/site\/wp-content\/uploads\/2014\/02\/es1.jpg","width":407,"height":305},{"@type":"BreadcrumbList","@id":"https:\/\/www.notibras.com\/site\/palmeiras-arranca-empate-no-fim-e-corinthians-aumenta-jejum\/#breadcrumb","itemListElement":[{"@type":"ListItem","position":1,"name":"In\u00edcio","item":"https:\/\/www.notibras.com\/site\/"},{"@type":"ListItem","position":2,"name":"Palmeiras arranca empate no fim e Corinthians aumenta jejum"}]},{"@type":"WebSite","@id":"https:\/\/www.notibras.com\/site\/#website","url":"https:\/\/www.notibras.com\/site\/","name":"Notibras","description":"Not\u00edcias de Bras\u00edlia, do Brasil e do Mundo","publisher":{"@id":"https:\/\/www.notibras.com\/site\/#organization"},"potentialAction":[{"@type":"SearchAction","target":{"@type":"EntryPoint","urlTemplate":"https:\/\/www.notibras.com\/site\/?s={search_term_string}"},"query-input":{"@type":"PropertyValueSpecification","valueRequired":true,"valueName":"search_term_string"}}],"inLanguage":"pt-BR"},{"@type":"Organization","@id":"https:\/\/www.notibras.com\/site\/#organization","name":"Grupo Notibras de Comunica\u00e7\u00e3o","url":"https:\/\/www.notibras.com\/site\/","logo":{"@type":"ImageObject","inLanguage":"pt-BR","@id":"https:\/\/www.notibras.com\/site\/#\/schema\/logo\/image\/","url":"https:\/\/www.notibras.com\/site\/wp-content\/uploads\/2023\/01\/notibras23.png","contentUrl":"https:\/\/www.notibras.com\/site\/wp-content\/uploads\/2023\/01\/notibras23.png","width":350,"height":87,"caption":"Grupo Notibras de Comunica\u00e7\u00e3o"},"image":{"@id":"https:\/\/www.notibras.com\/site\/#\/schema\/logo\/image\/"},"sameAs":["https:\/\/www.facebook.com\/notibras\/","https:\/\/x.com\/Notibras","https:\/\/www.instagram.com\/notibras\/"]},{"@type":"Person","@id":"https:\/\/www.notibras.com\/site\/#\/schema\/person\/36ab0979449956132d3e5b517ea76ac8","name":"Reda\u00e7\u00e3o","image":{"@type":"ImageObject","inLanguage":"pt-BR","@id":"https:\/\/secure.gravatar.com\/avatar\/e0a867bdedb85fd243eadf09663511f96fc81e0720a4a42581f334ad4303aa6b?s=96&d=mm&r=g","url":"https:\/\/secure.gravatar.com\/avatar\/e0a867bdedb85fd243eadf09663511f96fc81e0720a4a42581f334ad4303aa6b?s=96&d=mm&r=g","contentUrl":"https:\/\/secure.gravatar.com\/avatar\/e0a867bdedb85fd243eadf09663511f96fc81e0720a4a42581f334ad4303aa6b?s=96&d=mm&r=g","caption":"Reda\u00e7\u00e3o"}}]}},"amp_enabled":true,"_links":{"self":[{"href":"https:\/\/www.notibras.com\/site\/wp-json\/wp\/v2\/posts\/1824","targetHints":{"allow":["GET"]}}],"collection":[{"href":"https:\/\/www.notibras.com\/site\/wp-json\/wp\/v2\/posts"}],"about":[{"href":"https:\/\/www.notibras.com\/site\/wp-json\/wp\/v2\/types\/post"}],"author":[{"embeddable":true,"href":"https:\/\/www.notibras.com\/site\/wp-json\/wp\/v2\/users\/2"}],"replies":[{"embeddable":true,"href":"https:\/\/www.notibras.com\/site\/wp-json\/wp\/v2\/comments?post=1824"}],"version-history":[{"count":0,"href":"https:\/\/www.notibras.com\/site\/wp-json\/wp\/v2\/posts\/1824\/revisions"}],"wp:featuredmedia":[{"embeddable":true,"href":"https:\/\/www.notibras.com\/site\/wp-json\/wp\/v2\/media\/1825"}],"wp:attachment":[{"href":"https:\/\/www.notibras.com\/site\/wp-json\/wp\/v2\/media?parent=1824"}],"wp:term":[{"taxonomy":"category","embeddable":true,"href":"https:\/\/www.notibras.com\/site\/wp-json\/wp\/v2\/categories?post=1824"},{"taxonomy":"post_tag","embeddable":true,"href":"https:\/\/www.notibras.com\/site\/wp-json\/wp\/v2\/tags?post=1824"}],"curies":[{"name":"wp","href":"https:\/\/api.w.org\/{rel}","templated":true}]}}