{"id":18262,"date":"2014-08-02T16:36:03","date_gmt":"2014-08-02T19:36:03","guid":{"rendered":"http:\/\/www.notibras.com\/site\/?p=18262"},"modified":"2014-08-02T19:37:36","modified_gmt":"2014-08-02T22:37:36","slug":"santa-cruz-derrota-america-de-natal-e-se-afasta-da-degola","status":"publish","type":"post","link":"https:\/\/www.notibras.com\/site\/santa-cruz-derrota-america-de-natal-e-se-afasta-da-degola\/","title":{"rendered":"Santa Cruz derrota Am\u00e9rica de Natal e se afasta da degola"},"content":{"rendered":"<p>O Santa Cruz foi a Natal e venceu o Am\u00e9rica-RN por 1 a 0 na Arena das Dunas, em partida v\u00e1lida pela 14\u00aa rodada do Campeonato Brasileiro da S\u00e9rie B. Com o resultado, o Santa se afasta da zona de sufoco, chegando a 19 pontos e figurando em 11\u00ba lugar na tabela de classifica\u00e7\u00e3o, enquanto a equipe potiguar estaciona nos 20 pontos, em 10\u00ba lugar.<\/p>\n<p class=\"text\">A partida foi equilibrada, com boas chances para ambos os lados. O gol do Santa foi marcado por L\u00e9o Gamalho, aos 32min\u00a0do primeiro tempo. O atacante recebeu o cruzamento de Tony e cabeceou para o fundo das redes, sem dar chances ao goleiro Fernando Henrique.<\/p>\n<p class=\"text\">Na pr\u00f3xima rodada, o time potiguar vai a Varginha duelar com o Boa Esporte, enquanto a equipe pernambucana recebe o N\u00e1utico no Arruda.<\/p>\n<p class=\"text\">O duelo come\u00e7ou equilibrado. A primeira grande chance do Am\u00e9rica-RN veio apenas aos 17min, pelos p\u00e9s de Rodrigo Pimp\u00e3o, que chutou forte de fora da \u00e1rea, mas a bola acabou passando por cima da trave do goleiro Tiago Cardoso. Dois minutos depois, a bola foi levantada na grande \u00e1rea, Marllon falhou na defesa e novamente Pimp\u00e3o bateu forte, mas o goleiro fez boa defesa.<\/p>\n<blockquote>\n<p class=\"text\">O Santa teve uma boa oportunidade aos 26min. Carlos Alberto e Pingo tabelaram na \u00e1rea e Pingo chutou para defesa do goleiro Fernando Henrique. O gol da vit\u00f3ria da equipe do Recife veio aos 32min. L\u00e9o Gamalho recebeu o cruzamento de Tony e cabeceou sozinho, sem chances para o goleiro do Am\u00e9rica. 1 a 0 para os visitantes. Na comemora\u00e7\u00e3o, o atacante mandou a torcida advers\u00e1ria se calar e fui punido com um cart\u00e3o amarelo.<\/p>\n<\/blockquote>\n<p class=\"text\">O Am\u00e9rica ainda teve chances de empatar no fim da primeira etapa. Wanderson bateu com viol\u00eancia de longe e a bola passou \u00e0 esquerda de Tiago Cardoso. Na sequ\u00eancia, Carlos Alberto fez o levantamento, mas novamente o goleiro saiu e evitou o empate. Na sa\u00edda para os vesti\u00e1rios, Everton Sena e Rodrigo Pimp\u00e3o se estranharam e sa\u00edram discutindo.<\/p>\n<p class=\"text\">No segundo tempo, o Am\u00e9rica come\u00e7ou rodando mais a bola e tendo mais posse, mas a primeira chance foi do Santa Cruz. Aos 10min da etapa complementar, Carlos Alberto cobrou falta na grande \u00e1rea e Fabinho cabeceou para tr\u00e1s. A bola saiu pela linha de fundo raspando na trave. Aos 20min, Andrezinho, que havia rec\u00e9m entrado, cruzou na \u00e1rea e Isac apareceu sozinho para cabecear, mas o juiz marcou impedimento.<\/p>\n<p class=\"text\">Aos 28min, o Santa teve outra boa chance de aumentar a vantagem. Natan, que entrou no lugar de Pingo, fez uma boa jogada pelo lado direito, driblou um marcador e deixou L\u00e9o Gamalho na cara do gol, mas o atacante furou e deixou a bola passar.<\/p>\n<p class=\"text\">Na segunda metade da etapa complementar, a equipe de Natal passou a aparecer pelas laterais, caracter\u00edstica do time. O Santa Cruz n\u00e3o conseguiu segurar t\u00e3o bem quanto no primeiro tempo, mas conseguiu focar na marca\u00e7\u00e3o, evitar o empate e garantir o triunfo.<\/p>\n","protected":false},"excerpt":{"rendered":"<p>O Santa Cruz foi a Natal e venceu o Am\u00e9rica-RN por 1 a 0 na Arena das Dunas, em partida v\u00e1lida pela 14\u00aa rodada do Campeonato Brasileiro da S\u00e9rie B. Com o resultado, o Santa se afasta da zona de sufoco, chegando a 19 pontos e figurando em 11\u00ba lugar na tabela de classifica\u00e7\u00e3o, enquanto [&hellip;]<\/p>\n","protected":false},"author":2,"featured_media":18263,"comment_status":"open","ping_status":"closed","sticky":false,"template":"","format":"standard","meta":{"_acf_changed":false,"footnotes":""},"categories":[19,29],"tags":[],"class_list":["post-18262","post","type-post","status-publish","format-standard","has-post-thumbnail","hentry","category-esportes","category-futebol"],"acf":[],"yoast_head":"<!-- This site is optimized with the Yoast SEO plugin v27.2 - https:\/\/yoast.com\/product\/yoast-seo-wordpress\/ -->\n<title>Santa Cruz derrota Am\u00e9rica de Natal e se afasta da degola - Notibras<\/title>\n<meta name=\"robots\" content=\"index, follow, max-snippet:-1, max-image-preview:large, max-video-preview:-1\" \/>\n<link rel=\"canonical\" href=\"https:\/\/www.notibras.com\/site\/santa-cruz-derrota-america-de-natal-e-se-afasta-da-degola\/\" \/>\n<meta property=\"og:locale\" content=\"pt_BR\" \/>\n<meta property=\"og:type\" content=\"article\" \/>\n<meta property=\"og:title\" content=\"Santa Cruz derrota Am\u00e9rica de Natal e se afasta da degola - Notibras\" \/>\n<meta property=\"og:description\" content=\"O Santa Cruz foi a Natal e venceu o Am\u00e9rica-RN por 1 a 0 na Arena das Dunas, em partida v\u00e1lida pela 14\u00aa rodada do Campeonato Brasileiro da S\u00e9rie B. Com o resultado, o Santa se afasta da zona de sufoco, chegando a 19 pontos e figurando em 11\u00ba lugar na tabela de classifica\u00e7\u00e3o, enquanto [&hellip;]\" \/>\n<meta property=\"og:url\" content=\"https:\/\/www.notibras.com\/site\/santa-cruz-derrota-america-de-natal-e-se-afasta-da-degola\/\" \/>\n<meta property=\"og:site_name\" content=\"Notibras\" \/>\n<meta property=\"article:publisher\" content=\"https:\/\/www.facebook.com\/notibras\/\" \/>\n<meta property=\"article:published_time\" content=\"2014-08-02T19:36:03+00:00\" \/>\n<meta property=\"article:modified_time\" content=\"2014-08-02T22:37:36+00:00\" \/>\n<meta property=\"og:image\" content=\"https:\/\/www.notibras.com\/site\/wp-content\/uploads\/2014\/08\/americarnxsantacruzconfusaoaldocarneiroal.jpg\" \/>\n\t<meta property=\"og:image:width\" content=\"460\" \/>\n\t<meta property=\"og:image:height\" content=\"340\" \/>\n\t<meta property=\"og:image:type\" content=\"image\/jpeg\" \/>\n<meta name=\"author\" content=\"Reda\u00e7\u00e3o\" \/>\n<meta name=\"twitter:card\" content=\"summary_large_image\" \/>\n<meta name=\"twitter:creator\" content=\"@Notibras\" \/>\n<meta name=\"twitter:site\" content=\"@Notibras\" \/>\n<meta name=\"twitter:label1\" content=\"Escrito por\" \/>\n\t<meta name=\"twitter:data1\" content=\"Reda\u00e7\u00e3o\" \/>\n\t<meta name=\"twitter:label2\" content=\"Est. tempo de leitura\" \/>\n\t<meta name=\"twitter:data2\" content=\"3 minutos\" \/>\n<script type=\"application\/ld+json\" class=\"yoast-schema-graph\">{\"@context\":\"https:\/\/schema.org\",\"@graph\":[{\"@type\":\"Article\",\"@id\":\"https:\/\/www.notibras.com\/site\/santa-cruz-derrota-america-de-natal-e-se-afasta-da-degola\/#article\",\"isPartOf\":{\"@id\":\"https:\/\/www.notibras.com\/site\/santa-cruz-derrota-america-de-natal-e-se-afasta-da-degola\/\"},\"author\":{\"name\":\"Reda\u00e7\u00e3o\",\"@id\":\"https:\/\/www.notibras.com\/site\/#\/schema\/person\/36ab0979449956132d3e5b517ea76ac8\"},\"headline\":\"Santa Cruz derrota Am\u00e9rica de Natal e se afasta da degola\",\"datePublished\":\"2014-08-02T19:36:03+00:00\",\"dateModified\":\"2014-08-02T22:37:36+00:00\",\"mainEntityOfPage\":{\"@id\":\"https:\/\/www.notibras.com\/site\/santa-cruz-derrota-america-de-natal-e-se-afasta-da-degola\/\"},\"wordCount\":525,\"commentCount\":0,\"publisher\":{\"@id\":\"https:\/\/www.notibras.com\/site\/#organization\"},\"image\":{\"@id\":\"https:\/\/www.notibras.com\/site\/santa-cruz-derrota-america-de-natal-e-se-afasta-da-degola\/#primaryimage\"},\"thumbnailUrl\":\"https:\/\/www.notibras.com\/site\/wp-content\/uploads\/2014\/08\/americarnxsantacruzconfusaoaldocarneiroal.jpg\",\"articleSection\":[\"Esportes\",\"Futebol\"],\"inLanguage\":\"pt-BR\",\"potentialAction\":[{\"@type\":\"CommentAction\",\"name\":\"Comment\",\"target\":[\"https:\/\/www.notibras.com\/site\/santa-cruz-derrota-america-de-natal-e-se-afasta-da-degola\/#respond\"]}]},{\"@type\":\"WebPage\",\"@id\":\"https:\/\/www.notibras.com\/site\/santa-cruz-derrota-america-de-natal-e-se-afasta-da-degola\/\",\"url\":\"https:\/\/www.notibras.com\/site\/santa-cruz-derrota-america-de-natal-e-se-afasta-da-degola\/\",\"name\":\"Santa Cruz derrota Am\u00e9rica de Natal e se afasta da degola - Notibras\",\"isPartOf\":{\"@id\":\"https:\/\/www.notibras.com\/site\/#website\"},\"primaryImageOfPage\":{\"@id\":\"https:\/\/www.notibras.com\/site\/santa-cruz-derrota-america-de-natal-e-se-afasta-da-degola\/#primaryimage\"},\"image\":{\"@id\":\"https:\/\/www.notibras.com\/site\/santa-cruz-derrota-america-de-natal-e-se-afasta-da-degola\/#primaryimage\"},\"thumbnailUrl\":\"https:\/\/www.notibras.com\/site\/wp-content\/uploads\/2014\/08\/americarnxsantacruzconfusaoaldocarneiroal.jpg\",\"datePublished\":\"2014-08-02T19:36:03+00:00\",\"dateModified\":\"2014-08-02T22:37:36+00:00\",\"breadcrumb\":{\"@id\":\"https:\/\/www.notibras.com\/site\/santa-cruz-derrota-america-de-natal-e-se-afasta-da-degola\/#breadcrumb\"},\"inLanguage\":\"pt-BR\",\"potentialAction\":[{\"@type\":\"ReadAction\",\"target\":[\"https:\/\/www.notibras.com\/site\/santa-cruz-derrota-america-de-natal-e-se-afasta-da-degola\/\"]}]},{\"@type\":\"ImageObject\",\"inLanguage\":\"pt-BR\",\"@id\":\"https:\/\/www.notibras.com\/site\/santa-cruz-derrota-america-de-natal-e-se-afasta-da-degola\/#primaryimage\",\"url\":\"https:\/\/www.notibras.com\/site\/wp-content\/uploads\/2014\/08\/americarnxsantacruzconfusaoaldocarneiroal.jpg\",\"contentUrl\":\"https:\/\/www.notibras.com\/site\/wp-content\/uploads\/2014\/08\/americarnxsantacruzconfusaoaldocarneiroal.jpg\",\"width\":460,\"height\":340},{\"@type\":\"BreadcrumbList\",\"@id\":\"https:\/\/www.notibras.com\/site\/santa-cruz-derrota-america-de-natal-e-se-afasta-da-degola\/#breadcrumb\",\"itemListElement\":[{\"@type\":\"ListItem\",\"position\":1,\"name\":\"In\u00edcio\",\"item\":\"https:\/\/www.notibras.com\/site\/\"},{\"@type\":\"ListItem\",\"position\":2,\"name\":\"Santa Cruz derrota Am\u00e9rica de Natal e se afasta da degola\"}]},{\"@type\":\"WebSite\",\"@id\":\"https:\/\/www.notibras.com\/site\/#website\",\"url\":\"https:\/\/www.notibras.com\/site\/\",\"name\":\"Notibras\",\"description\":\"Not\u00edcias de Bras\u00edlia, do Brasil e do Mundo\",\"publisher\":{\"@id\":\"https:\/\/www.notibras.com\/site\/#organization\"},\"potentialAction\":[{\"@type\":\"SearchAction\",\"target\":{\"@type\":\"EntryPoint\",\"urlTemplate\":\"https:\/\/www.notibras.com\/site\/?s={search_term_string}\"},\"query-input\":{\"@type\":\"PropertyValueSpecification\",\"valueRequired\":true,\"valueName\":\"search_term_string\"}}],\"inLanguage\":\"pt-BR\"},{\"@type\":\"Organization\",\"@id\":\"https:\/\/www.notibras.com\/site\/#organization\",\"name\":\"Grupo Notibras de Comunica\u00e7\u00e3o\",\"url\":\"https:\/\/www.notibras.com\/site\/\",\"logo\":{\"@type\":\"ImageObject\",\"inLanguage\":\"pt-BR\",\"@id\":\"https:\/\/www.notibras.com\/site\/#\/schema\/logo\/image\/\",\"url\":\"https:\/\/www.notibras.com\/site\/wp-content\/uploads\/2023\/01\/notibras23.png\",\"contentUrl\":\"https:\/\/www.notibras.com\/site\/wp-content\/uploads\/2023\/01\/notibras23.png\",\"width\":350,\"height\":87,\"caption\":\"Grupo Notibras de Comunica\u00e7\u00e3o\"},\"image\":{\"@id\":\"https:\/\/www.notibras.com\/site\/#\/schema\/logo\/image\/\"},\"sameAs\":[\"https:\/\/www.facebook.com\/notibras\/\",\"https:\/\/x.com\/Notibras\",\"https:\/\/www.instagram.com\/notibras\/\"]},{\"@type\":\"Person\",\"@id\":\"https:\/\/www.notibras.com\/site\/#\/schema\/person\/36ab0979449956132d3e5b517ea76ac8\",\"name\":\"Reda\u00e7\u00e3o\",\"image\":{\"@type\":\"ImageObject\",\"inLanguage\":\"pt-BR\",\"@id\":\"https:\/\/secure.gravatar.com\/avatar\/e0a867bdedb85fd243eadf09663511f96fc81e0720a4a42581f334ad4303aa6b?s=96&d=mm&r=g\",\"url\":\"https:\/\/secure.gravatar.com\/avatar\/e0a867bdedb85fd243eadf09663511f96fc81e0720a4a42581f334ad4303aa6b?s=96&d=mm&r=g\",\"contentUrl\":\"https:\/\/secure.gravatar.com\/avatar\/e0a867bdedb85fd243eadf09663511f96fc81e0720a4a42581f334ad4303aa6b?s=96&d=mm&r=g\",\"caption\":\"Reda\u00e7\u00e3o\"}}]}<\/script>\n<!-- \/ Yoast SEO plugin. -->","yoast_head_json":{"title":"Santa Cruz derrota Am\u00e9rica de Natal e se afasta da degola - Notibras","robots":{"index":"index","follow":"follow","max-snippet":"max-snippet:-1","max-image-preview":"max-image-preview:large","max-video-preview":"max-video-preview:-1"},"canonical":"https:\/\/www.notibras.com\/site\/santa-cruz-derrota-america-de-natal-e-se-afasta-da-degola\/","og_locale":"pt_BR","og_type":"article","og_title":"Santa Cruz derrota Am\u00e9rica de Natal e se afasta da degola - Notibras","og_description":"O Santa Cruz foi a Natal e venceu o Am\u00e9rica-RN por 1 a 0 na Arena das Dunas, em partida v\u00e1lida pela 14\u00aa rodada do Campeonato Brasileiro da S\u00e9rie B. Com o resultado, o Santa se afasta da zona de sufoco, chegando a 19 pontos e figurando em 11\u00ba lugar na tabela de classifica\u00e7\u00e3o, enquanto [&hellip;]","og_url":"https:\/\/www.notibras.com\/site\/santa-cruz-derrota-america-de-natal-e-se-afasta-da-degola\/","og_site_name":"Notibras","article_publisher":"https:\/\/www.facebook.com\/notibras\/","article_published_time":"2014-08-02T19:36:03+00:00","article_modified_time":"2014-08-02T22:37:36+00:00","og_image":[{"width":460,"height":340,"url":"https:\/\/www.notibras.com\/site\/wp-content\/uploads\/2014\/08\/americarnxsantacruzconfusaoaldocarneiroal.jpg","type":"image\/jpeg"}],"author":"Reda\u00e7\u00e3o","twitter_card":"summary_large_image","twitter_creator":"@Notibras","twitter_site":"@Notibras","twitter_misc":{"Escrito por":"Reda\u00e7\u00e3o","Est. tempo de leitura":"3 minutos"},"schema":{"@context":"https:\/\/schema.org","@graph":[{"@type":"Article","@id":"https:\/\/www.notibras.com\/site\/santa-cruz-derrota-america-de-natal-e-se-afasta-da-degola\/#article","isPartOf":{"@id":"https:\/\/www.notibras.com\/site\/santa-cruz-derrota-america-de-natal-e-se-afasta-da-degola\/"},"author":{"name":"Reda\u00e7\u00e3o","@id":"https:\/\/www.notibras.com\/site\/#\/schema\/person\/36ab0979449956132d3e5b517ea76ac8"},"headline":"Santa Cruz derrota Am\u00e9rica de Natal e se afasta da degola","datePublished":"2014-08-02T19:36:03+00:00","dateModified":"2014-08-02T22:37:36+00:00","mainEntityOfPage":{"@id":"https:\/\/www.notibras.com\/site\/santa-cruz-derrota-america-de-natal-e-se-afasta-da-degola\/"},"wordCount":525,"commentCount":0,"publisher":{"@id":"https:\/\/www.notibras.com\/site\/#organization"},"image":{"@id":"https:\/\/www.notibras.com\/site\/santa-cruz-derrota-america-de-natal-e-se-afasta-da-degola\/#primaryimage"},"thumbnailUrl":"https:\/\/www.notibras.com\/site\/wp-content\/uploads\/2014\/08\/americarnxsantacruzconfusaoaldocarneiroal.jpg","articleSection":["Esportes","Futebol"],"inLanguage":"pt-BR","potentialAction":[{"@type":"CommentAction","name":"Comment","target":["https:\/\/www.notibras.com\/site\/santa-cruz-derrota-america-de-natal-e-se-afasta-da-degola\/#respond"]}]},{"@type":"WebPage","@id":"https:\/\/www.notibras.com\/site\/santa-cruz-derrota-america-de-natal-e-se-afasta-da-degola\/","url":"https:\/\/www.notibras.com\/site\/santa-cruz-derrota-america-de-natal-e-se-afasta-da-degola\/","name":"Santa Cruz derrota Am\u00e9rica de Natal e se afasta da degola - Notibras","isPartOf":{"@id":"https:\/\/www.notibras.com\/site\/#website"},"primaryImageOfPage":{"@id":"https:\/\/www.notibras.com\/site\/santa-cruz-derrota-america-de-natal-e-se-afasta-da-degola\/#primaryimage"},"image":{"@id":"https:\/\/www.notibras.com\/site\/santa-cruz-derrota-america-de-natal-e-se-afasta-da-degola\/#primaryimage"},"thumbnailUrl":"https:\/\/www.notibras.com\/site\/wp-content\/uploads\/2014\/08\/americarnxsantacruzconfusaoaldocarneiroal.jpg","datePublished":"2014-08-02T19:36:03+00:00","dateModified":"2014-08-02T22:37:36+00:00","breadcrumb":{"@id":"https:\/\/www.notibras.com\/site\/santa-cruz-derrota-america-de-natal-e-se-afasta-da-degola\/#breadcrumb"},"inLanguage":"pt-BR","potentialAction":[{"@type":"ReadAction","target":["https:\/\/www.notibras.com\/site\/santa-cruz-derrota-america-de-natal-e-se-afasta-da-degola\/"]}]},{"@type":"ImageObject","inLanguage":"pt-BR","@id":"https:\/\/www.notibras.com\/site\/santa-cruz-derrota-america-de-natal-e-se-afasta-da-degola\/#primaryimage","url":"https:\/\/www.notibras.com\/site\/wp-content\/uploads\/2014\/08\/americarnxsantacruzconfusaoaldocarneiroal.jpg","contentUrl":"https:\/\/www.notibras.com\/site\/wp-content\/uploads\/2014\/08\/americarnxsantacruzconfusaoaldocarneiroal.jpg","width":460,"height":340},{"@type":"BreadcrumbList","@id":"https:\/\/www.notibras.com\/site\/santa-cruz-derrota-america-de-natal-e-se-afasta-da-degola\/#breadcrumb","itemListElement":[{"@type":"ListItem","position":1,"name":"In\u00edcio","item":"https:\/\/www.notibras.com\/site\/"},{"@type":"ListItem","position":2,"name":"Santa Cruz derrota Am\u00e9rica de Natal e se afasta da degola"}]},{"@type":"WebSite","@id":"https:\/\/www.notibras.com\/site\/#website","url":"https:\/\/www.notibras.com\/site\/","name":"Notibras","description":"Not\u00edcias de Bras\u00edlia, do Brasil e do Mundo","publisher":{"@id":"https:\/\/www.notibras.com\/site\/#organization"},"potentialAction":[{"@type":"SearchAction","target":{"@type":"EntryPoint","urlTemplate":"https:\/\/www.notibras.com\/site\/?s={search_term_string}"},"query-input":{"@type":"PropertyValueSpecification","valueRequired":true,"valueName":"search_term_string"}}],"inLanguage":"pt-BR"},{"@type":"Organization","@id":"https:\/\/www.notibras.com\/site\/#organization","name":"Grupo Notibras de Comunica\u00e7\u00e3o","url":"https:\/\/www.notibras.com\/site\/","logo":{"@type":"ImageObject","inLanguage":"pt-BR","@id":"https:\/\/www.notibras.com\/site\/#\/schema\/logo\/image\/","url":"https:\/\/www.notibras.com\/site\/wp-content\/uploads\/2023\/01\/notibras23.png","contentUrl":"https:\/\/www.notibras.com\/site\/wp-content\/uploads\/2023\/01\/notibras23.png","width":350,"height":87,"caption":"Grupo Notibras de Comunica\u00e7\u00e3o"},"image":{"@id":"https:\/\/www.notibras.com\/site\/#\/schema\/logo\/image\/"},"sameAs":["https:\/\/www.facebook.com\/notibras\/","https:\/\/x.com\/Notibras","https:\/\/www.instagram.com\/notibras\/"]},{"@type":"Person","@id":"https:\/\/www.notibras.com\/site\/#\/schema\/person\/36ab0979449956132d3e5b517ea76ac8","name":"Reda\u00e7\u00e3o","image":{"@type":"ImageObject","inLanguage":"pt-BR","@id":"https:\/\/secure.gravatar.com\/avatar\/e0a867bdedb85fd243eadf09663511f96fc81e0720a4a42581f334ad4303aa6b?s=96&d=mm&r=g","url":"https:\/\/secure.gravatar.com\/avatar\/e0a867bdedb85fd243eadf09663511f96fc81e0720a4a42581f334ad4303aa6b?s=96&d=mm&r=g","contentUrl":"https:\/\/secure.gravatar.com\/avatar\/e0a867bdedb85fd243eadf09663511f96fc81e0720a4a42581f334ad4303aa6b?s=96&d=mm&r=g","caption":"Reda\u00e7\u00e3o"}}]}},"amp_enabled":true,"_links":{"self":[{"href":"https:\/\/www.notibras.com\/site\/wp-json\/wp\/v2\/posts\/18262","targetHints":{"allow":["GET"]}}],"collection":[{"href":"https:\/\/www.notibras.com\/site\/wp-json\/wp\/v2\/posts"}],"about":[{"href":"https:\/\/www.notibras.com\/site\/wp-json\/wp\/v2\/types\/post"}],"author":[{"embeddable":true,"href":"https:\/\/www.notibras.com\/site\/wp-json\/wp\/v2\/users\/2"}],"replies":[{"embeddable":true,"href":"https:\/\/www.notibras.com\/site\/wp-json\/wp\/v2\/comments?post=18262"}],"version-history":[{"count":0,"href":"https:\/\/www.notibras.com\/site\/wp-json\/wp\/v2\/posts\/18262\/revisions"}],"wp:featuredmedia":[{"embeddable":true,"href":"https:\/\/www.notibras.com\/site\/wp-json\/wp\/v2\/media\/18263"}],"wp:attachment":[{"href":"https:\/\/www.notibras.com\/site\/wp-json\/wp\/v2\/media?parent=18262"}],"wp:term":[{"taxonomy":"category","embeddable":true,"href":"https:\/\/www.notibras.com\/site\/wp-json\/wp\/v2\/categories?post=18262"},{"taxonomy":"post_tag","embeddable":true,"href":"https:\/\/www.notibras.com\/site\/wp-json\/wp\/v2\/tags?post=18262"}],"curies":[{"name":"wp","href":"https:\/\/api.w.org\/{rel}","templated":true}]}}