{"id":18271,"date":"2014-08-02T20:35:15","date_gmt":"2014-08-02T23:35:15","guid":{"rendered":"http:\/\/www.notibras.com\/site\/?p=18271"},"modified":"2014-08-03T09:45:24","modified_gmt":"2014-08-03T12:45:24","slug":"botafogo-em-crise-comemora-empate-em-1x1-com-lider-cruzeiro-no-maraca","status":"publish","type":"post","link":"https:\/\/www.notibras.com\/site\/botafogo-em-crise-comemora-empate-em-1x1-com-lider-cruzeiro-no-maraca\/","title":{"rendered":"Botafogo em crise comemora empate em 1&#215;1 com Cruzeiro"},"content":{"rendered":"<p>Apesar da dist\u00e2ncia entre as equipes na tabela, o jogo entre Botafogo e Cruzeiro, neste s\u00e1bado, no Maracan\u00e3, foi bastante equilibrado e acabou com um justo empate em 1 a 1. Edilson, de cabe\u00e7a, abriu o placar para os cariocas no primeiro tempo. L\u00e9o empatou na etapa final, ap\u00f3s uma verdadeira blitz da Raposa.<\/p>\n<p>Agora, o Cruzeiro tem 29 pontos e segue na lideran\u00e7a isolada do Campeonato Brasileiro. O Botafogo foi a 13 e segue na parte inferior da tabela. Na pr\u00f3xima rodada, o atual campe\u00e3o nacional enfrenta o Crici\u00fama, fora de casa, no s\u00e1bado. J\u00e1 o Glorioso encara o Atl\u00e9tico-PR, em Curitiba, no domingo.<\/p>\n<p>O jogo come\u00e7ou aberto e franco, com as duas equipes tentando o gol. E a primeira grande chance foi do Cruzeiro, com o lateral-esquerdo Eg\u00eddio, que surgiu livre dentro da \u00e1rea e tentou chutar cruzado, mas exagerou na for\u00e7a. Depois, o Botafogo deu o troco, tamb\u00e9m com um lateral. Lucas chutou com viol\u00eancia, para defesa no reflexo de F\u00e1bio.<\/p>\n<p>O Jogo seguia equilibrado, mas com maior dom\u00ednio do Cruzeiro, que fazia prevalecer sua maior qualidade t\u00e9cnica e a posi\u00e7\u00e3o de l\u00edder do Campeonato Brasileiro. Mas quem abriu o placar foi o Glorioso. Lucas chegou \u00e0 linha de fundo e cruzou na cabe\u00e7a de Edilson, que conseguiu finalizar mesmo no meio dos altos defensores da Raposa. O goleiro F\u00e1bio escorregou e n\u00e3o alcan\u00e7ou a bola.<\/p>\n<p>Ap\u00f3s o gol, o time carioca passou a ter o dom\u00ednio da partida, mas aos poucos o Cruzeiro igualou o jogo. O Botafogo se fechou e n\u00e3o levou maiores sustos.<\/p>\n<blockquote><p>No segundo tempo, o t\u00e9cnico Vagner Mancini adotou uma postura mais defensiva e tentava matar o jogo no contra-ataque. E n\u00e3o \u00e9 uma boa estrat\u00e9gia chamar o l\u00edder do campeonato para o seu campo&#8230; O Cruzeiro pressionou bastante desde o primeiro minuto do segundo tempo e o gol parecia quest\u00e3o de tempo, com direito a um chute de Willian no travess\u00e3o. At\u00e9 que L\u00e9o, ap\u00f3s passe de cabe\u00e7a de Ded\u00e9, finalizou para o gol e empatou a partida.<\/p><\/blockquote>\n<p>O gol n\u00e3o diminuiu o dom\u00ednio cruzeirense. A equipe do t\u00e9cnico Marcelo Oliveira seguiu pressionando e tomando conta do jogo, aproveitando a fraca atua\u00e7\u00e3o do setor ofensivo do Botafogo. Nilton, duas vezes, e Dagoberto, pelo Cruzeiro, e Sheik, pelo Botafogo, tiveram chances de tirar o empate do placar, mas n\u00e3o conseguiram. No fim, o placar acabou sendo justo.<\/p>\n","protected":false},"excerpt":{"rendered":"<p>Apesar da dist\u00e2ncia entre as equipes na tabela, o jogo entre Botafogo e Cruzeiro, neste s\u00e1bado, no Maracan\u00e3, foi bastante equilibrado e acabou com um justo empate em 1 a 1. Edilson, de cabe\u00e7a, abriu o placar para os cariocas no primeiro tempo. L\u00e9o empatou na etapa final, ap\u00f3s uma verdadeira blitz da Raposa. Agora, [&hellip;]<\/p>\n","protected":false},"author":2,"featured_media":18272,"comment_status":"open","ping_status":"closed","sticky":false,"template":"","format":"standard","meta":{"_acf_changed":false,"footnotes":""},"categories":[19,29],"tags":[],"class_list":["post-18271","post","type-post","status-publish","format-standard","has-post-thumbnail","hentry","category-esportes","category-futebol"],"acf":[],"yoast_head":"<!-- This site is optimized with the Yoast SEO plugin v27.2 - https:\/\/yoast.com\/product\/yoast-seo-wordpress\/ -->\n<title>Botafogo em crise comemora empate em 1x1 com Cruzeiro - Notibras<\/title>\n<meta name=\"robots\" content=\"index, follow, max-snippet:-1, max-image-preview:large, max-video-preview:-1\" \/>\n<link rel=\"canonical\" href=\"https:\/\/www.notibras.com\/site\/botafogo-em-crise-comemora-empate-em-1x1-com-lider-cruzeiro-no-maraca\/\" \/>\n<meta property=\"og:locale\" content=\"pt_BR\" \/>\n<meta property=\"og:type\" content=\"article\" \/>\n<meta property=\"og:title\" content=\"Botafogo em crise comemora empate em 1x1 com Cruzeiro - Notibras\" \/>\n<meta property=\"og:description\" content=\"Apesar da dist\u00e2ncia entre as equipes na tabela, o jogo entre Botafogo e Cruzeiro, neste s\u00e1bado, no Maracan\u00e3, foi bastante equilibrado e acabou com um justo empate em 1 a 1. Edilson, de cabe\u00e7a, abriu o placar para os cariocas no primeiro tempo. L\u00e9o empatou na etapa final, ap\u00f3s uma verdadeira blitz da Raposa. Agora, [&hellip;]\" \/>\n<meta property=\"og:url\" content=\"https:\/\/www.notibras.com\/site\/botafogo-em-crise-comemora-empate-em-1x1-com-lider-cruzeiro-no-maraca\/\" \/>\n<meta property=\"og:site_name\" content=\"Notibras\" \/>\n<meta property=\"article:publisher\" content=\"https:\/\/www.facebook.com\/notibras\/\" \/>\n<meta property=\"article:published_time\" content=\"2014-08-02T23:35:15+00:00\" \/>\n<meta property=\"article:modified_time\" content=\"2014-08-03T12:45:24+00:00\" \/>\n<meta property=\"og:image\" content=\"https:\/\/www.notibras.com\/site\/wp-content\/uploads\/2014\/08\/02calbertodispyutabolabrunodelimaal.jpg\" \/>\n\t<meta property=\"og:image:width\" content=\"460\" \/>\n\t<meta property=\"og:image:height\" content=\"340\" \/>\n\t<meta property=\"og:image:type\" content=\"image\/jpeg\" \/>\n<meta name=\"author\" content=\"Reda\u00e7\u00e3o\" \/>\n<meta name=\"twitter:card\" content=\"summary_large_image\" \/>\n<meta name=\"twitter:creator\" content=\"@Notibras\" \/>\n<meta name=\"twitter:site\" content=\"@Notibras\" \/>\n<meta name=\"twitter:label1\" content=\"Escrito por\" \/>\n\t<meta name=\"twitter:data1\" content=\"Reda\u00e7\u00e3o\" \/>\n\t<meta name=\"twitter:label2\" content=\"Est. tempo de leitura\" \/>\n\t<meta name=\"twitter:data2\" content=\"2 minutos\" \/>\n<script type=\"application\/ld+json\" class=\"yoast-schema-graph\">{\"@context\":\"https:\/\/schema.org\",\"@graph\":[{\"@type\":\"Article\",\"@id\":\"https:\/\/www.notibras.com\/site\/botafogo-em-crise-comemora-empate-em-1x1-com-lider-cruzeiro-no-maraca\/#article\",\"isPartOf\":{\"@id\":\"https:\/\/www.notibras.com\/site\/botafogo-em-crise-comemora-empate-em-1x1-com-lider-cruzeiro-no-maraca\/\"},\"author\":{\"name\":\"Reda\u00e7\u00e3o\",\"@id\":\"https:\/\/www.notibras.com\/site\/#\/schema\/person\/36ab0979449956132d3e5b517ea76ac8\"},\"headline\":\"Botafogo em crise comemora empate em 1&#215;1 com Cruzeiro\",\"datePublished\":\"2014-08-02T23:35:15+00:00\",\"dateModified\":\"2014-08-03T12:45:24+00:00\",\"mainEntityOfPage\":{\"@id\":\"https:\/\/www.notibras.com\/site\/botafogo-em-crise-comemora-empate-em-1x1-com-lider-cruzeiro-no-maraca\/\"},\"wordCount\":440,\"commentCount\":0,\"publisher\":{\"@id\":\"https:\/\/www.notibras.com\/site\/#organization\"},\"image\":{\"@id\":\"https:\/\/www.notibras.com\/site\/botafogo-em-crise-comemora-empate-em-1x1-com-lider-cruzeiro-no-maraca\/#primaryimage\"},\"thumbnailUrl\":\"https:\/\/www.notibras.com\/site\/wp-content\/uploads\/2014\/08\/02calbertodispyutabolabrunodelimaal.jpg\",\"articleSection\":[\"Esportes\",\"Futebol\"],\"inLanguage\":\"pt-BR\",\"potentialAction\":[{\"@type\":\"CommentAction\",\"name\":\"Comment\",\"target\":[\"https:\/\/www.notibras.com\/site\/botafogo-em-crise-comemora-empate-em-1x1-com-lider-cruzeiro-no-maraca\/#respond\"]}]},{\"@type\":\"WebPage\",\"@id\":\"https:\/\/www.notibras.com\/site\/botafogo-em-crise-comemora-empate-em-1x1-com-lider-cruzeiro-no-maraca\/\",\"url\":\"https:\/\/www.notibras.com\/site\/botafogo-em-crise-comemora-empate-em-1x1-com-lider-cruzeiro-no-maraca\/\",\"name\":\"Botafogo em crise comemora empate em 1x1 com Cruzeiro - Notibras\",\"isPartOf\":{\"@id\":\"https:\/\/www.notibras.com\/site\/#website\"},\"primaryImageOfPage\":{\"@id\":\"https:\/\/www.notibras.com\/site\/botafogo-em-crise-comemora-empate-em-1x1-com-lider-cruzeiro-no-maraca\/#primaryimage\"},\"image\":{\"@id\":\"https:\/\/www.notibras.com\/site\/botafogo-em-crise-comemora-empate-em-1x1-com-lider-cruzeiro-no-maraca\/#primaryimage\"},\"thumbnailUrl\":\"https:\/\/www.notibras.com\/site\/wp-content\/uploads\/2014\/08\/02calbertodispyutabolabrunodelimaal.jpg\",\"datePublished\":\"2014-08-02T23:35:15+00:00\",\"dateModified\":\"2014-08-03T12:45:24+00:00\",\"breadcrumb\":{\"@id\":\"https:\/\/www.notibras.com\/site\/botafogo-em-crise-comemora-empate-em-1x1-com-lider-cruzeiro-no-maraca\/#breadcrumb\"},\"inLanguage\":\"pt-BR\",\"potentialAction\":[{\"@type\":\"ReadAction\",\"target\":[\"https:\/\/www.notibras.com\/site\/botafogo-em-crise-comemora-empate-em-1x1-com-lider-cruzeiro-no-maraca\/\"]}]},{\"@type\":\"ImageObject\",\"inLanguage\":\"pt-BR\",\"@id\":\"https:\/\/www.notibras.com\/site\/botafogo-em-crise-comemora-empate-em-1x1-com-lider-cruzeiro-no-maraca\/#primaryimage\",\"url\":\"https:\/\/www.notibras.com\/site\/wp-content\/uploads\/2014\/08\/02calbertodispyutabolabrunodelimaal.jpg\",\"contentUrl\":\"https:\/\/www.notibras.com\/site\/wp-content\/uploads\/2014\/08\/02calbertodispyutabolabrunodelimaal.jpg\",\"width\":460,\"height\":340},{\"@type\":\"BreadcrumbList\",\"@id\":\"https:\/\/www.notibras.com\/site\/botafogo-em-crise-comemora-empate-em-1x1-com-lider-cruzeiro-no-maraca\/#breadcrumb\",\"itemListElement\":[{\"@type\":\"ListItem\",\"position\":1,\"name\":\"In\u00edcio\",\"item\":\"https:\/\/www.notibras.com\/site\/\"},{\"@type\":\"ListItem\",\"position\":2,\"name\":\"Botafogo em crise comemora empate em 1&#215;1 com Cruzeiro\"}]},{\"@type\":\"WebSite\",\"@id\":\"https:\/\/www.notibras.com\/site\/#website\",\"url\":\"https:\/\/www.notibras.com\/site\/\",\"name\":\"Notibras\",\"description\":\"Not\u00edcias de Bras\u00edlia, do Brasil e do Mundo\",\"publisher\":{\"@id\":\"https:\/\/www.notibras.com\/site\/#organization\"},\"potentialAction\":[{\"@type\":\"SearchAction\",\"target\":{\"@type\":\"EntryPoint\",\"urlTemplate\":\"https:\/\/www.notibras.com\/site\/?s={search_term_string}\"},\"query-input\":{\"@type\":\"PropertyValueSpecification\",\"valueRequired\":true,\"valueName\":\"search_term_string\"}}],\"inLanguage\":\"pt-BR\"},{\"@type\":\"Organization\",\"@id\":\"https:\/\/www.notibras.com\/site\/#organization\",\"name\":\"Grupo Notibras de Comunica\u00e7\u00e3o\",\"url\":\"https:\/\/www.notibras.com\/site\/\",\"logo\":{\"@type\":\"ImageObject\",\"inLanguage\":\"pt-BR\",\"@id\":\"https:\/\/www.notibras.com\/site\/#\/schema\/logo\/image\/\",\"url\":\"https:\/\/www.notibras.com\/site\/wp-content\/uploads\/2023\/01\/notibras23.png\",\"contentUrl\":\"https:\/\/www.notibras.com\/site\/wp-content\/uploads\/2023\/01\/notibras23.png\",\"width\":350,\"height\":87,\"caption\":\"Grupo Notibras de Comunica\u00e7\u00e3o\"},\"image\":{\"@id\":\"https:\/\/www.notibras.com\/site\/#\/schema\/logo\/image\/\"},\"sameAs\":[\"https:\/\/www.facebook.com\/notibras\/\",\"https:\/\/x.com\/Notibras\",\"https:\/\/www.instagram.com\/notibras\/\"]},{\"@type\":\"Person\",\"@id\":\"https:\/\/www.notibras.com\/site\/#\/schema\/person\/36ab0979449956132d3e5b517ea76ac8\",\"name\":\"Reda\u00e7\u00e3o\",\"image\":{\"@type\":\"ImageObject\",\"inLanguage\":\"pt-BR\",\"@id\":\"https:\/\/secure.gravatar.com\/avatar\/e0a867bdedb85fd243eadf09663511f96fc81e0720a4a42581f334ad4303aa6b?s=96&d=mm&r=g\",\"url\":\"https:\/\/secure.gravatar.com\/avatar\/e0a867bdedb85fd243eadf09663511f96fc81e0720a4a42581f334ad4303aa6b?s=96&d=mm&r=g\",\"contentUrl\":\"https:\/\/secure.gravatar.com\/avatar\/e0a867bdedb85fd243eadf09663511f96fc81e0720a4a42581f334ad4303aa6b?s=96&d=mm&r=g\",\"caption\":\"Reda\u00e7\u00e3o\"}}]}<\/script>\n<!-- \/ Yoast SEO plugin. -->","yoast_head_json":{"title":"Botafogo em crise comemora empate em 1x1 com Cruzeiro - Notibras","robots":{"index":"index","follow":"follow","max-snippet":"max-snippet:-1","max-image-preview":"max-image-preview:large","max-video-preview":"max-video-preview:-1"},"canonical":"https:\/\/www.notibras.com\/site\/botafogo-em-crise-comemora-empate-em-1x1-com-lider-cruzeiro-no-maraca\/","og_locale":"pt_BR","og_type":"article","og_title":"Botafogo em crise comemora empate em 1x1 com Cruzeiro - Notibras","og_description":"Apesar da dist\u00e2ncia entre as equipes na tabela, o jogo entre Botafogo e Cruzeiro, neste s\u00e1bado, no Maracan\u00e3, foi bastante equilibrado e acabou com um justo empate em 1 a 1. Edilson, de cabe\u00e7a, abriu o placar para os cariocas no primeiro tempo. L\u00e9o empatou na etapa final, ap\u00f3s uma verdadeira blitz da Raposa. Agora, [&hellip;]","og_url":"https:\/\/www.notibras.com\/site\/botafogo-em-crise-comemora-empate-em-1x1-com-lider-cruzeiro-no-maraca\/","og_site_name":"Notibras","article_publisher":"https:\/\/www.facebook.com\/notibras\/","article_published_time":"2014-08-02T23:35:15+00:00","article_modified_time":"2014-08-03T12:45:24+00:00","og_image":[{"width":460,"height":340,"url":"https:\/\/www.notibras.com\/site\/wp-content\/uploads\/2014\/08\/02calbertodispyutabolabrunodelimaal.jpg","type":"image\/jpeg"}],"author":"Reda\u00e7\u00e3o","twitter_card":"summary_large_image","twitter_creator":"@Notibras","twitter_site":"@Notibras","twitter_misc":{"Escrito por":"Reda\u00e7\u00e3o","Est. tempo de leitura":"2 minutos"},"schema":{"@context":"https:\/\/schema.org","@graph":[{"@type":"Article","@id":"https:\/\/www.notibras.com\/site\/botafogo-em-crise-comemora-empate-em-1x1-com-lider-cruzeiro-no-maraca\/#article","isPartOf":{"@id":"https:\/\/www.notibras.com\/site\/botafogo-em-crise-comemora-empate-em-1x1-com-lider-cruzeiro-no-maraca\/"},"author":{"name":"Reda\u00e7\u00e3o","@id":"https:\/\/www.notibras.com\/site\/#\/schema\/person\/36ab0979449956132d3e5b517ea76ac8"},"headline":"Botafogo em crise comemora empate em 1&#215;1 com Cruzeiro","datePublished":"2014-08-02T23:35:15+00:00","dateModified":"2014-08-03T12:45:24+00:00","mainEntityOfPage":{"@id":"https:\/\/www.notibras.com\/site\/botafogo-em-crise-comemora-empate-em-1x1-com-lider-cruzeiro-no-maraca\/"},"wordCount":440,"commentCount":0,"publisher":{"@id":"https:\/\/www.notibras.com\/site\/#organization"},"image":{"@id":"https:\/\/www.notibras.com\/site\/botafogo-em-crise-comemora-empate-em-1x1-com-lider-cruzeiro-no-maraca\/#primaryimage"},"thumbnailUrl":"https:\/\/www.notibras.com\/site\/wp-content\/uploads\/2014\/08\/02calbertodispyutabolabrunodelimaal.jpg","articleSection":["Esportes","Futebol"],"inLanguage":"pt-BR","potentialAction":[{"@type":"CommentAction","name":"Comment","target":["https:\/\/www.notibras.com\/site\/botafogo-em-crise-comemora-empate-em-1x1-com-lider-cruzeiro-no-maraca\/#respond"]}]},{"@type":"WebPage","@id":"https:\/\/www.notibras.com\/site\/botafogo-em-crise-comemora-empate-em-1x1-com-lider-cruzeiro-no-maraca\/","url":"https:\/\/www.notibras.com\/site\/botafogo-em-crise-comemora-empate-em-1x1-com-lider-cruzeiro-no-maraca\/","name":"Botafogo em crise comemora empate em 1x1 com Cruzeiro - Notibras","isPartOf":{"@id":"https:\/\/www.notibras.com\/site\/#website"},"primaryImageOfPage":{"@id":"https:\/\/www.notibras.com\/site\/botafogo-em-crise-comemora-empate-em-1x1-com-lider-cruzeiro-no-maraca\/#primaryimage"},"image":{"@id":"https:\/\/www.notibras.com\/site\/botafogo-em-crise-comemora-empate-em-1x1-com-lider-cruzeiro-no-maraca\/#primaryimage"},"thumbnailUrl":"https:\/\/www.notibras.com\/site\/wp-content\/uploads\/2014\/08\/02calbertodispyutabolabrunodelimaal.jpg","datePublished":"2014-08-02T23:35:15+00:00","dateModified":"2014-08-03T12:45:24+00:00","breadcrumb":{"@id":"https:\/\/www.notibras.com\/site\/botafogo-em-crise-comemora-empate-em-1x1-com-lider-cruzeiro-no-maraca\/#breadcrumb"},"inLanguage":"pt-BR","potentialAction":[{"@type":"ReadAction","target":["https:\/\/www.notibras.com\/site\/botafogo-em-crise-comemora-empate-em-1x1-com-lider-cruzeiro-no-maraca\/"]}]},{"@type":"ImageObject","inLanguage":"pt-BR","@id":"https:\/\/www.notibras.com\/site\/botafogo-em-crise-comemora-empate-em-1x1-com-lider-cruzeiro-no-maraca\/#primaryimage","url":"https:\/\/www.notibras.com\/site\/wp-content\/uploads\/2014\/08\/02calbertodispyutabolabrunodelimaal.jpg","contentUrl":"https:\/\/www.notibras.com\/site\/wp-content\/uploads\/2014\/08\/02calbertodispyutabolabrunodelimaal.jpg","width":460,"height":340},{"@type":"BreadcrumbList","@id":"https:\/\/www.notibras.com\/site\/botafogo-em-crise-comemora-empate-em-1x1-com-lider-cruzeiro-no-maraca\/#breadcrumb","itemListElement":[{"@type":"ListItem","position":1,"name":"In\u00edcio","item":"https:\/\/www.notibras.com\/site\/"},{"@type":"ListItem","position":2,"name":"Botafogo em crise comemora empate em 1&#215;1 com Cruzeiro"}]},{"@type":"WebSite","@id":"https:\/\/www.notibras.com\/site\/#website","url":"https:\/\/www.notibras.com\/site\/","name":"Notibras","description":"Not\u00edcias de Bras\u00edlia, do Brasil e do Mundo","publisher":{"@id":"https:\/\/www.notibras.com\/site\/#organization"},"potentialAction":[{"@type":"SearchAction","target":{"@type":"EntryPoint","urlTemplate":"https:\/\/www.notibras.com\/site\/?s={search_term_string}"},"query-input":{"@type":"PropertyValueSpecification","valueRequired":true,"valueName":"search_term_string"}}],"inLanguage":"pt-BR"},{"@type":"Organization","@id":"https:\/\/www.notibras.com\/site\/#organization","name":"Grupo Notibras de Comunica\u00e7\u00e3o","url":"https:\/\/www.notibras.com\/site\/","logo":{"@type":"ImageObject","inLanguage":"pt-BR","@id":"https:\/\/www.notibras.com\/site\/#\/schema\/logo\/image\/","url":"https:\/\/www.notibras.com\/site\/wp-content\/uploads\/2023\/01\/notibras23.png","contentUrl":"https:\/\/www.notibras.com\/site\/wp-content\/uploads\/2023\/01\/notibras23.png","width":350,"height":87,"caption":"Grupo Notibras de Comunica\u00e7\u00e3o"},"image":{"@id":"https:\/\/www.notibras.com\/site\/#\/schema\/logo\/image\/"},"sameAs":["https:\/\/www.facebook.com\/notibras\/","https:\/\/x.com\/Notibras","https:\/\/www.instagram.com\/notibras\/"]},{"@type":"Person","@id":"https:\/\/www.notibras.com\/site\/#\/schema\/person\/36ab0979449956132d3e5b517ea76ac8","name":"Reda\u00e7\u00e3o","image":{"@type":"ImageObject","inLanguage":"pt-BR","@id":"https:\/\/secure.gravatar.com\/avatar\/e0a867bdedb85fd243eadf09663511f96fc81e0720a4a42581f334ad4303aa6b?s=96&d=mm&r=g","url":"https:\/\/secure.gravatar.com\/avatar\/e0a867bdedb85fd243eadf09663511f96fc81e0720a4a42581f334ad4303aa6b?s=96&d=mm&r=g","contentUrl":"https:\/\/secure.gravatar.com\/avatar\/e0a867bdedb85fd243eadf09663511f96fc81e0720a4a42581f334ad4303aa6b?s=96&d=mm&r=g","caption":"Reda\u00e7\u00e3o"}}]}},"amp_enabled":true,"_links":{"self":[{"href":"https:\/\/www.notibras.com\/site\/wp-json\/wp\/v2\/posts\/18271","targetHints":{"allow":["GET"]}}],"collection":[{"href":"https:\/\/www.notibras.com\/site\/wp-json\/wp\/v2\/posts"}],"about":[{"href":"https:\/\/www.notibras.com\/site\/wp-json\/wp\/v2\/types\/post"}],"author":[{"embeddable":true,"href":"https:\/\/www.notibras.com\/site\/wp-json\/wp\/v2\/users\/2"}],"replies":[{"embeddable":true,"href":"https:\/\/www.notibras.com\/site\/wp-json\/wp\/v2\/comments?post=18271"}],"version-history":[{"count":0,"href":"https:\/\/www.notibras.com\/site\/wp-json\/wp\/v2\/posts\/18271\/revisions"}],"wp:featuredmedia":[{"embeddable":true,"href":"https:\/\/www.notibras.com\/site\/wp-json\/wp\/v2\/media\/18272"}],"wp:attachment":[{"href":"https:\/\/www.notibras.com\/site\/wp-json\/wp\/v2\/media?parent=18271"}],"wp:term":[{"taxonomy":"category","embeddable":true,"href":"https:\/\/www.notibras.com\/site\/wp-json\/wp\/v2\/categories?post=18271"},{"taxonomy":"post_tag","embeddable":true,"href":"https:\/\/www.notibras.com\/site\/wp-json\/wp\/v2\/tags?post=18271"}],"curies":[{"name":"wp","href":"https:\/\/api.w.org\/{rel}","templated":true}]}}