{"id":18275,"date":"2014-08-02T20:40:07","date_gmt":"2014-08-02T23:40:07","guid":{"rendered":"http:\/\/www.notibras.com\/site\/?p=18275"},"modified":"2014-08-02T20:40:07","modified_gmt":"2014-08-02T23:40:07","slug":"sao-paulo-sai-na-frente-mas-cede-empate-ao-criciuma-no-morumbi","status":"publish","type":"post","link":"https:\/\/www.notibras.com\/site\/sao-paulo-sai-na-frente-mas-cede-empate-ao-criciuma-no-morumbi\/","title":{"rendered":"S\u00e3o Paulo sai na frente mas cede empate ao Crici\u00fama no Morumbi"},"content":{"rendered":"<p>O S\u00e3o Paulo chegou \u00e0 terceira partida consecutiva sem vencer no Campeonato Brasileiro e perdeu a chance de encostar no G-4 neste s\u00e1bado. Jogando no Morumbi, o time tricolor dominou e saiu na frente com Alan Kardec, ap\u00f3s lindo passe de Ganso. Pouco depois, por\u00e9m,\u00a0cedeu o empate por 1 a 1 ao Crici\u00fama, que aproveitou vacilo de Rog\u00e9rio Ceni para marcar seu gol com Rodrigo Souza.<\/p>\n<p class=\"text\">O resultado deixa a equipe paulista com 20 pontos, mais distante da zona de classifica\u00e7\u00e3o \u00e0 Libertadores ap\u00f3s as derrotas para Chapecoense e Goi\u00e1s nas duas rodadas anteriores. J\u00e1 o Crici\u00fama, tamb\u00e9m sem vencer h\u00e1 tr\u00eas jogos, chegou aos 12 pontos, ainda pr\u00f3ximo da zona do rebaixamento.<\/p>\n<p class=\"text\">Muricy Ramalho apostou em Alexandre Pato no ataque ao lado de Alan Kardec, mantendo o esquema visto na vit\u00f3ria por 2 a 1 sobre o Bragantino no meio de semana, pela Copa do Brasil: tr\u00eas volantes, Ganso na arma\u00e7\u00e3o e uma dupla de frente tradicional. O S\u00e3o Paulo controlou a partida no primeiro tempo e criou v\u00e1rias chances, mas a falta de pontaria dos atacantes custou caro.<\/p>\n<p class=\"text\">Ganso foi o destaque da primeira etapa com \u00f3timos passes para Alan Kardec, que isolou por cima, e Pato, que bateu em cima do goleiro Luiz, cara a cara. Pato ainda teve outra grande oportunidade ap\u00f3s passe de Maicon, que chegou \u00e0 linha de fundo e tocou para tr\u00e1s; a finaliza\u00e7\u00e3o do camisa 11 passou rente \u00e0 trave dos catarinenses.<\/p>\n<p class=\"text\">No segundo tempo, o controle s\u00e3o-paulino continuou, e Pato novamente perdeu chance clara na frente do goleiro: aos 15min, arrancou pelo meio, colocou na frente e bateu fraco, em cima de Luiz. Pouco depois, Rodrigo Caio preocupou o S\u00e3o Paulo ao sentir o joelho em lance na defesa e pedir para ser substitu\u00eddo &#8211; Paulo Miranda entrou em seu lugar.<\/p>\n<blockquote>\n<p class=\"text\">O time da casa passou por outro susto aos 25min, quando \u00c1lvaro Pereira caiu com o rosto no ch\u00e3o e ficou momentaneamente desmaiado, mas o uruguaio logo voltou ao campo para iniciar a jogada do gol tricolor. O lateral roubou a bola e passou para Souza, que puxou contra-ataque e serviu Ganso. Com um lindo toque de primeira, o camisa 10 deixou Alan Kardec na cara do gol, e o atacante n\u00e3o desperdi\u00e7ou desta vez, batendo por baixo de Luiz aos 29min.<\/p>\n<\/blockquote>\n<p class=\"text\">Durou pouco, por\u00e9m, a vantagem s\u00e3o-paulina. Aos 35min, ap\u00f3s falta al\u00e7ada\u00a0na \u00e1rea, a bola passou por toda a defesa e Rog\u00e9rio Ceni s\u00f3 conseguiu espalmar de volta para o meio da confus\u00e3o. Rodrigo Souza foi mais r\u00e1pido no rebote e, sozinho, estufou a rede do S\u00e3o Paulo para empatar o jogo.<\/p>\n<p class=\"text\">Ap\u00f3s desperdi\u00e7ar v\u00e1rias chances, Pato havia sido substitu\u00eddo por Ademilson pouco antes do empate. Com Boschilia tamb\u00e9m em campo, o\u00a0S\u00e3o Paulo partiu desordenado para o ataque nos minutos finais, mas n\u00e3o conseguiu a vit\u00f3ria\u00a0e teve que ouvir as vaias da torcida ap\u00f3s o apito final no Morumbi.<\/p>\n","protected":false},"excerpt":{"rendered":"<p>O S\u00e3o Paulo chegou \u00e0 terceira partida consecutiva sem vencer no Campeonato Brasileiro e perdeu a chance de encostar no G-4 neste s\u00e1bado. Jogando no Morumbi, o time tricolor dominou e saiu na frente com Alan Kardec, ap\u00f3s lindo passe de Ganso. Pouco depois, por\u00e9m,\u00a0cedeu o empate por 1 a 1 ao Crici\u00fama, que aproveitou [&hellip;]<\/p>\n","protected":false},"author":2,"featured_media":18276,"comment_status":"open","ping_status":"closed","sticky":false,"template":"","format":"standard","meta":{"_acf_changed":false,"footnotes":""},"categories":[19,29],"tags":[],"class_list":["post-18275","post","type-post","status-publish","format-standard","has-post-thumbnail","hentry","category-esportes","category-futebol"],"acf":[],"yoast_head":"<!-- This site is optimized with the Yoast SEO plugin v27.2 - https:\/\/yoast.com\/product\/yoast-seo-wordpress\/ -->\n<title>S\u00e3o Paulo sai na frente mas cede empate ao Crici\u00fama no Morumbi - Notibras<\/title>\n<meta name=\"robots\" content=\"index, follow, max-snippet:-1, max-image-preview:large, max-video-preview:-1\" \/>\n<link rel=\"canonical\" href=\"https:\/\/www.notibras.com\/site\/sao-paulo-sai-na-frente-mas-cede-empate-ao-criciuma-no-morumbi\/\" \/>\n<meta property=\"og:locale\" content=\"pt_BR\" \/>\n<meta property=\"og:type\" content=\"article\" \/>\n<meta property=\"og:title\" content=\"S\u00e3o Paulo sai na frente mas cede empate ao Crici\u00fama no Morumbi - Notibras\" \/>\n<meta property=\"og:description\" content=\"O S\u00e3o Paulo chegou \u00e0 terceira partida consecutiva sem vencer no Campeonato Brasileiro e perdeu a chance de encostar no G-4 neste s\u00e1bado. Jogando no Morumbi, o time tricolor dominou e saiu na frente com Alan Kardec, ap\u00f3s lindo passe de Ganso. Pouco depois, por\u00e9m,\u00a0cedeu o empate por 1 a 1 ao Crici\u00fama, que aproveitou [&hellip;]\" \/>\n<meta property=\"og:url\" content=\"https:\/\/www.notibras.com\/site\/sao-paulo-sai-na-frente-mas-cede-empate-ao-criciuma-no-morumbi\/\" \/>\n<meta property=\"og:site_name\" content=\"Notibras\" \/>\n<meta property=\"article:publisher\" content=\"https:\/\/www.facebook.com\/notibras\/\" \/>\n<meta property=\"article:published_time\" content=\"2014-08-02T23:40:07+00:00\" \/>\n<meta property=\"og:image\" content=\"https:\/\/www.notibras.com\/site\/wp-content\/uploads\/2014\/08\/08patoarrancampereiraterra.jpg\" \/>\n\t<meta property=\"og:image:width\" content=\"460\" \/>\n\t<meta property=\"og:image:height\" content=\"340\" \/>\n\t<meta property=\"og:image:type\" content=\"image\/jpeg\" \/>\n<meta name=\"author\" content=\"Reda\u00e7\u00e3o\" \/>\n<meta name=\"twitter:card\" content=\"summary_large_image\" \/>\n<meta name=\"twitter:creator\" content=\"@Notibras\" \/>\n<meta name=\"twitter:site\" content=\"@Notibras\" \/>\n<meta name=\"twitter:label1\" content=\"Escrito por\" \/>\n\t<meta name=\"twitter:data1\" content=\"Reda\u00e7\u00e3o\" \/>\n\t<meta name=\"twitter:label2\" content=\"Est. tempo de leitura\" \/>\n\t<meta name=\"twitter:data2\" content=\"3 minutos\" \/>\n<script type=\"application\/ld+json\" class=\"yoast-schema-graph\">{\"@context\":\"https:\/\/schema.org\",\"@graph\":[{\"@type\":\"Article\",\"@id\":\"https:\/\/www.notibras.com\/site\/sao-paulo-sai-na-frente-mas-cede-empate-ao-criciuma-no-morumbi\/#article\",\"isPartOf\":{\"@id\":\"https:\/\/www.notibras.com\/site\/sao-paulo-sai-na-frente-mas-cede-empate-ao-criciuma-no-morumbi\/\"},\"author\":{\"name\":\"Reda\u00e7\u00e3o\",\"@id\":\"https:\/\/www.notibras.com\/site\/#\/schema\/person\/36ab0979449956132d3e5b517ea76ac8\"},\"headline\":\"S\u00e3o Paulo sai na frente mas cede empate ao Crici\u00fama no Morumbi\",\"datePublished\":\"2014-08-02T23:40:07+00:00\",\"mainEntityOfPage\":{\"@id\":\"https:\/\/www.notibras.com\/site\/sao-paulo-sai-na-frente-mas-cede-empate-ao-criciuma-no-morumbi\/\"},\"wordCount\":530,\"commentCount\":0,\"publisher\":{\"@id\":\"https:\/\/www.notibras.com\/site\/#organization\"},\"image\":{\"@id\":\"https:\/\/www.notibras.com\/site\/sao-paulo-sai-na-frente-mas-cede-empate-ao-criciuma-no-morumbi\/#primaryimage\"},\"thumbnailUrl\":\"https:\/\/www.notibras.com\/site\/wp-content\/uploads\/2014\/08\/08patoarrancampereiraterra.jpg\",\"articleSection\":[\"Esportes\",\"Futebol\"],\"inLanguage\":\"pt-BR\",\"potentialAction\":[{\"@type\":\"CommentAction\",\"name\":\"Comment\",\"target\":[\"https:\/\/www.notibras.com\/site\/sao-paulo-sai-na-frente-mas-cede-empate-ao-criciuma-no-morumbi\/#respond\"]}]},{\"@type\":\"WebPage\",\"@id\":\"https:\/\/www.notibras.com\/site\/sao-paulo-sai-na-frente-mas-cede-empate-ao-criciuma-no-morumbi\/\",\"url\":\"https:\/\/www.notibras.com\/site\/sao-paulo-sai-na-frente-mas-cede-empate-ao-criciuma-no-morumbi\/\",\"name\":\"S\u00e3o Paulo sai na frente mas cede empate ao Crici\u00fama no Morumbi - Notibras\",\"isPartOf\":{\"@id\":\"https:\/\/www.notibras.com\/site\/#website\"},\"primaryImageOfPage\":{\"@id\":\"https:\/\/www.notibras.com\/site\/sao-paulo-sai-na-frente-mas-cede-empate-ao-criciuma-no-morumbi\/#primaryimage\"},\"image\":{\"@id\":\"https:\/\/www.notibras.com\/site\/sao-paulo-sai-na-frente-mas-cede-empate-ao-criciuma-no-morumbi\/#primaryimage\"},\"thumbnailUrl\":\"https:\/\/www.notibras.com\/site\/wp-content\/uploads\/2014\/08\/08patoarrancampereiraterra.jpg\",\"datePublished\":\"2014-08-02T23:40:07+00:00\",\"breadcrumb\":{\"@id\":\"https:\/\/www.notibras.com\/site\/sao-paulo-sai-na-frente-mas-cede-empate-ao-criciuma-no-morumbi\/#breadcrumb\"},\"inLanguage\":\"pt-BR\",\"potentialAction\":[{\"@type\":\"ReadAction\",\"target\":[\"https:\/\/www.notibras.com\/site\/sao-paulo-sai-na-frente-mas-cede-empate-ao-criciuma-no-morumbi\/\"]}]},{\"@type\":\"ImageObject\",\"inLanguage\":\"pt-BR\",\"@id\":\"https:\/\/www.notibras.com\/site\/sao-paulo-sai-na-frente-mas-cede-empate-ao-criciuma-no-morumbi\/#primaryimage\",\"url\":\"https:\/\/www.notibras.com\/site\/wp-content\/uploads\/2014\/08\/08patoarrancampereiraterra.jpg\",\"contentUrl\":\"https:\/\/www.notibras.com\/site\/wp-content\/uploads\/2014\/08\/08patoarrancampereiraterra.jpg\",\"width\":460,\"height\":340},{\"@type\":\"BreadcrumbList\",\"@id\":\"https:\/\/www.notibras.com\/site\/sao-paulo-sai-na-frente-mas-cede-empate-ao-criciuma-no-morumbi\/#breadcrumb\",\"itemListElement\":[{\"@type\":\"ListItem\",\"position\":1,\"name\":\"In\u00edcio\",\"item\":\"https:\/\/www.notibras.com\/site\/\"},{\"@type\":\"ListItem\",\"position\":2,\"name\":\"S\u00e3o Paulo sai na frente mas cede empate ao Crici\u00fama no Morumbi\"}]},{\"@type\":\"WebSite\",\"@id\":\"https:\/\/www.notibras.com\/site\/#website\",\"url\":\"https:\/\/www.notibras.com\/site\/\",\"name\":\"Notibras\",\"description\":\"Not\u00edcias de Bras\u00edlia, do Brasil e do Mundo\",\"publisher\":{\"@id\":\"https:\/\/www.notibras.com\/site\/#organization\"},\"potentialAction\":[{\"@type\":\"SearchAction\",\"target\":{\"@type\":\"EntryPoint\",\"urlTemplate\":\"https:\/\/www.notibras.com\/site\/?s={search_term_string}\"},\"query-input\":{\"@type\":\"PropertyValueSpecification\",\"valueRequired\":true,\"valueName\":\"search_term_string\"}}],\"inLanguage\":\"pt-BR\"},{\"@type\":\"Organization\",\"@id\":\"https:\/\/www.notibras.com\/site\/#organization\",\"name\":\"Grupo Notibras de Comunica\u00e7\u00e3o\",\"url\":\"https:\/\/www.notibras.com\/site\/\",\"logo\":{\"@type\":\"ImageObject\",\"inLanguage\":\"pt-BR\",\"@id\":\"https:\/\/www.notibras.com\/site\/#\/schema\/logo\/image\/\",\"url\":\"https:\/\/www.notibras.com\/site\/wp-content\/uploads\/2023\/01\/notibras23.png\",\"contentUrl\":\"https:\/\/www.notibras.com\/site\/wp-content\/uploads\/2023\/01\/notibras23.png\",\"width\":350,\"height\":87,\"caption\":\"Grupo Notibras de Comunica\u00e7\u00e3o\"},\"image\":{\"@id\":\"https:\/\/www.notibras.com\/site\/#\/schema\/logo\/image\/\"},\"sameAs\":[\"https:\/\/www.facebook.com\/notibras\/\",\"https:\/\/x.com\/Notibras\",\"https:\/\/www.instagram.com\/notibras\/\"]},{\"@type\":\"Person\",\"@id\":\"https:\/\/www.notibras.com\/site\/#\/schema\/person\/36ab0979449956132d3e5b517ea76ac8\",\"name\":\"Reda\u00e7\u00e3o\",\"image\":{\"@type\":\"ImageObject\",\"inLanguage\":\"pt-BR\",\"@id\":\"https:\/\/secure.gravatar.com\/avatar\/e0a867bdedb85fd243eadf09663511f96fc81e0720a4a42581f334ad4303aa6b?s=96&d=mm&r=g\",\"url\":\"https:\/\/secure.gravatar.com\/avatar\/e0a867bdedb85fd243eadf09663511f96fc81e0720a4a42581f334ad4303aa6b?s=96&d=mm&r=g\",\"contentUrl\":\"https:\/\/secure.gravatar.com\/avatar\/e0a867bdedb85fd243eadf09663511f96fc81e0720a4a42581f334ad4303aa6b?s=96&d=mm&r=g\",\"caption\":\"Reda\u00e7\u00e3o\"}}]}<\/script>\n<!-- \/ Yoast SEO plugin. -->","yoast_head_json":{"title":"S\u00e3o Paulo sai na frente mas cede empate ao Crici\u00fama no Morumbi - Notibras","robots":{"index":"index","follow":"follow","max-snippet":"max-snippet:-1","max-image-preview":"max-image-preview:large","max-video-preview":"max-video-preview:-1"},"canonical":"https:\/\/www.notibras.com\/site\/sao-paulo-sai-na-frente-mas-cede-empate-ao-criciuma-no-morumbi\/","og_locale":"pt_BR","og_type":"article","og_title":"S\u00e3o Paulo sai na frente mas cede empate ao Crici\u00fama no Morumbi - Notibras","og_description":"O S\u00e3o Paulo chegou \u00e0 terceira partida consecutiva sem vencer no Campeonato Brasileiro e perdeu a chance de encostar no G-4 neste s\u00e1bado. Jogando no Morumbi, o time tricolor dominou e saiu na frente com Alan Kardec, ap\u00f3s lindo passe de Ganso. Pouco depois, por\u00e9m,\u00a0cedeu o empate por 1 a 1 ao Crici\u00fama, que aproveitou [&hellip;]","og_url":"https:\/\/www.notibras.com\/site\/sao-paulo-sai-na-frente-mas-cede-empate-ao-criciuma-no-morumbi\/","og_site_name":"Notibras","article_publisher":"https:\/\/www.facebook.com\/notibras\/","article_published_time":"2014-08-02T23:40:07+00:00","og_image":[{"width":460,"height":340,"url":"https:\/\/www.notibras.com\/site\/wp-content\/uploads\/2014\/08\/08patoarrancampereiraterra.jpg","type":"image\/jpeg"}],"author":"Reda\u00e7\u00e3o","twitter_card":"summary_large_image","twitter_creator":"@Notibras","twitter_site":"@Notibras","twitter_misc":{"Escrito por":"Reda\u00e7\u00e3o","Est. tempo de leitura":"3 minutos"},"schema":{"@context":"https:\/\/schema.org","@graph":[{"@type":"Article","@id":"https:\/\/www.notibras.com\/site\/sao-paulo-sai-na-frente-mas-cede-empate-ao-criciuma-no-morumbi\/#article","isPartOf":{"@id":"https:\/\/www.notibras.com\/site\/sao-paulo-sai-na-frente-mas-cede-empate-ao-criciuma-no-morumbi\/"},"author":{"name":"Reda\u00e7\u00e3o","@id":"https:\/\/www.notibras.com\/site\/#\/schema\/person\/36ab0979449956132d3e5b517ea76ac8"},"headline":"S\u00e3o Paulo sai na frente mas cede empate ao Crici\u00fama no Morumbi","datePublished":"2014-08-02T23:40:07+00:00","mainEntityOfPage":{"@id":"https:\/\/www.notibras.com\/site\/sao-paulo-sai-na-frente-mas-cede-empate-ao-criciuma-no-morumbi\/"},"wordCount":530,"commentCount":0,"publisher":{"@id":"https:\/\/www.notibras.com\/site\/#organization"},"image":{"@id":"https:\/\/www.notibras.com\/site\/sao-paulo-sai-na-frente-mas-cede-empate-ao-criciuma-no-morumbi\/#primaryimage"},"thumbnailUrl":"https:\/\/www.notibras.com\/site\/wp-content\/uploads\/2014\/08\/08patoarrancampereiraterra.jpg","articleSection":["Esportes","Futebol"],"inLanguage":"pt-BR","potentialAction":[{"@type":"CommentAction","name":"Comment","target":["https:\/\/www.notibras.com\/site\/sao-paulo-sai-na-frente-mas-cede-empate-ao-criciuma-no-morumbi\/#respond"]}]},{"@type":"WebPage","@id":"https:\/\/www.notibras.com\/site\/sao-paulo-sai-na-frente-mas-cede-empate-ao-criciuma-no-morumbi\/","url":"https:\/\/www.notibras.com\/site\/sao-paulo-sai-na-frente-mas-cede-empate-ao-criciuma-no-morumbi\/","name":"S\u00e3o Paulo sai na frente mas cede empate ao Crici\u00fama no Morumbi - Notibras","isPartOf":{"@id":"https:\/\/www.notibras.com\/site\/#website"},"primaryImageOfPage":{"@id":"https:\/\/www.notibras.com\/site\/sao-paulo-sai-na-frente-mas-cede-empate-ao-criciuma-no-morumbi\/#primaryimage"},"image":{"@id":"https:\/\/www.notibras.com\/site\/sao-paulo-sai-na-frente-mas-cede-empate-ao-criciuma-no-morumbi\/#primaryimage"},"thumbnailUrl":"https:\/\/www.notibras.com\/site\/wp-content\/uploads\/2014\/08\/08patoarrancampereiraterra.jpg","datePublished":"2014-08-02T23:40:07+00:00","breadcrumb":{"@id":"https:\/\/www.notibras.com\/site\/sao-paulo-sai-na-frente-mas-cede-empate-ao-criciuma-no-morumbi\/#breadcrumb"},"inLanguage":"pt-BR","potentialAction":[{"@type":"ReadAction","target":["https:\/\/www.notibras.com\/site\/sao-paulo-sai-na-frente-mas-cede-empate-ao-criciuma-no-morumbi\/"]}]},{"@type":"ImageObject","inLanguage":"pt-BR","@id":"https:\/\/www.notibras.com\/site\/sao-paulo-sai-na-frente-mas-cede-empate-ao-criciuma-no-morumbi\/#primaryimage","url":"https:\/\/www.notibras.com\/site\/wp-content\/uploads\/2014\/08\/08patoarrancampereiraterra.jpg","contentUrl":"https:\/\/www.notibras.com\/site\/wp-content\/uploads\/2014\/08\/08patoarrancampereiraterra.jpg","width":460,"height":340},{"@type":"BreadcrumbList","@id":"https:\/\/www.notibras.com\/site\/sao-paulo-sai-na-frente-mas-cede-empate-ao-criciuma-no-morumbi\/#breadcrumb","itemListElement":[{"@type":"ListItem","position":1,"name":"In\u00edcio","item":"https:\/\/www.notibras.com\/site\/"},{"@type":"ListItem","position":2,"name":"S\u00e3o Paulo sai na frente mas cede empate ao Crici\u00fama no Morumbi"}]},{"@type":"WebSite","@id":"https:\/\/www.notibras.com\/site\/#website","url":"https:\/\/www.notibras.com\/site\/","name":"Notibras","description":"Not\u00edcias de Bras\u00edlia, do Brasil e do Mundo","publisher":{"@id":"https:\/\/www.notibras.com\/site\/#organization"},"potentialAction":[{"@type":"SearchAction","target":{"@type":"EntryPoint","urlTemplate":"https:\/\/www.notibras.com\/site\/?s={search_term_string}"},"query-input":{"@type":"PropertyValueSpecification","valueRequired":true,"valueName":"search_term_string"}}],"inLanguage":"pt-BR"},{"@type":"Organization","@id":"https:\/\/www.notibras.com\/site\/#organization","name":"Grupo Notibras de Comunica\u00e7\u00e3o","url":"https:\/\/www.notibras.com\/site\/","logo":{"@type":"ImageObject","inLanguage":"pt-BR","@id":"https:\/\/www.notibras.com\/site\/#\/schema\/logo\/image\/","url":"https:\/\/www.notibras.com\/site\/wp-content\/uploads\/2023\/01\/notibras23.png","contentUrl":"https:\/\/www.notibras.com\/site\/wp-content\/uploads\/2023\/01\/notibras23.png","width":350,"height":87,"caption":"Grupo Notibras de Comunica\u00e7\u00e3o"},"image":{"@id":"https:\/\/www.notibras.com\/site\/#\/schema\/logo\/image\/"},"sameAs":["https:\/\/www.facebook.com\/notibras\/","https:\/\/x.com\/Notibras","https:\/\/www.instagram.com\/notibras\/"]},{"@type":"Person","@id":"https:\/\/www.notibras.com\/site\/#\/schema\/person\/36ab0979449956132d3e5b517ea76ac8","name":"Reda\u00e7\u00e3o","image":{"@type":"ImageObject","inLanguage":"pt-BR","@id":"https:\/\/secure.gravatar.com\/avatar\/e0a867bdedb85fd243eadf09663511f96fc81e0720a4a42581f334ad4303aa6b?s=96&d=mm&r=g","url":"https:\/\/secure.gravatar.com\/avatar\/e0a867bdedb85fd243eadf09663511f96fc81e0720a4a42581f334ad4303aa6b?s=96&d=mm&r=g","contentUrl":"https:\/\/secure.gravatar.com\/avatar\/e0a867bdedb85fd243eadf09663511f96fc81e0720a4a42581f334ad4303aa6b?s=96&d=mm&r=g","caption":"Reda\u00e7\u00e3o"}}]}},"amp_enabled":true,"_links":{"self":[{"href":"https:\/\/www.notibras.com\/site\/wp-json\/wp\/v2\/posts\/18275","targetHints":{"allow":["GET"]}}],"collection":[{"href":"https:\/\/www.notibras.com\/site\/wp-json\/wp\/v2\/posts"}],"about":[{"href":"https:\/\/www.notibras.com\/site\/wp-json\/wp\/v2\/types\/post"}],"author":[{"embeddable":true,"href":"https:\/\/www.notibras.com\/site\/wp-json\/wp\/v2\/users\/2"}],"replies":[{"embeddable":true,"href":"https:\/\/www.notibras.com\/site\/wp-json\/wp\/v2\/comments?post=18275"}],"version-history":[{"count":0,"href":"https:\/\/www.notibras.com\/site\/wp-json\/wp\/v2\/posts\/18275\/revisions"}],"wp:featuredmedia":[{"embeddable":true,"href":"https:\/\/www.notibras.com\/site\/wp-json\/wp\/v2\/media\/18276"}],"wp:attachment":[{"href":"https:\/\/www.notibras.com\/site\/wp-json\/wp\/v2\/media?parent=18275"}],"wp:term":[{"taxonomy":"category","embeddable":true,"href":"https:\/\/www.notibras.com\/site\/wp-json\/wp\/v2\/categories?post=18275"},{"taxonomy":"post_tag","embeddable":true,"href":"https:\/\/www.notibras.com\/site\/wp-json\/wp\/v2\/tags?post=18275"}],"curies":[{"name":"wp","href":"https:\/\/api.w.org\/{rel}","templated":true}]}}