{"id":18279,"date":"2014-08-02T21:14:59","date_gmt":"2014-08-03T00:14:59","guid":{"rendered":"http:\/\/www.notibras.com\/site\/?p=18279"},"modified":"2014-08-04T15:29:46","modified_gmt":"2014-08-04T18:29:46","slug":"grupo-de-10-homens-estupra-moca-de-17-anos-em-parque-de-bauru","status":"publish","type":"post","link":"https:\/\/www.notibras.com\/site\/grupo-de-10-homens-estupra-moca-de-17-anos-em-parque-de-bauru\/","title":{"rendered":"Bando de 10 estupra mo\u00e7a de 17 em um parque de Bauru"},"content":{"rendered":"<p>Uma adolescente de 17 anos foi abusada sexualmente por cerca de dez\u00a0homens em Bauru, no interior de S\u00e3o Paulo. O crime aconteceu em um terreno baldio do Jardim Brasil por volta das 23h30 desta sexta-feira. Dois suspeitos foram presos e reconhecidos pela v\u00edtima.<\/p>\n<p class=\"text\">A jovem contou \u00e0 Pol\u00edcia Militar que participava das comemora\u00e7\u00f5es do anivers\u00e1rio da cidade no Parque Vit\u00f3ria R\u00e9gia na companhia de um casal de amigos. Ao final da festa, quando a amiga e o namorado dela sa\u00edram do parque, a adolescente foi abordada por um conhecido que ofereceu carona para voltar para casa. O homem mora no mesmo bairro da jovem, o parque Santa Edwirges, periferia do munic\u00edpio.<\/p>\n<p class=\"text\">Os dois seguiram at\u00e9 o local onde o ve\u00edculo estaria estacionado, pr\u00f3ximo da festa, por\u00e9m ao se aproximarem de um terreno baldio a menor viu um grupo de homens no local. Ela foi obrigada a entrar no terreno e praticar sexo com os suspeitos.<\/p>\n<blockquote>\n<p class=\"text\">\u201cEla nos relatou que, de uma forma ou de outra, todos praticaram o abuso. Ela estava muito nervosa e n\u00e3o soube precisar a quantidade certa de homens que estavam no terreno. Alguns ela conhecia, outros n\u00e3o. Mas acredita que foram cerca de dez\u201d, disse o tenente Rodrigo de \u00c2ngelo, Comandante do Pelot\u00e3o da For\u00e7a T\u00e1tica de Bauru. O celular da v\u00edtima tamb\u00e9m foi roubado pelos suspeitos.<\/p>\n<\/blockquote>\n<p class=\"text\">A jovem conseguiu sair correndo e buscar ajuda em uma resid\u00eancia pr\u00f3xima ao local do crime. Ela ligou para a fam\u00edlia que acionou a PM. Uma viatura que realizava patrulhamento pr\u00f3ximo do local fez contato com a v\u00edtima e, a partir das informa\u00e7\u00f5es passadas por ela, os policiais conseguiram prender um dos suspeitos. Rog\u00e9rio C\u00e9sar da Cruz, 22 anos, conhecido como \u201cBidelo\u201d, foi preso em casa e confessou o crime.<\/p>\n<p class=\"text\">\u201cO suspeito confessou que deu bebida alco\u00f3lica para a adolescente e que n\u00e3o conhecia todas as pessoas que estavam no terreno. Depois de receber sexo oral da v\u00edtima ele foi embora do local\u201d, explica o tenente.<\/p>\n<p class=\"text\">Rog\u00e9rio indicou aos policiais o endere\u00e7o de outro homem que teria participado do abuso. Willian Gustavo Ferreira, de 19 anos, conhecido como \u201cBoi\u201d, tamb\u00e9m foi preso em casa e negou participa\u00e7\u00e3o no crime. Segundo o tenente, Willian disse apenas que deu lan\u00e7a-perfume e carona \u00e0 v\u00edtima antes do ocorrido e citou um menor de 16 anos como tendo sido o primeiro suspeito a abusar da v\u00edtima.<\/p>\n<p class=\"text\">A jovem foi encaminhada \u00e0 maternidade Santa Izabel onde foi submetida a exames para confirmar a viol\u00eancia sexual. Ela\u00a0recebeu\u00a0rem\u00e9dios contra doen\u00e7as sexualmente transmiss\u00edveis e para prevenir a gravidez e foi liberada. Um legista da Pol\u00edcia Civil acompanhou os exames. A jovem\u00a0foi levada \u00e0 Central de Pol\u00edcia Judici\u00e1ria onde reconheceu formalmente Willian e Rog\u00e9rio. Eles v\u00e3o responder por estupro, associa\u00e7\u00e3o criminosa e roubo e est\u00e3o \u00e0 disposi\u00e7\u00e3o da Justi\u00e7a. A pol\u00edcia procura pelos demais suspeitos do abuso.<\/p>\n","protected":false},"excerpt":{"rendered":"<p>Uma adolescente de 17 anos foi abusada sexualmente por cerca de dez\u00a0homens em Bauru, no interior de S\u00e3o Paulo. O crime aconteceu em um terreno baldio do Jardim Brasil por volta das 23h30 desta sexta-feira. Dois suspeitos foram presos e reconhecidos pela v\u00edtima. A jovem contou \u00e0 Pol\u00edcia Militar que participava das comemora\u00e7\u00f5es do anivers\u00e1rio [&hellip;]<\/p>\n","protected":false},"author":2,"featured_media":18280,"comment_status":"open","ping_status":"closed","sticky":false,"template":"","format":"standard","meta":{"_acf_changed":false,"footnotes":""},"categories":[24],"tags":[],"class_list":["post-18279","post","type-post","status-publish","format-standard","has-post-thumbnail","hentry","category-sao-paulo"],"acf":[],"_links":{"self":[{"href":"https:\/\/www.notibras.com\/site\/wp-json\/wp\/v2\/posts\/18279","targetHints":{"allow":["GET"]}}],"collection":[{"href":"https:\/\/www.notibras.com\/site\/wp-json\/wp\/v2\/posts"}],"about":[{"href":"https:\/\/www.notibras.com\/site\/wp-json\/wp\/v2\/types\/post"}],"author":[{"embeddable":true,"href":"https:\/\/www.notibras.com\/site\/wp-json\/wp\/v2\/users\/2"}],"replies":[{"embeddable":true,"href":"https:\/\/www.notibras.com\/site\/wp-json\/wp\/v2\/comments?post=18279"}],"version-history":[{"count":0,"href":"https:\/\/www.notibras.com\/site\/wp-json\/wp\/v2\/posts\/18279\/revisions"}],"wp:featuredmedia":[{"embeddable":true,"href":"https:\/\/www.notibras.com\/site\/wp-json\/wp\/v2\/media\/18280"}],"wp:attachment":[{"href":"https:\/\/www.notibras.com\/site\/wp-json\/wp\/v2\/media?parent=18279"}],"wp:term":[{"taxonomy":"category","embeddable":true,"href":"https:\/\/www.notibras.com\/site\/wp-json\/wp\/v2\/categories?post=18279"},{"taxonomy":"post_tag","embeddable":true,"href":"https:\/\/www.notibras.com\/site\/wp-json\/wp\/v2\/tags?post=18279"}],"curies":[{"name":"wp","href":"https:\/\/api.w.org\/{rel}","templated":true}]}}