{"id":18323,"date":"2014-08-03T16:37:23","date_gmt":"2014-08-03T19:37:23","guid":{"rendered":"http:\/\/www.notibras.com\/site\/?p=18323"},"modified":"2014-08-04T00:22:25","modified_gmt":"2014-08-04T03:22:25","slug":"promotores-alertam-para-aumenro-de-exploracao-sexual-de-criancas","status":"publish","type":"post","link":"https:\/\/www.notibras.com\/site\/promotores-alertam-para-aumenro-de-exploracao-sexual-de-criancas\/","title":{"rendered":"MP alerta para aumento de explora\u00e7\u00e3o sexual de crian\u00e7as"},"content":{"rendered":"<p>Em mo\u00e7\u00e3o de rep\u00fadio divulgada neste domingo,\u00a0promotores de Justi\u00e7a de todo o Pa\u00eds alegam &#8220;aumento significativo&#8221; no n\u00famero de casos de explora\u00e7\u00e3o sexual de crian\u00e7as no Brasil.<\/p>\n<p class=\"text\">Eles destacam que as den\u00fancias de crimes dessa natureza recebidas pelo Disque 100 aumentaram durante o per\u00edodo da Copa do Mundo (12 de junho a 13 de julho). O n\u00famero saltou de 524, de 12 de junho a 13 de julho do ano passado para 740 no mesmo per\u00edodo deste ano.<\/p>\n<p class=\"text\">A mo\u00e7\u00e3o, apresentada durante encontro de promotores em Bras\u00edlia, informa\u00a0que embora pontos de maior vulnerabilidade infantojuvenil tenham sido detectados pela Rede de Prote\u00e7\u00e3o, como praias do Nordeste, Porto de Manaus, rodovias federais e grandes capitais, como S\u00e3o Paulo, Rio de Janeiro Natal, o Pa\u00eds est\u00e1 longe do fim da erradica\u00e7\u00e3o da pr\u00e1tica do crime de estupro de vulner\u00e1vel, com favorecimento da prostitui\u00e7\u00e3o ou de outra forma de explora\u00e7\u00e3o sexual de crian\u00e7a ou adolescente ou de vulner\u00e1vel.<\/p>\n<p class=\"text\">A Secret\u00e1ria de Direitos Humanos (SDH) esclareceu que o aumento do n\u00famero de den\u00fancias pelo Disque 100, n\u00e3o significa, necessariamente, a ocorr\u00eancia de mais casos de abuso. A pasta prepara um levantamento dos atendimentos feitos nos estados durante o Mundial de Futebol.<\/p>\n<p class=\"text\">No texto, os promotores repudiam &#8220;todo e qualquer ato de viol\u00eancia ou explora\u00e7\u00e3o sexual contra crian\u00e7as e adolescentes&#8221; e pedem que as autoridades constitu\u00eddas e a sociedade civil &#8220;unam esfor\u00e7os a fim de proteger as crian\u00e7as e adolescentes que se encontram em territ\u00f3rio brasileiro de toda forma de explora\u00e7\u00e3o, viol\u00eancia, crueldade e opress\u00e3o&#8221;.<\/p>\n<p class=\"text\">A mo\u00e7\u00e3o foi divulgada no 1\u00ba Congresso Nacional dos Membros do Minist\u00e9rio P\u00fablico da Inf\u00e2ncia e da Juventude, realizado em Bras\u00edlia neste fim de semana. No encontro, os promotores refor\u00e7aram a campanha pela den\u00fancia de viola\u00e7\u00f5es e vestiram camisetas com os dizeres: &#8220;Explora\u00e7\u00e3o sexual de crian\u00e7as e adolescentes \u00e9 crime hediondo. Lei 121.978, de 21 de maio de 2014. Denuncie. Disque 100. Fa\u00e7a sua parte&#8221;.<\/p>\n<blockquote>\n<p class=\"text\">A mobiliza\u00e7\u00e3o da sociedade \u00e9 fator importante para acabar com a explora\u00e7\u00e3o sexual de menores, disse o promotor de Justi\u00e7a do Minist\u00e9rio P\u00fablico do Distrito Federal e Territ\u00f3rios, Renato Bar\u00e3o Baralda. &#8220;Muitos dos casos acontecem na fam\u00edlia, dentro das casas. \u00c9 preciso que a sociedade seja sensibilizada e n\u00e3o aceite esse tipo de viol\u00eancia&#8221;, afirmou.<\/p>\n<\/blockquote>\n<p class=\"text\">Tamb\u00e9m como forma de combater as viola\u00e7\u00f5es, foi criado o Pr\u00f3-Inf\u00e2ncia &#8211; F\u00f3rum Nacional dos Membros do Minist\u00e9rio P\u00fablico da Crian\u00e7a e do Adolescente, para reunir promotores de Justi\u00e7a de todo o pa\u00eds e servir como canal de di\u00e1logo entre os profissionais para discutir quest\u00f5es com as quais t\u00eam que lidar diariamente. O f\u00f3rum, que n\u00e3o constitui um espa\u00e7o institucional, tamb\u00e9m ser\u00e1 respons\u00e1vel pela organiza\u00e7\u00e3o de encontros nacionais voltados para o tema.<\/p>\n<p class=\"text\">O grupo pretende criar tamb\u00e9m grupos de trabalho para discutir as diversas viola\u00e7\u00f5es dos direitos das crian\u00e7as e adolescentes e debater posicionamentos em rela\u00e7\u00e3o a projetos de lei em tramita\u00e7\u00e3o no Congresso Nacional, entre outras quest\u00f5es.<\/p>\n","protected":false},"excerpt":{"rendered":"<p>Em mo\u00e7\u00e3o de rep\u00fadio divulgada neste domingo,\u00a0promotores de Justi\u00e7a de todo o Pa\u00eds alegam &#8220;aumento significativo&#8221; no n\u00famero de casos de explora\u00e7\u00e3o sexual de crian\u00e7as no Brasil. Eles destacam que as den\u00fancias de crimes dessa natureza recebidas pelo Disque 100 aumentaram durante o per\u00edodo da Copa do Mundo (12 de junho a 13 de julho). [&hellip;]<\/p>\n","protected":false},"author":2,"featured_media":18324,"comment_status":"open","ping_status":"closed","sticky":false,"template":"","format":"standard","meta":{"_acf_changed":false,"footnotes":""},"categories":[16],"tags":[],"class_list":["post-18323","post","type-post","status-publish","format-standard","has-post-thumbnail","hentry","category-brasil"],"acf":[],"_links":{"self":[{"href":"https:\/\/www.notibras.com\/site\/wp-json\/wp\/v2\/posts\/18323","targetHints":{"allow":["GET"]}}],"collection":[{"href":"https:\/\/www.notibras.com\/site\/wp-json\/wp\/v2\/posts"}],"about":[{"href":"https:\/\/www.notibras.com\/site\/wp-json\/wp\/v2\/types\/post"}],"author":[{"embeddable":true,"href":"https:\/\/www.notibras.com\/site\/wp-json\/wp\/v2\/users\/2"}],"replies":[{"embeddable":true,"href":"https:\/\/www.notibras.com\/site\/wp-json\/wp\/v2\/comments?post=18323"}],"version-history":[{"count":0,"href":"https:\/\/www.notibras.com\/site\/wp-json\/wp\/v2\/posts\/18323\/revisions"}],"wp:featuredmedia":[{"embeddable":true,"href":"https:\/\/www.notibras.com\/site\/wp-json\/wp\/v2\/media\/18324"}],"wp:attachment":[{"href":"https:\/\/www.notibras.com\/site\/wp-json\/wp\/v2\/media?parent=18323"}],"wp:term":[{"taxonomy":"category","embeddable":true,"href":"https:\/\/www.notibras.com\/site\/wp-json\/wp\/v2\/categories?post=18323"},{"taxonomy":"post_tag","embeddable":true,"href":"https:\/\/www.notibras.com\/site\/wp-json\/wp\/v2\/tags?post=18323"}],"curies":[{"name":"wp","href":"https:\/\/api.w.org\/{rel}","templated":true}]}}