{"id":18348,"date":"2014-08-03T18:21:14","date_gmt":"2014-08-03T21:21:14","guid":{"rendered":"http:\/\/www.notibras.com\/site\/?p=18348"},"modified":"2014-08-03T20:32:01","modified_gmt":"2014-08-03T23:32:01","slug":"derrota-para-chapecoense-recoloca-flamengo-na-lanterna","status":"publish","type":"post","link":"https:\/\/www.notibras.com\/site\/derrota-para-chapecoense-recoloca-flamengo-na-lanterna\/","title":{"rendered":"Derrota para Chapecoense fora de casa recoloca Fla na lanterna"},"content":{"rendered":"<p>Um gol de bola parada logo aos 8min do primeiro tempo foi o suficiente para a Chapecoense vencer o Flamengo por 1 a 0, neste domingo, na Arena Cond\u00e1, e devolver a equipe carioca \u00e0 lanterna do Campeonato Brasileiro. Uma falta batida por Nen\u00e9m, que passou por toda a defesa e entrou direto na meta de Paulo Victor, imp\u00f4s a primeira derrota ao t\u00e9cnico Vanderlei Luxemburgo em sua quarta passagem pelo clube rubro-negro.<\/p>\n<blockquote><p>O triunfo levou o time catarinense aos 14 pontos ganhos, tr\u00eas acima da zona do rebaixamento. J\u00e1 o Flamengo parou nos 10 pontos e foi ultrapassado por Bahia e Figueirense pelos crit\u00e9rios de desempate, amargando novamente a \u00faltima coloca\u00e7\u00e3o da tabela.<\/p><\/blockquote>\n<p class=\"text\">A Chapecoense ainda tem um jogo a menos no Brasileiro, que ser\u00e1 disputado nesta quarta-feira, contra o Atl\u00e9tico-MG. O Flamengo, por sua vez, recebe o Sport, domingo, no Maracan\u00e3.<\/p>\n<p class=\"text\">No primeiro jogo oficial da hist\u00f3ria entre Chapecoense e Flamengo, o time catarinense aproveitou o apoio da torcida e foi para cima logo no in\u00edcio. A primeira chance de perigo veio em chute forte da intermedi\u00e1ria, aos 5min. Logo em seguida, ap\u00f3s levantamento de Nen\u00e9m\u00a0para dentro da \u00e1rea, a bola passou por todo mundo, quase tocou na cabe\u00e7a de Rafael Lima e entrou direto no gol, abrindo o placar para o time da casa.<\/p>\n<p class=\"text\">A principal chance de gol do Flamengo no primeiro tempo foi em um erro de recuo da zaga catarinense &#8211; Mugni chutou, mas a defesa conseguiu interceptar. Na volta para o segundo tempo, Luxemburgo tentou dar mais versatilidade \u00e0s saidas ao ataque e jogou Everton na lateral\u00a0esquerda, colocando M\u00e1rcio Ara\u00fajo no meio de campo e sacando Jo\u00e3o Paulo. Por\u00e9m, os catarinenses seguiram melhores em campo.<\/p>\n<p class=\"text\">Aos 18min do segundo tempo, foi a vez de\u00a0Alecsandro perder um gol incr\u00edvel. O centroavante\u00a0rubro-negro entrou livre na cara do goleiro, mas chutou em cima de Danilo. Com as entradas de Eduardo da Silva e Negueba, o Flamengo conseguiu equilibrar o jogo, mas n\u00e3o criou nenhuma chance\u00a0clara de gol.\u00a0Com a Chapecoense amea\u00e7ando apenas em alguns contra-ataques,\u00a0o placar n\u00e3o foi alterado at\u00e9 o apito final.<\/p>\n","protected":false},"excerpt":{"rendered":"<p>Um gol de bola parada logo aos 8min do primeiro tempo foi o suficiente para a Chapecoense vencer o Flamengo por 1 a 0, neste domingo, na Arena Cond\u00e1, e devolver a equipe carioca \u00e0 lanterna do Campeonato Brasileiro. Uma falta batida por Nen\u00e9m, que passou por toda a defesa e entrou direto na meta [&hellip;]<\/p>\n","protected":false},"author":1,"featured_media":18349,"comment_status":"open","ping_status":"closed","sticky":false,"template":"","format":"standard","meta":{"_acf_changed":false,"footnotes":""},"categories":[29],"tags":[],"class_list":["post-18348","post","type-post","status-publish","format-standard","has-post-thumbnail","hentry","category-futebol"],"acf":[],"yoast_head":"<!-- This site is optimized with the Yoast SEO plugin v27.2 - https:\/\/yoast.com\/product\/yoast-seo-wordpress\/ -->\n<title>Derrota para Chapecoense fora de casa recoloca Fla na lanterna - Notibras<\/title>\n<meta name=\"robots\" content=\"index, follow, max-snippet:-1, max-image-preview:large, max-video-preview:-1\" \/>\n<link rel=\"canonical\" href=\"https:\/\/www.notibras.com\/site\/derrota-para-chapecoense-recoloca-flamengo-na-lanterna\/\" \/>\n<meta property=\"og:locale\" content=\"pt_BR\" \/>\n<meta property=\"og:type\" content=\"article\" \/>\n<meta property=\"og:title\" content=\"Derrota para Chapecoense fora de casa recoloca Fla na lanterna - Notibras\" \/>\n<meta property=\"og:description\" content=\"Um gol de bola parada logo aos 8min do primeiro tempo foi o suficiente para a Chapecoense vencer o Flamengo por 1 a 0, neste domingo, na Arena Cond\u00e1, e devolver a equipe carioca \u00e0 lanterna do Campeonato Brasileiro. Uma falta batida por Nen\u00e9m, que passou por toda a defesa e entrou direto na meta [&hellip;]\" \/>\n<meta property=\"og:url\" content=\"https:\/\/www.notibras.com\/site\/derrota-para-chapecoense-recoloca-flamengo-na-lanterna\/\" \/>\n<meta property=\"og:site_name\" content=\"Notibras\" \/>\n<meta property=\"article:publisher\" content=\"https:\/\/www.facebook.com\/notibras\/\" \/>\n<meta property=\"article:published_time\" content=\"2014-08-03T21:21:14+00:00\" \/>\n<meta property=\"article:modified_time\" content=\"2014-08-03T23:32:01+00:00\" \/>\n<meta property=\"og:image\" content=\"https:\/\/www.notibras.com\/site\/wp-content\/uploads\/2014\/08\/Sem-t\u00edtulo-112.jpg\" \/>\n\t<meta property=\"og:image:width\" content=\"750\" \/>\n\t<meta property=\"og:image:height\" content=\"500\" \/>\n\t<meta property=\"og:image:type\" content=\"image\/jpeg\" \/>\n<meta name=\"author\" content=\"Reda\u00e7\u00e3o\" \/>\n<meta name=\"twitter:card\" content=\"summary_large_image\" \/>\n<meta name=\"twitter:creator\" content=\"@Notibras\" \/>\n<meta name=\"twitter:site\" content=\"@Notibras\" \/>\n<meta name=\"twitter:label1\" content=\"Escrito por\" \/>\n\t<meta name=\"twitter:data1\" content=\"Reda\u00e7\u00e3o\" \/>\n\t<meta name=\"twitter:label2\" content=\"Est. tempo de leitura\" \/>\n\t<meta name=\"twitter:data2\" content=\"2 minutos\" \/>\n<script type=\"application\/ld+json\" class=\"yoast-schema-graph\">{\"@context\":\"https:\/\/schema.org\",\"@graph\":[{\"@type\":\"Article\",\"@id\":\"https:\/\/www.notibras.com\/site\/derrota-para-chapecoense-recoloca-flamengo-na-lanterna\/#article\",\"isPartOf\":{\"@id\":\"https:\/\/www.notibras.com\/site\/derrota-para-chapecoense-recoloca-flamengo-na-lanterna\/\"},\"author\":{\"name\":\"Reda\u00e7\u00e3o\",\"@id\":\"https:\/\/www.notibras.com\/site\/#\/schema\/person\/00b8e1aa08f9ef6563e878c5159d01cf\"},\"headline\":\"Derrota para Chapecoense fora de casa recoloca Fla na lanterna\",\"datePublished\":\"2014-08-03T21:21:14+00:00\",\"dateModified\":\"2014-08-03T23:32:01+00:00\",\"mainEntityOfPage\":{\"@id\":\"https:\/\/www.notibras.com\/site\/derrota-para-chapecoense-recoloca-flamengo-na-lanterna\/\"},\"wordCount\":379,\"commentCount\":0,\"publisher\":{\"@id\":\"https:\/\/www.notibras.com\/site\/#organization\"},\"image\":{\"@id\":\"https:\/\/www.notibras.com\/site\/derrota-para-chapecoense-recoloca-flamengo-na-lanterna\/#primaryimage\"},\"thumbnailUrl\":\"https:\/\/www.notibras.com\/site\/wp-content\/uploads\/2014\/08\/Sem-t\u00edtulo-112.jpg\",\"articleSection\":[\"Futebol\"],\"inLanguage\":\"pt-BR\",\"potentialAction\":[{\"@type\":\"CommentAction\",\"name\":\"Comment\",\"target\":[\"https:\/\/www.notibras.com\/site\/derrota-para-chapecoense-recoloca-flamengo-na-lanterna\/#respond\"]}]},{\"@type\":\"WebPage\",\"@id\":\"https:\/\/www.notibras.com\/site\/derrota-para-chapecoense-recoloca-flamengo-na-lanterna\/\",\"url\":\"https:\/\/www.notibras.com\/site\/derrota-para-chapecoense-recoloca-flamengo-na-lanterna\/\",\"name\":\"Derrota para Chapecoense fora de casa recoloca Fla na lanterna - Notibras\",\"isPartOf\":{\"@id\":\"https:\/\/www.notibras.com\/site\/#website\"},\"primaryImageOfPage\":{\"@id\":\"https:\/\/www.notibras.com\/site\/derrota-para-chapecoense-recoloca-flamengo-na-lanterna\/#primaryimage\"},\"image\":{\"@id\":\"https:\/\/www.notibras.com\/site\/derrota-para-chapecoense-recoloca-flamengo-na-lanterna\/#primaryimage\"},\"thumbnailUrl\":\"https:\/\/www.notibras.com\/site\/wp-content\/uploads\/2014\/08\/Sem-t\u00edtulo-112.jpg\",\"datePublished\":\"2014-08-03T21:21:14+00:00\",\"dateModified\":\"2014-08-03T23:32:01+00:00\",\"breadcrumb\":{\"@id\":\"https:\/\/www.notibras.com\/site\/derrota-para-chapecoense-recoloca-flamengo-na-lanterna\/#breadcrumb\"},\"inLanguage\":\"pt-BR\",\"potentialAction\":[{\"@type\":\"ReadAction\",\"target\":[\"https:\/\/www.notibras.com\/site\/derrota-para-chapecoense-recoloca-flamengo-na-lanterna\/\"]}]},{\"@type\":\"ImageObject\",\"inLanguage\":\"pt-BR\",\"@id\":\"https:\/\/www.notibras.com\/site\/derrota-para-chapecoense-recoloca-flamengo-na-lanterna\/#primaryimage\",\"url\":\"https:\/\/www.notibras.com\/site\/wp-content\/uploads\/2014\/08\/Sem-t\u00edtulo-112.jpg\",\"contentUrl\":\"https:\/\/www.notibras.com\/site\/wp-content\/uploads\/2014\/08\/Sem-t\u00edtulo-112.jpg\",\"width\":750,\"height\":500},{\"@type\":\"BreadcrumbList\",\"@id\":\"https:\/\/www.notibras.com\/site\/derrota-para-chapecoense-recoloca-flamengo-na-lanterna\/#breadcrumb\",\"itemListElement\":[{\"@type\":\"ListItem\",\"position\":1,\"name\":\"In\u00edcio\",\"item\":\"https:\/\/www.notibras.com\/site\/\"},{\"@type\":\"ListItem\",\"position\":2,\"name\":\"Derrota para Chapecoense fora de casa recoloca Fla na lanterna\"}]},{\"@type\":\"WebSite\",\"@id\":\"https:\/\/www.notibras.com\/site\/#website\",\"url\":\"https:\/\/www.notibras.com\/site\/\",\"name\":\"Notibras\",\"description\":\"Not\u00edcias de Bras\u00edlia, do Brasil e do Mundo\",\"publisher\":{\"@id\":\"https:\/\/www.notibras.com\/site\/#organization\"},\"potentialAction\":[{\"@type\":\"SearchAction\",\"target\":{\"@type\":\"EntryPoint\",\"urlTemplate\":\"https:\/\/www.notibras.com\/site\/?s={search_term_string}\"},\"query-input\":{\"@type\":\"PropertyValueSpecification\",\"valueRequired\":true,\"valueName\":\"search_term_string\"}}],\"inLanguage\":\"pt-BR\"},{\"@type\":\"Organization\",\"@id\":\"https:\/\/www.notibras.com\/site\/#organization\",\"name\":\"Grupo Notibras de Comunica\u00e7\u00e3o\",\"url\":\"https:\/\/www.notibras.com\/site\/\",\"logo\":{\"@type\":\"ImageObject\",\"inLanguage\":\"pt-BR\",\"@id\":\"https:\/\/www.notibras.com\/site\/#\/schema\/logo\/image\/\",\"url\":\"https:\/\/www.notibras.com\/site\/wp-content\/uploads\/2023\/01\/notibras23.png\",\"contentUrl\":\"https:\/\/www.notibras.com\/site\/wp-content\/uploads\/2023\/01\/notibras23.png\",\"width\":350,\"height\":87,\"caption\":\"Grupo Notibras de Comunica\u00e7\u00e3o\"},\"image\":{\"@id\":\"https:\/\/www.notibras.com\/site\/#\/schema\/logo\/image\/\"},\"sameAs\":[\"https:\/\/www.facebook.com\/notibras\/\",\"https:\/\/x.com\/Notibras\",\"https:\/\/www.instagram.com\/notibras\/\"]},{\"@type\":\"Person\",\"@id\":\"https:\/\/www.notibras.com\/site\/#\/schema\/person\/00b8e1aa08f9ef6563e878c5159d01cf\",\"name\":\"Reda\u00e7\u00e3o\",\"image\":{\"@type\":\"ImageObject\",\"inLanguage\":\"pt-BR\",\"@id\":\"https:\/\/secure.gravatar.com\/avatar\/ac5a707d5b47784a5ed426c6e213e201423c750890f64e4c379114dade67dfb9?s=96&d=mm&r=g\",\"url\":\"https:\/\/secure.gravatar.com\/avatar\/ac5a707d5b47784a5ed426c6e213e201423c750890f64e4c379114dade67dfb9?s=96&d=mm&r=g\",\"contentUrl\":\"https:\/\/secure.gravatar.com\/avatar\/ac5a707d5b47784a5ed426c6e213e201423c750890f64e4c379114dade67dfb9?s=96&d=mm&r=g\",\"caption\":\"Reda\u00e7\u00e3o\"}}]}<\/script>\n<!-- \/ Yoast SEO plugin. -->","yoast_head_json":{"title":"Derrota para Chapecoense fora de casa recoloca Fla na lanterna - Notibras","robots":{"index":"index","follow":"follow","max-snippet":"max-snippet:-1","max-image-preview":"max-image-preview:large","max-video-preview":"max-video-preview:-1"},"canonical":"https:\/\/www.notibras.com\/site\/derrota-para-chapecoense-recoloca-flamengo-na-lanterna\/","og_locale":"pt_BR","og_type":"article","og_title":"Derrota para Chapecoense fora de casa recoloca Fla na lanterna - Notibras","og_description":"Um gol de bola parada logo aos 8min do primeiro tempo foi o suficiente para a Chapecoense vencer o Flamengo por 1 a 0, neste domingo, na Arena Cond\u00e1, e devolver a equipe carioca \u00e0 lanterna do Campeonato Brasileiro. Uma falta batida por Nen\u00e9m, que passou por toda a defesa e entrou direto na meta [&hellip;]","og_url":"https:\/\/www.notibras.com\/site\/derrota-para-chapecoense-recoloca-flamengo-na-lanterna\/","og_site_name":"Notibras","article_publisher":"https:\/\/www.facebook.com\/notibras\/","article_published_time":"2014-08-03T21:21:14+00:00","article_modified_time":"2014-08-03T23:32:01+00:00","og_image":[{"width":750,"height":500,"url":"https:\/\/www.notibras.com\/site\/wp-content\/uploads\/2014\/08\/Sem-t\u00edtulo-112.jpg","type":"image\/jpeg"}],"author":"Reda\u00e7\u00e3o","twitter_card":"summary_large_image","twitter_creator":"@Notibras","twitter_site":"@Notibras","twitter_misc":{"Escrito por":"Reda\u00e7\u00e3o","Est. tempo de leitura":"2 minutos"},"schema":{"@context":"https:\/\/schema.org","@graph":[{"@type":"Article","@id":"https:\/\/www.notibras.com\/site\/derrota-para-chapecoense-recoloca-flamengo-na-lanterna\/#article","isPartOf":{"@id":"https:\/\/www.notibras.com\/site\/derrota-para-chapecoense-recoloca-flamengo-na-lanterna\/"},"author":{"name":"Reda\u00e7\u00e3o","@id":"https:\/\/www.notibras.com\/site\/#\/schema\/person\/00b8e1aa08f9ef6563e878c5159d01cf"},"headline":"Derrota para Chapecoense fora de casa recoloca Fla na lanterna","datePublished":"2014-08-03T21:21:14+00:00","dateModified":"2014-08-03T23:32:01+00:00","mainEntityOfPage":{"@id":"https:\/\/www.notibras.com\/site\/derrota-para-chapecoense-recoloca-flamengo-na-lanterna\/"},"wordCount":379,"commentCount":0,"publisher":{"@id":"https:\/\/www.notibras.com\/site\/#organization"},"image":{"@id":"https:\/\/www.notibras.com\/site\/derrota-para-chapecoense-recoloca-flamengo-na-lanterna\/#primaryimage"},"thumbnailUrl":"https:\/\/www.notibras.com\/site\/wp-content\/uploads\/2014\/08\/Sem-t\u00edtulo-112.jpg","articleSection":["Futebol"],"inLanguage":"pt-BR","potentialAction":[{"@type":"CommentAction","name":"Comment","target":["https:\/\/www.notibras.com\/site\/derrota-para-chapecoense-recoloca-flamengo-na-lanterna\/#respond"]}]},{"@type":"WebPage","@id":"https:\/\/www.notibras.com\/site\/derrota-para-chapecoense-recoloca-flamengo-na-lanterna\/","url":"https:\/\/www.notibras.com\/site\/derrota-para-chapecoense-recoloca-flamengo-na-lanterna\/","name":"Derrota para Chapecoense fora de casa recoloca Fla na lanterna - Notibras","isPartOf":{"@id":"https:\/\/www.notibras.com\/site\/#website"},"primaryImageOfPage":{"@id":"https:\/\/www.notibras.com\/site\/derrota-para-chapecoense-recoloca-flamengo-na-lanterna\/#primaryimage"},"image":{"@id":"https:\/\/www.notibras.com\/site\/derrota-para-chapecoense-recoloca-flamengo-na-lanterna\/#primaryimage"},"thumbnailUrl":"https:\/\/www.notibras.com\/site\/wp-content\/uploads\/2014\/08\/Sem-t\u00edtulo-112.jpg","datePublished":"2014-08-03T21:21:14+00:00","dateModified":"2014-08-03T23:32:01+00:00","breadcrumb":{"@id":"https:\/\/www.notibras.com\/site\/derrota-para-chapecoense-recoloca-flamengo-na-lanterna\/#breadcrumb"},"inLanguage":"pt-BR","potentialAction":[{"@type":"ReadAction","target":["https:\/\/www.notibras.com\/site\/derrota-para-chapecoense-recoloca-flamengo-na-lanterna\/"]}]},{"@type":"ImageObject","inLanguage":"pt-BR","@id":"https:\/\/www.notibras.com\/site\/derrota-para-chapecoense-recoloca-flamengo-na-lanterna\/#primaryimage","url":"https:\/\/www.notibras.com\/site\/wp-content\/uploads\/2014\/08\/Sem-t\u00edtulo-112.jpg","contentUrl":"https:\/\/www.notibras.com\/site\/wp-content\/uploads\/2014\/08\/Sem-t\u00edtulo-112.jpg","width":750,"height":500},{"@type":"BreadcrumbList","@id":"https:\/\/www.notibras.com\/site\/derrota-para-chapecoense-recoloca-flamengo-na-lanterna\/#breadcrumb","itemListElement":[{"@type":"ListItem","position":1,"name":"In\u00edcio","item":"https:\/\/www.notibras.com\/site\/"},{"@type":"ListItem","position":2,"name":"Derrota para Chapecoense fora de casa recoloca Fla na lanterna"}]},{"@type":"WebSite","@id":"https:\/\/www.notibras.com\/site\/#website","url":"https:\/\/www.notibras.com\/site\/","name":"Notibras","description":"Not\u00edcias de Bras\u00edlia, do Brasil e do Mundo","publisher":{"@id":"https:\/\/www.notibras.com\/site\/#organization"},"potentialAction":[{"@type":"SearchAction","target":{"@type":"EntryPoint","urlTemplate":"https:\/\/www.notibras.com\/site\/?s={search_term_string}"},"query-input":{"@type":"PropertyValueSpecification","valueRequired":true,"valueName":"search_term_string"}}],"inLanguage":"pt-BR"},{"@type":"Organization","@id":"https:\/\/www.notibras.com\/site\/#organization","name":"Grupo Notibras de Comunica\u00e7\u00e3o","url":"https:\/\/www.notibras.com\/site\/","logo":{"@type":"ImageObject","inLanguage":"pt-BR","@id":"https:\/\/www.notibras.com\/site\/#\/schema\/logo\/image\/","url":"https:\/\/www.notibras.com\/site\/wp-content\/uploads\/2023\/01\/notibras23.png","contentUrl":"https:\/\/www.notibras.com\/site\/wp-content\/uploads\/2023\/01\/notibras23.png","width":350,"height":87,"caption":"Grupo Notibras de Comunica\u00e7\u00e3o"},"image":{"@id":"https:\/\/www.notibras.com\/site\/#\/schema\/logo\/image\/"},"sameAs":["https:\/\/www.facebook.com\/notibras\/","https:\/\/x.com\/Notibras","https:\/\/www.instagram.com\/notibras\/"]},{"@type":"Person","@id":"https:\/\/www.notibras.com\/site\/#\/schema\/person\/00b8e1aa08f9ef6563e878c5159d01cf","name":"Reda\u00e7\u00e3o","image":{"@type":"ImageObject","inLanguage":"pt-BR","@id":"https:\/\/secure.gravatar.com\/avatar\/ac5a707d5b47784a5ed426c6e213e201423c750890f64e4c379114dade67dfb9?s=96&d=mm&r=g","url":"https:\/\/secure.gravatar.com\/avatar\/ac5a707d5b47784a5ed426c6e213e201423c750890f64e4c379114dade67dfb9?s=96&d=mm&r=g","contentUrl":"https:\/\/secure.gravatar.com\/avatar\/ac5a707d5b47784a5ed426c6e213e201423c750890f64e4c379114dade67dfb9?s=96&d=mm&r=g","caption":"Reda\u00e7\u00e3o"}}]}},"amp_enabled":true,"_links":{"self":[{"href":"https:\/\/www.notibras.com\/site\/wp-json\/wp\/v2\/posts\/18348","targetHints":{"allow":["GET"]}}],"collection":[{"href":"https:\/\/www.notibras.com\/site\/wp-json\/wp\/v2\/posts"}],"about":[{"href":"https:\/\/www.notibras.com\/site\/wp-json\/wp\/v2\/types\/post"}],"author":[{"embeddable":true,"href":"https:\/\/www.notibras.com\/site\/wp-json\/wp\/v2\/users\/1"}],"replies":[{"embeddable":true,"href":"https:\/\/www.notibras.com\/site\/wp-json\/wp\/v2\/comments?post=18348"}],"version-history":[{"count":0,"href":"https:\/\/www.notibras.com\/site\/wp-json\/wp\/v2\/posts\/18348\/revisions"}],"wp:featuredmedia":[{"embeddable":true,"href":"https:\/\/www.notibras.com\/site\/wp-json\/wp\/v2\/media\/18349"}],"wp:attachment":[{"href":"https:\/\/www.notibras.com\/site\/wp-json\/wp\/v2\/media?parent=18348"}],"wp:term":[{"taxonomy":"category","embeddable":true,"href":"https:\/\/www.notibras.com\/site\/wp-json\/wp\/v2\/categories?post=18348"},{"taxonomy":"post_tag","embeddable":true,"href":"https:\/\/www.notibras.com\/site\/wp-json\/wp\/v2\/tags?post=18348"}],"curies":[{"name":"wp","href":"https:\/\/api.w.org\/{rel}","templated":true}]}}