{"id":1836,"date":"2014-02-16T22:01:18","date_gmt":"2014-02-17T01:01:18","guid":{"rendered":"http:\/\/www.notibras.com\/site\/?p=1836"},"modified":"2014-02-16T22:02:08","modified_gmt":"2014-02-17T01:02:08","slug":"mecanico-isolado-pela-chuva-abandona-ferramenta-e-improvisa-pescaria","status":"publish","type":"post","link":"https:\/\/www.notibras.com\/site\/mecanico-isolado-pela-chuva-abandona-ferramenta-e-improvisa-pescaria\/","title":{"rendered":"Mec\u00e2nico isolado pela chuva deixa ferramenta e improvisa pescaria"},"content":{"rendered":"<p>Indignado ao ver sua casa tomada pela \u00e1gua das chuvas, o mec\u00e2nico Sidnei Rodrigues da Silva, 60 anos, morador de Esteio (RS), resolveu protestar de maneira inusitada. Em frente \u00e0 rua tomada pela \u00e1gua, sentou-se na porta de casa acompanhado de um vizinho para uma simb\u00f3lica \u201cpesca\u201d. \u201cA gente fica revoltado por que n\u00e3o vem ningu\u00e9m aqui, e que a prefeitura nos diz que n\u00e3o tem o que fazer\u201d, reclama ele.<\/p>\n<p>Esta n\u00e3o \u00e9 a primeira vez que Sidnei passa por esta situa\u00e7\u00e3o. Quatro meses atr\u00e1s\u00a0uma forte chuva alagou a casa em que mora com a mulher. Card\u00edaco, diab\u00e9tico e com problemas hep\u00e1ticos, n\u00e3o teve muito o que fazer quando viu a \u00e1gua invadir sua casa, e quase tudo foi perdido, entre m\u00f3veis, eletrodom\u00e9sticos e roupas.<\/p>\n<p>\u201cNo dia 23 de outubro de 2013 a casa foi alagada, e n\u00f3s fomos para a casa da minha filha, no Paran\u00e1.\u00a0Quando voltamos ela tinha sido arrombada, e o telhado tinha sido roubado\u201d.\u00a0Com a ajuda dos filhos, o casal conseguiu se reerguer nos meses que se seguiram \u00e0 primeira enchente. \u201cEles montaram sala e cozinha, compraram eletrodom\u00e9sticos, era tudo novo. Com a chova foi tudo embora\u201d, lamenta ele.\u00a0O medo de novos saques ao pouco que restou fez com que o casal decidisse permanecer no local desta vez.<\/p>\n<p>Para Sidnei, que mora na mesma cidade e na mesma casa desde que nasceu, o novo epis\u00f3dio foi a gota d\u2019\u00e1gua. \u201cColocamos a casa para vender. Quero ir embora da cidade\u201d, diz ele, apesar de ainda n\u00e3o saber para onde ir.<\/p>\n","protected":false},"excerpt":{"rendered":"<p>Indignado ao ver sua casa tomada pela \u00e1gua das chuvas, o mec\u00e2nico Sidnei Rodrigues da Silva, 60 anos, morador de Esteio (RS), resolveu protestar de maneira inusitada. Em frente \u00e0 rua tomada pela \u00e1gua, sentou-se na porta de casa acompanhado de um vizinho para uma simb\u00f3lica \u201cpesca\u201d. \u201cA gente fica revoltado por que n\u00e3o vem [&hellip;]<\/p>\n","protected":false},"author":2,"featured_media":1837,"comment_status":"open","ping_status":"closed","sticky":false,"template":"","format":"standard","meta":{"_acf_changed":false,"footnotes":""},"categories":[16],"tags":[],"class_list":["post-1836","post","type-post","status-publish","format-standard","has-post-thumbnail","hentry","category-brasil"],"acf":[],"yoast_head":"<!-- This site is optimized with the Yoast SEO plugin v27.2 - https:\/\/yoast.com\/product\/yoast-seo-wordpress\/ -->\n<title>Mec\u00e2nico isolado pela chuva deixa ferramenta e improvisa pescaria - Notibras<\/title>\n<meta name=\"robots\" content=\"index, follow, max-snippet:-1, max-image-preview:large, max-video-preview:-1\" \/>\n<link rel=\"canonical\" href=\"https:\/\/www.notibras.com\/site\/mecanico-isolado-pela-chuva-abandona-ferramenta-e-improvisa-pescaria\/\" \/>\n<meta property=\"og:locale\" content=\"pt_BR\" \/>\n<meta property=\"og:type\" content=\"article\" \/>\n<meta property=\"og:title\" content=\"Mec\u00e2nico isolado pela chuva deixa ferramenta e improvisa pescaria - Notibras\" \/>\n<meta property=\"og:description\" content=\"Indignado ao ver sua casa tomada pela \u00e1gua das chuvas, o mec\u00e2nico Sidnei Rodrigues da Silva, 60 anos, morador de Esteio (RS), resolveu protestar de maneira inusitada. Em frente \u00e0 rua tomada pela \u00e1gua, sentou-se na porta de casa acompanhado de um vizinho para uma simb\u00f3lica \u201cpesca\u201d. \u201cA gente fica revoltado por que n\u00e3o vem [&hellip;]\" \/>\n<meta property=\"og:url\" content=\"https:\/\/www.notibras.com\/site\/mecanico-isolado-pela-chuva-abandona-ferramenta-e-improvisa-pescaria\/\" \/>\n<meta property=\"og:site_name\" content=\"Notibras\" \/>\n<meta property=\"article:publisher\" content=\"https:\/\/www.facebook.com\/notibras\/\" \/>\n<meta property=\"article:published_time\" content=\"2014-02-17T01:01:18+00:00\" \/>\n<meta property=\"article:modified_time\" content=\"2014-02-17T01:02:08+00:00\" \/>\n<meta property=\"og:image\" content=\"https:\/\/www.notibras.com\/site\/wp-content\/uploads\/2014\/02\/vcreporterpescariachuvapatricia-viegas.jpg\" \/>\n\t<meta property=\"og:image:width\" content=\"619\" \/>\n\t<meta property=\"og:image:height\" content=\"464\" \/>\n\t<meta property=\"og:image:type\" content=\"image\/jpeg\" \/>\n<meta name=\"author\" content=\"Reda\u00e7\u00e3o\" \/>\n<meta name=\"twitter:card\" content=\"summary_large_image\" \/>\n<meta name=\"twitter:creator\" content=\"@Notibras\" \/>\n<meta name=\"twitter:site\" content=\"@Notibras\" \/>\n<meta name=\"twitter:label1\" content=\"Escrito por\" \/>\n\t<meta name=\"twitter:data1\" content=\"Reda\u00e7\u00e3o\" \/>\n\t<meta name=\"twitter:label2\" content=\"Est. tempo de leitura\" \/>\n\t<meta name=\"twitter:data2\" content=\"1 minuto\" \/>\n<script type=\"application\/ld+json\" class=\"yoast-schema-graph\">{\"@context\":\"https:\/\/schema.org\",\"@graph\":[{\"@type\":\"Article\",\"@id\":\"https:\/\/www.notibras.com\/site\/mecanico-isolado-pela-chuva-abandona-ferramenta-e-improvisa-pescaria\/#article\",\"isPartOf\":{\"@id\":\"https:\/\/www.notibras.com\/site\/mecanico-isolado-pela-chuva-abandona-ferramenta-e-improvisa-pescaria\/\"},\"author\":{\"name\":\"Reda\u00e7\u00e3o\",\"@id\":\"https:\/\/www.notibras.com\/site\/#\/schema\/person\/36ab0979449956132d3e5b517ea76ac8\"},\"headline\":\"Mec\u00e2nico isolado pela chuva deixa ferramenta e improvisa pescaria\",\"datePublished\":\"2014-02-17T01:01:18+00:00\",\"dateModified\":\"2014-02-17T01:02:08+00:00\",\"mainEntityOfPage\":{\"@id\":\"https:\/\/www.notibras.com\/site\/mecanico-isolado-pela-chuva-abandona-ferramenta-e-improvisa-pescaria\/\"},\"wordCount\":281,\"commentCount\":0,\"publisher\":{\"@id\":\"https:\/\/www.notibras.com\/site\/#organization\"},\"image\":{\"@id\":\"https:\/\/www.notibras.com\/site\/mecanico-isolado-pela-chuva-abandona-ferramenta-e-improvisa-pescaria\/#primaryimage\"},\"thumbnailUrl\":\"https:\/\/www.notibras.com\/site\/wp-content\/uploads\/2014\/02\/vcreporterpescariachuvapatricia-viegas.jpg\",\"articleSection\":[\"Brasil\"],\"inLanguage\":\"pt-BR\",\"potentialAction\":[{\"@type\":\"CommentAction\",\"name\":\"Comment\",\"target\":[\"https:\/\/www.notibras.com\/site\/mecanico-isolado-pela-chuva-abandona-ferramenta-e-improvisa-pescaria\/#respond\"]}]},{\"@type\":\"WebPage\",\"@id\":\"https:\/\/www.notibras.com\/site\/mecanico-isolado-pela-chuva-abandona-ferramenta-e-improvisa-pescaria\/\",\"url\":\"https:\/\/www.notibras.com\/site\/mecanico-isolado-pela-chuva-abandona-ferramenta-e-improvisa-pescaria\/\",\"name\":\"Mec\u00e2nico isolado pela chuva deixa ferramenta e improvisa pescaria - Notibras\",\"isPartOf\":{\"@id\":\"https:\/\/www.notibras.com\/site\/#website\"},\"primaryImageOfPage\":{\"@id\":\"https:\/\/www.notibras.com\/site\/mecanico-isolado-pela-chuva-abandona-ferramenta-e-improvisa-pescaria\/#primaryimage\"},\"image\":{\"@id\":\"https:\/\/www.notibras.com\/site\/mecanico-isolado-pela-chuva-abandona-ferramenta-e-improvisa-pescaria\/#primaryimage\"},\"thumbnailUrl\":\"https:\/\/www.notibras.com\/site\/wp-content\/uploads\/2014\/02\/vcreporterpescariachuvapatricia-viegas.jpg\",\"datePublished\":\"2014-02-17T01:01:18+00:00\",\"dateModified\":\"2014-02-17T01:02:08+00:00\",\"breadcrumb\":{\"@id\":\"https:\/\/www.notibras.com\/site\/mecanico-isolado-pela-chuva-abandona-ferramenta-e-improvisa-pescaria\/#breadcrumb\"},\"inLanguage\":\"pt-BR\",\"potentialAction\":[{\"@type\":\"ReadAction\",\"target\":[\"https:\/\/www.notibras.com\/site\/mecanico-isolado-pela-chuva-abandona-ferramenta-e-improvisa-pescaria\/\"]}]},{\"@type\":\"ImageObject\",\"inLanguage\":\"pt-BR\",\"@id\":\"https:\/\/www.notibras.com\/site\/mecanico-isolado-pela-chuva-abandona-ferramenta-e-improvisa-pescaria\/#primaryimage\",\"url\":\"https:\/\/www.notibras.com\/site\/wp-content\/uploads\/2014\/02\/vcreporterpescariachuvapatricia-viegas.jpg\",\"contentUrl\":\"https:\/\/www.notibras.com\/site\/wp-content\/uploads\/2014\/02\/vcreporterpescariachuvapatricia-viegas.jpg\",\"width\":619,\"height\":464},{\"@type\":\"BreadcrumbList\",\"@id\":\"https:\/\/www.notibras.com\/site\/mecanico-isolado-pela-chuva-abandona-ferramenta-e-improvisa-pescaria\/#breadcrumb\",\"itemListElement\":[{\"@type\":\"ListItem\",\"position\":1,\"name\":\"In\u00edcio\",\"item\":\"https:\/\/www.notibras.com\/site\/\"},{\"@type\":\"ListItem\",\"position\":2,\"name\":\"Mec\u00e2nico isolado pela chuva deixa ferramenta e improvisa pescaria\"}]},{\"@type\":\"WebSite\",\"@id\":\"https:\/\/www.notibras.com\/site\/#website\",\"url\":\"https:\/\/www.notibras.com\/site\/\",\"name\":\"Notibras\",\"description\":\"Not\u00edcias de Bras\u00edlia, do Brasil e do Mundo\",\"publisher\":{\"@id\":\"https:\/\/www.notibras.com\/site\/#organization\"},\"potentialAction\":[{\"@type\":\"SearchAction\",\"target\":{\"@type\":\"EntryPoint\",\"urlTemplate\":\"https:\/\/www.notibras.com\/site\/?s={search_term_string}\"},\"query-input\":{\"@type\":\"PropertyValueSpecification\",\"valueRequired\":true,\"valueName\":\"search_term_string\"}}],\"inLanguage\":\"pt-BR\"},{\"@type\":\"Organization\",\"@id\":\"https:\/\/www.notibras.com\/site\/#organization\",\"name\":\"Grupo Notibras de Comunica\u00e7\u00e3o\",\"url\":\"https:\/\/www.notibras.com\/site\/\",\"logo\":{\"@type\":\"ImageObject\",\"inLanguage\":\"pt-BR\",\"@id\":\"https:\/\/www.notibras.com\/site\/#\/schema\/logo\/image\/\",\"url\":\"https:\/\/www.notibras.com\/site\/wp-content\/uploads\/2023\/01\/notibras23.png\",\"contentUrl\":\"https:\/\/www.notibras.com\/site\/wp-content\/uploads\/2023\/01\/notibras23.png\",\"width\":350,\"height\":87,\"caption\":\"Grupo Notibras de Comunica\u00e7\u00e3o\"},\"image\":{\"@id\":\"https:\/\/www.notibras.com\/site\/#\/schema\/logo\/image\/\"},\"sameAs\":[\"https:\/\/www.facebook.com\/notibras\/\",\"https:\/\/x.com\/Notibras\",\"https:\/\/www.instagram.com\/notibras\/\"]},{\"@type\":\"Person\",\"@id\":\"https:\/\/www.notibras.com\/site\/#\/schema\/person\/36ab0979449956132d3e5b517ea76ac8\",\"name\":\"Reda\u00e7\u00e3o\",\"image\":{\"@type\":\"ImageObject\",\"inLanguage\":\"pt-BR\",\"@id\":\"https:\/\/secure.gravatar.com\/avatar\/e0a867bdedb85fd243eadf09663511f96fc81e0720a4a42581f334ad4303aa6b?s=96&d=mm&r=g\",\"url\":\"https:\/\/secure.gravatar.com\/avatar\/e0a867bdedb85fd243eadf09663511f96fc81e0720a4a42581f334ad4303aa6b?s=96&d=mm&r=g\",\"contentUrl\":\"https:\/\/secure.gravatar.com\/avatar\/e0a867bdedb85fd243eadf09663511f96fc81e0720a4a42581f334ad4303aa6b?s=96&d=mm&r=g\",\"caption\":\"Reda\u00e7\u00e3o\"}}]}<\/script>\n<!-- \/ Yoast SEO plugin. -->","yoast_head_json":{"title":"Mec\u00e2nico isolado pela chuva deixa ferramenta e improvisa pescaria - Notibras","robots":{"index":"index","follow":"follow","max-snippet":"max-snippet:-1","max-image-preview":"max-image-preview:large","max-video-preview":"max-video-preview:-1"},"canonical":"https:\/\/www.notibras.com\/site\/mecanico-isolado-pela-chuva-abandona-ferramenta-e-improvisa-pescaria\/","og_locale":"pt_BR","og_type":"article","og_title":"Mec\u00e2nico isolado pela chuva deixa ferramenta e improvisa pescaria - Notibras","og_description":"Indignado ao ver sua casa tomada pela \u00e1gua das chuvas, o mec\u00e2nico Sidnei Rodrigues da Silva, 60 anos, morador de Esteio (RS), resolveu protestar de maneira inusitada. Em frente \u00e0 rua tomada pela \u00e1gua, sentou-se na porta de casa acompanhado de um vizinho para uma simb\u00f3lica \u201cpesca\u201d. \u201cA gente fica revoltado por que n\u00e3o vem [&hellip;]","og_url":"https:\/\/www.notibras.com\/site\/mecanico-isolado-pela-chuva-abandona-ferramenta-e-improvisa-pescaria\/","og_site_name":"Notibras","article_publisher":"https:\/\/www.facebook.com\/notibras\/","article_published_time":"2014-02-17T01:01:18+00:00","article_modified_time":"2014-02-17T01:02:08+00:00","og_image":[{"width":619,"height":464,"url":"https:\/\/www.notibras.com\/site\/wp-content\/uploads\/2014\/02\/vcreporterpescariachuvapatricia-viegas.jpg","type":"image\/jpeg"}],"author":"Reda\u00e7\u00e3o","twitter_card":"summary_large_image","twitter_creator":"@Notibras","twitter_site":"@Notibras","twitter_misc":{"Escrito por":"Reda\u00e7\u00e3o","Est. tempo de leitura":"1 minuto"},"schema":{"@context":"https:\/\/schema.org","@graph":[{"@type":"Article","@id":"https:\/\/www.notibras.com\/site\/mecanico-isolado-pela-chuva-abandona-ferramenta-e-improvisa-pescaria\/#article","isPartOf":{"@id":"https:\/\/www.notibras.com\/site\/mecanico-isolado-pela-chuva-abandona-ferramenta-e-improvisa-pescaria\/"},"author":{"name":"Reda\u00e7\u00e3o","@id":"https:\/\/www.notibras.com\/site\/#\/schema\/person\/36ab0979449956132d3e5b517ea76ac8"},"headline":"Mec\u00e2nico isolado pela chuva deixa ferramenta e improvisa pescaria","datePublished":"2014-02-17T01:01:18+00:00","dateModified":"2014-02-17T01:02:08+00:00","mainEntityOfPage":{"@id":"https:\/\/www.notibras.com\/site\/mecanico-isolado-pela-chuva-abandona-ferramenta-e-improvisa-pescaria\/"},"wordCount":281,"commentCount":0,"publisher":{"@id":"https:\/\/www.notibras.com\/site\/#organization"},"image":{"@id":"https:\/\/www.notibras.com\/site\/mecanico-isolado-pela-chuva-abandona-ferramenta-e-improvisa-pescaria\/#primaryimage"},"thumbnailUrl":"https:\/\/www.notibras.com\/site\/wp-content\/uploads\/2014\/02\/vcreporterpescariachuvapatricia-viegas.jpg","articleSection":["Brasil"],"inLanguage":"pt-BR","potentialAction":[{"@type":"CommentAction","name":"Comment","target":["https:\/\/www.notibras.com\/site\/mecanico-isolado-pela-chuva-abandona-ferramenta-e-improvisa-pescaria\/#respond"]}]},{"@type":"WebPage","@id":"https:\/\/www.notibras.com\/site\/mecanico-isolado-pela-chuva-abandona-ferramenta-e-improvisa-pescaria\/","url":"https:\/\/www.notibras.com\/site\/mecanico-isolado-pela-chuva-abandona-ferramenta-e-improvisa-pescaria\/","name":"Mec\u00e2nico isolado pela chuva deixa ferramenta e improvisa pescaria - Notibras","isPartOf":{"@id":"https:\/\/www.notibras.com\/site\/#website"},"primaryImageOfPage":{"@id":"https:\/\/www.notibras.com\/site\/mecanico-isolado-pela-chuva-abandona-ferramenta-e-improvisa-pescaria\/#primaryimage"},"image":{"@id":"https:\/\/www.notibras.com\/site\/mecanico-isolado-pela-chuva-abandona-ferramenta-e-improvisa-pescaria\/#primaryimage"},"thumbnailUrl":"https:\/\/www.notibras.com\/site\/wp-content\/uploads\/2014\/02\/vcreporterpescariachuvapatricia-viegas.jpg","datePublished":"2014-02-17T01:01:18+00:00","dateModified":"2014-02-17T01:02:08+00:00","breadcrumb":{"@id":"https:\/\/www.notibras.com\/site\/mecanico-isolado-pela-chuva-abandona-ferramenta-e-improvisa-pescaria\/#breadcrumb"},"inLanguage":"pt-BR","potentialAction":[{"@type":"ReadAction","target":["https:\/\/www.notibras.com\/site\/mecanico-isolado-pela-chuva-abandona-ferramenta-e-improvisa-pescaria\/"]}]},{"@type":"ImageObject","inLanguage":"pt-BR","@id":"https:\/\/www.notibras.com\/site\/mecanico-isolado-pela-chuva-abandona-ferramenta-e-improvisa-pescaria\/#primaryimage","url":"https:\/\/www.notibras.com\/site\/wp-content\/uploads\/2014\/02\/vcreporterpescariachuvapatricia-viegas.jpg","contentUrl":"https:\/\/www.notibras.com\/site\/wp-content\/uploads\/2014\/02\/vcreporterpescariachuvapatricia-viegas.jpg","width":619,"height":464},{"@type":"BreadcrumbList","@id":"https:\/\/www.notibras.com\/site\/mecanico-isolado-pela-chuva-abandona-ferramenta-e-improvisa-pescaria\/#breadcrumb","itemListElement":[{"@type":"ListItem","position":1,"name":"In\u00edcio","item":"https:\/\/www.notibras.com\/site\/"},{"@type":"ListItem","position":2,"name":"Mec\u00e2nico isolado pela chuva deixa ferramenta e improvisa pescaria"}]},{"@type":"WebSite","@id":"https:\/\/www.notibras.com\/site\/#website","url":"https:\/\/www.notibras.com\/site\/","name":"Notibras","description":"Not\u00edcias de Bras\u00edlia, do Brasil e do Mundo","publisher":{"@id":"https:\/\/www.notibras.com\/site\/#organization"},"potentialAction":[{"@type":"SearchAction","target":{"@type":"EntryPoint","urlTemplate":"https:\/\/www.notibras.com\/site\/?s={search_term_string}"},"query-input":{"@type":"PropertyValueSpecification","valueRequired":true,"valueName":"search_term_string"}}],"inLanguage":"pt-BR"},{"@type":"Organization","@id":"https:\/\/www.notibras.com\/site\/#organization","name":"Grupo Notibras de Comunica\u00e7\u00e3o","url":"https:\/\/www.notibras.com\/site\/","logo":{"@type":"ImageObject","inLanguage":"pt-BR","@id":"https:\/\/www.notibras.com\/site\/#\/schema\/logo\/image\/","url":"https:\/\/www.notibras.com\/site\/wp-content\/uploads\/2023\/01\/notibras23.png","contentUrl":"https:\/\/www.notibras.com\/site\/wp-content\/uploads\/2023\/01\/notibras23.png","width":350,"height":87,"caption":"Grupo Notibras de Comunica\u00e7\u00e3o"},"image":{"@id":"https:\/\/www.notibras.com\/site\/#\/schema\/logo\/image\/"},"sameAs":["https:\/\/www.facebook.com\/notibras\/","https:\/\/x.com\/Notibras","https:\/\/www.instagram.com\/notibras\/"]},{"@type":"Person","@id":"https:\/\/www.notibras.com\/site\/#\/schema\/person\/36ab0979449956132d3e5b517ea76ac8","name":"Reda\u00e7\u00e3o","image":{"@type":"ImageObject","inLanguage":"pt-BR","@id":"https:\/\/secure.gravatar.com\/avatar\/e0a867bdedb85fd243eadf09663511f96fc81e0720a4a42581f334ad4303aa6b?s=96&d=mm&r=g","url":"https:\/\/secure.gravatar.com\/avatar\/e0a867bdedb85fd243eadf09663511f96fc81e0720a4a42581f334ad4303aa6b?s=96&d=mm&r=g","contentUrl":"https:\/\/secure.gravatar.com\/avatar\/e0a867bdedb85fd243eadf09663511f96fc81e0720a4a42581f334ad4303aa6b?s=96&d=mm&r=g","caption":"Reda\u00e7\u00e3o"}}]}},"amp_enabled":true,"_links":{"self":[{"href":"https:\/\/www.notibras.com\/site\/wp-json\/wp\/v2\/posts\/1836","targetHints":{"allow":["GET"]}}],"collection":[{"href":"https:\/\/www.notibras.com\/site\/wp-json\/wp\/v2\/posts"}],"about":[{"href":"https:\/\/www.notibras.com\/site\/wp-json\/wp\/v2\/types\/post"}],"author":[{"embeddable":true,"href":"https:\/\/www.notibras.com\/site\/wp-json\/wp\/v2\/users\/2"}],"replies":[{"embeddable":true,"href":"https:\/\/www.notibras.com\/site\/wp-json\/wp\/v2\/comments?post=1836"}],"version-history":[{"count":0,"href":"https:\/\/www.notibras.com\/site\/wp-json\/wp\/v2\/posts\/1836\/revisions"}],"wp:featuredmedia":[{"embeddable":true,"href":"https:\/\/www.notibras.com\/site\/wp-json\/wp\/v2\/media\/1837"}],"wp:attachment":[{"href":"https:\/\/www.notibras.com\/site\/wp-json\/wp\/v2\/media?parent=1836"}],"wp:term":[{"taxonomy":"category","embeddable":true,"href":"https:\/\/www.notibras.com\/site\/wp-json\/wp\/v2\/categories?post=1836"},{"taxonomy":"post_tag","embeddable":true,"href":"https:\/\/www.notibras.com\/site\/wp-json\/wp\/v2\/tags?post=1836"}],"curies":[{"name":"wp","href":"https:\/\/api.w.org\/{rel}","templated":true}]}}