{"id":18361,"date":"2014-08-03T18:59:10","date_gmt":"2014-08-03T21:59:10","guid":{"rendered":"http:\/\/www.notibras.com\/site\/?p=18361"},"modified":"2014-08-03T19:00:25","modified_gmt":"2014-08-03T22:00:25","slug":"caminhao-museu-mostra-a-historia-brasileira-de-lutas-pela-terra","status":"publish","type":"post","link":"https:\/\/www.notibras.com\/site\/caminhao-museu-mostra-a-historia-brasileira-de-lutas-pela-terra\/","title":{"rendered":"Caminh\u00e3o mostra a hist\u00f3ria brasileira de lutas pela terra"},"content":{"rendered":"<p>Um museu sobre rodas, em um caminh\u00e3o, batizado como &#8220;Sentimentos da Terra&#8221;, mostra a trajet\u00f3ria de lutas do povo brasileiro pela terra e seus direitos, desde a chegada dos portugueses. O caminh\u00e3o est\u00e1 estacionado na \u00e1rea externa do Museu Nacional, na Esplanada dos Minist\u00e9rios, onde permanece at\u00e9 quarta-feira (6).<\/p>\n<blockquote><p>O museu itinerante conta com extenso suporte multim\u00eddia. S\u00e3o duas salas de v\u00eddeo, um espa\u00e7o de tecnologia, com monitor interativo, al\u00e9m de exposi\u00e7\u00e3o com perfil de oito personagens importantes para contar a hist\u00f3ria da luta pela terra no Brasil. Dentre eles, o ambientalista Chico Mendes, o escritor Euclides da Cunha e o pol\u00edtico Leonel Brizola.<\/p><\/blockquote>\n<p>Para trazer informa\u00e7\u00e3o e entretenimento de forma agrad\u00e1vel e acess\u00edvel a toda a popula\u00e7\u00e3o, o projeto aliou intensa pesquisa historiogr\u00e1fica da professora e pesquisadora Heloisa Starling, da Universidade Federal de Minas Gerais, com o trabalho do arquiteto cenogr\u00e1fico Gringo Cardia.<\/p>\n<p>Sentimentos da Terra foi inaugurado em mar\u00e7o de 2013, e j\u00e1 passou pelas cidades de Belo Horizonte, Jequitib\u00e1, Pouso Alegre, Po\u00e7os de Caldas e Diamantina, em Minas; Goi\u00e2nia, em Goi\u00e1s; Limeira, Ara\u00e7oiaba da Serra e S\u00e3o Paulo, no estado de SP; Salvador, na Bahia; e Rio de Janeiro. No total, 18 mil pessoas j\u00e1 embarcaram no caminh\u00e3o, que as levou para uma viagem no tempo, onde brasileiros simples se tornaram personagens importantes da hist\u00f3ria do pa\u00eds.<\/p>\n<p>O museu itinerante est\u00e1 aberto a visita\u00e7\u00f5es a partir das 12h, e funciona at\u00e9 o in\u00edcio da noite.<\/p>\n","protected":false},"excerpt":{"rendered":"<p>Um museu sobre rodas, em um caminh\u00e3o, batizado como &#8220;Sentimentos da Terra&#8221;, mostra a trajet\u00f3ria de lutas do povo brasileiro pela terra e seus direitos, desde a chegada dos portugueses. O caminh\u00e3o est\u00e1 estacionado na \u00e1rea externa do Museu Nacional, na Esplanada dos Minist\u00e9rios, onde permanece at\u00e9 quarta-feira (6). O museu itinerante conta com extenso [&hellip;]<\/p>\n","protected":false},"author":1,"featured_media":18362,"comment_status":"open","ping_status":"closed","sticky":false,"template":"","format":"standard","meta":{"_acf_changed":false,"footnotes":""},"categories":[1],"tags":[],"class_list":["post-18361","post","type-post","status-publish","format-standard","has-post-thumbnail","hentry","category-brasilia"],"acf":[],"_links":{"self":[{"href":"https:\/\/www.notibras.com\/site\/wp-json\/wp\/v2\/posts\/18361","targetHints":{"allow":["GET"]}}],"collection":[{"href":"https:\/\/www.notibras.com\/site\/wp-json\/wp\/v2\/posts"}],"about":[{"href":"https:\/\/www.notibras.com\/site\/wp-json\/wp\/v2\/types\/post"}],"author":[{"embeddable":true,"href":"https:\/\/www.notibras.com\/site\/wp-json\/wp\/v2\/users\/1"}],"replies":[{"embeddable":true,"href":"https:\/\/www.notibras.com\/site\/wp-json\/wp\/v2\/comments?post=18361"}],"version-history":[{"count":0,"href":"https:\/\/www.notibras.com\/site\/wp-json\/wp\/v2\/posts\/18361\/revisions"}],"wp:featuredmedia":[{"embeddable":true,"href":"https:\/\/www.notibras.com\/site\/wp-json\/wp\/v2\/media\/18362"}],"wp:attachment":[{"href":"https:\/\/www.notibras.com\/site\/wp-json\/wp\/v2\/media?parent=18361"}],"wp:term":[{"taxonomy":"category","embeddable":true,"href":"https:\/\/www.notibras.com\/site\/wp-json\/wp\/v2\/categories?post=18361"},{"taxonomy":"post_tag","embeddable":true,"href":"https:\/\/www.notibras.com\/site\/wp-json\/wp\/v2\/tags?post=18361"}],"curies":[{"name":"wp","href":"https:\/\/api.w.org\/{rel}","templated":true}]}}