{"id":18389,"date":"2014-08-03T20:36:06","date_gmt":"2014-08-03T23:36:06","guid":{"rendered":"http:\/\/www.notibras.com\/site\/?p=18389"},"modified":"2014-08-03T20:37:09","modified_gmt":"2014-08-03T23:37:09","slug":"galo-derrota-atletico-pr-com-gols-contra-e-ja-mira-o-g-4","status":"publish","type":"post","link":"https:\/\/www.notibras.com\/site\/galo-derrota-atletico-pr-com-gols-contra-e-ja-mira-o-g-4\/","title":{"rendered":"Galo derrota Atl\u00e9tico-PR com gols contra e come\u00e7a a pensar no G-4"},"content":{"rendered":"<p class=\"text\">Melhor em campo durante quase todo o jogo, o Atl\u00e9tico-MG precisou da ajuda de dois lances curiosos para vencer o Atl\u00e9tico-PR, neste domingo, pelo Campeonato Brasileiro:\u00a0a\u00a0vit\u00f3ria por 3 a 1 veio com gols contra bizarros de L\u00e9o Pereira e Deivid. O resultado deixa o time alvinegro em \u00f3tima condi\u00e7\u00e3o: est\u00e1 em 11\u00ba, com 18 pontos, mas tem um jogo a menos. Caso ven\u00e7a a Chapecoense no meio da semana, pode colar no G-4. J\u00e1 o Atl\u00e9tico-PR tem 19 e est\u00e1 em 9\u00ba.<\/p>\n<p class=\"text\">O primeiro tempo inteiro foi do Atl\u00e9tico-MG. Desde o come\u00e7o do jogo, o time alvinegro criou seguidas chances de gol e sufocou o time advers\u00e1rio. Diego Tardelli,\u00a0J\u00f4 e principalmente\u00a0Maicosuel (tr\u00eas vezes) tiveram \u00f3timas chances de marcar, mas faltou pontaria e sobrou o goleiro Santos.<\/p>\n<p class=\"text\">O Atl\u00e9tico-PR s\u00f3 atacou bem em um contra-ataque, ap\u00f3s sofrer uma bola na trave, mas o\u00a0lance n\u00e3o foi aproveitado por Marcelo. Ent\u00e3o aconteceu o que parecia inevit\u00e1vel, o gol do Atl\u00e9tico-MG, mas de forma improv\u00e1vel: ap\u00f3s cobran\u00e7a de lateral de Marcos Rocha, o zagueiro L\u00e9o Silva desviou a bola para o gol.<\/p>\n<p class=\"text\">Mesmo sem substitui\u00e7\u00e3o, o Atl\u00e9tico-PR melhorou no segundo tempo e conseguiu seu gol ap\u00f3s falha de Victor. Aos 10min, o jovem Marcos Guilherme resolveu chutar de longe, rasteiro, e a bola passou embaixo dos bra\u00e7os do goleiro.<\/p>\n<p class=\"text\">O lance acordou o Atl\u00e9tico-MG, que voltou a jogar bem, principalmente ap\u00f3s a entrada de Luan no lugar de Guilherme. Primeiro ele levou perigo e parou em outra boa defesa de Santos. Depois, aos 30min, participou do lance bizarro que gerou o segundo gol. Ele cruzou para a \u00e1rea, e o jovem zagueiro L\u00e9o Pereira desviou a bola de canela para dentro do pr\u00f3prio gol.<\/p>\n<p class=\"text\">O gol atormentou o Atl\u00e9tico-PR, que ficou praticamente entregue em campo. Diego Tardelli quase marcou aos 35min, e Luan fez outra jogada perigosa que quase terminou em gol contra, aos 40min.<\/p>\n<p class=\"text\">O terceiro gol mostrou como o Atl\u00e9tico-PR ficou abalado: ap\u00f3s um toque de calcanhar para \u00e1rea, o volante Deivid tentou tirar a bola, mas encobriu o goleiro Santos e fez contra, fechando o placar da partida.<\/p>\n","protected":false},"excerpt":{"rendered":"<p>Melhor em campo durante quase todo o jogo, o Atl\u00e9tico-MG precisou da ajuda de dois lances curiosos para vencer o Atl\u00e9tico-PR, neste domingo, pelo Campeonato Brasileiro:\u00a0a\u00a0vit\u00f3ria por 3 a 1 veio com gols contra bizarros de L\u00e9o Pereira e Deivid. O resultado deixa o time alvinegro em \u00f3tima condi\u00e7\u00e3o: est\u00e1 em 11\u00ba, com 18 pontos, [&hellip;]<\/p>\n","protected":false},"author":1,"featured_media":18390,"comment_status":"open","ping_status":"closed","sticky":false,"template":"","format":"standard","meta":{"_acf_changed":false,"footnotes":""},"categories":[29],"tags":[],"class_list":["post-18389","post","type-post","status-publish","format-standard","has-post-thumbnail","hentry","category-futebol"],"acf":[],"yoast_head":"<!-- This site is optimized with the Yoast SEO plugin v27.2 - https:\/\/yoast.com\/product\/yoast-seo-wordpress\/ -->\n<title>Galo derrota Atl\u00e9tico-PR com gols contra e come\u00e7a a pensar no G-4 - Notibras<\/title>\n<meta name=\"robots\" content=\"index, follow, max-snippet:-1, max-image-preview:large, max-video-preview:-1\" \/>\n<link rel=\"canonical\" href=\"https:\/\/www.notibras.com\/site\/galo-derrota-atletico-pr-com-gols-contra-e-ja-mira-o-g-4\/\" \/>\n<meta property=\"og:locale\" content=\"pt_BR\" \/>\n<meta property=\"og:type\" content=\"article\" \/>\n<meta property=\"og:title\" content=\"Galo derrota Atl\u00e9tico-PR com gols contra e come\u00e7a a pensar no G-4 - Notibras\" \/>\n<meta property=\"og:description\" content=\"Melhor em campo durante quase todo o jogo, o Atl\u00e9tico-MG precisou da ajuda de dois lances curiosos para vencer o Atl\u00e9tico-PR, neste domingo, pelo Campeonato Brasileiro:\u00a0a\u00a0vit\u00f3ria por 3 a 1 veio com gols contra bizarros de L\u00e9o Pereira e Deivid. O resultado deixa o time alvinegro em \u00f3tima condi\u00e7\u00e3o: est\u00e1 em 11\u00ba, com 18 pontos, [&hellip;]\" \/>\n<meta property=\"og:url\" content=\"https:\/\/www.notibras.com\/site\/galo-derrota-atletico-pr-com-gols-contra-e-ja-mira-o-g-4\/\" \/>\n<meta property=\"og:site_name\" content=\"Notibras\" \/>\n<meta property=\"article:publisher\" content=\"https:\/\/www.facebook.com\/notibras\/\" \/>\n<meta property=\"article:published_time\" content=\"2014-08-03T23:36:06+00:00\" \/>\n<meta property=\"article:modified_time\" content=\"2014-08-03T23:37:09+00:00\" \/>\n<meta property=\"og:image\" content=\"https:\/\/www.notibras.com\/site\/wp-content\/uploads\/2014\/08\/Sem-t\u00edtulo-117.jpg\" \/>\n\t<meta property=\"og:image:width\" content=\"460\" \/>\n\t<meta property=\"og:image:height\" content=\"340\" \/>\n\t<meta property=\"og:image:type\" content=\"image\/jpeg\" \/>\n<meta name=\"author\" content=\"Reda\u00e7\u00e3o\" \/>\n<meta name=\"twitter:card\" content=\"summary_large_image\" \/>\n<meta name=\"twitter:creator\" content=\"@Notibras\" \/>\n<meta name=\"twitter:site\" content=\"@Notibras\" \/>\n<meta name=\"twitter:label1\" content=\"Escrito por\" \/>\n\t<meta name=\"twitter:data1\" content=\"Reda\u00e7\u00e3o\" \/>\n\t<meta name=\"twitter:label2\" content=\"Est. tempo de leitura\" \/>\n\t<meta name=\"twitter:data2\" content=\"2 minutos\" \/>\n<script type=\"application\/ld+json\" class=\"yoast-schema-graph\">{\"@context\":\"https:\/\/schema.org\",\"@graph\":[{\"@type\":\"Article\",\"@id\":\"https:\/\/www.notibras.com\/site\/galo-derrota-atletico-pr-com-gols-contra-e-ja-mira-o-g-4\/#article\",\"isPartOf\":{\"@id\":\"https:\/\/www.notibras.com\/site\/galo-derrota-atletico-pr-com-gols-contra-e-ja-mira-o-g-4\/\"},\"author\":{\"name\":\"Reda\u00e7\u00e3o\",\"@id\":\"https:\/\/www.notibras.com\/site\/#\/schema\/person\/00b8e1aa08f9ef6563e878c5159d01cf\"},\"headline\":\"Galo derrota Atl\u00e9tico-PR com gols contra e come\u00e7a a pensar no G-4\",\"datePublished\":\"2014-08-03T23:36:06+00:00\",\"dateModified\":\"2014-08-03T23:37:09+00:00\",\"mainEntityOfPage\":{\"@id\":\"https:\/\/www.notibras.com\/site\/galo-derrota-atletico-pr-com-gols-contra-e-ja-mira-o-g-4\/\"},\"wordCount\":392,\"commentCount\":0,\"publisher\":{\"@id\":\"https:\/\/www.notibras.com\/site\/#organization\"},\"image\":{\"@id\":\"https:\/\/www.notibras.com\/site\/galo-derrota-atletico-pr-com-gols-contra-e-ja-mira-o-g-4\/#primaryimage\"},\"thumbnailUrl\":\"https:\/\/www.notibras.com\/site\/wp-content\/uploads\/2014\/08\/Sem-t\u00edtulo-117.jpg\",\"articleSection\":[\"Futebol\"],\"inLanguage\":\"pt-BR\",\"potentialAction\":[{\"@type\":\"CommentAction\",\"name\":\"Comment\",\"target\":[\"https:\/\/www.notibras.com\/site\/galo-derrota-atletico-pr-com-gols-contra-e-ja-mira-o-g-4\/#respond\"]}]},{\"@type\":\"WebPage\",\"@id\":\"https:\/\/www.notibras.com\/site\/galo-derrota-atletico-pr-com-gols-contra-e-ja-mira-o-g-4\/\",\"url\":\"https:\/\/www.notibras.com\/site\/galo-derrota-atletico-pr-com-gols-contra-e-ja-mira-o-g-4\/\",\"name\":\"Galo derrota Atl\u00e9tico-PR com gols contra e come\u00e7a a pensar no G-4 - Notibras\",\"isPartOf\":{\"@id\":\"https:\/\/www.notibras.com\/site\/#website\"},\"primaryImageOfPage\":{\"@id\":\"https:\/\/www.notibras.com\/site\/galo-derrota-atletico-pr-com-gols-contra-e-ja-mira-o-g-4\/#primaryimage\"},\"image\":{\"@id\":\"https:\/\/www.notibras.com\/site\/galo-derrota-atletico-pr-com-gols-contra-e-ja-mira-o-g-4\/#primaryimage\"},\"thumbnailUrl\":\"https:\/\/www.notibras.com\/site\/wp-content\/uploads\/2014\/08\/Sem-t\u00edtulo-117.jpg\",\"datePublished\":\"2014-08-03T23:36:06+00:00\",\"dateModified\":\"2014-08-03T23:37:09+00:00\",\"breadcrumb\":{\"@id\":\"https:\/\/www.notibras.com\/site\/galo-derrota-atletico-pr-com-gols-contra-e-ja-mira-o-g-4\/#breadcrumb\"},\"inLanguage\":\"pt-BR\",\"potentialAction\":[{\"@type\":\"ReadAction\",\"target\":[\"https:\/\/www.notibras.com\/site\/galo-derrota-atletico-pr-com-gols-contra-e-ja-mira-o-g-4\/\"]}]},{\"@type\":\"ImageObject\",\"inLanguage\":\"pt-BR\",\"@id\":\"https:\/\/www.notibras.com\/site\/galo-derrota-atletico-pr-com-gols-contra-e-ja-mira-o-g-4\/#primaryimage\",\"url\":\"https:\/\/www.notibras.com\/site\/wp-content\/uploads\/2014\/08\/Sem-t\u00edtulo-117.jpg\",\"contentUrl\":\"https:\/\/www.notibras.com\/site\/wp-content\/uploads\/2014\/08\/Sem-t\u00edtulo-117.jpg\",\"width\":460,\"height\":340},{\"@type\":\"BreadcrumbList\",\"@id\":\"https:\/\/www.notibras.com\/site\/galo-derrota-atletico-pr-com-gols-contra-e-ja-mira-o-g-4\/#breadcrumb\",\"itemListElement\":[{\"@type\":\"ListItem\",\"position\":1,\"name\":\"In\u00edcio\",\"item\":\"https:\/\/www.notibras.com\/site\/\"},{\"@type\":\"ListItem\",\"position\":2,\"name\":\"Galo derrota Atl\u00e9tico-PR com gols contra e come\u00e7a a pensar no G-4\"}]},{\"@type\":\"WebSite\",\"@id\":\"https:\/\/www.notibras.com\/site\/#website\",\"url\":\"https:\/\/www.notibras.com\/site\/\",\"name\":\"Notibras\",\"description\":\"Not\u00edcias de Bras\u00edlia, do Brasil e do Mundo\",\"publisher\":{\"@id\":\"https:\/\/www.notibras.com\/site\/#organization\"},\"potentialAction\":[{\"@type\":\"SearchAction\",\"target\":{\"@type\":\"EntryPoint\",\"urlTemplate\":\"https:\/\/www.notibras.com\/site\/?s={search_term_string}\"},\"query-input\":{\"@type\":\"PropertyValueSpecification\",\"valueRequired\":true,\"valueName\":\"search_term_string\"}}],\"inLanguage\":\"pt-BR\"},{\"@type\":\"Organization\",\"@id\":\"https:\/\/www.notibras.com\/site\/#organization\",\"name\":\"Grupo Notibras de Comunica\u00e7\u00e3o\",\"url\":\"https:\/\/www.notibras.com\/site\/\",\"logo\":{\"@type\":\"ImageObject\",\"inLanguage\":\"pt-BR\",\"@id\":\"https:\/\/www.notibras.com\/site\/#\/schema\/logo\/image\/\",\"url\":\"https:\/\/www.notibras.com\/site\/wp-content\/uploads\/2023\/01\/notibras23.png\",\"contentUrl\":\"https:\/\/www.notibras.com\/site\/wp-content\/uploads\/2023\/01\/notibras23.png\",\"width\":350,\"height\":87,\"caption\":\"Grupo Notibras de Comunica\u00e7\u00e3o\"},\"image\":{\"@id\":\"https:\/\/www.notibras.com\/site\/#\/schema\/logo\/image\/\"},\"sameAs\":[\"https:\/\/www.facebook.com\/notibras\/\",\"https:\/\/x.com\/Notibras\",\"https:\/\/www.instagram.com\/notibras\/\"]},{\"@type\":\"Person\",\"@id\":\"https:\/\/www.notibras.com\/site\/#\/schema\/person\/00b8e1aa08f9ef6563e878c5159d01cf\",\"name\":\"Reda\u00e7\u00e3o\",\"image\":{\"@type\":\"ImageObject\",\"inLanguage\":\"pt-BR\",\"@id\":\"https:\/\/secure.gravatar.com\/avatar\/ac5a707d5b47784a5ed426c6e213e201423c750890f64e4c379114dade67dfb9?s=96&d=mm&r=g\",\"url\":\"https:\/\/secure.gravatar.com\/avatar\/ac5a707d5b47784a5ed426c6e213e201423c750890f64e4c379114dade67dfb9?s=96&d=mm&r=g\",\"contentUrl\":\"https:\/\/secure.gravatar.com\/avatar\/ac5a707d5b47784a5ed426c6e213e201423c750890f64e4c379114dade67dfb9?s=96&d=mm&r=g\",\"caption\":\"Reda\u00e7\u00e3o\"}}]}<\/script>\n<!-- \/ Yoast SEO plugin. -->","yoast_head_json":{"title":"Galo derrota Atl\u00e9tico-PR com gols contra e come\u00e7a a pensar no G-4 - Notibras","robots":{"index":"index","follow":"follow","max-snippet":"max-snippet:-1","max-image-preview":"max-image-preview:large","max-video-preview":"max-video-preview:-1"},"canonical":"https:\/\/www.notibras.com\/site\/galo-derrota-atletico-pr-com-gols-contra-e-ja-mira-o-g-4\/","og_locale":"pt_BR","og_type":"article","og_title":"Galo derrota Atl\u00e9tico-PR com gols contra e come\u00e7a a pensar no G-4 - Notibras","og_description":"Melhor em campo durante quase todo o jogo, o Atl\u00e9tico-MG precisou da ajuda de dois lances curiosos para vencer o Atl\u00e9tico-PR, neste domingo, pelo Campeonato Brasileiro:\u00a0a\u00a0vit\u00f3ria por 3 a 1 veio com gols contra bizarros de L\u00e9o Pereira e Deivid. O resultado deixa o time alvinegro em \u00f3tima condi\u00e7\u00e3o: est\u00e1 em 11\u00ba, com 18 pontos, [&hellip;]","og_url":"https:\/\/www.notibras.com\/site\/galo-derrota-atletico-pr-com-gols-contra-e-ja-mira-o-g-4\/","og_site_name":"Notibras","article_publisher":"https:\/\/www.facebook.com\/notibras\/","article_published_time":"2014-08-03T23:36:06+00:00","article_modified_time":"2014-08-03T23:37:09+00:00","og_image":[{"width":460,"height":340,"url":"https:\/\/www.notibras.com\/site\/wp-content\/uploads\/2014\/08\/Sem-t\u00edtulo-117.jpg","type":"image\/jpeg"}],"author":"Reda\u00e7\u00e3o","twitter_card":"summary_large_image","twitter_creator":"@Notibras","twitter_site":"@Notibras","twitter_misc":{"Escrito por":"Reda\u00e7\u00e3o","Est. tempo de leitura":"2 minutos"},"schema":{"@context":"https:\/\/schema.org","@graph":[{"@type":"Article","@id":"https:\/\/www.notibras.com\/site\/galo-derrota-atletico-pr-com-gols-contra-e-ja-mira-o-g-4\/#article","isPartOf":{"@id":"https:\/\/www.notibras.com\/site\/galo-derrota-atletico-pr-com-gols-contra-e-ja-mira-o-g-4\/"},"author":{"name":"Reda\u00e7\u00e3o","@id":"https:\/\/www.notibras.com\/site\/#\/schema\/person\/00b8e1aa08f9ef6563e878c5159d01cf"},"headline":"Galo derrota Atl\u00e9tico-PR com gols contra e come\u00e7a a pensar no G-4","datePublished":"2014-08-03T23:36:06+00:00","dateModified":"2014-08-03T23:37:09+00:00","mainEntityOfPage":{"@id":"https:\/\/www.notibras.com\/site\/galo-derrota-atletico-pr-com-gols-contra-e-ja-mira-o-g-4\/"},"wordCount":392,"commentCount":0,"publisher":{"@id":"https:\/\/www.notibras.com\/site\/#organization"},"image":{"@id":"https:\/\/www.notibras.com\/site\/galo-derrota-atletico-pr-com-gols-contra-e-ja-mira-o-g-4\/#primaryimage"},"thumbnailUrl":"https:\/\/www.notibras.com\/site\/wp-content\/uploads\/2014\/08\/Sem-t\u00edtulo-117.jpg","articleSection":["Futebol"],"inLanguage":"pt-BR","potentialAction":[{"@type":"CommentAction","name":"Comment","target":["https:\/\/www.notibras.com\/site\/galo-derrota-atletico-pr-com-gols-contra-e-ja-mira-o-g-4\/#respond"]}]},{"@type":"WebPage","@id":"https:\/\/www.notibras.com\/site\/galo-derrota-atletico-pr-com-gols-contra-e-ja-mira-o-g-4\/","url":"https:\/\/www.notibras.com\/site\/galo-derrota-atletico-pr-com-gols-contra-e-ja-mira-o-g-4\/","name":"Galo derrota Atl\u00e9tico-PR com gols contra e come\u00e7a a pensar no G-4 - Notibras","isPartOf":{"@id":"https:\/\/www.notibras.com\/site\/#website"},"primaryImageOfPage":{"@id":"https:\/\/www.notibras.com\/site\/galo-derrota-atletico-pr-com-gols-contra-e-ja-mira-o-g-4\/#primaryimage"},"image":{"@id":"https:\/\/www.notibras.com\/site\/galo-derrota-atletico-pr-com-gols-contra-e-ja-mira-o-g-4\/#primaryimage"},"thumbnailUrl":"https:\/\/www.notibras.com\/site\/wp-content\/uploads\/2014\/08\/Sem-t\u00edtulo-117.jpg","datePublished":"2014-08-03T23:36:06+00:00","dateModified":"2014-08-03T23:37:09+00:00","breadcrumb":{"@id":"https:\/\/www.notibras.com\/site\/galo-derrota-atletico-pr-com-gols-contra-e-ja-mira-o-g-4\/#breadcrumb"},"inLanguage":"pt-BR","potentialAction":[{"@type":"ReadAction","target":["https:\/\/www.notibras.com\/site\/galo-derrota-atletico-pr-com-gols-contra-e-ja-mira-o-g-4\/"]}]},{"@type":"ImageObject","inLanguage":"pt-BR","@id":"https:\/\/www.notibras.com\/site\/galo-derrota-atletico-pr-com-gols-contra-e-ja-mira-o-g-4\/#primaryimage","url":"https:\/\/www.notibras.com\/site\/wp-content\/uploads\/2014\/08\/Sem-t\u00edtulo-117.jpg","contentUrl":"https:\/\/www.notibras.com\/site\/wp-content\/uploads\/2014\/08\/Sem-t\u00edtulo-117.jpg","width":460,"height":340},{"@type":"BreadcrumbList","@id":"https:\/\/www.notibras.com\/site\/galo-derrota-atletico-pr-com-gols-contra-e-ja-mira-o-g-4\/#breadcrumb","itemListElement":[{"@type":"ListItem","position":1,"name":"In\u00edcio","item":"https:\/\/www.notibras.com\/site\/"},{"@type":"ListItem","position":2,"name":"Galo derrota Atl\u00e9tico-PR com gols contra e come\u00e7a a pensar no G-4"}]},{"@type":"WebSite","@id":"https:\/\/www.notibras.com\/site\/#website","url":"https:\/\/www.notibras.com\/site\/","name":"Notibras","description":"Not\u00edcias de Bras\u00edlia, do Brasil e do Mundo","publisher":{"@id":"https:\/\/www.notibras.com\/site\/#organization"},"potentialAction":[{"@type":"SearchAction","target":{"@type":"EntryPoint","urlTemplate":"https:\/\/www.notibras.com\/site\/?s={search_term_string}"},"query-input":{"@type":"PropertyValueSpecification","valueRequired":true,"valueName":"search_term_string"}}],"inLanguage":"pt-BR"},{"@type":"Organization","@id":"https:\/\/www.notibras.com\/site\/#organization","name":"Grupo Notibras de Comunica\u00e7\u00e3o","url":"https:\/\/www.notibras.com\/site\/","logo":{"@type":"ImageObject","inLanguage":"pt-BR","@id":"https:\/\/www.notibras.com\/site\/#\/schema\/logo\/image\/","url":"https:\/\/www.notibras.com\/site\/wp-content\/uploads\/2023\/01\/notibras23.png","contentUrl":"https:\/\/www.notibras.com\/site\/wp-content\/uploads\/2023\/01\/notibras23.png","width":350,"height":87,"caption":"Grupo Notibras de Comunica\u00e7\u00e3o"},"image":{"@id":"https:\/\/www.notibras.com\/site\/#\/schema\/logo\/image\/"},"sameAs":["https:\/\/www.facebook.com\/notibras\/","https:\/\/x.com\/Notibras","https:\/\/www.instagram.com\/notibras\/"]},{"@type":"Person","@id":"https:\/\/www.notibras.com\/site\/#\/schema\/person\/00b8e1aa08f9ef6563e878c5159d01cf","name":"Reda\u00e7\u00e3o","image":{"@type":"ImageObject","inLanguage":"pt-BR","@id":"https:\/\/secure.gravatar.com\/avatar\/ac5a707d5b47784a5ed426c6e213e201423c750890f64e4c379114dade67dfb9?s=96&d=mm&r=g","url":"https:\/\/secure.gravatar.com\/avatar\/ac5a707d5b47784a5ed426c6e213e201423c750890f64e4c379114dade67dfb9?s=96&d=mm&r=g","contentUrl":"https:\/\/secure.gravatar.com\/avatar\/ac5a707d5b47784a5ed426c6e213e201423c750890f64e4c379114dade67dfb9?s=96&d=mm&r=g","caption":"Reda\u00e7\u00e3o"}}]}},"amp_enabled":true,"_links":{"self":[{"href":"https:\/\/www.notibras.com\/site\/wp-json\/wp\/v2\/posts\/18389","targetHints":{"allow":["GET"]}}],"collection":[{"href":"https:\/\/www.notibras.com\/site\/wp-json\/wp\/v2\/posts"}],"about":[{"href":"https:\/\/www.notibras.com\/site\/wp-json\/wp\/v2\/types\/post"}],"author":[{"embeddable":true,"href":"https:\/\/www.notibras.com\/site\/wp-json\/wp\/v2\/users\/1"}],"replies":[{"embeddable":true,"href":"https:\/\/www.notibras.com\/site\/wp-json\/wp\/v2\/comments?post=18389"}],"version-history":[{"count":0,"href":"https:\/\/www.notibras.com\/site\/wp-json\/wp\/v2\/posts\/18389\/revisions"}],"wp:featuredmedia":[{"embeddable":true,"href":"https:\/\/www.notibras.com\/site\/wp-json\/wp\/v2\/media\/18390"}],"wp:attachment":[{"href":"https:\/\/www.notibras.com\/site\/wp-json\/wp\/v2\/media?parent=18389"}],"wp:term":[{"taxonomy":"category","embeddable":true,"href":"https:\/\/www.notibras.com\/site\/wp-json\/wp\/v2\/categories?post=18389"},{"taxonomy":"post_tag","embeddable":true,"href":"https:\/\/www.notibras.com\/site\/wp-json\/wp\/v2\/tags?post=18389"}],"curies":[{"name":"wp","href":"https:\/\/api.w.org\/{rel}","templated":true}]}}