{"id":18409,"date":"2014-08-03T23:55:48","date_gmt":"2014-08-04T02:55:48","guid":{"rendered":"http:\/\/www.notibras.com\/site\/?p=18409"},"modified":"2014-08-04T00:13:28","modified_gmt":"2014-08-04T03:13:28","slug":"grupo-de-50-familias-de-sem-terra-ocupam-area-em-planaltina","status":"publish","type":"post","link":"https:\/\/www.notibras.com\/site\/grupo-de-50-familias-de-sem-terra-ocupam-area-em-planaltina\/","title":{"rendered":"Grupo de 50 fam\u00edlias de sem-terra ocupa \u00e1rea produtiva em Planaltina"},"content":{"rendered":"<p>Cinquenta fam\u00edlias (cerca de 160 pessoas) do Movimento dos Trabalhadores Rurais Sem Terra invadiram uma fazenda em Planaltina neste domingo. Os propriet\u00e1rios da \u00e1rea prometem pedir reintegra\u00e7\u00e3o de posse, afirmando que a fazenda \u00e9 produtiva.<\/p>\n<p>O grupo fincou uma bandeira do MST na entrada da fazenda Tr\u00eas Pinheiros, de propriedade privada. O lugar fica na divisa de Formosa (Goi\u00e1s) e tamb\u00e9m est\u00e1 ocupado por diversos carros.<\/p>\n<blockquote><p>A Pol\u00edcia Militar deslocou uma guarni\u00e7\u00e3o para a regi\u00e3o. O comandante da opera\u00e7\u00e3o, sargento Luiz Carlos Freire, disse que os policiais est\u00e3o no local para garantir a ordem e evitar supostos tumultos.<\/p><\/blockquote>\n<p>O grupo de intelig\u00eancia da Pol\u00edcia Militar tamb\u00e9m est\u00e1 no local. \u201cAbrimos negocia\u00e7\u00e3o com os integrantes do MST e vamos permanecer no local para que a ordem seja mantida\u201d, afirmou Carlos Freire.<\/p>\n","protected":false},"excerpt":{"rendered":"<p>Cinquenta fam\u00edlias (cerca de 160 pessoas) do Movimento dos Trabalhadores Rurais Sem Terra invadiram uma fazenda em Planaltina neste domingo. Os propriet\u00e1rios da \u00e1rea prometem pedir reintegra\u00e7\u00e3o de posse, afirmando que a fazenda \u00e9 produtiva. O grupo fincou uma bandeira do MST na entrada da fazenda Tr\u00eas Pinheiros, de propriedade privada. O lugar fica na [&hellip;]<\/p>\n","protected":false},"author":2,"featured_media":18410,"comment_status":"open","ping_status":"closed","sticky":false,"template":"","format":"standard","meta":{"_acf_changed":false,"footnotes":""},"categories":[1],"tags":[],"class_list":["post-18409","post","type-post","status-publish","format-standard","has-post-thumbnail","hentry","category-brasilia"],"acf":[],"_links":{"self":[{"href":"https:\/\/www.notibras.com\/site\/wp-json\/wp\/v2\/posts\/18409","targetHints":{"allow":["GET"]}}],"collection":[{"href":"https:\/\/www.notibras.com\/site\/wp-json\/wp\/v2\/posts"}],"about":[{"href":"https:\/\/www.notibras.com\/site\/wp-json\/wp\/v2\/types\/post"}],"author":[{"embeddable":true,"href":"https:\/\/www.notibras.com\/site\/wp-json\/wp\/v2\/users\/2"}],"replies":[{"embeddable":true,"href":"https:\/\/www.notibras.com\/site\/wp-json\/wp\/v2\/comments?post=18409"}],"version-history":[{"count":0,"href":"https:\/\/www.notibras.com\/site\/wp-json\/wp\/v2\/posts\/18409\/revisions"}],"wp:featuredmedia":[{"embeddable":true,"href":"https:\/\/www.notibras.com\/site\/wp-json\/wp\/v2\/media\/18410"}],"wp:attachment":[{"href":"https:\/\/www.notibras.com\/site\/wp-json\/wp\/v2\/media?parent=18409"}],"wp:term":[{"taxonomy":"category","embeddable":true,"href":"https:\/\/www.notibras.com\/site\/wp-json\/wp\/v2\/categories?post=18409"},{"taxonomy":"post_tag","embeddable":true,"href":"https:\/\/www.notibras.com\/site\/wp-json\/wp\/v2\/tags?post=18409"}],"curies":[{"name":"wp","href":"https:\/\/api.w.org\/{rel}","templated":true}]}}