{"id":1841,"date":"2014-02-16T21:06:10","date_gmt":"2014-02-17T00:06:10","guid":{"rendered":"http:\/\/www.notibras.com\/site\/?p=1841"},"modified":"2014-02-16T22:06:48","modified_gmt":"2014-02-17T01:06:48","slug":"minas-diz-que-lula-e-mentiroso-e-briga-do-metro-pega-fogo","status":"publish","type":"post","link":"https:\/\/www.notibras.com\/site\/minas-diz-que-lula-e-mentiroso-e-briga-do-metro-pega-fogo\/","title":{"rendered":"Minas diz que Lula mente e briga do metr\u00f4 pega fogo"},"content":{"rendered":"<p>O governo de Minas Gerais rebateu neste domingo aa declara\u00e7\u00f5es de Lula, quando o petista esteve em Belo Horizonte para lan\u00e7ar o ex-ministro do Desenvolvimento Fernando Pimentel ao governo e aproveitou para alfinetar as administra\u00e7\u00f5es do PSDB no Estado. Lula criticou diretamente o senador A\u00e9cio Neves e o governador Ant\u00f4nio Anastasia, acusando-os de espalhar not\u00edcias ruins e pessimistas sobre a economia brasileira e de omitir os investimentos do governo federal em Minas.<\/p>\n<p>&#8220;Quando eu cheguei aqui, vi uma faixa com a frase &#8216;Dilma, chega de mentira, cad\u00ea o dinheiro do metr\u00f4?&#8217; Eu digo que o dinheiro do metr\u00f4 est\u00e1 esperando o governo de Minas Gerais apresentar um projeto para a gente fazer o metr\u00f4. Se apresentar o projeto, o dinheiro tem, porque somos republicanos, mas n\u00e3o somos tontos de liberar o dinheiro sem o projeto&#8221;, atacou.<\/p>\n<p>Em nota, o governo de Minas Gerais afirmou n\u00e3o \u201cser verdadeira a refer\u00eancia feita pelo ex-presidente\u201d. \u201cPrimeiramente, \u00e9 importante deixar claro que a obra do metr\u00f4 de BH \u00e9 de inteira responsabilidade do Governo Federal, sendo que a \u00faltima amplia\u00e7\u00e3o ocorreu ainda durante o governo do ex-presidente Fernando Henrique Cardoso\u201d, diz o comunicado.<\/p>\n<p>\u201cNos \u00faltimos anos, sob a gest\u00e3o petista, a obra ficou totalmente parada, comprometendo a mobilidade urbana na terceira maior regi\u00e3o metropolitana do pa\u00eds. Ressalte-se que, neste per\u00edodo, o governo do Estado de Minas Gerais ofereceu-se para colaborar, fazendo v\u00e1rios esfor\u00e7os para sensibilizar o governo Federal no sentido de retomar as obras. Em 2008, por exemplo, o ent\u00e3o governador A\u00e9cio Neves apresentou ao ent\u00e3o presidente Lula uma proposta para amplia\u00e7\u00e3o do metr\u00f4 por meio de parceria p\u00fablico-privada, que foi ignorada.\u201d De acordo com o governo de Minas Gerais, apenas em abril de 2012 o governo federal concordou com a colabora\u00e7\u00e3o do Estado, \u201cque desde ent\u00e3o assumiu a responsabilidade de coordenar a elabora\u00e7\u00e3o\u00a0 dos projetos de engenharia\u201d.<\/p>\n<p>A nota tamb\u00e9m rebateu outra cr\u00edtica de Lula, que enumerou alguns programas tocados pelo governo mineiro que, segundo o ex-presidente, s\u00e3o financiados pelo governo federal. &#8220;O Luz para Todos virou o qu\u00ea? Luz de Minas, Clarear? O programa do leite era outro nome, e a\u00ed vai&#8221;, ironizou o petista. Segundo governo de Minas, as afirma\u00e7\u00f5es de Lula \u201cn\u00e3o t\u00eam cabimento\u201d.<\/p>\n<p>\u201cNo caso espec\u00edfico dos programas Luz Para Todos e Clarear, citados por ele, \u00e9 importante esclarecer que se tratam de programas absolutamente distintos. O programa Clarear, do governo estadual, \u00e9 um programa totalmente diferente do programa Luz para Todos, do governo federal. O Clarear \u00e9 um programa de eletrifica\u00e7\u00e3o urbana executado com 100% de recursos da Cemig. Ele foi criado para atender \u00e0 determina\u00e7\u00e3o do \u00f3rg\u00e3o regulador, a Aneel, para universaliza\u00e7\u00e3o da eletrifica\u00e7\u00e3o urbana. J\u00e1 o Luz para Todos \u00e9 um programa de eletrifica\u00e7\u00e3o rural, que, ressalte-se,\u00a0 n\u00e3o \u00e9 executado apenas com investimentos do governo federal. Mais de 70% dos recursos do Luz para Todos s\u00e3o de responsabilidade estadual, entre recursos pr\u00f3prios do governo do Estado e da Cemig e financiamento que ser\u00e1 integralmente pago pela empresa estadual\u201d, detalhou a nota.<\/p>\n<p>Ex-prefeito da capital mineira, Pimentel dever\u00e1 ter como principal advers\u00e1rio na disputa pelo Pal\u00e1cio Tiradentes o ex-ministro das Comunica\u00e7\u00f5es no governo Fernando Henrique Cardoso, e tamb\u00e9m ex-prefeito de BH, Pimenta da Veiga (PSDB), que ter\u00e1 a pr\u00e9-candidatura lan\u00e7ada no pr\u00f3ximo dia 20. Al\u00e9m de vencer a elei\u00e7\u00e3o e tomar dos tucanos o governo mineiro, Pimentel ter\u00e1 como miss\u00e3o fazer da campanha eleitoral dele palanque em Minas para a presidente Dilma, que vai tentar a reelei\u00e7\u00e3o ao Pal\u00e1cio do Planalto. Do outro lado, Pimenta da Veiga tamb\u00e9m ter\u00e1 a tarefa de sair vitorioso puxando votos para o senador A\u00e9cio Neves, pr\u00e9-candidato \u00e0 presid\u00eancia da Rep\u00fablica.<\/p>\n","protected":false},"excerpt":{"rendered":"<p>O governo de Minas Gerais rebateu neste domingo aa declara\u00e7\u00f5es de Lula, quando o petista esteve em Belo Horizonte para lan\u00e7ar o ex-ministro do Desenvolvimento Fernando Pimentel ao governo e aproveitou para alfinetar as administra\u00e7\u00f5es do PSDB no Estado. Lula criticou diretamente o senador A\u00e9cio Neves e o governador Ant\u00f4nio Anastasia, acusando-os de espalhar not\u00edcias [&hellip;]<\/p>\n","protected":false},"author":2,"featured_media":1842,"comment_status":"open","ping_status":"closed","sticky":false,"template":"","format":"standard","meta":{"_acf_changed":false,"footnotes":""},"categories":[16],"tags":[],"class_list":["post-1841","post","type-post","status-publish","format-standard","has-post-thumbnail","hentry","category-brasil"],"acf":[],"yoast_head":"<!-- This site is optimized with the Yoast SEO plugin v27.2 - https:\/\/yoast.com\/product\/yoast-seo-wordpress\/ -->\n<title>Minas diz que Lula mente e briga do metr\u00f4 pega fogo - Notibras<\/title>\n<meta name=\"robots\" content=\"index, follow, max-snippet:-1, max-image-preview:large, max-video-preview:-1\" \/>\n<link rel=\"canonical\" href=\"https:\/\/www.notibras.com\/site\/minas-diz-que-lula-e-mentiroso-e-briga-do-metro-pega-fogo\/\" \/>\n<meta property=\"og:locale\" content=\"pt_BR\" \/>\n<meta property=\"og:type\" content=\"article\" \/>\n<meta property=\"og:title\" content=\"Minas diz que Lula mente e briga do metr\u00f4 pega fogo - Notibras\" \/>\n<meta property=\"og:description\" content=\"O governo de Minas Gerais rebateu neste domingo aa declara\u00e7\u00f5es de Lula, quando o petista esteve em Belo Horizonte para lan\u00e7ar o ex-ministro do Desenvolvimento Fernando Pimentel ao governo e aproveitou para alfinetar as administra\u00e7\u00f5es do PSDB no Estado. Lula criticou diretamente o senador A\u00e9cio Neves e o governador Ant\u00f4nio Anastasia, acusando-os de espalhar not\u00edcias [&hellip;]\" \/>\n<meta property=\"og:url\" content=\"https:\/\/www.notibras.com\/site\/minas-diz-que-lula-e-mentiroso-e-briga-do-metro-pega-fogo\/\" \/>\n<meta property=\"og:site_name\" content=\"Notibras\" \/>\n<meta property=\"article:publisher\" content=\"https:\/\/www.facebook.com\/notibras\/\" \/>\n<meta property=\"article:published_time\" content=\"2014-02-17T00:06:10+00:00\" \/>\n<meta property=\"article:modified_time\" content=\"2014-02-17T01:06:48+00:00\" \/>\n<meta property=\"og:image\" content=\"https:\/\/www.notibras.com\/site\/wp-content\/uploads\/2014\/02\/metro.jpg\" \/>\n\t<meta property=\"og:image:width\" content=\"500\" \/>\n\t<meta property=\"og:image:height\" content=\"438\" \/>\n\t<meta property=\"og:image:type\" content=\"image\/jpeg\" \/>\n<meta name=\"author\" content=\"Reda\u00e7\u00e3o\" \/>\n<meta name=\"twitter:card\" content=\"summary_large_image\" \/>\n<meta name=\"twitter:creator\" content=\"@Notibras\" \/>\n<meta name=\"twitter:site\" content=\"@Notibras\" \/>\n<meta name=\"twitter:label1\" content=\"Escrito por\" \/>\n\t<meta name=\"twitter:data1\" content=\"Reda\u00e7\u00e3o\" \/>\n\t<meta name=\"twitter:label2\" content=\"Est. tempo de leitura\" \/>\n\t<meta name=\"twitter:data2\" content=\"3 minutos\" \/>\n<script type=\"application\/ld+json\" class=\"yoast-schema-graph\">{\"@context\":\"https:\/\/schema.org\",\"@graph\":[{\"@type\":\"Article\",\"@id\":\"https:\/\/www.notibras.com\/site\/minas-diz-que-lula-e-mentiroso-e-briga-do-metro-pega-fogo\/#article\",\"isPartOf\":{\"@id\":\"https:\/\/www.notibras.com\/site\/minas-diz-que-lula-e-mentiroso-e-briga-do-metro-pega-fogo\/\"},\"author\":{\"name\":\"Reda\u00e7\u00e3o\",\"@id\":\"https:\/\/www.notibras.com\/site\/#\/schema\/person\/36ab0979449956132d3e5b517ea76ac8\"},\"headline\":\"Minas diz que Lula mente e briga do metr\u00f4 pega fogo\",\"datePublished\":\"2014-02-17T00:06:10+00:00\",\"dateModified\":\"2014-02-17T01:06:48+00:00\",\"mainEntityOfPage\":{\"@id\":\"https:\/\/www.notibras.com\/site\/minas-diz-que-lula-e-mentiroso-e-briga-do-metro-pega-fogo\/\"},\"wordCount\":654,\"commentCount\":0,\"publisher\":{\"@id\":\"https:\/\/www.notibras.com\/site\/#organization\"},\"image\":{\"@id\":\"https:\/\/www.notibras.com\/site\/minas-diz-que-lula-e-mentiroso-e-briga-do-metro-pega-fogo\/#primaryimage\"},\"thumbnailUrl\":\"https:\/\/www.notibras.com\/site\/wp-content\/uploads\/2014\/02\/metro.jpg\",\"articleSection\":[\"Brasil\"],\"inLanguage\":\"pt-BR\",\"potentialAction\":[{\"@type\":\"CommentAction\",\"name\":\"Comment\",\"target\":[\"https:\/\/www.notibras.com\/site\/minas-diz-que-lula-e-mentiroso-e-briga-do-metro-pega-fogo\/#respond\"]}]},{\"@type\":\"WebPage\",\"@id\":\"https:\/\/www.notibras.com\/site\/minas-diz-que-lula-e-mentiroso-e-briga-do-metro-pega-fogo\/\",\"url\":\"https:\/\/www.notibras.com\/site\/minas-diz-que-lula-e-mentiroso-e-briga-do-metro-pega-fogo\/\",\"name\":\"Minas diz que Lula mente e briga do metr\u00f4 pega fogo - Notibras\",\"isPartOf\":{\"@id\":\"https:\/\/www.notibras.com\/site\/#website\"},\"primaryImageOfPage\":{\"@id\":\"https:\/\/www.notibras.com\/site\/minas-diz-que-lula-e-mentiroso-e-briga-do-metro-pega-fogo\/#primaryimage\"},\"image\":{\"@id\":\"https:\/\/www.notibras.com\/site\/minas-diz-que-lula-e-mentiroso-e-briga-do-metro-pega-fogo\/#primaryimage\"},\"thumbnailUrl\":\"https:\/\/www.notibras.com\/site\/wp-content\/uploads\/2014\/02\/metro.jpg\",\"datePublished\":\"2014-02-17T00:06:10+00:00\",\"dateModified\":\"2014-02-17T01:06:48+00:00\",\"breadcrumb\":{\"@id\":\"https:\/\/www.notibras.com\/site\/minas-diz-que-lula-e-mentiroso-e-briga-do-metro-pega-fogo\/#breadcrumb\"},\"inLanguage\":\"pt-BR\",\"potentialAction\":[{\"@type\":\"ReadAction\",\"target\":[\"https:\/\/www.notibras.com\/site\/minas-diz-que-lula-e-mentiroso-e-briga-do-metro-pega-fogo\/\"]}]},{\"@type\":\"ImageObject\",\"inLanguage\":\"pt-BR\",\"@id\":\"https:\/\/www.notibras.com\/site\/minas-diz-que-lula-e-mentiroso-e-briga-do-metro-pega-fogo\/#primaryimage\",\"url\":\"https:\/\/www.notibras.com\/site\/wp-content\/uploads\/2014\/02\/metro.jpg\",\"contentUrl\":\"https:\/\/www.notibras.com\/site\/wp-content\/uploads\/2014\/02\/metro.jpg\",\"width\":500,\"height\":438},{\"@type\":\"BreadcrumbList\",\"@id\":\"https:\/\/www.notibras.com\/site\/minas-diz-que-lula-e-mentiroso-e-briga-do-metro-pega-fogo\/#breadcrumb\",\"itemListElement\":[{\"@type\":\"ListItem\",\"position\":1,\"name\":\"In\u00edcio\",\"item\":\"https:\/\/www.notibras.com\/site\/\"},{\"@type\":\"ListItem\",\"position\":2,\"name\":\"Minas diz que Lula mente e briga do metr\u00f4 pega fogo\"}]},{\"@type\":\"WebSite\",\"@id\":\"https:\/\/www.notibras.com\/site\/#website\",\"url\":\"https:\/\/www.notibras.com\/site\/\",\"name\":\"Notibras\",\"description\":\"Not\u00edcias de Bras\u00edlia, do Brasil e do Mundo\",\"publisher\":{\"@id\":\"https:\/\/www.notibras.com\/site\/#organization\"},\"potentialAction\":[{\"@type\":\"SearchAction\",\"target\":{\"@type\":\"EntryPoint\",\"urlTemplate\":\"https:\/\/www.notibras.com\/site\/?s={search_term_string}\"},\"query-input\":{\"@type\":\"PropertyValueSpecification\",\"valueRequired\":true,\"valueName\":\"search_term_string\"}}],\"inLanguage\":\"pt-BR\"},{\"@type\":\"Organization\",\"@id\":\"https:\/\/www.notibras.com\/site\/#organization\",\"name\":\"Grupo Notibras de Comunica\u00e7\u00e3o\",\"url\":\"https:\/\/www.notibras.com\/site\/\",\"logo\":{\"@type\":\"ImageObject\",\"inLanguage\":\"pt-BR\",\"@id\":\"https:\/\/www.notibras.com\/site\/#\/schema\/logo\/image\/\",\"url\":\"https:\/\/www.notibras.com\/site\/wp-content\/uploads\/2023\/01\/notibras23.png\",\"contentUrl\":\"https:\/\/www.notibras.com\/site\/wp-content\/uploads\/2023\/01\/notibras23.png\",\"width\":350,\"height\":87,\"caption\":\"Grupo Notibras de Comunica\u00e7\u00e3o\"},\"image\":{\"@id\":\"https:\/\/www.notibras.com\/site\/#\/schema\/logo\/image\/\"},\"sameAs\":[\"https:\/\/www.facebook.com\/notibras\/\",\"https:\/\/x.com\/Notibras\",\"https:\/\/www.instagram.com\/notibras\/\"]},{\"@type\":\"Person\",\"@id\":\"https:\/\/www.notibras.com\/site\/#\/schema\/person\/36ab0979449956132d3e5b517ea76ac8\",\"name\":\"Reda\u00e7\u00e3o\",\"image\":{\"@type\":\"ImageObject\",\"inLanguage\":\"pt-BR\",\"@id\":\"https:\/\/secure.gravatar.com\/avatar\/e0a867bdedb85fd243eadf09663511f96fc81e0720a4a42581f334ad4303aa6b?s=96&d=mm&r=g\",\"url\":\"https:\/\/secure.gravatar.com\/avatar\/e0a867bdedb85fd243eadf09663511f96fc81e0720a4a42581f334ad4303aa6b?s=96&d=mm&r=g\",\"contentUrl\":\"https:\/\/secure.gravatar.com\/avatar\/e0a867bdedb85fd243eadf09663511f96fc81e0720a4a42581f334ad4303aa6b?s=96&d=mm&r=g\",\"caption\":\"Reda\u00e7\u00e3o\"}}]}<\/script>\n<!-- \/ Yoast SEO plugin. -->","yoast_head_json":{"title":"Minas diz que Lula mente e briga do metr\u00f4 pega fogo - Notibras","robots":{"index":"index","follow":"follow","max-snippet":"max-snippet:-1","max-image-preview":"max-image-preview:large","max-video-preview":"max-video-preview:-1"},"canonical":"https:\/\/www.notibras.com\/site\/minas-diz-que-lula-e-mentiroso-e-briga-do-metro-pega-fogo\/","og_locale":"pt_BR","og_type":"article","og_title":"Minas diz que Lula mente e briga do metr\u00f4 pega fogo - Notibras","og_description":"O governo de Minas Gerais rebateu neste domingo aa declara\u00e7\u00f5es de Lula, quando o petista esteve em Belo Horizonte para lan\u00e7ar o ex-ministro do Desenvolvimento Fernando Pimentel ao governo e aproveitou para alfinetar as administra\u00e7\u00f5es do PSDB no Estado. Lula criticou diretamente o senador A\u00e9cio Neves e o governador Ant\u00f4nio Anastasia, acusando-os de espalhar not\u00edcias [&hellip;]","og_url":"https:\/\/www.notibras.com\/site\/minas-diz-que-lula-e-mentiroso-e-briga-do-metro-pega-fogo\/","og_site_name":"Notibras","article_publisher":"https:\/\/www.facebook.com\/notibras\/","article_published_time":"2014-02-17T00:06:10+00:00","article_modified_time":"2014-02-17T01:06:48+00:00","og_image":[{"width":500,"height":438,"url":"https:\/\/www.notibras.com\/site\/wp-content\/uploads\/2014\/02\/metro.jpg","type":"image\/jpeg"}],"author":"Reda\u00e7\u00e3o","twitter_card":"summary_large_image","twitter_creator":"@Notibras","twitter_site":"@Notibras","twitter_misc":{"Escrito por":"Reda\u00e7\u00e3o","Est. tempo de leitura":"3 minutos"},"schema":{"@context":"https:\/\/schema.org","@graph":[{"@type":"Article","@id":"https:\/\/www.notibras.com\/site\/minas-diz-que-lula-e-mentiroso-e-briga-do-metro-pega-fogo\/#article","isPartOf":{"@id":"https:\/\/www.notibras.com\/site\/minas-diz-que-lula-e-mentiroso-e-briga-do-metro-pega-fogo\/"},"author":{"name":"Reda\u00e7\u00e3o","@id":"https:\/\/www.notibras.com\/site\/#\/schema\/person\/36ab0979449956132d3e5b517ea76ac8"},"headline":"Minas diz que Lula mente e briga do metr\u00f4 pega fogo","datePublished":"2014-02-17T00:06:10+00:00","dateModified":"2014-02-17T01:06:48+00:00","mainEntityOfPage":{"@id":"https:\/\/www.notibras.com\/site\/minas-diz-que-lula-e-mentiroso-e-briga-do-metro-pega-fogo\/"},"wordCount":654,"commentCount":0,"publisher":{"@id":"https:\/\/www.notibras.com\/site\/#organization"},"image":{"@id":"https:\/\/www.notibras.com\/site\/minas-diz-que-lula-e-mentiroso-e-briga-do-metro-pega-fogo\/#primaryimage"},"thumbnailUrl":"https:\/\/www.notibras.com\/site\/wp-content\/uploads\/2014\/02\/metro.jpg","articleSection":["Brasil"],"inLanguage":"pt-BR","potentialAction":[{"@type":"CommentAction","name":"Comment","target":["https:\/\/www.notibras.com\/site\/minas-diz-que-lula-e-mentiroso-e-briga-do-metro-pega-fogo\/#respond"]}]},{"@type":"WebPage","@id":"https:\/\/www.notibras.com\/site\/minas-diz-que-lula-e-mentiroso-e-briga-do-metro-pega-fogo\/","url":"https:\/\/www.notibras.com\/site\/minas-diz-que-lula-e-mentiroso-e-briga-do-metro-pega-fogo\/","name":"Minas diz que Lula mente e briga do metr\u00f4 pega fogo - Notibras","isPartOf":{"@id":"https:\/\/www.notibras.com\/site\/#website"},"primaryImageOfPage":{"@id":"https:\/\/www.notibras.com\/site\/minas-diz-que-lula-e-mentiroso-e-briga-do-metro-pega-fogo\/#primaryimage"},"image":{"@id":"https:\/\/www.notibras.com\/site\/minas-diz-que-lula-e-mentiroso-e-briga-do-metro-pega-fogo\/#primaryimage"},"thumbnailUrl":"https:\/\/www.notibras.com\/site\/wp-content\/uploads\/2014\/02\/metro.jpg","datePublished":"2014-02-17T00:06:10+00:00","dateModified":"2014-02-17T01:06:48+00:00","breadcrumb":{"@id":"https:\/\/www.notibras.com\/site\/minas-diz-que-lula-e-mentiroso-e-briga-do-metro-pega-fogo\/#breadcrumb"},"inLanguage":"pt-BR","potentialAction":[{"@type":"ReadAction","target":["https:\/\/www.notibras.com\/site\/minas-diz-que-lula-e-mentiroso-e-briga-do-metro-pega-fogo\/"]}]},{"@type":"ImageObject","inLanguage":"pt-BR","@id":"https:\/\/www.notibras.com\/site\/minas-diz-que-lula-e-mentiroso-e-briga-do-metro-pega-fogo\/#primaryimage","url":"https:\/\/www.notibras.com\/site\/wp-content\/uploads\/2014\/02\/metro.jpg","contentUrl":"https:\/\/www.notibras.com\/site\/wp-content\/uploads\/2014\/02\/metro.jpg","width":500,"height":438},{"@type":"BreadcrumbList","@id":"https:\/\/www.notibras.com\/site\/minas-diz-que-lula-e-mentiroso-e-briga-do-metro-pega-fogo\/#breadcrumb","itemListElement":[{"@type":"ListItem","position":1,"name":"In\u00edcio","item":"https:\/\/www.notibras.com\/site\/"},{"@type":"ListItem","position":2,"name":"Minas diz que Lula mente e briga do metr\u00f4 pega fogo"}]},{"@type":"WebSite","@id":"https:\/\/www.notibras.com\/site\/#website","url":"https:\/\/www.notibras.com\/site\/","name":"Notibras","description":"Not\u00edcias de Bras\u00edlia, do Brasil e do Mundo","publisher":{"@id":"https:\/\/www.notibras.com\/site\/#organization"},"potentialAction":[{"@type":"SearchAction","target":{"@type":"EntryPoint","urlTemplate":"https:\/\/www.notibras.com\/site\/?s={search_term_string}"},"query-input":{"@type":"PropertyValueSpecification","valueRequired":true,"valueName":"search_term_string"}}],"inLanguage":"pt-BR"},{"@type":"Organization","@id":"https:\/\/www.notibras.com\/site\/#organization","name":"Grupo Notibras de Comunica\u00e7\u00e3o","url":"https:\/\/www.notibras.com\/site\/","logo":{"@type":"ImageObject","inLanguage":"pt-BR","@id":"https:\/\/www.notibras.com\/site\/#\/schema\/logo\/image\/","url":"https:\/\/www.notibras.com\/site\/wp-content\/uploads\/2023\/01\/notibras23.png","contentUrl":"https:\/\/www.notibras.com\/site\/wp-content\/uploads\/2023\/01\/notibras23.png","width":350,"height":87,"caption":"Grupo Notibras de Comunica\u00e7\u00e3o"},"image":{"@id":"https:\/\/www.notibras.com\/site\/#\/schema\/logo\/image\/"},"sameAs":["https:\/\/www.facebook.com\/notibras\/","https:\/\/x.com\/Notibras","https:\/\/www.instagram.com\/notibras\/"]},{"@type":"Person","@id":"https:\/\/www.notibras.com\/site\/#\/schema\/person\/36ab0979449956132d3e5b517ea76ac8","name":"Reda\u00e7\u00e3o","image":{"@type":"ImageObject","inLanguage":"pt-BR","@id":"https:\/\/secure.gravatar.com\/avatar\/e0a867bdedb85fd243eadf09663511f96fc81e0720a4a42581f334ad4303aa6b?s=96&d=mm&r=g","url":"https:\/\/secure.gravatar.com\/avatar\/e0a867bdedb85fd243eadf09663511f96fc81e0720a4a42581f334ad4303aa6b?s=96&d=mm&r=g","contentUrl":"https:\/\/secure.gravatar.com\/avatar\/e0a867bdedb85fd243eadf09663511f96fc81e0720a4a42581f334ad4303aa6b?s=96&d=mm&r=g","caption":"Reda\u00e7\u00e3o"}}]}},"amp_enabled":true,"_links":{"self":[{"href":"https:\/\/www.notibras.com\/site\/wp-json\/wp\/v2\/posts\/1841","targetHints":{"allow":["GET"]}}],"collection":[{"href":"https:\/\/www.notibras.com\/site\/wp-json\/wp\/v2\/posts"}],"about":[{"href":"https:\/\/www.notibras.com\/site\/wp-json\/wp\/v2\/types\/post"}],"author":[{"embeddable":true,"href":"https:\/\/www.notibras.com\/site\/wp-json\/wp\/v2\/users\/2"}],"replies":[{"embeddable":true,"href":"https:\/\/www.notibras.com\/site\/wp-json\/wp\/v2\/comments?post=1841"}],"version-history":[{"count":0,"href":"https:\/\/www.notibras.com\/site\/wp-json\/wp\/v2\/posts\/1841\/revisions"}],"wp:featuredmedia":[{"embeddable":true,"href":"https:\/\/www.notibras.com\/site\/wp-json\/wp\/v2\/media\/1842"}],"wp:attachment":[{"href":"https:\/\/www.notibras.com\/site\/wp-json\/wp\/v2\/media?parent=1841"}],"wp:term":[{"taxonomy":"category","embeddable":true,"href":"https:\/\/www.notibras.com\/site\/wp-json\/wp\/v2\/categories?post=1841"},{"taxonomy":"post_tag","embeddable":true,"href":"https:\/\/www.notibras.com\/site\/wp-json\/wp\/v2\/tags?post=1841"}],"curies":[{"name":"wp","href":"https:\/\/api.w.org\/{rel}","templated":true}]}}