{"id":18428,"date":"2014-08-04T00:36:25","date_gmt":"2014-08-04T03:36:25","guid":{"rendered":"http:\/\/www.notibras.com\/site\/?p=18428"},"modified":"2014-08-05T23:01:36","modified_gmt":"2014-08-06T02:01:36","slug":"liberdade-de-becerra-derruba-mascara-do-neofacismo-colombiano","status":"publish","type":"post","link":"https:\/\/www.notibras.com\/site\/liberdade-de-becerra-derruba-mascara-do-neofacismo-colombiano\/","title":{"rendered":"Liberdade de Becerra derruba m\u00e1scara do facismo colombiano"},"content":{"rendered":"<p>Preso h\u00e1 tr\u00eas anos e tr\u00eas meses com base numa acusa\u00e7\u00e3o forjada, Joaqu\u00edn Perez Becerra foi agora libertado. A sua liberta\u00e7\u00e3o de deve ser saudada como uma vit\u00f3ria das for\u00e7as que lutam h\u00e1 d\u00e9cadas contra o neofascismo colombiano, por uma sociedade democr\u00e1tica e independente, um Estado soberano na na\u00e7\u00e3o fundada por Bol\u00edvar.<\/p>\n<p>A liberta\u00e7\u00e3o de Joaqu\u00edn Perez Becerra, fundador e diretor da Agencia ANNCOL , chamou nos \u00faltimos dias a aten\u00e7\u00e3o dos media internacionais para a Col\u00f4mbia, o mais submisso aliado dos EUA na Am\u00e9rica Latina, apresentado pela propaganda como uma democracia, mas submetido na realidade a um regime neofascista.<\/p>\n<p>Becerra fora preso em abril de 2011 no aeroporto de Maiquetia, na Venezuela, a pedido da Interpol, acusado de ser \u00abo embaixador na Europa\u00bb das For\u00e7as Armadas Revolucionarias da Col\u00f4mbia, FARC-EP.<\/p>\n<p>A acusa\u00e7\u00e3o foi forjada com base nos famigerados computadores do comandante Jorge Brice\u00f1o (el Mono Jojoy) assassinado num bombardeamento selvagem do seu acampamento.<\/p>\n<p>Extraditado para a Col\u00f4mbia, n\u00e3o obstante ser cidad\u00e3o sueco (tem dupla nacionalidade) com passaporte emitido em Estocolmo, Becerra foi condenado a 8 anos de pris\u00e3o e permaneceu encarcerado no Presidio de La Picota durante tr\u00eas anos e tr\u00eas meses.<\/p>\n<p>O Supremo Tribunal da Col\u00f4mbia, ap\u00f3s prolongada batalha judicial, reconheceu em ac\u00f3rd\u00e3o de 17 de julho p.p. que as acusa\u00e7\u00f5es eram falsas e ordenou a sua liberta\u00e7\u00e3o imediata.<\/p>\n<p>Na decis\u00e3o daquela corte de justi\u00e7a ter\u00e1 pesado a intensidade da campanha internacional que demonstrou a farsa da condena\u00e7\u00e3o do diretor da Anncol e exigia a sua liberta\u00e7\u00e3o.<\/p>\n<p>Em pol\u00e9mica com a revista Semana de Bogot\u00e1, Dick Emanuelsson, o subdiretor da Anncol, desmontou numa s\u00e9rie de artigos a campanha que atinge a Agencia, sublinhando que o ex-presidente Uribe e o seu sucessor n\u00e3o perdoam a Becerra a luta travada para desmascarar a ditadura de fachada democr\u00e1tica que oprime o povo colombiano.<\/p>\n<p>Cabe lembrar que a persegui\u00e7\u00e3o \u00e0 Anncol atingiu tais propor\u00e7\u00f5es que a Ag\u00eancia foi for\u00e7ada a transferir a sede do seu s\u00edtio web da Su\u00e9cia para a Dinamarca quando o governo de Estocolmo, cedendo a exig\u00eancias de Bogot\u00e1, o bloqueou.<\/p>\n<p>Alguns m\u00e9dia europeus e latino-americanos identificaram na liberta\u00e7\u00e3o de Joaqu\u00edn Becerra um gesto que abre perspectivas favor\u00e1veis \u00e0s negocia\u00e7\u00f5es de paz que decorrem em Cuba.<\/p>\n<p>\u00c9 uma conclus\u00e3o ing\u00eanua.<\/p>\n<p>Porventura se registrou nas \u00faltimas semanas alguma altera\u00e7\u00e3o na atitude do presidente Juan Manuel Santos perante o conflito que atormenta o povo colombiano?<\/p>\n<p>N\u00e3o. As esperan\u00e7as de que isso acontecesse foram ilus\u00f3rias. Consciente da aspira\u00e7\u00e3o \u00e0 paz da esmagadora maioria dos colombianos, Santos defendeu durante a campanha eleitoral a continuidade do di\u00e1logo com as FARC nas conversa\u00e7\u00f5es de Havana. Essa posi\u00e7\u00e3o foi determinante para a derrota na segunda volta de Zuluaga, o candidato uribista da extrema-direita, defensor da escalada militar contra a guerrilha.<\/p>\n<p>Mas, reinstalado na Presid\u00eancia, Juan Manuel Santos esqueceu logo os compromissos eleitorais &#8211; incluindo a redu\u00e7\u00e3o de impostos e uma nova pol\u00edtica agr\u00e1ria &#8211; e retomou exig\u00eancias inaceit\u00e1veis para as FARC, nomeadamente a de que condiciona a paz \u00e0 deposi\u00e7\u00e3o pr\u00e9via das armas pela guerrilha.<\/p>\n<p>\u00c9 imposs\u00edvel esquecer que Santos, quando ministro da Defesa de Uribe, foi o autor intelectual e o organizador (com a CIA e a Mossad israelense) do bombardeamento criminoso do acampamento do comandante Raul Reyes, em Sucumbio, violador da soberania do Equador. Obama continua a ver nele um aliado preferencial. Oito bases militares dos EUA no territ\u00f3rio colombiano expressam bem o seu status semi colonial. Alias, a Col\u00f4mbia \u00e9 depois de Israel o pais que recebe a maior ajuda militar de Washington. A ala ultra das For\u00e7as armadas (mais de 500.000 soldados e oficiais) \u00e9 obviamente defensora da intensifica\u00e7\u00e3o da guerra.<\/p>\n<p>As conversa\u00e7\u00f5es de Havana v\u00e3o prosseguir. Mas que n\u00e3o haja ilus\u00f5es: o governo de Santos n\u00e3o est\u00e1 empenhado em que o seu desfecho seja um Acordo global com a heroica guerrilha de Manuel Marulanda.<\/p>\n<p>A paz n\u00e3o est\u00e1 pr\u00f3xima. Mas a liberta\u00e7\u00e3o de Joaqu\u00edn Perez Becerra &#8211; que j\u00e1 se encontra na Su\u00e9cia &#8211; deve ser saudada como uma vit\u00f3ria das for\u00e7as que lutam h\u00e1 d\u00e9cadas contra o neofascismo colombiano, por uma sociedade democr\u00e1tica e independente, um Estado soberano na na\u00e7\u00e3o fundada por Bol\u00edvar.<\/p>\n<p><strong><span style=\"font-family: 'Times New Roman', serif; font-size: 12pt;\">Miguel Urbano Rodrigues<\/span><\/strong><\/p>\n","protected":false},"excerpt":{"rendered":"<p>Preso h\u00e1 tr\u00eas anos e tr\u00eas meses com base numa acusa\u00e7\u00e3o forjada, Joaqu\u00edn Perez Becerra foi agora libertado. A sua liberta\u00e7\u00e3o de deve ser saudada como uma vit\u00f3ria das for\u00e7as que lutam h\u00e1 d\u00e9cadas contra o neofascismo colombiano, por uma sociedade democr\u00e1tica e independente, um Estado soberano na na\u00e7\u00e3o fundada por Bol\u00edvar. A liberta\u00e7\u00e3o de [&hellip;]<\/p>\n","protected":false},"author":2,"featured_media":18429,"comment_status":"open","ping_status":"closed","sticky":false,"template":"","format":"standard","meta":{"_acf_changed":false,"footnotes":""},"categories":[25],"tags":[],"class_list":["post-18428","post","type-post","status-publish","format-standard","has-post-thumbnail","hentry","category-opina-ai"],"acf":[],"yoast_head":"<!-- This site is optimized with the Yoast SEO plugin v27.5 - https:\/\/yoast.com\/product\/yoast-seo-wordpress\/ -->\n<title>Liberdade de Becerra derruba m\u00e1scara do facismo colombiano - Notibras<\/title>\n<meta name=\"robots\" content=\"index, follow, max-snippet:-1, max-image-preview:large, max-video-preview:-1\" \/>\n<link rel=\"canonical\" href=\"https:\/\/www.notibras.com\/site\/liberdade-de-becerra-derruba-mascara-do-neofacismo-colombiano\/\" \/>\n<meta property=\"og:locale\" content=\"pt_BR\" \/>\n<meta property=\"og:type\" content=\"article\" \/>\n<meta property=\"og:title\" content=\"Liberdade de Becerra derruba m\u00e1scara do facismo colombiano - Notibras\" \/>\n<meta property=\"og:description\" content=\"Preso h\u00e1 tr\u00eas anos e tr\u00eas meses com base numa acusa\u00e7\u00e3o forjada, Joaqu\u00edn Perez Becerra foi agora libertado. A sua liberta\u00e7\u00e3o de deve ser saudada como uma vit\u00f3ria das for\u00e7as que lutam h\u00e1 d\u00e9cadas contra o neofascismo colombiano, por uma sociedade democr\u00e1tica e independente, um Estado soberano na na\u00e7\u00e3o fundada por Bol\u00edvar. A liberta\u00e7\u00e3o de [&hellip;]\" \/>\n<meta property=\"og:url\" content=\"https:\/\/www.notibras.com\/site\/liberdade-de-becerra-derruba-mascara-do-neofacismo-colombiano\/\" \/>\n<meta property=\"og:site_name\" content=\"Notibras\" \/>\n<meta property=\"article:publisher\" content=\"https:\/\/www.facebook.com\/notibras\/\" \/>\n<meta property=\"article:published_time\" content=\"2014-08-04T03:36:25+00:00\" \/>\n<meta property=\"article:modified_time\" content=\"2014-08-06T02:01:36+00:00\" \/>\n<meta property=\"og:image\" content=\"https:\/\/www.notibras.com\/site\/wp-content\/uploads\/2014\/08\/pn630x26.jpg\" \/>\n\t<meta property=\"og:image:width\" content=\"630\" \/>\n\t<meta property=\"og:image:height\" content=\"408\" \/>\n\t<meta property=\"og:image:type\" content=\"image\/jpeg\" \/>\n<meta name=\"author\" content=\"Reda\u00e7\u00e3o\" \/>\n<meta name=\"twitter:card\" content=\"summary_large_image\" \/>\n<meta name=\"twitter:creator\" content=\"@Notibras\" \/>\n<meta name=\"twitter:site\" content=\"@Notibras\" \/>\n<meta name=\"twitter:label1\" content=\"Escrito por\" \/>\n\t<meta name=\"twitter:data1\" content=\"Reda\u00e7\u00e3o\" \/>\n\t<meta name=\"twitter:label2\" content=\"Est. tempo de leitura\" \/>\n\t<meta name=\"twitter:data2\" content=\"4 minutos\" \/>\n<script type=\"application\/ld+json\" class=\"yoast-schema-graph\">{\"@context\":\"https:\\\/\\\/schema.org\",\"@graph\":[{\"@type\":\"Article\",\"@id\":\"https:\\\/\\\/www.notibras.com\\\/site\\\/liberdade-de-becerra-derruba-mascara-do-neofacismo-colombiano\\\/#article\",\"isPartOf\":{\"@id\":\"https:\\\/\\\/www.notibras.com\\\/site\\\/liberdade-de-becerra-derruba-mascara-do-neofacismo-colombiano\\\/\"},\"author\":{\"name\":\"Reda\u00e7\u00e3o\",\"@id\":\"https:\\\/\\\/www.notibras.com\\\/site\\\/#\\\/schema\\\/person\\\/36ab0979449956132d3e5b517ea76ac8\"},\"headline\":\"Liberdade de Becerra derruba m\u00e1scara do facismo colombiano\",\"datePublished\":\"2014-08-04T03:36:25+00:00\",\"dateModified\":\"2014-08-06T02:01:36+00:00\",\"mainEntityOfPage\":{\"@id\":\"https:\\\/\\\/www.notibras.com\\\/site\\\/liberdade-de-becerra-derruba-mascara-do-neofacismo-colombiano\\\/\"},\"wordCount\":775,\"commentCount\":0,\"publisher\":{\"@id\":\"https:\\\/\\\/www.notibras.com\\\/site\\\/#organization\"},\"image\":{\"@id\":\"https:\\\/\\\/www.notibras.com\\\/site\\\/liberdade-de-becerra-derruba-mascara-do-neofacismo-colombiano\\\/#primaryimage\"},\"thumbnailUrl\":\"https:\\\/\\\/www.notibras.com\\\/site\\\/wp-content\\\/uploads\\\/2014\\\/08\\\/pn630x26.jpg\",\"articleSection\":[\"Opina a\u00ed\"],\"inLanguage\":\"pt-BR\",\"potentialAction\":[{\"@type\":\"CommentAction\",\"name\":\"Comment\",\"target\":[\"https:\\\/\\\/www.notibras.com\\\/site\\\/liberdade-de-becerra-derruba-mascara-do-neofacismo-colombiano\\\/#respond\"]}]},{\"@type\":\"WebPage\",\"@id\":\"https:\\\/\\\/www.notibras.com\\\/site\\\/liberdade-de-becerra-derruba-mascara-do-neofacismo-colombiano\\\/\",\"url\":\"https:\\\/\\\/www.notibras.com\\\/site\\\/liberdade-de-becerra-derruba-mascara-do-neofacismo-colombiano\\\/\",\"name\":\"Liberdade de Becerra derruba m\u00e1scara do facismo colombiano - Notibras\",\"isPartOf\":{\"@id\":\"https:\\\/\\\/www.notibras.com\\\/site\\\/#website\"},\"primaryImageOfPage\":{\"@id\":\"https:\\\/\\\/www.notibras.com\\\/site\\\/liberdade-de-becerra-derruba-mascara-do-neofacismo-colombiano\\\/#primaryimage\"},\"image\":{\"@id\":\"https:\\\/\\\/www.notibras.com\\\/site\\\/liberdade-de-becerra-derruba-mascara-do-neofacismo-colombiano\\\/#primaryimage\"},\"thumbnailUrl\":\"https:\\\/\\\/www.notibras.com\\\/site\\\/wp-content\\\/uploads\\\/2014\\\/08\\\/pn630x26.jpg\",\"datePublished\":\"2014-08-04T03:36:25+00:00\",\"dateModified\":\"2014-08-06T02:01:36+00:00\",\"breadcrumb\":{\"@id\":\"https:\\\/\\\/www.notibras.com\\\/site\\\/liberdade-de-becerra-derruba-mascara-do-neofacismo-colombiano\\\/#breadcrumb\"},\"inLanguage\":\"pt-BR\",\"potentialAction\":[{\"@type\":\"ReadAction\",\"target\":[\"https:\\\/\\\/www.notibras.com\\\/site\\\/liberdade-de-becerra-derruba-mascara-do-neofacismo-colombiano\\\/\"]}]},{\"@type\":\"ImageObject\",\"inLanguage\":\"pt-BR\",\"@id\":\"https:\\\/\\\/www.notibras.com\\\/site\\\/liberdade-de-becerra-derruba-mascara-do-neofacismo-colombiano\\\/#primaryimage\",\"url\":\"https:\\\/\\\/www.notibras.com\\\/site\\\/wp-content\\\/uploads\\\/2014\\\/08\\\/pn630x26.jpg\",\"contentUrl\":\"https:\\\/\\\/www.notibras.com\\\/site\\\/wp-content\\\/uploads\\\/2014\\\/08\\\/pn630x26.jpg\",\"width\":630,\"height\":408},{\"@type\":\"BreadcrumbList\",\"@id\":\"https:\\\/\\\/www.notibras.com\\\/site\\\/liberdade-de-becerra-derruba-mascara-do-neofacismo-colombiano\\\/#breadcrumb\",\"itemListElement\":[{\"@type\":\"ListItem\",\"position\":1,\"name\":\"In\u00edcio\",\"item\":\"https:\\\/\\\/www.notibras.com\\\/site\\\/\"},{\"@type\":\"ListItem\",\"position\":2,\"name\":\"Liberdade de Becerra derruba m\u00e1scara do facismo colombiano\"}]},{\"@type\":\"WebSite\",\"@id\":\"https:\\\/\\\/www.notibras.com\\\/site\\\/#website\",\"url\":\"https:\\\/\\\/www.notibras.com\\\/site\\\/\",\"name\":\"Notibras\",\"description\":\"Not\u00edcias de Bras\u00edlia, do Brasil e do Mundo\",\"publisher\":{\"@id\":\"https:\\\/\\\/www.notibras.com\\\/site\\\/#organization\"},\"potentialAction\":[{\"@type\":\"SearchAction\",\"target\":{\"@type\":\"EntryPoint\",\"urlTemplate\":\"https:\\\/\\\/www.notibras.com\\\/site\\\/?s={search_term_string}\"},\"query-input\":{\"@type\":\"PropertyValueSpecification\",\"valueRequired\":true,\"valueName\":\"search_term_string\"}}],\"inLanguage\":\"pt-BR\"},{\"@type\":\"Organization\",\"@id\":\"https:\\\/\\\/www.notibras.com\\\/site\\\/#organization\",\"name\":\"Grupo Notibras de Comunica\u00e7\u00e3o\",\"url\":\"https:\\\/\\\/www.notibras.com\\\/site\\\/\",\"logo\":{\"@type\":\"ImageObject\",\"inLanguage\":\"pt-BR\",\"@id\":\"https:\\\/\\\/www.notibras.com\\\/site\\\/#\\\/schema\\\/logo\\\/image\\\/\",\"url\":\"https:\\\/\\\/www.notibras.com\\\/site\\\/wp-content\\\/uploads\\\/2023\\\/01\\\/notibras23.png\",\"contentUrl\":\"https:\\\/\\\/www.notibras.com\\\/site\\\/wp-content\\\/uploads\\\/2023\\\/01\\\/notibras23.png\",\"width\":350,\"height\":87,\"caption\":\"Grupo Notibras de Comunica\u00e7\u00e3o\"},\"image\":{\"@id\":\"https:\\\/\\\/www.notibras.com\\\/site\\\/#\\\/schema\\\/logo\\\/image\\\/\"},\"sameAs\":[\"https:\\\/\\\/www.facebook.com\\\/notibras\\\/\",\"https:\\\/\\\/x.com\\\/Notibras\",\"https:\\\/\\\/www.instagram.com\\\/notibras\\\/\"]},{\"@type\":\"Person\",\"@id\":\"https:\\\/\\\/www.notibras.com\\\/site\\\/#\\\/schema\\\/person\\\/36ab0979449956132d3e5b517ea76ac8\",\"name\":\"Reda\u00e7\u00e3o\",\"image\":{\"@type\":\"ImageObject\",\"inLanguage\":\"pt-BR\",\"@id\":\"https:\\\/\\\/secure.gravatar.com\\\/avatar\\\/e0a867bdedb85fd243eadf09663511f96fc81e0720a4a42581f334ad4303aa6b?s=96&d=mm&r=g\",\"url\":\"https:\\\/\\\/secure.gravatar.com\\\/avatar\\\/e0a867bdedb85fd243eadf09663511f96fc81e0720a4a42581f334ad4303aa6b?s=96&d=mm&r=g\",\"contentUrl\":\"https:\\\/\\\/secure.gravatar.com\\\/avatar\\\/e0a867bdedb85fd243eadf09663511f96fc81e0720a4a42581f334ad4303aa6b?s=96&d=mm&r=g\",\"caption\":\"Reda\u00e7\u00e3o\"}}]}<\/script>\n<!-- \/ Yoast SEO plugin. -->","yoast_head_json":{"title":"Liberdade de Becerra derruba m\u00e1scara do facismo colombiano - Notibras","robots":{"index":"index","follow":"follow","max-snippet":"max-snippet:-1","max-image-preview":"max-image-preview:large","max-video-preview":"max-video-preview:-1"},"canonical":"https:\/\/www.notibras.com\/site\/liberdade-de-becerra-derruba-mascara-do-neofacismo-colombiano\/","og_locale":"pt_BR","og_type":"article","og_title":"Liberdade de Becerra derruba m\u00e1scara do facismo colombiano - Notibras","og_description":"Preso h\u00e1 tr\u00eas anos e tr\u00eas meses com base numa acusa\u00e7\u00e3o forjada, Joaqu\u00edn Perez Becerra foi agora libertado. A sua liberta\u00e7\u00e3o de deve ser saudada como uma vit\u00f3ria das for\u00e7as que lutam h\u00e1 d\u00e9cadas contra o neofascismo colombiano, por uma sociedade democr\u00e1tica e independente, um Estado soberano na na\u00e7\u00e3o fundada por Bol\u00edvar. A liberta\u00e7\u00e3o de [&hellip;]","og_url":"https:\/\/www.notibras.com\/site\/liberdade-de-becerra-derruba-mascara-do-neofacismo-colombiano\/","og_site_name":"Notibras","article_publisher":"https:\/\/www.facebook.com\/notibras\/","article_published_time":"2014-08-04T03:36:25+00:00","article_modified_time":"2014-08-06T02:01:36+00:00","og_image":[{"width":630,"height":408,"url":"https:\/\/www.notibras.com\/site\/wp-content\/uploads\/2014\/08\/pn630x26.jpg","type":"image\/jpeg"}],"author":"Reda\u00e7\u00e3o","twitter_card":"summary_large_image","twitter_creator":"@Notibras","twitter_site":"@Notibras","twitter_misc":{"Escrito por":"Reda\u00e7\u00e3o","Est. tempo de leitura":"4 minutos"},"schema":{"@context":"https:\/\/schema.org","@graph":[{"@type":"Article","@id":"https:\/\/www.notibras.com\/site\/liberdade-de-becerra-derruba-mascara-do-neofacismo-colombiano\/#article","isPartOf":{"@id":"https:\/\/www.notibras.com\/site\/liberdade-de-becerra-derruba-mascara-do-neofacismo-colombiano\/"},"author":{"name":"Reda\u00e7\u00e3o","@id":"https:\/\/www.notibras.com\/site\/#\/schema\/person\/36ab0979449956132d3e5b517ea76ac8"},"headline":"Liberdade de Becerra derruba m\u00e1scara do facismo colombiano","datePublished":"2014-08-04T03:36:25+00:00","dateModified":"2014-08-06T02:01:36+00:00","mainEntityOfPage":{"@id":"https:\/\/www.notibras.com\/site\/liberdade-de-becerra-derruba-mascara-do-neofacismo-colombiano\/"},"wordCount":775,"commentCount":0,"publisher":{"@id":"https:\/\/www.notibras.com\/site\/#organization"},"image":{"@id":"https:\/\/www.notibras.com\/site\/liberdade-de-becerra-derruba-mascara-do-neofacismo-colombiano\/#primaryimage"},"thumbnailUrl":"https:\/\/www.notibras.com\/site\/wp-content\/uploads\/2014\/08\/pn630x26.jpg","articleSection":["Opina a\u00ed"],"inLanguage":"pt-BR","potentialAction":[{"@type":"CommentAction","name":"Comment","target":["https:\/\/www.notibras.com\/site\/liberdade-de-becerra-derruba-mascara-do-neofacismo-colombiano\/#respond"]}]},{"@type":"WebPage","@id":"https:\/\/www.notibras.com\/site\/liberdade-de-becerra-derruba-mascara-do-neofacismo-colombiano\/","url":"https:\/\/www.notibras.com\/site\/liberdade-de-becerra-derruba-mascara-do-neofacismo-colombiano\/","name":"Liberdade de Becerra derruba m\u00e1scara do facismo colombiano - Notibras","isPartOf":{"@id":"https:\/\/www.notibras.com\/site\/#website"},"primaryImageOfPage":{"@id":"https:\/\/www.notibras.com\/site\/liberdade-de-becerra-derruba-mascara-do-neofacismo-colombiano\/#primaryimage"},"image":{"@id":"https:\/\/www.notibras.com\/site\/liberdade-de-becerra-derruba-mascara-do-neofacismo-colombiano\/#primaryimage"},"thumbnailUrl":"https:\/\/www.notibras.com\/site\/wp-content\/uploads\/2014\/08\/pn630x26.jpg","datePublished":"2014-08-04T03:36:25+00:00","dateModified":"2014-08-06T02:01:36+00:00","breadcrumb":{"@id":"https:\/\/www.notibras.com\/site\/liberdade-de-becerra-derruba-mascara-do-neofacismo-colombiano\/#breadcrumb"},"inLanguage":"pt-BR","potentialAction":[{"@type":"ReadAction","target":["https:\/\/www.notibras.com\/site\/liberdade-de-becerra-derruba-mascara-do-neofacismo-colombiano\/"]}]},{"@type":"ImageObject","inLanguage":"pt-BR","@id":"https:\/\/www.notibras.com\/site\/liberdade-de-becerra-derruba-mascara-do-neofacismo-colombiano\/#primaryimage","url":"https:\/\/www.notibras.com\/site\/wp-content\/uploads\/2014\/08\/pn630x26.jpg","contentUrl":"https:\/\/www.notibras.com\/site\/wp-content\/uploads\/2014\/08\/pn630x26.jpg","width":630,"height":408},{"@type":"BreadcrumbList","@id":"https:\/\/www.notibras.com\/site\/liberdade-de-becerra-derruba-mascara-do-neofacismo-colombiano\/#breadcrumb","itemListElement":[{"@type":"ListItem","position":1,"name":"In\u00edcio","item":"https:\/\/www.notibras.com\/site\/"},{"@type":"ListItem","position":2,"name":"Liberdade de Becerra derruba m\u00e1scara do facismo colombiano"}]},{"@type":"WebSite","@id":"https:\/\/www.notibras.com\/site\/#website","url":"https:\/\/www.notibras.com\/site\/","name":"Notibras","description":"Not\u00edcias de Bras\u00edlia, do Brasil e do Mundo","publisher":{"@id":"https:\/\/www.notibras.com\/site\/#organization"},"potentialAction":[{"@type":"SearchAction","target":{"@type":"EntryPoint","urlTemplate":"https:\/\/www.notibras.com\/site\/?s={search_term_string}"},"query-input":{"@type":"PropertyValueSpecification","valueRequired":true,"valueName":"search_term_string"}}],"inLanguage":"pt-BR"},{"@type":"Organization","@id":"https:\/\/www.notibras.com\/site\/#organization","name":"Grupo Notibras de Comunica\u00e7\u00e3o","url":"https:\/\/www.notibras.com\/site\/","logo":{"@type":"ImageObject","inLanguage":"pt-BR","@id":"https:\/\/www.notibras.com\/site\/#\/schema\/logo\/image\/","url":"https:\/\/www.notibras.com\/site\/wp-content\/uploads\/2023\/01\/notibras23.png","contentUrl":"https:\/\/www.notibras.com\/site\/wp-content\/uploads\/2023\/01\/notibras23.png","width":350,"height":87,"caption":"Grupo Notibras de Comunica\u00e7\u00e3o"},"image":{"@id":"https:\/\/www.notibras.com\/site\/#\/schema\/logo\/image\/"},"sameAs":["https:\/\/www.facebook.com\/notibras\/","https:\/\/x.com\/Notibras","https:\/\/www.instagram.com\/notibras\/"]},{"@type":"Person","@id":"https:\/\/www.notibras.com\/site\/#\/schema\/person\/36ab0979449956132d3e5b517ea76ac8","name":"Reda\u00e7\u00e3o","image":{"@type":"ImageObject","inLanguage":"pt-BR","@id":"https:\/\/secure.gravatar.com\/avatar\/e0a867bdedb85fd243eadf09663511f96fc81e0720a4a42581f334ad4303aa6b?s=96&d=mm&r=g","url":"https:\/\/secure.gravatar.com\/avatar\/e0a867bdedb85fd243eadf09663511f96fc81e0720a4a42581f334ad4303aa6b?s=96&d=mm&r=g","contentUrl":"https:\/\/secure.gravatar.com\/avatar\/e0a867bdedb85fd243eadf09663511f96fc81e0720a4a42581f334ad4303aa6b?s=96&d=mm&r=g","caption":"Reda\u00e7\u00e3o"}}]}},"amp_enabled":true,"_links":{"self":[{"href":"https:\/\/www.notibras.com\/site\/wp-json\/wp\/v2\/posts\/18428","targetHints":{"allow":["GET"]}}],"collection":[{"href":"https:\/\/www.notibras.com\/site\/wp-json\/wp\/v2\/posts"}],"about":[{"href":"https:\/\/www.notibras.com\/site\/wp-json\/wp\/v2\/types\/post"}],"author":[{"embeddable":true,"href":"https:\/\/www.notibras.com\/site\/wp-json\/wp\/v2\/users\/2"}],"replies":[{"embeddable":true,"href":"https:\/\/www.notibras.com\/site\/wp-json\/wp\/v2\/comments?post=18428"}],"version-history":[{"count":0,"href":"https:\/\/www.notibras.com\/site\/wp-json\/wp\/v2\/posts\/18428\/revisions"}],"wp:featuredmedia":[{"embeddable":true,"href":"https:\/\/www.notibras.com\/site\/wp-json\/wp\/v2\/media\/18429"}],"wp:attachment":[{"href":"https:\/\/www.notibras.com\/site\/wp-json\/wp\/v2\/media?parent=18428"}],"wp:term":[{"taxonomy":"category","embeddable":true,"href":"https:\/\/www.notibras.com\/site\/wp-json\/wp\/v2\/categories?post=18428"},{"taxonomy":"post_tag","embeddable":true,"href":"https:\/\/www.notibras.com\/site\/wp-json\/wp\/v2\/tags?post=18428"}],"curies":[{"name":"wp","href":"https:\/\/api.w.org\/{rel}","templated":true}]}}