{"id":18437,"date":"2014-08-04T11:24:46","date_gmt":"2014-08-04T14:24:46","guid":{"rendered":"http:\/\/www.notibras.com\/site\/?p=18437"},"modified":"2014-08-04T11:24:46","modified_gmt":"2014-08-04T14:24:46","slug":"familia-de-padre-miguel-fraudava-milhas-aereas-para-viajar-o-mundo","status":"publish","type":"post","link":"https:\/\/www.notibras.com\/site\/familia-de-padre-miguel-fraudava-milhas-aereas-para-viajar-o-mundo\/","title":{"rendered":"Fam\u00edlia de Padre Miguel fraudava milhas a\u00e9reas para viajar o mundo"},"content":{"rendered":"<p>A Pol\u00edcia Civil realizou na \u00faltima quinta-feira (31), em Padre Miguel, na Zona Oeste, uma opera\u00e7\u00e3o para cumprir um mandado de busca e apreens\u00e3o na casa do t\u00e9cnico em inform\u00e1tica, Bruno Will, de 27 anos. Ele, ao lado de sua fam\u00edlia, \u00e9 suspeito de aplicar um golpe em que forjava gastos no cart\u00e3o de cr\u00e9dito e com isso acumulava milhas a\u00e9reas, viajando para diversos pa\u00edses. Segundo as investiga\u00e7\u00f5es, eles teriam movimentado R$ 39 milh\u00f5es em apenas um ano.<\/p>\n<p>&#8220;O que chamou a aten\u00e7\u00e3o foi a movimenta\u00e7\u00e3o financeira totalmente distante da capacidade econ\u00f4mica dessas pessoas&#8221;, disse o delegado Fl\u00e1vio Porto, ao programa &#8220;Fant\u00e1stico&#8221;.<\/p>\n<p>Durante a opera\u00e7\u00e3o, os policiais apreenderam v\u00e1rios boletos banc\u00e1rios, cart\u00f5es de cr\u00e9dito e passagens a\u00e9reas. Bruno e sua fam\u00edlia emitiam boletos banc\u00e1rios falsos e pagavam com o cart\u00e3o de cr\u00e9dito, criando milhas. Muitas vezes, segundo as investiga\u00e7\u00f5es, o credor e o pagador eram as mesmas pessoas, com o dinheiro voltando a sua origem.<\/p>\n<p>A den\u00fancia partiu do conselho de controle de atividades financeiras do Minist\u00e9rio da Fazenda, que alertou a Pol\u00edcia Civil. A quebra do sigilo banc\u00e1rio, o bloqueio das contas e das milhas dos 15 investigados foi determinada pela Justi\u00e7a e os acusados podem pegar uma pena de 23 anos, por conta dos crimes de estelionato, forma\u00e7\u00e3o de quadrilha, lavagem de dinheiro, falsidade ideol\u00f3gica e uso de documentos falsos.<\/p>\n<p>Bruno e sua fam\u00edlia responder\u00e3o o inqu\u00e9rito em liberdade, pois, segundo da Justi\u00e7a, eles n\u00e3o oferecem perigo \u00e0 sociedade.<\/p>\n","protected":false},"excerpt":{"rendered":"<p>A Pol\u00edcia Civil realizou na \u00faltima quinta-feira (31), em Padre Miguel, na Zona Oeste, uma opera\u00e7\u00e3o para cumprir um mandado de busca e apreens\u00e3o na casa do t\u00e9cnico em inform\u00e1tica, Bruno Will, de 27 anos. Ele, ao lado de sua fam\u00edlia, \u00e9 suspeito de aplicar um golpe em que forjava gastos no cart\u00e3o de cr\u00e9dito [&hellip;]<\/p>\n","protected":false},"author":1,"featured_media":18438,"comment_status":"open","ping_status":"closed","sticky":false,"template":"","format":"standard","meta":{"_acf_changed":false,"footnotes":""},"categories":[21],"tags":[],"class_list":["post-18437","post","type-post","status-publish","format-standard","has-post-thumbnail","hentry","category-rio-de-janeiro"],"acf":[],"_links":{"self":[{"href":"https:\/\/www.notibras.com\/site\/wp-json\/wp\/v2\/posts\/18437","targetHints":{"allow":["GET"]}}],"collection":[{"href":"https:\/\/www.notibras.com\/site\/wp-json\/wp\/v2\/posts"}],"about":[{"href":"https:\/\/www.notibras.com\/site\/wp-json\/wp\/v2\/types\/post"}],"author":[{"embeddable":true,"href":"https:\/\/www.notibras.com\/site\/wp-json\/wp\/v2\/users\/1"}],"replies":[{"embeddable":true,"href":"https:\/\/www.notibras.com\/site\/wp-json\/wp\/v2\/comments?post=18437"}],"version-history":[{"count":0,"href":"https:\/\/www.notibras.com\/site\/wp-json\/wp\/v2\/posts\/18437\/revisions"}],"wp:featuredmedia":[{"embeddable":true,"href":"https:\/\/www.notibras.com\/site\/wp-json\/wp\/v2\/media\/18438"}],"wp:attachment":[{"href":"https:\/\/www.notibras.com\/site\/wp-json\/wp\/v2\/media?parent=18437"}],"wp:term":[{"taxonomy":"category","embeddable":true,"href":"https:\/\/www.notibras.com\/site\/wp-json\/wp\/v2\/categories?post=18437"},{"taxonomy":"post_tag","embeddable":true,"href":"https:\/\/www.notibras.com\/site\/wp-json\/wp\/v2\/tags?post=18437"}],"curies":[{"name":"wp","href":"https:\/\/api.w.org\/{rel}","templated":true}]}}