{"id":1845,"date":"2014-02-16T21:11:16","date_gmt":"2014-02-17T00:11:16","guid":{"rendered":"http:\/\/www.notibras.com\/site\/?p=1845"},"modified":"2014-02-16T22:11:29","modified_gmt":"2014-02-17T01:11:29","slug":"cartilha-ensina-a-economizar-energia-apos-horario-de-verao","status":"publish","type":"post","link":"https:\/\/www.notibras.com\/site\/cartilha-ensina-a-economizar-energia-apos-horario-de-verao\/","title":{"rendered":"Cartilha ensina a economizar energia ap\u00f3s hor\u00e1rio de ver\u00e3o"},"content":{"rendered":"<p>Depois de quase quatro meses, chega ao fim o hor\u00e1rio de ver\u00e3o 2013\/2014. \u00c0 meia-noite de hoje (15), os rel\u00f3gios devem ser atrasados em uma hora nos estados das regi\u00f5es Sul, Sudeste e Centro-Oeste, porque estavam adiantados desde o dia 20 de outubro do ano passado.<\/p>\n<p>O principal objetivo do hor\u00e1rio de ver\u00e3o \u00e9 a economia de energia no hor\u00e1rio de maior consumo (das 18h as 21h), poss\u00edvel com o melhor aproveitamento da luminosidade natural. Com a redu\u00e7\u00e3o, o uso de energia gerada por termel\u00e9tricas pode ser evitado, reduzindo o custo da gera\u00e7\u00e3o de eletricidade.<\/p>\n<p>Passado o hor\u00e1rio de ver\u00e3o, os consumidores podem colaborar para que o consumo de energia seja reduzido, adotando medidas simples no dia a dia. Uma cartilha da Ag\u00eancia Nacional de Energia El\u00e9trica orienta os usu\u00e1rios sobre o uso racional da energia, que, al\u00e9m de economizar na conta de luz, ajuda a evitar a escassez no futuro.<\/p>\n<p>Algumas dicas s\u00e3o conhecidas dos consumidores, como apagar a luz ao sair de um ambiente, usar l\u00e2mpadas fluorescentes compactas; preferir a luz natural durante o dia e desligar o chuveiro enquanto se ensaboa.<\/p>\n<p>Outras orienta\u00e7\u00f5es n\u00e3o s\u00e3o t\u00e3o conhecidas, como a pintura de paredes internas e teto com cores claras, que refletem melhor a luz natural. A Aneel tamb\u00e9m aconselha a n\u00e3o reaproveitar a resist\u00eancia do chuveiro queimada, porque, al\u00e9m de perigosa, a pr\u00e1tica aumenta o consumo de energia.<\/p>\n<p>Na cozinha tamb\u00e9m \u00e9 poss\u00edvel economizar energia. A geladeira deve ser aberta o m\u00ednimo de vezes poss\u00edvel, retirando todos os itens de uma s\u00f3 vez. Os alimentos n\u00e3o devem ser guardados quentes e o eletrodom\u00e9stico n\u00e3o deve ter as prateleiras forradas, porque isso aumenta o consumo de energia. A borracha da porta da geladeira deve ser mantida em boas condi\u00e7\u00f5es, porque veda o interior do refrigerador, evitando um maior consumo de eletricidade.<\/p>\n<p>Na \u00e1rea de servi\u00e7o, uma das dicas \u00e9 acumular o m\u00e1ximo de roupas poss\u00edvel para lavar de uma s\u00f3 vez na m\u00e1quina e usar pouco sab\u00e3o, para n\u00e3o ter que enxaguar a roupa v\u00e1rias vezes. O mesmo vale para o ferro de passar, que deve ser ligado para passar mais roupas da mesma vez, pois o aparelho consome muita energia cada vez que \u00e9 ligado. Al\u00e9m disso, o ferro deve ser regulado de acordo com a temperatura indicada para cada tecido.<\/p>\n<p>Ao comprar um eletrodom\u00e9stico, a dica \u00e9 preferir aqueles com o selo Procel ou etiqueta A do Inmetro, que indicam os mais econ\u00f4micos. Outra pr\u00e1tica importante \u00e9 n\u00e3o ligar v\u00e1rios aparelhos na mesma tomada porque, al\u00e9m de perigoso, consome mais energia. Os consumidores tamb\u00e9m devem evitar o uso de aparelhos el\u00e9tricos no hor\u00e1rio de pico de consumo (das 18h as 21h).<\/p>\n<p>Nos \u00faltimos dias, o n\u00edvel dos reservat\u00f3rios das hidrel\u00e9tricas est\u00e1 abaixo da m\u00e9dia, especialmente no Subsistema Sudeste\/Centro-Oeste, o principal do pa\u00eds. O governo diz que o sistema el\u00e9trico brasileiro est\u00e1 equilibrado. Segundo o Comit\u00ea de Monitoramento do Sistema El\u00e9trico, a n\u00e3o ser que ocorra algo excepcional, n\u00e3o h\u00e1 dificuldade no suprimento de energia no pa\u00eds em 2014.<\/p>\n<p><strong>Sabrina Craide, ABr<\/strong><\/p>\n","protected":false},"excerpt":{"rendered":"<p>Depois de quase quatro meses, chega ao fim o hor\u00e1rio de ver\u00e3o 2013\/2014. \u00c0 meia-noite de hoje (15), os rel\u00f3gios devem ser atrasados em uma hora nos estados das regi\u00f5es Sul, Sudeste e Centro-Oeste, porque estavam adiantados desde o dia 20 de outubro do ano passado. O principal objetivo do hor\u00e1rio de ver\u00e3o \u00e9 a [&hellip;]<\/p>\n","protected":false},"author":2,"featured_media":1846,"comment_status":"open","ping_status":"closed","sticky":false,"template":"","format":"standard","meta":{"_acf_changed":false,"footnotes":""},"categories":[16],"tags":[],"class_list":["post-1845","post","type-post","status-publish","format-standard","has-post-thumbnail","hentry","category-brasil"],"acf":[],"yoast_head":"<!-- This site is optimized with the Yoast SEO plugin v27.2 - https:\/\/yoast.com\/product\/yoast-seo-wordpress\/ -->\n<title>Cartilha ensina a economizar energia ap\u00f3s hor\u00e1rio de ver\u00e3o - Notibras<\/title>\n<meta name=\"robots\" content=\"index, follow, max-snippet:-1, max-image-preview:large, max-video-preview:-1\" \/>\n<link rel=\"canonical\" href=\"https:\/\/www.notibras.com\/site\/cartilha-ensina-a-economizar-energia-apos-horario-de-verao\/\" \/>\n<meta property=\"og:locale\" content=\"pt_BR\" \/>\n<meta property=\"og:type\" content=\"article\" \/>\n<meta property=\"og:title\" content=\"Cartilha ensina a economizar energia ap\u00f3s hor\u00e1rio de ver\u00e3o - Notibras\" \/>\n<meta property=\"og:description\" content=\"Depois de quase quatro meses, chega ao fim o hor\u00e1rio de ver\u00e3o 2013\/2014. \u00c0 meia-noite de hoje (15), os rel\u00f3gios devem ser atrasados em uma hora nos estados das regi\u00f5es Sul, Sudeste e Centro-Oeste, porque estavam adiantados desde o dia 20 de outubro do ano passado. O principal objetivo do hor\u00e1rio de ver\u00e3o \u00e9 a [&hellip;]\" \/>\n<meta property=\"og:url\" content=\"https:\/\/www.notibras.com\/site\/cartilha-ensina-a-economizar-energia-apos-horario-de-verao\/\" \/>\n<meta property=\"og:site_name\" content=\"Notibras\" \/>\n<meta property=\"article:publisher\" content=\"https:\/\/www.facebook.com\/notibras\/\" \/>\n<meta property=\"article:published_time\" content=\"2014-02-17T00:11:16+00:00\" \/>\n<meta property=\"article:modified_time\" content=\"2014-02-17T01:11:29+00:00\" \/>\n<meta property=\"og:image\" content=\"https:\/\/www.notibras.com\/site\/wp-content\/uploads\/2014\/02\/br6.jpg\" \/>\n\t<meta property=\"og:image:width\" content=\"259\" \/>\n\t<meta property=\"og:image:height\" content=\"194\" \/>\n\t<meta property=\"og:image:type\" content=\"image\/jpeg\" \/>\n<meta name=\"author\" content=\"Reda\u00e7\u00e3o\" \/>\n<meta name=\"twitter:card\" content=\"summary_large_image\" \/>\n<meta name=\"twitter:creator\" content=\"@Notibras\" \/>\n<meta name=\"twitter:site\" content=\"@Notibras\" \/>\n<meta name=\"twitter:label1\" content=\"Escrito por\" \/>\n\t<meta name=\"twitter:data1\" content=\"Reda\u00e7\u00e3o\" \/>\n\t<meta name=\"twitter:label2\" content=\"Est. tempo de leitura\" \/>\n\t<meta name=\"twitter:data2\" content=\"3 minutos\" \/>\n<script type=\"application\/ld+json\" class=\"yoast-schema-graph\">{\"@context\":\"https:\/\/schema.org\",\"@graph\":[{\"@type\":\"Article\",\"@id\":\"https:\/\/www.notibras.com\/site\/cartilha-ensina-a-economizar-energia-apos-horario-de-verao\/#article\",\"isPartOf\":{\"@id\":\"https:\/\/www.notibras.com\/site\/cartilha-ensina-a-economizar-energia-apos-horario-de-verao\/\"},\"author\":{\"name\":\"Reda\u00e7\u00e3o\",\"@id\":\"https:\/\/www.notibras.com\/site\/#\/schema\/person\/36ab0979449956132d3e5b517ea76ac8\"},\"headline\":\"Cartilha ensina a economizar energia ap\u00f3s hor\u00e1rio de ver\u00e3o\",\"datePublished\":\"2014-02-17T00:11:16+00:00\",\"dateModified\":\"2014-02-17T01:11:29+00:00\",\"mainEntityOfPage\":{\"@id\":\"https:\/\/www.notibras.com\/site\/cartilha-ensina-a-economizar-energia-apos-horario-de-verao\/\"},\"wordCount\":569,\"commentCount\":0,\"publisher\":{\"@id\":\"https:\/\/www.notibras.com\/site\/#organization\"},\"image\":{\"@id\":\"https:\/\/www.notibras.com\/site\/cartilha-ensina-a-economizar-energia-apos-horario-de-verao\/#primaryimage\"},\"thumbnailUrl\":\"https:\/\/www.notibras.com\/site\/wp-content\/uploads\/2014\/02\/br6.jpg\",\"articleSection\":[\"Brasil\"],\"inLanguage\":\"pt-BR\",\"potentialAction\":[{\"@type\":\"CommentAction\",\"name\":\"Comment\",\"target\":[\"https:\/\/www.notibras.com\/site\/cartilha-ensina-a-economizar-energia-apos-horario-de-verao\/#respond\"]}]},{\"@type\":\"WebPage\",\"@id\":\"https:\/\/www.notibras.com\/site\/cartilha-ensina-a-economizar-energia-apos-horario-de-verao\/\",\"url\":\"https:\/\/www.notibras.com\/site\/cartilha-ensina-a-economizar-energia-apos-horario-de-verao\/\",\"name\":\"Cartilha ensina a economizar energia ap\u00f3s hor\u00e1rio de ver\u00e3o - Notibras\",\"isPartOf\":{\"@id\":\"https:\/\/www.notibras.com\/site\/#website\"},\"primaryImageOfPage\":{\"@id\":\"https:\/\/www.notibras.com\/site\/cartilha-ensina-a-economizar-energia-apos-horario-de-verao\/#primaryimage\"},\"image\":{\"@id\":\"https:\/\/www.notibras.com\/site\/cartilha-ensina-a-economizar-energia-apos-horario-de-verao\/#primaryimage\"},\"thumbnailUrl\":\"https:\/\/www.notibras.com\/site\/wp-content\/uploads\/2014\/02\/br6.jpg\",\"datePublished\":\"2014-02-17T00:11:16+00:00\",\"dateModified\":\"2014-02-17T01:11:29+00:00\",\"breadcrumb\":{\"@id\":\"https:\/\/www.notibras.com\/site\/cartilha-ensina-a-economizar-energia-apos-horario-de-verao\/#breadcrumb\"},\"inLanguage\":\"pt-BR\",\"potentialAction\":[{\"@type\":\"ReadAction\",\"target\":[\"https:\/\/www.notibras.com\/site\/cartilha-ensina-a-economizar-energia-apos-horario-de-verao\/\"]}]},{\"@type\":\"ImageObject\",\"inLanguage\":\"pt-BR\",\"@id\":\"https:\/\/www.notibras.com\/site\/cartilha-ensina-a-economizar-energia-apos-horario-de-verao\/#primaryimage\",\"url\":\"https:\/\/www.notibras.com\/site\/wp-content\/uploads\/2014\/02\/br6.jpg\",\"contentUrl\":\"https:\/\/www.notibras.com\/site\/wp-content\/uploads\/2014\/02\/br6.jpg\",\"width\":259,\"height\":194},{\"@type\":\"BreadcrumbList\",\"@id\":\"https:\/\/www.notibras.com\/site\/cartilha-ensina-a-economizar-energia-apos-horario-de-verao\/#breadcrumb\",\"itemListElement\":[{\"@type\":\"ListItem\",\"position\":1,\"name\":\"In\u00edcio\",\"item\":\"https:\/\/www.notibras.com\/site\/\"},{\"@type\":\"ListItem\",\"position\":2,\"name\":\"Cartilha ensina a economizar energia ap\u00f3s hor\u00e1rio de ver\u00e3o\"}]},{\"@type\":\"WebSite\",\"@id\":\"https:\/\/www.notibras.com\/site\/#website\",\"url\":\"https:\/\/www.notibras.com\/site\/\",\"name\":\"Notibras\",\"description\":\"Not\u00edcias de Bras\u00edlia, do Brasil e do Mundo\",\"publisher\":{\"@id\":\"https:\/\/www.notibras.com\/site\/#organization\"},\"potentialAction\":[{\"@type\":\"SearchAction\",\"target\":{\"@type\":\"EntryPoint\",\"urlTemplate\":\"https:\/\/www.notibras.com\/site\/?s={search_term_string}\"},\"query-input\":{\"@type\":\"PropertyValueSpecification\",\"valueRequired\":true,\"valueName\":\"search_term_string\"}}],\"inLanguage\":\"pt-BR\"},{\"@type\":\"Organization\",\"@id\":\"https:\/\/www.notibras.com\/site\/#organization\",\"name\":\"Grupo Notibras de Comunica\u00e7\u00e3o\",\"url\":\"https:\/\/www.notibras.com\/site\/\",\"logo\":{\"@type\":\"ImageObject\",\"inLanguage\":\"pt-BR\",\"@id\":\"https:\/\/www.notibras.com\/site\/#\/schema\/logo\/image\/\",\"url\":\"https:\/\/www.notibras.com\/site\/wp-content\/uploads\/2023\/01\/notibras23.png\",\"contentUrl\":\"https:\/\/www.notibras.com\/site\/wp-content\/uploads\/2023\/01\/notibras23.png\",\"width\":350,\"height\":87,\"caption\":\"Grupo Notibras de Comunica\u00e7\u00e3o\"},\"image\":{\"@id\":\"https:\/\/www.notibras.com\/site\/#\/schema\/logo\/image\/\"},\"sameAs\":[\"https:\/\/www.facebook.com\/notibras\/\",\"https:\/\/x.com\/Notibras\",\"https:\/\/www.instagram.com\/notibras\/\"]},{\"@type\":\"Person\",\"@id\":\"https:\/\/www.notibras.com\/site\/#\/schema\/person\/36ab0979449956132d3e5b517ea76ac8\",\"name\":\"Reda\u00e7\u00e3o\",\"image\":{\"@type\":\"ImageObject\",\"inLanguage\":\"pt-BR\",\"@id\":\"https:\/\/secure.gravatar.com\/avatar\/e0a867bdedb85fd243eadf09663511f96fc81e0720a4a42581f334ad4303aa6b?s=96&d=mm&r=g\",\"url\":\"https:\/\/secure.gravatar.com\/avatar\/e0a867bdedb85fd243eadf09663511f96fc81e0720a4a42581f334ad4303aa6b?s=96&d=mm&r=g\",\"contentUrl\":\"https:\/\/secure.gravatar.com\/avatar\/e0a867bdedb85fd243eadf09663511f96fc81e0720a4a42581f334ad4303aa6b?s=96&d=mm&r=g\",\"caption\":\"Reda\u00e7\u00e3o\"}}]}<\/script>\n<!-- \/ Yoast SEO plugin. -->","yoast_head_json":{"title":"Cartilha ensina a economizar energia ap\u00f3s hor\u00e1rio de ver\u00e3o - Notibras","robots":{"index":"index","follow":"follow","max-snippet":"max-snippet:-1","max-image-preview":"max-image-preview:large","max-video-preview":"max-video-preview:-1"},"canonical":"https:\/\/www.notibras.com\/site\/cartilha-ensina-a-economizar-energia-apos-horario-de-verao\/","og_locale":"pt_BR","og_type":"article","og_title":"Cartilha ensina a economizar energia ap\u00f3s hor\u00e1rio de ver\u00e3o - Notibras","og_description":"Depois de quase quatro meses, chega ao fim o hor\u00e1rio de ver\u00e3o 2013\/2014. \u00c0 meia-noite de hoje (15), os rel\u00f3gios devem ser atrasados em uma hora nos estados das regi\u00f5es Sul, Sudeste e Centro-Oeste, porque estavam adiantados desde o dia 20 de outubro do ano passado. O principal objetivo do hor\u00e1rio de ver\u00e3o \u00e9 a [&hellip;]","og_url":"https:\/\/www.notibras.com\/site\/cartilha-ensina-a-economizar-energia-apos-horario-de-verao\/","og_site_name":"Notibras","article_publisher":"https:\/\/www.facebook.com\/notibras\/","article_published_time":"2014-02-17T00:11:16+00:00","article_modified_time":"2014-02-17T01:11:29+00:00","og_image":[{"width":259,"height":194,"url":"https:\/\/www.notibras.com\/site\/wp-content\/uploads\/2014\/02\/br6.jpg","type":"image\/jpeg"}],"author":"Reda\u00e7\u00e3o","twitter_card":"summary_large_image","twitter_creator":"@Notibras","twitter_site":"@Notibras","twitter_misc":{"Escrito por":"Reda\u00e7\u00e3o","Est. tempo de leitura":"3 minutos"},"schema":{"@context":"https:\/\/schema.org","@graph":[{"@type":"Article","@id":"https:\/\/www.notibras.com\/site\/cartilha-ensina-a-economizar-energia-apos-horario-de-verao\/#article","isPartOf":{"@id":"https:\/\/www.notibras.com\/site\/cartilha-ensina-a-economizar-energia-apos-horario-de-verao\/"},"author":{"name":"Reda\u00e7\u00e3o","@id":"https:\/\/www.notibras.com\/site\/#\/schema\/person\/36ab0979449956132d3e5b517ea76ac8"},"headline":"Cartilha ensina a economizar energia ap\u00f3s hor\u00e1rio de ver\u00e3o","datePublished":"2014-02-17T00:11:16+00:00","dateModified":"2014-02-17T01:11:29+00:00","mainEntityOfPage":{"@id":"https:\/\/www.notibras.com\/site\/cartilha-ensina-a-economizar-energia-apos-horario-de-verao\/"},"wordCount":569,"commentCount":0,"publisher":{"@id":"https:\/\/www.notibras.com\/site\/#organization"},"image":{"@id":"https:\/\/www.notibras.com\/site\/cartilha-ensina-a-economizar-energia-apos-horario-de-verao\/#primaryimage"},"thumbnailUrl":"https:\/\/www.notibras.com\/site\/wp-content\/uploads\/2014\/02\/br6.jpg","articleSection":["Brasil"],"inLanguage":"pt-BR","potentialAction":[{"@type":"CommentAction","name":"Comment","target":["https:\/\/www.notibras.com\/site\/cartilha-ensina-a-economizar-energia-apos-horario-de-verao\/#respond"]}]},{"@type":"WebPage","@id":"https:\/\/www.notibras.com\/site\/cartilha-ensina-a-economizar-energia-apos-horario-de-verao\/","url":"https:\/\/www.notibras.com\/site\/cartilha-ensina-a-economizar-energia-apos-horario-de-verao\/","name":"Cartilha ensina a economizar energia ap\u00f3s hor\u00e1rio de ver\u00e3o - Notibras","isPartOf":{"@id":"https:\/\/www.notibras.com\/site\/#website"},"primaryImageOfPage":{"@id":"https:\/\/www.notibras.com\/site\/cartilha-ensina-a-economizar-energia-apos-horario-de-verao\/#primaryimage"},"image":{"@id":"https:\/\/www.notibras.com\/site\/cartilha-ensina-a-economizar-energia-apos-horario-de-verao\/#primaryimage"},"thumbnailUrl":"https:\/\/www.notibras.com\/site\/wp-content\/uploads\/2014\/02\/br6.jpg","datePublished":"2014-02-17T00:11:16+00:00","dateModified":"2014-02-17T01:11:29+00:00","breadcrumb":{"@id":"https:\/\/www.notibras.com\/site\/cartilha-ensina-a-economizar-energia-apos-horario-de-verao\/#breadcrumb"},"inLanguage":"pt-BR","potentialAction":[{"@type":"ReadAction","target":["https:\/\/www.notibras.com\/site\/cartilha-ensina-a-economizar-energia-apos-horario-de-verao\/"]}]},{"@type":"ImageObject","inLanguage":"pt-BR","@id":"https:\/\/www.notibras.com\/site\/cartilha-ensina-a-economizar-energia-apos-horario-de-verao\/#primaryimage","url":"https:\/\/www.notibras.com\/site\/wp-content\/uploads\/2014\/02\/br6.jpg","contentUrl":"https:\/\/www.notibras.com\/site\/wp-content\/uploads\/2014\/02\/br6.jpg","width":259,"height":194},{"@type":"BreadcrumbList","@id":"https:\/\/www.notibras.com\/site\/cartilha-ensina-a-economizar-energia-apos-horario-de-verao\/#breadcrumb","itemListElement":[{"@type":"ListItem","position":1,"name":"In\u00edcio","item":"https:\/\/www.notibras.com\/site\/"},{"@type":"ListItem","position":2,"name":"Cartilha ensina a economizar energia ap\u00f3s hor\u00e1rio de ver\u00e3o"}]},{"@type":"WebSite","@id":"https:\/\/www.notibras.com\/site\/#website","url":"https:\/\/www.notibras.com\/site\/","name":"Notibras","description":"Not\u00edcias de Bras\u00edlia, do Brasil e do Mundo","publisher":{"@id":"https:\/\/www.notibras.com\/site\/#organization"},"potentialAction":[{"@type":"SearchAction","target":{"@type":"EntryPoint","urlTemplate":"https:\/\/www.notibras.com\/site\/?s={search_term_string}"},"query-input":{"@type":"PropertyValueSpecification","valueRequired":true,"valueName":"search_term_string"}}],"inLanguage":"pt-BR"},{"@type":"Organization","@id":"https:\/\/www.notibras.com\/site\/#organization","name":"Grupo Notibras de Comunica\u00e7\u00e3o","url":"https:\/\/www.notibras.com\/site\/","logo":{"@type":"ImageObject","inLanguage":"pt-BR","@id":"https:\/\/www.notibras.com\/site\/#\/schema\/logo\/image\/","url":"https:\/\/www.notibras.com\/site\/wp-content\/uploads\/2023\/01\/notibras23.png","contentUrl":"https:\/\/www.notibras.com\/site\/wp-content\/uploads\/2023\/01\/notibras23.png","width":350,"height":87,"caption":"Grupo Notibras de Comunica\u00e7\u00e3o"},"image":{"@id":"https:\/\/www.notibras.com\/site\/#\/schema\/logo\/image\/"},"sameAs":["https:\/\/www.facebook.com\/notibras\/","https:\/\/x.com\/Notibras","https:\/\/www.instagram.com\/notibras\/"]},{"@type":"Person","@id":"https:\/\/www.notibras.com\/site\/#\/schema\/person\/36ab0979449956132d3e5b517ea76ac8","name":"Reda\u00e7\u00e3o","image":{"@type":"ImageObject","inLanguage":"pt-BR","@id":"https:\/\/secure.gravatar.com\/avatar\/e0a867bdedb85fd243eadf09663511f96fc81e0720a4a42581f334ad4303aa6b?s=96&d=mm&r=g","url":"https:\/\/secure.gravatar.com\/avatar\/e0a867bdedb85fd243eadf09663511f96fc81e0720a4a42581f334ad4303aa6b?s=96&d=mm&r=g","contentUrl":"https:\/\/secure.gravatar.com\/avatar\/e0a867bdedb85fd243eadf09663511f96fc81e0720a4a42581f334ad4303aa6b?s=96&d=mm&r=g","caption":"Reda\u00e7\u00e3o"}}]}},"amp_enabled":true,"_links":{"self":[{"href":"https:\/\/www.notibras.com\/site\/wp-json\/wp\/v2\/posts\/1845","targetHints":{"allow":["GET"]}}],"collection":[{"href":"https:\/\/www.notibras.com\/site\/wp-json\/wp\/v2\/posts"}],"about":[{"href":"https:\/\/www.notibras.com\/site\/wp-json\/wp\/v2\/types\/post"}],"author":[{"embeddable":true,"href":"https:\/\/www.notibras.com\/site\/wp-json\/wp\/v2\/users\/2"}],"replies":[{"embeddable":true,"href":"https:\/\/www.notibras.com\/site\/wp-json\/wp\/v2\/comments?post=1845"}],"version-history":[{"count":0,"href":"https:\/\/www.notibras.com\/site\/wp-json\/wp\/v2\/posts\/1845\/revisions"}],"wp:featuredmedia":[{"embeddable":true,"href":"https:\/\/www.notibras.com\/site\/wp-json\/wp\/v2\/media\/1846"}],"wp:attachment":[{"href":"https:\/\/www.notibras.com\/site\/wp-json\/wp\/v2\/media?parent=1845"}],"wp:term":[{"taxonomy":"category","embeddable":true,"href":"https:\/\/www.notibras.com\/site\/wp-json\/wp\/v2\/categories?post=1845"},{"taxonomy":"post_tag","embeddable":true,"href":"https:\/\/www.notibras.com\/site\/wp-json\/wp\/v2\/tags?post=1845"}],"curies":[{"name":"wp","href":"https:\/\/api.w.org\/{rel}","templated":true}]}}