{"id":18461,"date":"2014-08-04T15:28:12","date_gmt":"2014-08-04T18:28:12","guid":{"rendered":"http:\/\/www.notibras.com\/site\/?p=18461"},"modified":"2014-08-04T15:28:50","modified_gmt":"2014-08-04T18:28:50","slug":"preco-ao-consumidor-sovbe-em-brasilia-e-mais-tres-capitais","status":"publish","type":"post","link":"https:\/\/www.notibras.com\/site\/preco-ao-consumidor-sovbe-em-brasilia-e-mais-tres-capitais\/","title":{"rendered":"Pre\u00e7o ao consumidor sobe em Bras\u00edlia e em outras tr\u00eas capitais"},"content":{"rendered":"<p>O \u00cdndice de Pre\u00e7os ao Consumidor Semanal (IPC-S) avan\u00e7ou em quatro das sete capitais pesquisadas pela Funda\u00e7\u00e3o Getulio Vargas entre a terceira e a \u00faltima semana de julho. Em Belo Horizonte, houve alta de 0,06 ponto percentual, ao passar de 0,1% na terceira semana de julho para 0,16% na \u00faltima semana.<\/p>\n<blockquote><p>Houve alta tamb\u00e9m em Bras\u00edlia (0,04 ponto percentual, ao passar de 0,19% para 0,23%) e no Rio de Janeiro (0,01 ponto percentual, ao passar de 0,35% para 0,36%). Em Porto Alegre, apesar da alta de 0,11 ponto percentual no \u00edndice, o IPC-S continuou registrando defla\u00e7\u00e3o (queda de pre\u00e7os). A taxa na capital ga\u00facha passou de -0,2% para -0,09%.<\/p><\/blockquote>\n<p>Por outro lado, tr\u00eas cidades tiveram queda na taxa de infla\u00e7\u00e3o: Salvador (0,38 ponto percentual, ao passar de -0,16% para -0,54%), Recife (0,09 ponto percentual, ao passar de 0,24% para 0,15%) e S\u00e3o Paulo (0,15 ponto percentual, ao passar de 0,37% para 0,22%).<\/p>\n","protected":false},"excerpt":{"rendered":"<p>O \u00cdndice de Pre\u00e7os ao Consumidor Semanal (IPC-S) avan\u00e7ou em quatro das sete capitais pesquisadas pela Funda\u00e7\u00e3o Getulio Vargas entre a terceira e a \u00faltima semana de julho. Em Belo Horizonte, houve alta de 0,06 ponto percentual, ao passar de 0,1% na terceira semana de julho para 0,16% na \u00faltima semana. Houve alta tamb\u00e9m em [&hellip;]<\/p>\n","protected":false},"author":2,"featured_media":18462,"comment_status":"open","ping_status":"closed","sticky":false,"template":"","format":"standard","meta":{"_acf_changed":false,"footnotes":""},"categories":[16],"tags":[],"class_list":["post-18461","post","type-post","status-publish","format-standard","has-post-thumbnail","hentry","category-brasil"],"acf":[],"_links":{"self":[{"href":"https:\/\/www.notibras.com\/site\/wp-json\/wp\/v2\/posts\/18461","targetHints":{"allow":["GET"]}}],"collection":[{"href":"https:\/\/www.notibras.com\/site\/wp-json\/wp\/v2\/posts"}],"about":[{"href":"https:\/\/www.notibras.com\/site\/wp-json\/wp\/v2\/types\/post"}],"author":[{"embeddable":true,"href":"https:\/\/www.notibras.com\/site\/wp-json\/wp\/v2\/users\/2"}],"replies":[{"embeddable":true,"href":"https:\/\/www.notibras.com\/site\/wp-json\/wp\/v2\/comments?post=18461"}],"version-history":[{"count":0,"href":"https:\/\/www.notibras.com\/site\/wp-json\/wp\/v2\/posts\/18461\/revisions"}],"wp:featuredmedia":[{"embeddable":true,"href":"https:\/\/www.notibras.com\/site\/wp-json\/wp\/v2\/media\/18462"}],"wp:attachment":[{"href":"https:\/\/www.notibras.com\/site\/wp-json\/wp\/v2\/media?parent=18461"}],"wp:term":[{"taxonomy":"category","embeddable":true,"href":"https:\/\/www.notibras.com\/site\/wp-json\/wp\/v2\/categories?post=18461"},{"taxonomy":"post_tag","embeddable":true,"href":"https:\/\/www.notibras.com\/site\/wp-json\/wp\/v2\/tags?post=18461"}],"curies":[{"name":"wp","href":"https:\/\/api.w.org\/{rel}","templated":true}]}}