{"id":18489,"date":"2014-08-04T23:38:02","date_gmt":"2014-08-05T02:38:02","guid":{"rendered":"http:\/\/www.notibras.com\/site\/?p=18489"},"modified":"2014-08-04T23:41:27","modified_gmt":"2014-08-05T02:41:27","slug":"sem-terra-ameaca-bombeiros-que-apagavam-incendio-em-fazenda","status":"publish","type":"post","link":"https:\/\/www.notibras.com\/site\/sem-terra-ameaca-bombeiros-que-apagavam-incendio-em-fazenda\/","title":{"rendered":"MST ataca bombeiros que apagavam inc\u00eandio em fazenda invadida"},"content":{"rendered":"<p>Bombeiros deslocados para combater um inc\u00eandio que surgiu em \u00e1rea da fazenda Tr\u00eas Pinheiros, invadida por membros do MST no domingo, foram atacados pelos sem-terra nesta segunda-feira. Um caminh\u00e3o da guarni\u00e7\u00e3o foi apedrejado e teve partes danificadas.<\/p>\n<p>Os bombeiros do Grupamento de Planaltina receberam o chamado por volta das 14h35 para combater as chamas, mas os manifestantes atacaram o carro oficial com paus, pedras e fac\u00e3o quando os militares terminavam o trabalho. As agress\u00f5es danificaram a viatura e uma das lanternas traseiras foi quebrada.<\/p>\n<p>O Corpo de Bombeiros confirma que os militares tamb\u00e9m sofreram amea\u00e7as do grupo de cerca de 100 pessoas. A hip\u00f3tese de que o inc\u00eandio tenha sido provocado pelos ocupantes n\u00e3o est\u00e1 descartada. A 31\u00aa Delegacia de Pol\u00edcia (Planatina) registrou a ocorr\u00eancia e investiga o caso, mas at\u00e9 o momento n\u00e3o prendeu ningu\u00e9m pelo dano ao patrim\u00f4nio.<\/p>\n","protected":false},"excerpt":{"rendered":"<p>Bombeiros deslocados para combater um inc\u00eandio que surgiu em \u00e1rea da fazenda Tr\u00eas Pinheiros, invadida por membros do MST no domingo, foram atacados pelos sem-terra nesta segunda-feira. Um caminh\u00e3o da guarni\u00e7\u00e3o foi apedrejado e teve partes danificadas. Os bombeiros do Grupamento de Planaltina receberam o chamado por volta das 14h35 para combater as chamas, mas [&hellip;]<\/p>\n","protected":false},"author":2,"featured_media":18490,"comment_status":"open","ping_status":"closed","sticky":false,"template":"","format":"standard","meta":{"_acf_changed":false,"footnotes":""},"categories":[1],"tags":[],"class_list":["post-18489","post","type-post","status-publish","format-standard","has-post-thumbnail","hentry","category-brasilia"],"acf":[],"_links":{"self":[{"href":"https:\/\/www.notibras.com\/site\/wp-json\/wp\/v2\/posts\/18489","targetHints":{"allow":["GET"]}}],"collection":[{"href":"https:\/\/www.notibras.com\/site\/wp-json\/wp\/v2\/posts"}],"about":[{"href":"https:\/\/www.notibras.com\/site\/wp-json\/wp\/v2\/types\/post"}],"author":[{"embeddable":true,"href":"https:\/\/www.notibras.com\/site\/wp-json\/wp\/v2\/users\/2"}],"replies":[{"embeddable":true,"href":"https:\/\/www.notibras.com\/site\/wp-json\/wp\/v2\/comments?post=18489"}],"version-history":[{"count":0,"href":"https:\/\/www.notibras.com\/site\/wp-json\/wp\/v2\/posts\/18489\/revisions"}],"wp:featuredmedia":[{"embeddable":true,"href":"https:\/\/www.notibras.com\/site\/wp-json\/wp\/v2\/media\/18490"}],"wp:attachment":[{"href":"https:\/\/www.notibras.com\/site\/wp-json\/wp\/v2\/media?parent=18489"}],"wp:term":[{"taxonomy":"category","embeddable":true,"href":"https:\/\/www.notibras.com\/site\/wp-json\/wp\/v2\/categories?post=18489"},{"taxonomy":"post_tag","embeddable":true,"href":"https:\/\/www.notibras.com\/site\/wp-json\/wp\/v2\/tags?post=18489"}],"curies":[{"name":"wp","href":"https:\/\/api.w.org\/{rel}","templated":true}]}}