{"id":18506,"date":"2014-08-04T20:58:26","date_gmt":"2014-08-04T23:58:26","guid":{"rendered":"http:\/\/www.notibras.com\/site\/?p=18506"},"modified":"2014-08-05T00:05:19","modified_gmt":"2014-08-05T03:05:19","slug":"policia-investiga-morte-do-secretario-jefferson-ribeiro","status":"publish","type":"post","link":"https:\/\/www.notibras.com\/site\/policia-investiga-morte-do-secretario-jefferson-ribeiro\/","title":{"rendered":"Pol\u00edcia investiga morte do secret\u00e1rio de Justi\u00e7a Jefferson Ribeiro"},"content":{"rendered":"<p>A Pol\u00edcia Civil investiga a morte do secret\u00e1rio de Justi\u00e7a Jefferson Ribeiro, ocorrida na manh\u00e3 desta segunda-feira (4). O secret\u00e1rio foi encontrado com um tiro na cabe\u00e7a na resid\u00eancia dele, no bairro Taquari. N\u00e3o est\u00e1 descartada a hip\u00f3tese de suic\u00eddio.<\/p>\n<p>Ribeiro tinha 46 anos e era funcion\u00e1rio de carreira da C\u00e2mara Legislativa do DF. Ele era formado em administra\u00e7\u00e3o e direito e tinha especializa\u00e7\u00e3o em regimento interno das casas legislativas, disciplina da qual era professor em cursinhos preparat\u00f3rios para concursos.<\/p>\n<blockquote><p>Ribeiro ocupava a vice-presid\u00eancia do Partido Ecol\u00f3gico Nacional (PEN) do Distrito Federal. Antes, havia sido filiado ao PPS, partido do qual fez parte durante 20 anos. Antes de ser nomeado secret\u00e1rio, ele foi chefe de gabinete de seu antecessor na pasta, Al\u00edrio Neto, e tamb\u00e9m assessor do deputado federal Augusto Carvalho (SD-DF).<\/p><\/blockquote>\n","protected":false},"excerpt":{"rendered":"<p>A Pol\u00edcia Civil investiga a morte do secret\u00e1rio de Justi\u00e7a Jefferson Ribeiro, ocorrida na manh\u00e3 desta segunda-feira (4). O secret\u00e1rio foi encontrado com um tiro na cabe\u00e7a na resid\u00eancia dele, no bairro Taquari. N\u00e3o est\u00e1 descartada a hip\u00f3tese de suic\u00eddio. Ribeiro tinha 46 anos e era funcion\u00e1rio de carreira da C\u00e2mara Legislativa do DF. Ele [&hellip;]<\/p>\n","protected":false},"author":2,"featured_media":18507,"comment_status":"open","ping_status":"closed","sticky":false,"template":"","format":"standard","meta":{"_acf_changed":false,"footnotes":""},"categories":[1],"tags":[],"class_list":["post-18506","post","type-post","status-publish","format-standard","has-post-thumbnail","hentry","category-brasilia"],"acf":[],"_links":{"self":[{"href":"https:\/\/www.notibras.com\/site\/wp-json\/wp\/v2\/posts\/18506","targetHints":{"allow":["GET"]}}],"collection":[{"href":"https:\/\/www.notibras.com\/site\/wp-json\/wp\/v2\/posts"}],"about":[{"href":"https:\/\/www.notibras.com\/site\/wp-json\/wp\/v2\/types\/post"}],"author":[{"embeddable":true,"href":"https:\/\/www.notibras.com\/site\/wp-json\/wp\/v2\/users\/2"}],"replies":[{"embeddable":true,"href":"https:\/\/www.notibras.com\/site\/wp-json\/wp\/v2\/comments?post=18506"}],"version-history":[{"count":0,"href":"https:\/\/www.notibras.com\/site\/wp-json\/wp\/v2\/posts\/18506\/revisions"}],"wp:featuredmedia":[{"embeddable":true,"href":"https:\/\/www.notibras.com\/site\/wp-json\/wp\/v2\/media\/18507"}],"wp:attachment":[{"href":"https:\/\/www.notibras.com\/site\/wp-json\/wp\/v2\/media?parent=18506"}],"wp:term":[{"taxonomy":"category","embeddable":true,"href":"https:\/\/www.notibras.com\/site\/wp-json\/wp\/v2\/categories?post=18506"},{"taxonomy":"post_tag","embeddable":true,"href":"https:\/\/www.notibras.com\/site\/wp-json\/wp\/v2\/tags?post=18506"}],"curies":[{"name":"wp","href":"https:\/\/api.w.org\/{rel}","templated":true}]}}