{"id":18536,"date":"2014-08-05T12:51:33","date_gmt":"2014-08-05T15:51:33","guid":{"rendered":"http:\/\/www.notibras.com\/site\/?p=18536"},"modified":"2014-08-05T12:52:03","modified_gmt":"2014-08-05T15:52:03","slug":"brasil-tem-media-de-dois-assassinatos-por-dia-ate-junho-354","status":"publish","type":"post","link":"https:\/\/www.notibras.com\/site\/brasil-tem-media-de-dois-assassinatos-por-dia-ate-junho-354\/","title":{"rendered":"Bras\u00edlia tem m\u00e9dia de dois assassinatos por dia. At\u00e9 junho, 354"},"content":{"rendered":"<p>A viol\u00eancia n~]ao para na capital da Rep\u00fablica. No primeiro semestre, foram registrados 354 assassinatos, segundo dados da Secretaria de Seguran\u00e7a P\u00fablica.<\/p>\n<p>Segundo relato do G1, as regi\u00f5es com mais casos de homic\u00eddios foram Ceil\u00e2ndia (74), Planaltina (35) e Samambaia (32). As regi\u00f5es que tiveram maior aumento de assassinatos foram S\u00e3o Sebasti\u00e3o, Parano\u00e1 e Riacho Fundo II.<\/p>\n<blockquote><p>Sobre o aumento em algumas regi\u00f5es, o secret\u00e1rio de Seguran\u00e7a, Paulo Oliveira, disse que, em n\u00fameros absolutos, foi uma quantidade pequena.<\/p><\/blockquote>\n<p>Com o \u00edndice m\u00e9dio de 24,5 assassinatos por 100 mil habitantes, o secret\u00e1rio afirmou que o DF est\u00e1 dentro da m\u00e9dia nacional, que \u00e9 de 29 casos por 100 mil. \u201cN\u00f3s podemos em mais um ano ou dois estarmos na casa de 15 mortes por cada 100 mil habitantes\u201d, disse.<\/p>\n","protected":false},"excerpt":{"rendered":"<p>A viol\u00eancia n~]ao para na capital da Rep\u00fablica. No primeiro semestre, foram registrados 354 assassinatos, segundo dados da Secretaria de Seguran\u00e7a P\u00fablica. Segundo relato do G1, as regi\u00f5es com mais casos de homic\u00eddios foram Ceil\u00e2ndia (74), Planaltina (35) e Samambaia (32). As regi\u00f5es que tiveram maior aumento de assassinatos foram S\u00e3o Sebasti\u00e3o, Parano\u00e1 e Riacho [&hellip;]<\/p>\n","protected":false},"author":2,"featured_media":18537,"comment_status":"open","ping_status":"closed","sticky":false,"template":"","format":"standard","meta":{"_acf_changed":false,"footnotes":""},"categories":[1],"tags":[],"class_list":["post-18536","post","type-post","status-publish","format-standard","has-post-thumbnail","hentry","category-brasilia"],"acf":[],"_links":{"self":[{"href":"https:\/\/www.notibras.com\/site\/wp-json\/wp\/v2\/posts\/18536","targetHints":{"allow":["GET"]}}],"collection":[{"href":"https:\/\/www.notibras.com\/site\/wp-json\/wp\/v2\/posts"}],"about":[{"href":"https:\/\/www.notibras.com\/site\/wp-json\/wp\/v2\/types\/post"}],"author":[{"embeddable":true,"href":"https:\/\/www.notibras.com\/site\/wp-json\/wp\/v2\/users\/2"}],"replies":[{"embeddable":true,"href":"https:\/\/www.notibras.com\/site\/wp-json\/wp\/v2\/comments?post=18536"}],"version-history":[{"count":0,"href":"https:\/\/www.notibras.com\/site\/wp-json\/wp\/v2\/posts\/18536\/revisions"}],"wp:featuredmedia":[{"embeddable":true,"href":"https:\/\/www.notibras.com\/site\/wp-json\/wp\/v2\/media\/18537"}],"wp:attachment":[{"href":"https:\/\/www.notibras.com\/site\/wp-json\/wp\/v2\/media?parent=18536"}],"wp:term":[{"taxonomy":"category","embeddable":true,"href":"https:\/\/www.notibras.com\/site\/wp-json\/wp\/v2\/categories?post=18536"},{"taxonomy":"post_tag","embeddable":true,"href":"https:\/\/www.notibras.com\/site\/wp-json\/wp\/v2\/tags?post=18536"}],"curies":[{"name":"wp","href":"https:\/\/api.w.org\/{rel}","templated":true}]}}