{"id":185538,"date":"2018-07-17T08:24:14","date_gmt":"2018-07-17T11:24:14","guid":{"rendered":"https:\/\/www.notibras.com\/site\/?p=185538"},"modified":"2018-07-17T08:24:14","modified_gmt":"2018-07-17T11:24:14","slug":"trump-curva-a-cabeca-perante-putin-e-russia","status":"publish","type":"post","link":"https:\/\/www.notibras.com\/site\/trump-curva-a-cabeca-perante-putin-e-russia\/","title":{"rendered":"Trump curva a cabe\u00e7a perante Putin e R\u00fassia"},"content":{"rendered":"<p>Foi uma longa entrevista coletiva \u2014 46 minutos, raro para encontro de c\u00fapulas. Lado a lado com o russo Vladimir Putin, em Helsinque, o presidente americano Donald Trump se fez claro. \u201cOs Estados Unidos t\u00eam sido tolos\u201d, afirmou. \u201cJ\u00e1 dev\u00edamos ter tido este di\u00e1logo h\u00e1 muito tempo, antes de eu chegar ao cargo.\u201d<\/p>\n<p>Trump defende estreitar rela\u00e7\u00f5es com a R\u00fassia e partiu contra a investiga\u00e7\u00e3o, conduzida pelo FBI, a respeito da interfer\u00eancia de Moscou nas elei\u00e7\u00f5es que o conduziram \u00e0 Casa Branca. \u201cFui um agente de intelig\u00eancia\u201d, disse Putin. \u201cSei como estes dossi\u00eas s\u00e3o fabricados.\u201d Trump concordou. \u201cEles dizem que foi a R\u00fassia. Estou aqui ao lado do presidente Putin. Ele diz que n\u00e3o foi. Eu n\u00e3o vejo por que seria.\u201d Nunca antes um presidente americano havia partido contra o aparato de intelig\u00eancia e Justi\u00e7a dos EUA perante um l\u00edder estrangeiro.<\/p>\n<p>As cr\u00edticas foram imediatas e n\u00e3o vieram s\u00f3 dos democratas. \u201cTrump deve deixar claro o que quis dizer\u201d, afirmou o ex-presidente da C\u00e2mara e partid\u00e1rio do presidente, Newt Gingrich. \u201cEste foi o maior erro de sua presid\u00eancia.\u201d O atual chefe da C\u00e2mara, Paul Ryan, o seguiu. \u201cEle deve compreender que a R\u00fassia n\u00e3o \u00e9 nossa aliada, os EUA devem terminar com seus ataques contra a democracia.\u201d<\/p>\n","protected":false},"excerpt":{"rendered":"<p>Foi uma longa entrevista coletiva \u2014 46 minutos, raro para encontro de c\u00fapulas. Lado a lado com o russo Vladimir Putin, em Helsinque, o presidente americano Donald Trump se fez claro. \u201cOs Estados Unidos t\u00eam sido tolos\u201d, afirmou. \u201cJ\u00e1 dev\u00edamos ter tido este di\u00e1logo h\u00e1 muito tempo, antes de eu chegar ao cargo.\u201d Trump defende [&hellip;]<\/p>\n","protected":false},"author":1,"featured_media":185539,"comment_status":"closed","ping_status":"closed","sticky":false,"template":"","format":"standard","meta":{"_acf_changed":false,"footnotes":""},"categories":[17],"tags":[],"class_list":["post-185538","post","type-post","status-publish","format-standard","has-post-thumbnail","hentry","category-mundo"],"acf":[],"yoast_head":"<!-- This site is optimized with the Yoast SEO plugin v27.2 - https:\/\/yoast.com\/product\/yoast-seo-wordpress\/ -->\n<title>Trump curva a cabe\u00e7a perante Putin e R\u00fassia - Notibras<\/title>\n<meta name=\"robots\" content=\"index, follow, max-snippet:-1, max-image-preview:large, max-video-preview:-1\" \/>\n<link rel=\"canonical\" href=\"https:\/\/www.notibras.com\/site\/trump-curva-a-cabeca-perante-putin-e-russia\/\" \/>\n<meta property=\"og:locale\" content=\"pt_BR\" \/>\n<meta property=\"og:type\" content=\"article\" \/>\n<meta property=\"og:title\" content=\"Trump curva a cabe\u00e7a perante Putin e R\u00fassia - Notibras\" \/>\n<meta property=\"og:description\" content=\"Foi uma longa entrevista coletiva \u2014 46 minutos, raro para encontro de c\u00fapulas. Lado a lado com o russo Vladimir Putin, em Helsinque, o presidente americano Donald Trump se fez claro. \u201cOs Estados Unidos t\u00eam sido tolos\u201d, afirmou. \u201cJ\u00e1 dev\u00edamos ter tido este di\u00e1logo h\u00e1 muito tempo, antes de eu chegar ao cargo.\u201d Trump defende [&hellip;]\" \/>\n<meta property=\"og:url\" content=\"https:\/\/www.notibras.com\/site\/trump-curva-a-cabeca-perante-putin-e-russia\/\" \/>\n<meta property=\"og:site_name\" content=\"Notibras\" \/>\n<meta property=\"article:publisher\" content=\"https:\/\/www.facebook.com\/notibras\/\" \/>\n<meta property=\"article:published_time\" content=\"2018-07-17T11:24:14+00:00\" \/>\n<meta property=\"og:image\" content=\"https:\/\/www.notibras.com\/site\/wp-content\/uploads\/2018\/07\/putin.png\" \/>\n\t<meta property=\"og:image:width\" content=\"893\" \/>\n\t<meta property=\"og:image:height\" content=\"533\" \/>\n\t<meta property=\"og:image:type\" content=\"image\/png\" \/>\n<meta name=\"author\" content=\"Reda\u00e7\u00e3o\" \/>\n<meta name=\"twitter:card\" content=\"summary_large_image\" \/>\n<meta name=\"twitter:creator\" content=\"@Notibras\" \/>\n<meta name=\"twitter:site\" content=\"@Notibras\" \/>\n<meta name=\"twitter:label1\" content=\"Escrito por\" \/>\n\t<meta name=\"twitter:data1\" content=\"Reda\u00e7\u00e3o\" \/>\n\t<meta name=\"twitter:label2\" content=\"Est. tempo de leitura\" \/>\n\t<meta name=\"twitter:data2\" content=\"1 minuto\" \/>\n<script type=\"application\/ld+json\" class=\"yoast-schema-graph\">{\"@context\":\"https:\/\/schema.org\",\"@graph\":[{\"@type\":\"Article\",\"@id\":\"https:\/\/www.notibras.com\/site\/trump-curva-a-cabeca-perante-putin-e-russia\/#article\",\"isPartOf\":{\"@id\":\"https:\/\/www.notibras.com\/site\/trump-curva-a-cabeca-perante-putin-e-russia\/\"},\"author\":{\"name\":\"Reda\u00e7\u00e3o\",\"@id\":\"https:\/\/www.notibras.com\/site\/#\/schema\/person\/00b8e1aa08f9ef6563e878c5159d01cf\"},\"headline\":\"Trump curva a cabe\u00e7a perante Putin e R\u00fassia\",\"datePublished\":\"2018-07-17T11:24:14+00:00\",\"mainEntityOfPage\":{\"@id\":\"https:\/\/www.notibras.com\/site\/trump-curva-a-cabeca-perante-putin-e-russia\/\"},\"wordCount\":239,\"publisher\":{\"@id\":\"https:\/\/www.notibras.com\/site\/#organization\"},\"image\":{\"@id\":\"https:\/\/www.notibras.com\/site\/trump-curva-a-cabeca-perante-putin-e-russia\/#primaryimage\"},\"thumbnailUrl\":\"https:\/\/www.notibras.com\/site\/wp-content\/uploads\/2018\/07\/putin.png\",\"articleSection\":[\"Mundo\"],\"inLanguage\":\"pt-BR\"},{\"@type\":\"WebPage\",\"@id\":\"https:\/\/www.notibras.com\/site\/trump-curva-a-cabeca-perante-putin-e-russia\/\",\"url\":\"https:\/\/www.notibras.com\/site\/trump-curva-a-cabeca-perante-putin-e-russia\/\",\"name\":\"Trump curva a cabe\u00e7a perante Putin e R\u00fassia - Notibras\",\"isPartOf\":{\"@id\":\"https:\/\/www.notibras.com\/site\/#website\"},\"primaryImageOfPage\":{\"@id\":\"https:\/\/www.notibras.com\/site\/trump-curva-a-cabeca-perante-putin-e-russia\/#primaryimage\"},\"image\":{\"@id\":\"https:\/\/www.notibras.com\/site\/trump-curva-a-cabeca-perante-putin-e-russia\/#primaryimage\"},\"thumbnailUrl\":\"https:\/\/www.notibras.com\/site\/wp-content\/uploads\/2018\/07\/putin.png\",\"datePublished\":\"2018-07-17T11:24:14+00:00\",\"breadcrumb\":{\"@id\":\"https:\/\/www.notibras.com\/site\/trump-curva-a-cabeca-perante-putin-e-russia\/#breadcrumb\"},\"inLanguage\":\"pt-BR\",\"potentialAction\":[{\"@type\":\"ReadAction\",\"target\":[\"https:\/\/www.notibras.com\/site\/trump-curva-a-cabeca-perante-putin-e-russia\/\"]}]},{\"@type\":\"ImageObject\",\"inLanguage\":\"pt-BR\",\"@id\":\"https:\/\/www.notibras.com\/site\/trump-curva-a-cabeca-perante-putin-e-russia\/#primaryimage\",\"url\":\"https:\/\/www.notibras.com\/site\/wp-content\/uploads\/2018\/07\/putin.png\",\"contentUrl\":\"https:\/\/www.notibras.com\/site\/wp-content\/uploads\/2018\/07\/putin.png\",\"width\":893,\"height\":533,\"caption\":\"Foto: Reprodu\u00e7\u00e3o\/NBC\"},{\"@type\":\"BreadcrumbList\",\"@id\":\"https:\/\/www.notibras.com\/site\/trump-curva-a-cabeca-perante-putin-e-russia\/#breadcrumb\",\"itemListElement\":[{\"@type\":\"ListItem\",\"position\":1,\"name\":\"In\u00edcio\",\"item\":\"https:\/\/www.notibras.com\/site\/\"},{\"@type\":\"ListItem\",\"position\":2,\"name\":\"Trump curva a cabe\u00e7a perante Putin e R\u00fassia\"}]},{\"@type\":\"WebSite\",\"@id\":\"https:\/\/www.notibras.com\/site\/#website\",\"url\":\"https:\/\/www.notibras.com\/site\/\",\"name\":\"Notibras\",\"description\":\"Not\u00edcias de Bras\u00edlia, do Brasil e do Mundo\",\"publisher\":{\"@id\":\"https:\/\/www.notibras.com\/site\/#organization\"},\"potentialAction\":[{\"@type\":\"SearchAction\",\"target\":{\"@type\":\"EntryPoint\",\"urlTemplate\":\"https:\/\/www.notibras.com\/site\/?s={search_term_string}\"},\"query-input\":{\"@type\":\"PropertyValueSpecification\",\"valueRequired\":true,\"valueName\":\"search_term_string\"}}],\"inLanguage\":\"pt-BR\"},{\"@type\":\"Organization\",\"@id\":\"https:\/\/www.notibras.com\/site\/#organization\",\"name\":\"Grupo Notibras de Comunica\u00e7\u00e3o\",\"url\":\"https:\/\/www.notibras.com\/site\/\",\"logo\":{\"@type\":\"ImageObject\",\"inLanguage\":\"pt-BR\",\"@id\":\"https:\/\/www.notibras.com\/site\/#\/schema\/logo\/image\/\",\"url\":\"https:\/\/www.notibras.com\/site\/wp-content\/uploads\/2023\/01\/notibras23.png\",\"contentUrl\":\"https:\/\/www.notibras.com\/site\/wp-content\/uploads\/2023\/01\/notibras23.png\",\"width\":350,\"height\":87,\"caption\":\"Grupo Notibras de Comunica\u00e7\u00e3o\"},\"image\":{\"@id\":\"https:\/\/www.notibras.com\/site\/#\/schema\/logo\/image\/\"},\"sameAs\":[\"https:\/\/www.facebook.com\/notibras\/\",\"https:\/\/x.com\/Notibras\",\"https:\/\/www.instagram.com\/notibras\/\"]},{\"@type\":\"Person\",\"@id\":\"https:\/\/www.notibras.com\/site\/#\/schema\/person\/00b8e1aa08f9ef6563e878c5159d01cf\",\"name\":\"Reda\u00e7\u00e3o\",\"image\":{\"@type\":\"ImageObject\",\"inLanguage\":\"pt-BR\",\"@id\":\"https:\/\/secure.gravatar.com\/avatar\/ac5a707d5b47784a5ed426c6e213e201423c750890f64e4c379114dade67dfb9?s=96&d=mm&r=g\",\"url\":\"https:\/\/secure.gravatar.com\/avatar\/ac5a707d5b47784a5ed426c6e213e201423c750890f64e4c379114dade67dfb9?s=96&d=mm&r=g\",\"contentUrl\":\"https:\/\/secure.gravatar.com\/avatar\/ac5a707d5b47784a5ed426c6e213e201423c750890f64e4c379114dade67dfb9?s=96&d=mm&r=g\",\"caption\":\"Reda\u00e7\u00e3o\"}}]}<\/script>\n<!-- \/ Yoast SEO plugin. -->","yoast_head_json":{"title":"Trump curva a cabe\u00e7a perante Putin e R\u00fassia - Notibras","robots":{"index":"index","follow":"follow","max-snippet":"max-snippet:-1","max-image-preview":"max-image-preview:large","max-video-preview":"max-video-preview:-1"},"canonical":"https:\/\/www.notibras.com\/site\/trump-curva-a-cabeca-perante-putin-e-russia\/","og_locale":"pt_BR","og_type":"article","og_title":"Trump curva a cabe\u00e7a perante Putin e R\u00fassia - Notibras","og_description":"Foi uma longa entrevista coletiva \u2014 46 minutos, raro para encontro de c\u00fapulas. Lado a lado com o russo Vladimir Putin, em Helsinque, o presidente americano Donald Trump se fez claro. \u201cOs Estados Unidos t\u00eam sido tolos\u201d, afirmou. \u201cJ\u00e1 dev\u00edamos ter tido este di\u00e1logo h\u00e1 muito tempo, antes de eu chegar ao cargo.\u201d Trump defende [&hellip;]","og_url":"https:\/\/www.notibras.com\/site\/trump-curva-a-cabeca-perante-putin-e-russia\/","og_site_name":"Notibras","article_publisher":"https:\/\/www.facebook.com\/notibras\/","article_published_time":"2018-07-17T11:24:14+00:00","og_image":[{"width":893,"height":533,"url":"https:\/\/www.notibras.com\/site\/wp-content\/uploads\/2018\/07\/putin.png","type":"image\/png"}],"author":"Reda\u00e7\u00e3o","twitter_card":"summary_large_image","twitter_creator":"@Notibras","twitter_site":"@Notibras","twitter_misc":{"Escrito por":"Reda\u00e7\u00e3o","Est. tempo de leitura":"1 minuto"},"schema":{"@context":"https:\/\/schema.org","@graph":[{"@type":"Article","@id":"https:\/\/www.notibras.com\/site\/trump-curva-a-cabeca-perante-putin-e-russia\/#article","isPartOf":{"@id":"https:\/\/www.notibras.com\/site\/trump-curva-a-cabeca-perante-putin-e-russia\/"},"author":{"name":"Reda\u00e7\u00e3o","@id":"https:\/\/www.notibras.com\/site\/#\/schema\/person\/00b8e1aa08f9ef6563e878c5159d01cf"},"headline":"Trump curva a cabe\u00e7a perante Putin e R\u00fassia","datePublished":"2018-07-17T11:24:14+00:00","mainEntityOfPage":{"@id":"https:\/\/www.notibras.com\/site\/trump-curva-a-cabeca-perante-putin-e-russia\/"},"wordCount":239,"publisher":{"@id":"https:\/\/www.notibras.com\/site\/#organization"},"image":{"@id":"https:\/\/www.notibras.com\/site\/trump-curva-a-cabeca-perante-putin-e-russia\/#primaryimage"},"thumbnailUrl":"https:\/\/www.notibras.com\/site\/wp-content\/uploads\/2018\/07\/putin.png","articleSection":["Mundo"],"inLanguage":"pt-BR"},{"@type":"WebPage","@id":"https:\/\/www.notibras.com\/site\/trump-curva-a-cabeca-perante-putin-e-russia\/","url":"https:\/\/www.notibras.com\/site\/trump-curva-a-cabeca-perante-putin-e-russia\/","name":"Trump curva a cabe\u00e7a perante Putin e R\u00fassia - Notibras","isPartOf":{"@id":"https:\/\/www.notibras.com\/site\/#website"},"primaryImageOfPage":{"@id":"https:\/\/www.notibras.com\/site\/trump-curva-a-cabeca-perante-putin-e-russia\/#primaryimage"},"image":{"@id":"https:\/\/www.notibras.com\/site\/trump-curva-a-cabeca-perante-putin-e-russia\/#primaryimage"},"thumbnailUrl":"https:\/\/www.notibras.com\/site\/wp-content\/uploads\/2018\/07\/putin.png","datePublished":"2018-07-17T11:24:14+00:00","breadcrumb":{"@id":"https:\/\/www.notibras.com\/site\/trump-curva-a-cabeca-perante-putin-e-russia\/#breadcrumb"},"inLanguage":"pt-BR","potentialAction":[{"@type":"ReadAction","target":["https:\/\/www.notibras.com\/site\/trump-curva-a-cabeca-perante-putin-e-russia\/"]}]},{"@type":"ImageObject","inLanguage":"pt-BR","@id":"https:\/\/www.notibras.com\/site\/trump-curva-a-cabeca-perante-putin-e-russia\/#primaryimage","url":"https:\/\/www.notibras.com\/site\/wp-content\/uploads\/2018\/07\/putin.png","contentUrl":"https:\/\/www.notibras.com\/site\/wp-content\/uploads\/2018\/07\/putin.png","width":893,"height":533,"caption":"Foto: Reprodu\u00e7\u00e3o\/NBC"},{"@type":"BreadcrumbList","@id":"https:\/\/www.notibras.com\/site\/trump-curva-a-cabeca-perante-putin-e-russia\/#breadcrumb","itemListElement":[{"@type":"ListItem","position":1,"name":"In\u00edcio","item":"https:\/\/www.notibras.com\/site\/"},{"@type":"ListItem","position":2,"name":"Trump curva a cabe\u00e7a perante Putin e R\u00fassia"}]},{"@type":"WebSite","@id":"https:\/\/www.notibras.com\/site\/#website","url":"https:\/\/www.notibras.com\/site\/","name":"Notibras","description":"Not\u00edcias de Bras\u00edlia, do Brasil e do Mundo","publisher":{"@id":"https:\/\/www.notibras.com\/site\/#organization"},"potentialAction":[{"@type":"SearchAction","target":{"@type":"EntryPoint","urlTemplate":"https:\/\/www.notibras.com\/site\/?s={search_term_string}"},"query-input":{"@type":"PropertyValueSpecification","valueRequired":true,"valueName":"search_term_string"}}],"inLanguage":"pt-BR"},{"@type":"Organization","@id":"https:\/\/www.notibras.com\/site\/#organization","name":"Grupo Notibras de Comunica\u00e7\u00e3o","url":"https:\/\/www.notibras.com\/site\/","logo":{"@type":"ImageObject","inLanguage":"pt-BR","@id":"https:\/\/www.notibras.com\/site\/#\/schema\/logo\/image\/","url":"https:\/\/www.notibras.com\/site\/wp-content\/uploads\/2023\/01\/notibras23.png","contentUrl":"https:\/\/www.notibras.com\/site\/wp-content\/uploads\/2023\/01\/notibras23.png","width":350,"height":87,"caption":"Grupo Notibras de Comunica\u00e7\u00e3o"},"image":{"@id":"https:\/\/www.notibras.com\/site\/#\/schema\/logo\/image\/"},"sameAs":["https:\/\/www.facebook.com\/notibras\/","https:\/\/x.com\/Notibras","https:\/\/www.instagram.com\/notibras\/"]},{"@type":"Person","@id":"https:\/\/www.notibras.com\/site\/#\/schema\/person\/00b8e1aa08f9ef6563e878c5159d01cf","name":"Reda\u00e7\u00e3o","image":{"@type":"ImageObject","inLanguage":"pt-BR","@id":"https:\/\/secure.gravatar.com\/avatar\/ac5a707d5b47784a5ed426c6e213e201423c750890f64e4c379114dade67dfb9?s=96&d=mm&r=g","url":"https:\/\/secure.gravatar.com\/avatar\/ac5a707d5b47784a5ed426c6e213e201423c750890f64e4c379114dade67dfb9?s=96&d=mm&r=g","contentUrl":"https:\/\/secure.gravatar.com\/avatar\/ac5a707d5b47784a5ed426c6e213e201423c750890f64e4c379114dade67dfb9?s=96&d=mm&r=g","caption":"Reda\u00e7\u00e3o"}}]}},"amp_enabled":true,"_links":{"self":[{"href":"https:\/\/www.notibras.com\/site\/wp-json\/wp\/v2\/posts\/185538","targetHints":{"allow":["GET"]}}],"collection":[{"href":"https:\/\/www.notibras.com\/site\/wp-json\/wp\/v2\/posts"}],"about":[{"href":"https:\/\/www.notibras.com\/site\/wp-json\/wp\/v2\/types\/post"}],"author":[{"embeddable":true,"href":"https:\/\/www.notibras.com\/site\/wp-json\/wp\/v2\/users\/1"}],"replies":[{"embeddable":true,"href":"https:\/\/www.notibras.com\/site\/wp-json\/wp\/v2\/comments?post=185538"}],"version-history":[{"count":1,"href":"https:\/\/www.notibras.com\/site\/wp-json\/wp\/v2\/posts\/185538\/revisions"}],"predecessor-version":[{"id":185540,"href":"https:\/\/www.notibras.com\/site\/wp-json\/wp\/v2\/posts\/185538\/revisions\/185540"}],"wp:featuredmedia":[{"embeddable":true,"href":"https:\/\/www.notibras.com\/site\/wp-json\/wp\/v2\/media\/185539"}],"wp:attachment":[{"href":"https:\/\/www.notibras.com\/site\/wp-json\/wp\/v2\/media?parent=185538"}],"wp:term":[{"taxonomy":"category","embeddable":true,"href":"https:\/\/www.notibras.com\/site\/wp-json\/wp\/v2\/categories?post=185538"},{"taxonomy":"post_tag","embeddable":true,"href":"https:\/\/www.notibras.com\/site\/wp-json\/wp\/v2\/tags?post=185538"}],"curies":[{"name":"wp","href":"https:\/\/api.w.org\/{rel}","templated":true}]}}