{"id":185546,"date":"2018-07-17T08:54:44","date_gmt":"2018-07-17T11:54:44","guid":{"rendered":"https:\/\/www.notibras.com\/site\/?p=185546"},"modified":"2018-07-17T08:54:44","modified_gmt":"2018-07-17T11:54:44","slug":"numero-de-mortos-no-japao-sobe-para-224-e-17-desaparecidos","status":"publish","type":"post","link":"https:\/\/www.notibras.com\/site\/numero-de-mortos-no-japao-sobe-para-224-e-17-desaparecidos\/","title":{"rendered":"N\u00famero de mortos no Jap\u00e3o sobe para 224 e 17 desaparecidos"},"content":{"rendered":"<p>As fortes chuvas que castigaram o oeste do Jap\u00e3o nos \u00faltimos dias deixaram 224 mortos e 17 desaparecidos, segundo o \u00faltimo relat\u00f3rio oficial divulgado pelo governo nesta ter\u00e7a-feira (17). As prov\u00edncias mais afetadas s\u00e3o as de Ehime, Okayama e Hiroshima.<\/p>\n<p>As fortes chuvas, que come\u00e7aram no dia 6 de julho, mobilizaram 55 mil integrantes do Ex\u00e9rcito, pol\u00edcia e bombeiros, al\u00e9m de volunt\u00e1rios, de acordo com a ag\u00eancia Efe.<\/p>\n<p>&#8220;\u00c9 preciso ter muito cuidado com o calor que faz na regi\u00e3o&#8221;, explicou o porta-voz do governo japon\u00eas, Yoshihide Suga. A temperatura deve superar os 35\u00baC, segundo a Ag\u00eancia Meteorol\u00f3gica do Jap\u00e3o.<\/p>\n<p>As inunda\u00e7\u00f5es danificaram milhares de casas e deixaram outras 200 mil sem fornecimento de \u00e1gua durante mais de uma semana.<\/p>\n<p>Esta \u00e9 considerada a pior cat\u00e1strofe meteorol\u00f3gica no pa\u00eds desde 1982 e provocou d\u00favidas sobre a avalia\u00e7\u00e3o de riscos ante fen\u00f4menos deste tipo no Jap\u00e3o. O governo j\u00e1 prometeu revisar seus protocolos.<\/p>\n<p><strong>Avalia\u00e7\u00e3o de risco &#8211;\u00a0<\/strong>Os moradores n\u00e3o conseguiram abandonar suas casas a tempo e muitos questionaram os m\u00e9todos de avalia\u00e7\u00e3o de risco, reconheceu o governo, muito criticado pela oposi\u00e7\u00e3o pela maneira como administrou a crise, que foi considerada lenta.<\/p>\n<p>A c\u00e9lula de crise nacional, liderada pelo primeiro-ministro, s\u00f3 foi acionada no domingo (8), mas no s\u00e1bado (7) \u00e0 noite o balan\u00e7o j\u00e1 era de 30 mortos, de acordo com a France Presse.<\/p>\n<p>Quase 70% do territ\u00f3rio japon\u00eas \u00e9 formado por montanhas e colinas. Muitas casas est\u00e3o constru\u00eddas em encostas \u00edngremes ou em plan\u00edcies suscet\u00edveis a inunda\u00e7\u00f5es, ou seja, zonas de risco.<\/p>\n","protected":false},"excerpt":{"rendered":"<p>As fortes chuvas que castigaram o oeste do Jap\u00e3o nos \u00faltimos dias deixaram 224 mortos e 17 desaparecidos, segundo o \u00faltimo relat\u00f3rio oficial divulgado pelo governo nesta ter\u00e7a-feira (17). As prov\u00edncias mais afetadas s\u00e3o as de Ehime, Okayama e Hiroshima. As fortes chuvas, que come\u00e7aram no dia 6 de julho, mobilizaram 55 mil integrantes do [&hellip;]<\/p>\n","protected":false},"author":1,"featured_media":185547,"comment_status":"closed","ping_status":"closed","sticky":false,"template":"","format":"standard","meta":{"_acf_changed":false,"footnotes":""},"categories":[17],"tags":[],"class_list":["post-185546","post","type-post","status-publish","format-standard","has-post-thumbnail","hentry","category-mundo"],"acf":[],"yoast_head":"<!-- This site is optimized with the Yoast SEO plugin v27.2 - https:\/\/yoast.com\/product\/yoast-seo-wordpress\/ -->\n<title>N\u00famero de mortos no Jap\u00e3o sobe para 224 e 17 desaparecidos - Notibras<\/title>\n<meta name=\"robots\" content=\"index, follow, max-snippet:-1, max-image-preview:large, max-video-preview:-1\" \/>\n<link rel=\"canonical\" href=\"https:\/\/www.notibras.com\/site\/numero-de-mortos-no-japao-sobe-para-224-e-17-desaparecidos\/\" \/>\n<meta property=\"og:locale\" content=\"pt_BR\" \/>\n<meta property=\"og:type\" content=\"article\" \/>\n<meta property=\"og:title\" content=\"N\u00famero de mortos no Jap\u00e3o sobe para 224 e 17 desaparecidos - Notibras\" \/>\n<meta property=\"og:description\" content=\"As fortes chuvas que castigaram o oeste do Jap\u00e3o nos \u00faltimos dias deixaram 224 mortos e 17 desaparecidos, segundo o \u00faltimo relat\u00f3rio oficial divulgado pelo governo nesta ter\u00e7a-feira (17). As prov\u00edncias mais afetadas s\u00e3o as de Ehime, Okayama e Hiroshima. As fortes chuvas, que come\u00e7aram no dia 6 de julho, mobilizaram 55 mil integrantes do [&hellip;]\" \/>\n<meta property=\"og:url\" content=\"https:\/\/www.notibras.com\/site\/numero-de-mortos-no-japao-sobe-para-224-e-17-desaparecidos\/\" \/>\n<meta property=\"og:site_name\" content=\"Notibras\" \/>\n<meta property=\"article:publisher\" content=\"https:\/\/www.facebook.com\/notibras\/\" \/>\n<meta property=\"article:published_time\" content=\"2018-07-17T11:54:44+00:00\" \/>\n<meta property=\"og:image\" content=\"https:\/\/www.notibras.com\/site\/wp-content\/uploads\/2018\/07\/chuvas_no_japao_issei_kato-reuters-direitos_reservados.jpg\" \/>\n\t<meta property=\"og:image:width\" content=\"1140\" \/>\n\t<meta property=\"og:image:height\" content=\"760\" \/>\n\t<meta property=\"og:image:type\" content=\"image\/jpeg\" \/>\n<meta name=\"author\" content=\"Reda\u00e7\u00e3o\" \/>\n<meta name=\"twitter:card\" content=\"summary_large_image\" \/>\n<meta name=\"twitter:creator\" content=\"@Notibras\" \/>\n<meta name=\"twitter:site\" content=\"@Notibras\" \/>\n<meta name=\"twitter:label1\" content=\"Escrito por\" \/>\n\t<meta name=\"twitter:data1\" content=\"Reda\u00e7\u00e3o\" \/>\n\t<meta name=\"twitter:label2\" content=\"Est. tempo de leitura\" \/>\n\t<meta name=\"twitter:data2\" content=\"1 minuto\" \/>\n<script type=\"application\/ld+json\" class=\"yoast-schema-graph\">{\"@context\":\"https:\/\/schema.org\",\"@graph\":[{\"@type\":\"Article\",\"@id\":\"https:\/\/www.notibras.com\/site\/numero-de-mortos-no-japao-sobe-para-224-e-17-desaparecidos\/#article\",\"isPartOf\":{\"@id\":\"https:\/\/www.notibras.com\/site\/numero-de-mortos-no-japao-sobe-para-224-e-17-desaparecidos\/\"},\"author\":{\"name\":\"Reda\u00e7\u00e3o\",\"@id\":\"https:\/\/www.notibras.com\/site\/#\/schema\/person\/00b8e1aa08f9ef6563e878c5159d01cf\"},\"headline\":\"N\u00famero de mortos no Jap\u00e3o sobe para 224 e 17 desaparecidos\",\"datePublished\":\"2018-07-17T11:54:44+00:00\",\"mainEntityOfPage\":{\"@id\":\"https:\/\/www.notibras.com\/site\/numero-de-mortos-no-japao-sobe-para-224-e-17-desaparecidos\/\"},\"wordCount\":288,\"publisher\":{\"@id\":\"https:\/\/www.notibras.com\/site\/#organization\"},\"image\":{\"@id\":\"https:\/\/www.notibras.com\/site\/numero-de-mortos-no-japao-sobe-para-224-e-17-desaparecidos\/#primaryimage\"},\"thumbnailUrl\":\"https:\/\/www.notibras.com\/site\/wp-content\/uploads\/2018\/07\/chuvas_no_japao_issei_kato-reuters-direitos_reservados.jpg\",\"articleSection\":[\"Mundo\"],\"inLanguage\":\"pt-BR\"},{\"@type\":\"WebPage\",\"@id\":\"https:\/\/www.notibras.com\/site\/numero-de-mortos-no-japao-sobe-para-224-e-17-desaparecidos\/\",\"url\":\"https:\/\/www.notibras.com\/site\/numero-de-mortos-no-japao-sobe-para-224-e-17-desaparecidos\/\",\"name\":\"N\u00famero de mortos no Jap\u00e3o sobe para 224 e 17 desaparecidos - Notibras\",\"isPartOf\":{\"@id\":\"https:\/\/www.notibras.com\/site\/#website\"},\"primaryImageOfPage\":{\"@id\":\"https:\/\/www.notibras.com\/site\/numero-de-mortos-no-japao-sobe-para-224-e-17-desaparecidos\/#primaryimage\"},\"image\":{\"@id\":\"https:\/\/www.notibras.com\/site\/numero-de-mortos-no-japao-sobe-para-224-e-17-desaparecidos\/#primaryimage\"},\"thumbnailUrl\":\"https:\/\/www.notibras.com\/site\/wp-content\/uploads\/2018\/07\/chuvas_no_japao_issei_kato-reuters-direitos_reservados.jpg\",\"datePublished\":\"2018-07-17T11:54:44+00:00\",\"breadcrumb\":{\"@id\":\"https:\/\/www.notibras.com\/site\/numero-de-mortos-no-japao-sobe-para-224-e-17-desaparecidos\/#breadcrumb\"},\"inLanguage\":\"pt-BR\",\"potentialAction\":[{\"@type\":\"ReadAction\",\"target\":[\"https:\/\/www.notibras.com\/site\/numero-de-mortos-no-japao-sobe-para-224-e-17-desaparecidos\/\"]}]},{\"@type\":\"ImageObject\",\"inLanguage\":\"pt-BR\",\"@id\":\"https:\/\/www.notibras.com\/site\/numero-de-mortos-no-japao-sobe-para-224-e-17-desaparecidos\/#primaryimage\",\"url\":\"https:\/\/www.notibras.com\/site\/wp-content\/uploads\/2018\/07\/chuvas_no_japao_issei_kato-reuters-direitos_reservados.jpg\",\"contentUrl\":\"https:\/\/www.notibras.com\/site\/wp-content\/uploads\/2018\/07\/chuvas_no_japao_issei_kato-reuters-direitos_reservados.jpg\",\"width\":1140,\"height\":760,\"caption\":\"Foto: Issei Kato\/Reuters\"},{\"@type\":\"BreadcrumbList\",\"@id\":\"https:\/\/www.notibras.com\/site\/numero-de-mortos-no-japao-sobe-para-224-e-17-desaparecidos\/#breadcrumb\",\"itemListElement\":[{\"@type\":\"ListItem\",\"position\":1,\"name\":\"In\u00edcio\",\"item\":\"https:\/\/www.notibras.com\/site\/\"},{\"@type\":\"ListItem\",\"position\":2,\"name\":\"N\u00famero de mortos no Jap\u00e3o sobe para 224 e 17 desaparecidos\"}]},{\"@type\":\"WebSite\",\"@id\":\"https:\/\/www.notibras.com\/site\/#website\",\"url\":\"https:\/\/www.notibras.com\/site\/\",\"name\":\"Notibras\",\"description\":\"Not\u00edcias de Bras\u00edlia, do Brasil e do Mundo\",\"publisher\":{\"@id\":\"https:\/\/www.notibras.com\/site\/#organization\"},\"potentialAction\":[{\"@type\":\"SearchAction\",\"target\":{\"@type\":\"EntryPoint\",\"urlTemplate\":\"https:\/\/www.notibras.com\/site\/?s={search_term_string}\"},\"query-input\":{\"@type\":\"PropertyValueSpecification\",\"valueRequired\":true,\"valueName\":\"search_term_string\"}}],\"inLanguage\":\"pt-BR\"},{\"@type\":\"Organization\",\"@id\":\"https:\/\/www.notibras.com\/site\/#organization\",\"name\":\"Grupo Notibras de Comunica\u00e7\u00e3o\",\"url\":\"https:\/\/www.notibras.com\/site\/\",\"logo\":{\"@type\":\"ImageObject\",\"inLanguage\":\"pt-BR\",\"@id\":\"https:\/\/www.notibras.com\/site\/#\/schema\/logo\/image\/\",\"url\":\"https:\/\/www.notibras.com\/site\/wp-content\/uploads\/2023\/01\/notibras23.png\",\"contentUrl\":\"https:\/\/www.notibras.com\/site\/wp-content\/uploads\/2023\/01\/notibras23.png\",\"width\":350,\"height\":87,\"caption\":\"Grupo Notibras de Comunica\u00e7\u00e3o\"},\"image\":{\"@id\":\"https:\/\/www.notibras.com\/site\/#\/schema\/logo\/image\/\"},\"sameAs\":[\"https:\/\/www.facebook.com\/notibras\/\",\"https:\/\/x.com\/Notibras\",\"https:\/\/www.instagram.com\/notibras\/\"]},{\"@type\":\"Person\",\"@id\":\"https:\/\/www.notibras.com\/site\/#\/schema\/person\/00b8e1aa08f9ef6563e878c5159d01cf\",\"name\":\"Reda\u00e7\u00e3o\",\"image\":{\"@type\":\"ImageObject\",\"inLanguage\":\"pt-BR\",\"@id\":\"https:\/\/secure.gravatar.com\/avatar\/ac5a707d5b47784a5ed426c6e213e201423c750890f64e4c379114dade67dfb9?s=96&d=mm&r=g\",\"url\":\"https:\/\/secure.gravatar.com\/avatar\/ac5a707d5b47784a5ed426c6e213e201423c750890f64e4c379114dade67dfb9?s=96&d=mm&r=g\",\"contentUrl\":\"https:\/\/secure.gravatar.com\/avatar\/ac5a707d5b47784a5ed426c6e213e201423c750890f64e4c379114dade67dfb9?s=96&d=mm&r=g\",\"caption\":\"Reda\u00e7\u00e3o\"}}]}<\/script>\n<!-- \/ Yoast SEO plugin. -->","yoast_head_json":{"title":"N\u00famero de mortos no Jap\u00e3o sobe para 224 e 17 desaparecidos - Notibras","robots":{"index":"index","follow":"follow","max-snippet":"max-snippet:-1","max-image-preview":"max-image-preview:large","max-video-preview":"max-video-preview:-1"},"canonical":"https:\/\/www.notibras.com\/site\/numero-de-mortos-no-japao-sobe-para-224-e-17-desaparecidos\/","og_locale":"pt_BR","og_type":"article","og_title":"N\u00famero de mortos no Jap\u00e3o sobe para 224 e 17 desaparecidos - Notibras","og_description":"As fortes chuvas que castigaram o oeste do Jap\u00e3o nos \u00faltimos dias deixaram 224 mortos e 17 desaparecidos, segundo o \u00faltimo relat\u00f3rio oficial divulgado pelo governo nesta ter\u00e7a-feira (17). As prov\u00edncias mais afetadas s\u00e3o as de Ehime, Okayama e Hiroshima. As fortes chuvas, que come\u00e7aram no dia 6 de julho, mobilizaram 55 mil integrantes do [&hellip;]","og_url":"https:\/\/www.notibras.com\/site\/numero-de-mortos-no-japao-sobe-para-224-e-17-desaparecidos\/","og_site_name":"Notibras","article_publisher":"https:\/\/www.facebook.com\/notibras\/","article_published_time":"2018-07-17T11:54:44+00:00","og_image":[{"width":1140,"height":760,"url":"https:\/\/www.notibras.com\/site\/wp-content\/uploads\/2018\/07\/chuvas_no_japao_issei_kato-reuters-direitos_reservados.jpg","type":"image\/jpeg"}],"author":"Reda\u00e7\u00e3o","twitter_card":"summary_large_image","twitter_creator":"@Notibras","twitter_site":"@Notibras","twitter_misc":{"Escrito por":"Reda\u00e7\u00e3o","Est. tempo de leitura":"1 minuto"},"schema":{"@context":"https:\/\/schema.org","@graph":[{"@type":"Article","@id":"https:\/\/www.notibras.com\/site\/numero-de-mortos-no-japao-sobe-para-224-e-17-desaparecidos\/#article","isPartOf":{"@id":"https:\/\/www.notibras.com\/site\/numero-de-mortos-no-japao-sobe-para-224-e-17-desaparecidos\/"},"author":{"name":"Reda\u00e7\u00e3o","@id":"https:\/\/www.notibras.com\/site\/#\/schema\/person\/00b8e1aa08f9ef6563e878c5159d01cf"},"headline":"N\u00famero de mortos no Jap\u00e3o sobe para 224 e 17 desaparecidos","datePublished":"2018-07-17T11:54:44+00:00","mainEntityOfPage":{"@id":"https:\/\/www.notibras.com\/site\/numero-de-mortos-no-japao-sobe-para-224-e-17-desaparecidos\/"},"wordCount":288,"publisher":{"@id":"https:\/\/www.notibras.com\/site\/#organization"},"image":{"@id":"https:\/\/www.notibras.com\/site\/numero-de-mortos-no-japao-sobe-para-224-e-17-desaparecidos\/#primaryimage"},"thumbnailUrl":"https:\/\/www.notibras.com\/site\/wp-content\/uploads\/2018\/07\/chuvas_no_japao_issei_kato-reuters-direitos_reservados.jpg","articleSection":["Mundo"],"inLanguage":"pt-BR"},{"@type":"WebPage","@id":"https:\/\/www.notibras.com\/site\/numero-de-mortos-no-japao-sobe-para-224-e-17-desaparecidos\/","url":"https:\/\/www.notibras.com\/site\/numero-de-mortos-no-japao-sobe-para-224-e-17-desaparecidos\/","name":"N\u00famero de mortos no Jap\u00e3o sobe para 224 e 17 desaparecidos - Notibras","isPartOf":{"@id":"https:\/\/www.notibras.com\/site\/#website"},"primaryImageOfPage":{"@id":"https:\/\/www.notibras.com\/site\/numero-de-mortos-no-japao-sobe-para-224-e-17-desaparecidos\/#primaryimage"},"image":{"@id":"https:\/\/www.notibras.com\/site\/numero-de-mortos-no-japao-sobe-para-224-e-17-desaparecidos\/#primaryimage"},"thumbnailUrl":"https:\/\/www.notibras.com\/site\/wp-content\/uploads\/2018\/07\/chuvas_no_japao_issei_kato-reuters-direitos_reservados.jpg","datePublished":"2018-07-17T11:54:44+00:00","breadcrumb":{"@id":"https:\/\/www.notibras.com\/site\/numero-de-mortos-no-japao-sobe-para-224-e-17-desaparecidos\/#breadcrumb"},"inLanguage":"pt-BR","potentialAction":[{"@type":"ReadAction","target":["https:\/\/www.notibras.com\/site\/numero-de-mortos-no-japao-sobe-para-224-e-17-desaparecidos\/"]}]},{"@type":"ImageObject","inLanguage":"pt-BR","@id":"https:\/\/www.notibras.com\/site\/numero-de-mortos-no-japao-sobe-para-224-e-17-desaparecidos\/#primaryimage","url":"https:\/\/www.notibras.com\/site\/wp-content\/uploads\/2018\/07\/chuvas_no_japao_issei_kato-reuters-direitos_reservados.jpg","contentUrl":"https:\/\/www.notibras.com\/site\/wp-content\/uploads\/2018\/07\/chuvas_no_japao_issei_kato-reuters-direitos_reservados.jpg","width":1140,"height":760,"caption":"Foto: Issei Kato\/Reuters"},{"@type":"BreadcrumbList","@id":"https:\/\/www.notibras.com\/site\/numero-de-mortos-no-japao-sobe-para-224-e-17-desaparecidos\/#breadcrumb","itemListElement":[{"@type":"ListItem","position":1,"name":"In\u00edcio","item":"https:\/\/www.notibras.com\/site\/"},{"@type":"ListItem","position":2,"name":"N\u00famero de mortos no Jap\u00e3o sobe para 224 e 17 desaparecidos"}]},{"@type":"WebSite","@id":"https:\/\/www.notibras.com\/site\/#website","url":"https:\/\/www.notibras.com\/site\/","name":"Notibras","description":"Not\u00edcias de Bras\u00edlia, do Brasil e do Mundo","publisher":{"@id":"https:\/\/www.notibras.com\/site\/#organization"},"potentialAction":[{"@type":"SearchAction","target":{"@type":"EntryPoint","urlTemplate":"https:\/\/www.notibras.com\/site\/?s={search_term_string}"},"query-input":{"@type":"PropertyValueSpecification","valueRequired":true,"valueName":"search_term_string"}}],"inLanguage":"pt-BR"},{"@type":"Organization","@id":"https:\/\/www.notibras.com\/site\/#organization","name":"Grupo Notibras de Comunica\u00e7\u00e3o","url":"https:\/\/www.notibras.com\/site\/","logo":{"@type":"ImageObject","inLanguage":"pt-BR","@id":"https:\/\/www.notibras.com\/site\/#\/schema\/logo\/image\/","url":"https:\/\/www.notibras.com\/site\/wp-content\/uploads\/2023\/01\/notibras23.png","contentUrl":"https:\/\/www.notibras.com\/site\/wp-content\/uploads\/2023\/01\/notibras23.png","width":350,"height":87,"caption":"Grupo Notibras de Comunica\u00e7\u00e3o"},"image":{"@id":"https:\/\/www.notibras.com\/site\/#\/schema\/logo\/image\/"},"sameAs":["https:\/\/www.facebook.com\/notibras\/","https:\/\/x.com\/Notibras","https:\/\/www.instagram.com\/notibras\/"]},{"@type":"Person","@id":"https:\/\/www.notibras.com\/site\/#\/schema\/person\/00b8e1aa08f9ef6563e878c5159d01cf","name":"Reda\u00e7\u00e3o","image":{"@type":"ImageObject","inLanguage":"pt-BR","@id":"https:\/\/secure.gravatar.com\/avatar\/ac5a707d5b47784a5ed426c6e213e201423c750890f64e4c379114dade67dfb9?s=96&d=mm&r=g","url":"https:\/\/secure.gravatar.com\/avatar\/ac5a707d5b47784a5ed426c6e213e201423c750890f64e4c379114dade67dfb9?s=96&d=mm&r=g","contentUrl":"https:\/\/secure.gravatar.com\/avatar\/ac5a707d5b47784a5ed426c6e213e201423c750890f64e4c379114dade67dfb9?s=96&d=mm&r=g","caption":"Reda\u00e7\u00e3o"}}]}},"amp_enabled":true,"_links":{"self":[{"href":"https:\/\/www.notibras.com\/site\/wp-json\/wp\/v2\/posts\/185546","targetHints":{"allow":["GET"]}}],"collection":[{"href":"https:\/\/www.notibras.com\/site\/wp-json\/wp\/v2\/posts"}],"about":[{"href":"https:\/\/www.notibras.com\/site\/wp-json\/wp\/v2\/types\/post"}],"author":[{"embeddable":true,"href":"https:\/\/www.notibras.com\/site\/wp-json\/wp\/v2\/users\/1"}],"replies":[{"embeddable":true,"href":"https:\/\/www.notibras.com\/site\/wp-json\/wp\/v2\/comments?post=185546"}],"version-history":[{"count":1,"href":"https:\/\/www.notibras.com\/site\/wp-json\/wp\/v2\/posts\/185546\/revisions"}],"predecessor-version":[{"id":185548,"href":"https:\/\/www.notibras.com\/site\/wp-json\/wp\/v2\/posts\/185546\/revisions\/185548"}],"wp:featuredmedia":[{"embeddable":true,"href":"https:\/\/www.notibras.com\/site\/wp-json\/wp\/v2\/media\/185547"}],"wp:attachment":[{"href":"https:\/\/www.notibras.com\/site\/wp-json\/wp\/v2\/media?parent=185546"}],"wp:term":[{"taxonomy":"category","embeddable":true,"href":"https:\/\/www.notibras.com\/site\/wp-json\/wp\/v2\/categories?post=185546"},{"taxonomy":"post_tag","embeddable":true,"href":"https:\/\/www.notibras.com\/site\/wp-json\/wp\/v2\/tags?post=185546"}],"curies":[{"name":"wp","href":"https:\/\/api.w.org\/{rel}","templated":true}]}}