{"id":185550,"date":"2018-07-17T09:29:00","date_gmt":"2018-07-17T12:29:00","guid":{"rendered":"https:\/\/www.notibras.com\/site\/?p=185550"},"modified":"2018-07-17T12:38:29","modified_gmt":"2018-07-17T15:38:29","slug":"quando-a-fake-news-transforma-a-vida-de-pessoas-comuns-em-tragedia","status":"publish","type":"post","link":"https:\/\/www.notibras.com\/site\/quando-a-fake-news-transforma-a-vida-de-pessoas-comuns-em-tragedia\/","title":{"rendered":"&#8216;Fake news&#8217; transforma a vida de pessoas comuns em trag\u00e9dia"},"content":{"rendered":"<p>O que ia ser um passeio pelo campo para Nilotpal Das e seu amigo Abhijeet Nath, dois jovens indianos, acabou em trag\u00e9dia quando foram linchados, ao se transformarem em v\u00edtimas de falsos rumores na internet.<\/p>\n<p>Na casa dos pais de Nilotpal, em Guwahati, a capital regional do estado de Assam (nordeste da \u00cdndia), o m\u00f3vel da televis\u00e3o na sala se tornou h\u00e1 um m\u00eas um memorial de seu filho, engenheiro de som. Seus retratos mostram um jovem extrovertido e cosmopolita que tinha acabado de completar 29 anos quando foi morto.<\/p>\n<p>&#8220;As redes sociais podem ser ben\u00e9ficas para a sociedade, mas tamb\u00e9m podem prejudic\u00e1-la&#8221;, diz Gopal Chandra Das, vestido com uma t\u00fanica branca de luto pela morte do filho.<\/p>\n<p>Assim como aconteceu com os dois amigos de Assam, os rumores virais no Facebook e WhatsApp sobre supostos sequestradores de crian\u00e7as custaram a vida de cerca de 20 pessoas, linchadas por toda a \u00cdndia nos dois \u00faltimos meses, segundo c\u00e1lculos de meios de comunica\u00e7\u00e3o locais.<\/p>\n<p><strong>Localidade deserta &#8211;\u00a0<\/strong>Em 8 de junho, Nilotpal e Abhijeet, um empreendedor de 30 anos, partiram em um 4X4 para o distrito de Karbi Anglong, de maioria tribal e a tr\u00eas horas de Guwahati. Suas cachoeiras s\u00e3o uma atra\u00e7\u00e3o tur\u00edstica regional.<\/p>\n<p>Nilotpal &#8220;gostava de ouvir o som da natureza para encontrar inspira\u00e7\u00e3o para sua m\u00fasica&#8221;, conta seu pai.<\/p>\n<p>Mas eles n\u00e3o sabiam que havia alguns dias circulavam pela regi\u00e3o not\u00edcias falsas sobre traficantes de crian\u00e7as, de celular em celular. Nesta \u00e1rea isolada e economicamente desfavorecida, com poucas fontes de informa\u00e7\u00e3o, as redes sociais s\u00e3o uma esp\u00e9cie de boca a boca moderno.<\/p>\n<p>Ao entardecer, os dois turistas relaxavam junto a um c\u00f3rrego quando um alde\u00e3o os abordou e iniciou uma discuss\u00e3o por motivos desconhecidos. Perseguidos, os jovens foram embora rapidamente, mas o homem alertou o povoado seguinte, a tr\u00eas quil\u00f4metros dali.<\/p>\n<p>&#8220;Disse que dois homens tinham sequestrado uma crian\u00e7a e estavam se aproximando do local, que era necess\u00e1rio intercept\u00e1-los&#8221;, relatou \u00e0 AFP Gulshan Daolagupu, vice-comiss\u00e1rio de Karbi Anglong, mostrando o lugar onde o ve\u00edculo foi parado.<\/p>\n<p>O estado do ve\u00edculo, com os vidros destro\u00e7ados, o cap\u00f4 deformado, equipamentos saqueados e assentos estripados, mostra a selvageria do ataque, com golpes de bambus, foices e pedras por parte de uma multid\u00e3o hist\u00e9rica.<\/p>\n<p>Convencidos de terem matado os sequestradores de que tinham ouvido falar por WhatsApp, os participantes difundiram v\u00eddeos do linchamento na internet, imagens que chocaram toda a \u00cdndia.<\/p>\n<p>A investiga\u00e7\u00e3o tenta determinar se o suspeito na origem do caso, um motorista de t\u00e1xi coletivo de 35 anos, realmente acreditava que havia motivos para se preocupar ou se instrumentalizou este rumor com fins perniciosos. H\u00e1 cerca de 50 pessoas detidas por este linchamento.<\/p>\n<p>&#8220;Se n\u00e3o existissem as redes sociais, nada disso teria acontecido&#8221;, aponta G V Siva Prasad, chefe de pol\u00edcia de Karbi Anglong.<\/p>\n<p>Um m\u00eas depois dos acontecimentos, a localidade de Panjuri Kachari est\u00e1 quase deserta. S\u00f3 h\u00e1 mulheres, crian\u00e7as e idosos, j\u00e1 que os homens est\u00e3o atr\u00e1s das grades ou foragidos.<\/p>\n<p><strong>&#8220;Medo do outro&#8221; &#8211;\u00a0<\/strong>Os linchamentos motivados pelas informa\u00e7\u00f5es infundadas ou maliciosas n\u00e3o s\u00e3o um problema novo, mas a chegada dos smartphones a zonas mais afastadas na \u00cdndia permite uma propaga\u00e7\u00e3o desenfreada das &#8220;fake news&#8221;.<\/p>\n<p>No entanto, para que estes rumores cheguem a matar, devem se somar a tens\u00f5es sociais ou pol\u00edticas j\u00e1 existentes.<\/p>\n<p>Na opini\u00e3o do pesquisador Abdul Kalam Azad, o linchamento de Karbi Anglong se inscreve no contexto particular de Assam, mosaico de etnias regularmente sacudido pelos confrontos entre comunidades. As diferentes partes alimentam um &#8220;medo do outro&#8221; que semeia o terreno para a paranoia.<\/p>\n<p>&#8220;Assam conhece a viol\u00eancia h\u00e1 bastante tempo. As &#8216;fake news&#8217; tornam essa situa\u00e7\u00e3o de conflito mais perigosa, mais violenta, e agora isso ficou claro&#8221;, declarou \u00e0 AFP este especialista da regi\u00e3o.<\/p>\n<p>O caso de Nilotpal Das e Abhijeet Nath teve um especial impacto na \u00cdndia. As duas v\u00edtimas simbolizam uma certa classe m\u00e9dia urbana, acomodada, viajante e aberta ao mundo, \u00e0s vezes atingida pela crua realidade de seu pa\u00eds.<\/p>\n<p>&#8220;Todo mundo diz &#8216;poderia ter sido o meu filho, poderia ter sido eu&#8217;. Isso impressiona as pessoas, pensar que qualquer pessoa inocente poderia ter morrido neste ataque selvagem&#8221;, aponta Ittisha Sarah, uma das amigas dos jovens de Guwahati, com l\u00e1grimas nos olhos.<\/p>\n","protected":false},"excerpt":{"rendered":"<p>O que ia ser um passeio pelo campo para Nilotpal Das e seu amigo Abhijeet Nath, dois jovens indianos, acabou em trag\u00e9dia quando foram linchados, ao se transformarem em v\u00edtimas de falsos rumores na internet. Na casa dos pais de Nilotpal, em Guwahati, a capital regional do estado de Assam (nordeste da \u00cdndia), o m\u00f3vel [&hellip;]<\/p>\n","protected":false},"author":1,"featured_media":185551,"comment_status":"closed","ping_status":"closed","sticky":false,"template":"","format":"standard","meta":{"_acf_changed":false,"footnotes":""},"categories":[17],"tags":[],"class_list":["post-185550","post","type-post","status-publish","format-standard","has-post-thumbnail","hentry","category-mundo"],"acf":[],"yoast_head":"<!-- This site is optimized with the Yoast SEO plugin v27.2 - https:\/\/yoast.com\/product\/yoast-seo-wordpress\/ -->\n<title>&#039;Fake news&#039; transforma a vida de pessoas comuns em trag\u00e9dia - Notibras<\/title>\n<meta name=\"robots\" content=\"index, follow, max-snippet:-1, max-image-preview:large, max-video-preview:-1\" \/>\n<link rel=\"canonical\" href=\"https:\/\/www.notibras.com\/site\/quando-a-fake-news-transforma-a-vida-de-pessoas-comuns-em-tragedia\/\" \/>\n<meta property=\"og:locale\" content=\"pt_BR\" \/>\n<meta property=\"og:type\" content=\"article\" \/>\n<meta property=\"og:title\" content=\"&#039;Fake news&#039; transforma a vida de pessoas comuns em trag\u00e9dia - Notibras\" \/>\n<meta property=\"og:description\" content=\"O que ia ser um passeio pelo campo para Nilotpal Das e seu amigo Abhijeet Nath, dois jovens indianos, acabou em trag\u00e9dia quando foram linchados, ao se transformarem em v\u00edtimas de falsos rumores na internet. Na casa dos pais de Nilotpal, em Guwahati, a capital regional do estado de Assam (nordeste da \u00cdndia), o m\u00f3vel [&hellip;]\" \/>\n<meta property=\"og:url\" content=\"https:\/\/www.notibras.com\/site\/quando-a-fake-news-transforma-a-vida-de-pessoas-comuns-em-tragedia\/\" \/>\n<meta property=\"og:site_name\" content=\"Notibras\" \/>\n<meta property=\"article:publisher\" content=\"https:\/\/www.facebook.com\/notibras\/\" \/>\n<meta property=\"article:published_time\" content=\"2018-07-17T12:29:00+00:00\" \/>\n<meta property=\"article:modified_time\" content=\"2018-07-17T15:38:29+00:00\" \/>\n<meta property=\"og:image\" content=\"https:\/\/www.notibras.com\/site\/wp-content\/uploads\/2018\/07\/74d47b00d2193499a91b16319e82c08865b39657.jpg\" \/>\n\t<meta property=\"og:image:width\" content=\"768\" \/>\n\t<meta property=\"og:image:height\" content=\"512\" \/>\n\t<meta property=\"og:image:type\" content=\"image\/jpeg\" \/>\n<meta name=\"author\" content=\"Reda\u00e7\u00e3o\" \/>\n<meta name=\"twitter:card\" content=\"summary_large_image\" \/>\n<meta name=\"twitter:creator\" content=\"@Notibras\" \/>\n<meta name=\"twitter:site\" content=\"@Notibras\" \/>\n<meta name=\"twitter:label1\" content=\"Escrito por\" \/>\n\t<meta name=\"twitter:data1\" content=\"Reda\u00e7\u00e3o\" \/>\n\t<meta name=\"twitter:label2\" content=\"Est. tempo de leitura\" \/>\n\t<meta name=\"twitter:data2\" content=\"4 minutos\" \/>\n<script type=\"application\/ld+json\" class=\"yoast-schema-graph\">{\"@context\":\"https:\/\/schema.org\",\"@graph\":[{\"@type\":\"Article\",\"@id\":\"https:\/\/www.notibras.com\/site\/quando-a-fake-news-transforma-a-vida-de-pessoas-comuns-em-tragedia\/#article\",\"isPartOf\":{\"@id\":\"https:\/\/www.notibras.com\/site\/quando-a-fake-news-transforma-a-vida-de-pessoas-comuns-em-tragedia\/\"},\"author\":{\"name\":\"Reda\u00e7\u00e3o\",\"@id\":\"https:\/\/www.notibras.com\/site\/#\/schema\/person\/00b8e1aa08f9ef6563e878c5159d01cf\"},\"headline\":\"&#8216;Fake news&#8217; transforma a vida de pessoas comuns em trag\u00e9dia\",\"datePublished\":\"2018-07-17T12:29:00+00:00\",\"dateModified\":\"2018-07-17T15:38:29+00:00\",\"mainEntityOfPage\":{\"@id\":\"https:\/\/www.notibras.com\/site\/quando-a-fake-news-transforma-a-vida-de-pessoas-comuns-em-tragedia\/\"},\"wordCount\":766,\"publisher\":{\"@id\":\"https:\/\/www.notibras.com\/site\/#organization\"},\"image\":{\"@id\":\"https:\/\/www.notibras.com\/site\/quando-a-fake-news-transforma-a-vida-de-pessoas-comuns-em-tragedia\/#primaryimage\"},\"thumbnailUrl\":\"https:\/\/www.notibras.com\/site\/wp-content\/uploads\/2018\/07\/74d47b00d2193499a91b16319e82c08865b39657.jpg\",\"articleSection\":[\"Mundo\"],\"inLanguage\":\"pt-BR\"},{\"@type\":\"WebPage\",\"@id\":\"https:\/\/www.notibras.com\/site\/quando-a-fake-news-transforma-a-vida-de-pessoas-comuns-em-tragedia\/\",\"url\":\"https:\/\/www.notibras.com\/site\/quando-a-fake-news-transforma-a-vida-de-pessoas-comuns-em-tragedia\/\",\"name\":\"'Fake news' transforma a vida de pessoas comuns em trag\u00e9dia - Notibras\",\"isPartOf\":{\"@id\":\"https:\/\/www.notibras.com\/site\/#website\"},\"primaryImageOfPage\":{\"@id\":\"https:\/\/www.notibras.com\/site\/quando-a-fake-news-transforma-a-vida-de-pessoas-comuns-em-tragedia\/#primaryimage\"},\"image\":{\"@id\":\"https:\/\/www.notibras.com\/site\/quando-a-fake-news-transforma-a-vida-de-pessoas-comuns-em-tragedia\/#primaryimage\"},\"thumbnailUrl\":\"https:\/\/www.notibras.com\/site\/wp-content\/uploads\/2018\/07\/74d47b00d2193499a91b16319e82c08865b39657.jpg\",\"datePublished\":\"2018-07-17T12:29:00+00:00\",\"dateModified\":\"2018-07-17T15:38:29+00:00\",\"breadcrumb\":{\"@id\":\"https:\/\/www.notibras.com\/site\/quando-a-fake-news-transforma-a-vida-de-pessoas-comuns-em-tragedia\/#breadcrumb\"},\"inLanguage\":\"pt-BR\",\"potentialAction\":[{\"@type\":\"ReadAction\",\"target\":[\"https:\/\/www.notibras.com\/site\/quando-a-fake-news-transforma-a-vida-de-pessoas-comuns-em-tragedia\/\"]}]},{\"@type\":\"ImageObject\",\"inLanguage\":\"pt-BR\",\"@id\":\"https:\/\/www.notibras.com\/site\/quando-a-fake-news-transforma-a-vida-de-pessoas-comuns-em-tragedia\/#primaryimage\",\"url\":\"https:\/\/www.notibras.com\/site\/wp-content\/uploads\/2018\/07\/74d47b00d2193499a91b16319e82c08865b39657.jpg\",\"contentUrl\":\"https:\/\/www.notibras.com\/site\/wp-content\/uploads\/2018\/07\/74d47b00d2193499a91b16319e82c08865b39657.jpg\",\"width\":768,\"height\":512,\"caption\":\"Gopal Chandra Das (E) e Radhika Das, os pais de Nilotpal Das, v\u00edtima de um linchamento provocado por um rumor falso, em sua casa em Guwahati, \u00cdndia, em 9 de julho de 2018. Foto: Biju Boro\"},{\"@type\":\"BreadcrumbList\",\"@id\":\"https:\/\/www.notibras.com\/site\/quando-a-fake-news-transforma-a-vida-de-pessoas-comuns-em-tragedia\/#breadcrumb\",\"itemListElement\":[{\"@type\":\"ListItem\",\"position\":1,\"name\":\"In\u00edcio\",\"item\":\"https:\/\/www.notibras.com\/site\/\"},{\"@type\":\"ListItem\",\"position\":2,\"name\":\"&#8216;Fake news&#8217; transforma a vida de pessoas comuns em trag\u00e9dia\"}]},{\"@type\":\"WebSite\",\"@id\":\"https:\/\/www.notibras.com\/site\/#website\",\"url\":\"https:\/\/www.notibras.com\/site\/\",\"name\":\"Notibras\",\"description\":\"Not\u00edcias de Bras\u00edlia, do Brasil e do Mundo\",\"publisher\":{\"@id\":\"https:\/\/www.notibras.com\/site\/#organization\"},\"potentialAction\":[{\"@type\":\"SearchAction\",\"target\":{\"@type\":\"EntryPoint\",\"urlTemplate\":\"https:\/\/www.notibras.com\/site\/?s={search_term_string}\"},\"query-input\":{\"@type\":\"PropertyValueSpecification\",\"valueRequired\":true,\"valueName\":\"search_term_string\"}}],\"inLanguage\":\"pt-BR\"},{\"@type\":\"Organization\",\"@id\":\"https:\/\/www.notibras.com\/site\/#organization\",\"name\":\"Grupo Notibras de Comunica\u00e7\u00e3o\",\"url\":\"https:\/\/www.notibras.com\/site\/\",\"logo\":{\"@type\":\"ImageObject\",\"inLanguage\":\"pt-BR\",\"@id\":\"https:\/\/www.notibras.com\/site\/#\/schema\/logo\/image\/\",\"url\":\"https:\/\/www.notibras.com\/site\/wp-content\/uploads\/2023\/01\/notibras23.png\",\"contentUrl\":\"https:\/\/www.notibras.com\/site\/wp-content\/uploads\/2023\/01\/notibras23.png\",\"width\":350,\"height\":87,\"caption\":\"Grupo Notibras de Comunica\u00e7\u00e3o\"},\"image\":{\"@id\":\"https:\/\/www.notibras.com\/site\/#\/schema\/logo\/image\/\"},\"sameAs\":[\"https:\/\/www.facebook.com\/notibras\/\",\"https:\/\/x.com\/Notibras\",\"https:\/\/www.instagram.com\/notibras\/\"]},{\"@type\":\"Person\",\"@id\":\"https:\/\/www.notibras.com\/site\/#\/schema\/person\/00b8e1aa08f9ef6563e878c5159d01cf\",\"name\":\"Reda\u00e7\u00e3o\",\"image\":{\"@type\":\"ImageObject\",\"inLanguage\":\"pt-BR\",\"@id\":\"https:\/\/secure.gravatar.com\/avatar\/ac5a707d5b47784a5ed426c6e213e201423c750890f64e4c379114dade67dfb9?s=96&d=mm&r=g\",\"url\":\"https:\/\/secure.gravatar.com\/avatar\/ac5a707d5b47784a5ed426c6e213e201423c750890f64e4c379114dade67dfb9?s=96&d=mm&r=g\",\"contentUrl\":\"https:\/\/secure.gravatar.com\/avatar\/ac5a707d5b47784a5ed426c6e213e201423c750890f64e4c379114dade67dfb9?s=96&d=mm&r=g\",\"caption\":\"Reda\u00e7\u00e3o\"}}]}<\/script>\n<!-- \/ Yoast SEO plugin. -->","yoast_head_json":{"title":"'Fake news' transforma a vida de pessoas comuns em trag\u00e9dia - Notibras","robots":{"index":"index","follow":"follow","max-snippet":"max-snippet:-1","max-image-preview":"max-image-preview:large","max-video-preview":"max-video-preview:-1"},"canonical":"https:\/\/www.notibras.com\/site\/quando-a-fake-news-transforma-a-vida-de-pessoas-comuns-em-tragedia\/","og_locale":"pt_BR","og_type":"article","og_title":"'Fake news' transforma a vida de pessoas comuns em trag\u00e9dia - Notibras","og_description":"O que ia ser um passeio pelo campo para Nilotpal Das e seu amigo Abhijeet Nath, dois jovens indianos, acabou em trag\u00e9dia quando foram linchados, ao se transformarem em v\u00edtimas de falsos rumores na internet. Na casa dos pais de Nilotpal, em Guwahati, a capital regional do estado de Assam (nordeste da \u00cdndia), o m\u00f3vel [&hellip;]","og_url":"https:\/\/www.notibras.com\/site\/quando-a-fake-news-transforma-a-vida-de-pessoas-comuns-em-tragedia\/","og_site_name":"Notibras","article_publisher":"https:\/\/www.facebook.com\/notibras\/","article_published_time":"2018-07-17T12:29:00+00:00","article_modified_time":"2018-07-17T15:38:29+00:00","og_image":[{"width":768,"height":512,"url":"https:\/\/www.notibras.com\/site\/wp-content\/uploads\/2018\/07\/74d47b00d2193499a91b16319e82c08865b39657.jpg","type":"image\/jpeg"}],"author":"Reda\u00e7\u00e3o","twitter_card":"summary_large_image","twitter_creator":"@Notibras","twitter_site":"@Notibras","twitter_misc":{"Escrito por":"Reda\u00e7\u00e3o","Est. tempo de leitura":"4 minutos"},"schema":{"@context":"https:\/\/schema.org","@graph":[{"@type":"Article","@id":"https:\/\/www.notibras.com\/site\/quando-a-fake-news-transforma-a-vida-de-pessoas-comuns-em-tragedia\/#article","isPartOf":{"@id":"https:\/\/www.notibras.com\/site\/quando-a-fake-news-transforma-a-vida-de-pessoas-comuns-em-tragedia\/"},"author":{"name":"Reda\u00e7\u00e3o","@id":"https:\/\/www.notibras.com\/site\/#\/schema\/person\/00b8e1aa08f9ef6563e878c5159d01cf"},"headline":"&#8216;Fake news&#8217; transforma a vida de pessoas comuns em trag\u00e9dia","datePublished":"2018-07-17T12:29:00+00:00","dateModified":"2018-07-17T15:38:29+00:00","mainEntityOfPage":{"@id":"https:\/\/www.notibras.com\/site\/quando-a-fake-news-transforma-a-vida-de-pessoas-comuns-em-tragedia\/"},"wordCount":766,"publisher":{"@id":"https:\/\/www.notibras.com\/site\/#organization"},"image":{"@id":"https:\/\/www.notibras.com\/site\/quando-a-fake-news-transforma-a-vida-de-pessoas-comuns-em-tragedia\/#primaryimage"},"thumbnailUrl":"https:\/\/www.notibras.com\/site\/wp-content\/uploads\/2018\/07\/74d47b00d2193499a91b16319e82c08865b39657.jpg","articleSection":["Mundo"],"inLanguage":"pt-BR"},{"@type":"WebPage","@id":"https:\/\/www.notibras.com\/site\/quando-a-fake-news-transforma-a-vida-de-pessoas-comuns-em-tragedia\/","url":"https:\/\/www.notibras.com\/site\/quando-a-fake-news-transforma-a-vida-de-pessoas-comuns-em-tragedia\/","name":"'Fake news' transforma a vida de pessoas comuns em trag\u00e9dia - Notibras","isPartOf":{"@id":"https:\/\/www.notibras.com\/site\/#website"},"primaryImageOfPage":{"@id":"https:\/\/www.notibras.com\/site\/quando-a-fake-news-transforma-a-vida-de-pessoas-comuns-em-tragedia\/#primaryimage"},"image":{"@id":"https:\/\/www.notibras.com\/site\/quando-a-fake-news-transforma-a-vida-de-pessoas-comuns-em-tragedia\/#primaryimage"},"thumbnailUrl":"https:\/\/www.notibras.com\/site\/wp-content\/uploads\/2018\/07\/74d47b00d2193499a91b16319e82c08865b39657.jpg","datePublished":"2018-07-17T12:29:00+00:00","dateModified":"2018-07-17T15:38:29+00:00","breadcrumb":{"@id":"https:\/\/www.notibras.com\/site\/quando-a-fake-news-transforma-a-vida-de-pessoas-comuns-em-tragedia\/#breadcrumb"},"inLanguage":"pt-BR","potentialAction":[{"@type":"ReadAction","target":["https:\/\/www.notibras.com\/site\/quando-a-fake-news-transforma-a-vida-de-pessoas-comuns-em-tragedia\/"]}]},{"@type":"ImageObject","inLanguage":"pt-BR","@id":"https:\/\/www.notibras.com\/site\/quando-a-fake-news-transforma-a-vida-de-pessoas-comuns-em-tragedia\/#primaryimage","url":"https:\/\/www.notibras.com\/site\/wp-content\/uploads\/2018\/07\/74d47b00d2193499a91b16319e82c08865b39657.jpg","contentUrl":"https:\/\/www.notibras.com\/site\/wp-content\/uploads\/2018\/07\/74d47b00d2193499a91b16319e82c08865b39657.jpg","width":768,"height":512,"caption":"Gopal Chandra Das (E) e Radhika Das, os pais de Nilotpal Das, v\u00edtima de um linchamento provocado por um rumor falso, em sua casa em Guwahati, \u00cdndia, em 9 de julho de 2018. Foto: Biju Boro"},{"@type":"BreadcrumbList","@id":"https:\/\/www.notibras.com\/site\/quando-a-fake-news-transforma-a-vida-de-pessoas-comuns-em-tragedia\/#breadcrumb","itemListElement":[{"@type":"ListItem","position":1,"name":"In\u00edcio","item":"https:\/\/www.notibras.com\/site\/"},{"@type":"ListItem","position":2,"name":"&#8216;Fake news&#8217; transforma a vida de pessoas comuns em trag\u00e9dia"}]},{"@type":"WebSite","@id":"https:\/\/www.notibras.com\/site\/#website","url":"https:\/\/www.notibras.com\/site\/","name":"Notibras","description":"Not\u00edcias de Bras\u00edlia, do Brasil e do Mundo","publisher":{"@id":"https:\/\/www.notibras.com\/site\/#organization"},"potentialAction":[{"@type":"SearchAction","target":{"@type":"EntryPoint","urlTemplate":"https:\/\/www.notibras.com\/site\/?s={search_term_string}"},"query-input":{"@type":"PropertyValueSpecification","valueRequired":true,"valueName":"search_term_string"}}],"inLanguage":"pt-BR"},{"@type":"Organization","@id":"https:\/\/www.notibras.com\/site\/#organization","name":"Grupo Notibras de Comunica\u00e7\u00e3o","url":"https:\/\/www.notibras.com\/site\/","logo":{"@type":"ImageObject","inLanguage":"pt-BR","@id":"https:\/\/www.notibras.com\/site\/#\/schema\/logo\/image\/","url":"https:\/\/www.notibras.com\/site\/wp-content\/uploads\/2023\/01\/notibras23.png","contentUrl":"https:\/\/www.notibras.com\/site\/wp-content\/uploads\/2023\/01\/notibras23.png","width":350,"height":87,"caption":"Grupo Notibras de Comunica\u00e7\u00e3o"},"image":{"@id":"https:\/\/www.notibras.com\/site\/#\/schema\/logo\/image\/"},"sameAs":["https:\/\/www.facebook.com\/notibras\/","https:\/\/x.com\/Notibras","https:\/\/www.instagram.com\/notibras\/"]},{"@type":"Person","@id":"https:\/\/www.notibras.com\/site\/#\/schema\/person\/00b8e1aa08f9ef6563e878c5159d01cf","name":"Reda\u00e7\u00e3o","image":{"@type":"ImageObject","inLanguage":"pt-BR","@id":"https:\/\/secure.gravatar.com\/avatar\/ac5a707d5b47784a5ed426c6e213e201423c750890f64e4c379114dade67dfb9?s=96&d=mm&r=g","url":"https:\/\/secure.gravatar.com\/avatar\/ac5a707d5b47784a5ed426c6e213e201423c750890f64e4c379114dade67dfb9?s=96&d=mm&r=g","contentUrl":"https:\/\/secure.gravatar.com\/avatar\/ac5a707d5b47784a5ed426c6e213e201423c750890f64e4c379114dade67dfb9?s=96&d=mm&r=g","caption":"Reda\u00e7\u00e3o"}}]}},"amp_enabled":true,"_links":{"self":[{"href":"https:\/\/www.notibras.com\/site\/wp-json\/wp\/v2\/posts\/185550","targetHints":{"allow":["GET"]}}],"collection":[{"href":"https:\/\/www.notibras.com\/site\/wp-json\/wp\/v2\/posts"}],"about":[{"href":"https:\/\/www.notibras.com\/site\/wp-json\/wp\/v2\/types\/post"}],"author":[{"embeddable":true,"href":"https:\/\/www.notibras.com\/site\/wp-json\/wp\/v2\/users\/1"}],"replies":[{"embeddable":true,"href":"https:\/\/www.notibras.com\/site\/wp-json\/wp\/v2\/comments?post=185550"}],"version-history":[{"count":2,"href":"https:\/\/www.notibras.com\/site\/wp-json\/wp\/v2\/posts\/185550\/revisions"}],"predecessor-version":[{"id":185569,"href":"https:\/\/www.notibras.com\/site\/wp-json\/wp\/v2\/posts\/185550\/revisions\/185569"}],"wp:featuredmedia":[{"embeddable":true,"href":"https:\/\/www.notibras.com\/site\/wp-json\/wp\/v2\/media\/185551"}],"wp:attachment":[{"href":"https:\/\/www.notibras.com\/site\/wp-json\/wp\/v2\/media?parent=185550"}],"wp:term":[{"taxonomy":"category","embeddable":true,"href":"https:\/\/www.notibras.com\/site\/wp-json\/wp\/v2\/categories?post=185550"},{"taxonomy":"post_tag","embeddable":true,"href":"https:\/\/www.notibras.com\/site\/wp-json\/wp\/v2\/tags?post=185550"}],"curies":[{"name":"wp","href":"https:\/\/api.w.org\/{rel}","templated":true}]}}