{"id":185684,"date":"2018-07-18T11:22:41","date_gmt":"2018-07-18T14:22:41","guid":{"rendered":"https:\/\/www.notibras.com\/site\/?p=185684"},"modified":"2018-07-18T11:24:51","modified_gmt":"2018-07-18T14:24:51","slug":"africa-do-sul-homenageia-mandela-um-gigante-da-historia","status":"publish","type":"post","link":"https:\/\/www.notibras.com\/site\/africa-do-sul-homenageia-mandela-um-gigante-da-historia\/","title":{"rendered":"\u00c1frica do Sul homenageia Mandela, um &#8216;gigante da Hist\u00f3ria&#8217;"},"content":{"rendered":"<p>Cem anos ap\u00f3s o nascimento de Nelson Mandela, a \u00c1frica do Sul presta homenagem nesta quarta-feira (18) a este \u00edcone da luta contra o Apartheid com uma marcha simb\u00f3lica liderada por sua vi\u00fava, Gra\u00e7a Machel, e um f\u00f3rum organizado pelo ex-presidente americano Barack Obama.<\/p>\n<p>Todos os anos, o &#8220;Mandela Day&#8221;, que marca o nascimento em 18 de julho de 1918 de &#8220;Madiba&#8221;, o apelido do l\u00edder sul-africano, \u00e9 comemorado em todo o mundo. &#8220;Atuem, inspirem-se na mudan\u00e7a, fa\u00e7am de cada dia um Dia Mandela&#8221;, exorta a funda\u00e7\u00e3o que leva seu nome.<\/p>\n<p>Na ter\u00e7a-feira (17), em um discurso em um est\u00e1dio em Joanesburgo para 15.000 pessoas, o ponto alto das comemora\u00e7\u00f5es em homenagem a &#8220;Madiba&#8221;, Barack Obama lembrou &#8220;a onda de esperan\u00e7a que tomou conta do mundo&#8221; depois da liberta\u00e7\u00e3o de Mandela em 2 fevereiro de 1990, ap\u00f3s 27 anos de pris\u00e3o.<\/p>\n<p>Quatro anos depois, sem derramar sangue ap\u00f3s d\u00e9cadas de um regime racista branco, Mandela se tornou o primeiro presidente negro da \u00c1frica do Sul, cargo que ocupou at\u00e9 1999.<\/p>\n<p>&#8220;Gra\u00e7as a seu sacrif\u00edcio e a sua forte lideran\u00e7a, e talvez ainda mais a seu exemplo moral, Mandela (&#8230;) personalizou as aspira\u00e7\u00f5es das pessoas desfavorecidas&#8221;, lan\u00e7ou Obama em uma homenagem emocionante a um &#8220;gigante da Hist\u00f3ria&#8221;.<\/p>\n<p>&#8220;Isso mostra a n\u00f3s, que acreditamos na liberdade e na democracia, que teremos que lutar ainda mais para reduzir a pobreza&#8221;, acrescentou.<\/p>\n<p>A \u00c1frica do Sul, maior pot\u00eancia industrial do continente africano, \u00e9 atualmente o pa\u00eds menos igualit\u00e1rio do mundo, de acordo com o Banco Mundial.<\/p>\n<p><strong>Novas c\u00e9dulas &#8211;\u00a0<\/strong>O pa\u00eds inteiro homenageia Mandela com shows, exposi\u00e7\u00f5es, torneios esportivos e publica\u00e7\u00e3o de livros. Seu rosto sorridente tamb\u00e9m ilustra novas c\u00e9dulas de dinheiro.<\/p>\n<p>Gra\u00e7a Machel, terceira e \u00faltima esposa de Nelson Mandela, que faleceu em 2013, vai liderar uma marcha em Joanesburgo at\u00e9 o Tribunal Constitucional, um lugar altamente simb\u00f3lico, sin\u00f4nimo da chegada da democracia na \u00c1frica do Sul em 1994.<\/p>\n<p>J\u00e1 Barack Obama falar\u00e1 para cerca de 200 jovens que participam de uma forma\u00e7\u00e3o sobre lideran\u00e7a organizada por sua funda\u00e7\u00e3o em Joanesburgo.<\/p>\n<p>Na v\u00e9spera, o ex-presidente denunciou um mundo de &#8220;incertas e estranho&#8221;, em um discurso cheio de ataques velados a seu sucessor, Donald Trump. Ele atacou os pol\u00edticos &#8220;autorit\u00e1rios&#8221; que recorrem \u00e0 &#8220;pol\u00edtica do medo&#8221; e &#8220;apenas mentem&#8221;.<\/p>\n<p>Tamb\u00e9m criticou os pol\u00edticos por negarem a mudan\u00e7a clim\u00e1tica. &#8220;Eu n\u00e3o posso concordar com algu\u00e9m que diz que a mudan\u00e7a clim\u00e1tica n\u00e3o existe, quando todos os cientistas afirmam o contr\u00e1rio&#8221;, declarou, referindo-se a uma das primeiras decis\u00f5es de Trump ao chegar \u00e0 Casa Branca de retirar os Estados Unidos do acordo clim\u00e1tico de Paris.<\/p>\n<p><strong>&#8216;Terra prometida&#8217; &#8211;\u00a0<\/strong>O presidente sul-africano, Cyril Ramaphosa, protegido de Nelson Mandela, comemorou o evento na cidade natal de &#8220;Madiba&#8221; em Mvezo, na prov\u00edncia de Cabo Oriental, no sudeste, onde inaugurou uma cl\u00ednica.<\/p>\n<p>Mandela &#8220;nos conduziu da brutalidade do conflito e da opress\u00e3o \u00e0 terra prometida, uma terra de liberdade, democracia e igualdade&#8221;, disse ele.<\/p>\n<p>Quase 25 anos ap\u00f3s o fim oficial do Apartheid, por\u00e9m, a pobreza persiste na \u00c1frica do Sul, a economia desmorona, e o racismo continua alimentando tens\u00f5es.<\/p>\n<p>Muitos questionam os sucessores de &#8220;Madiba&#8221; e a corrup\u00e7\u00e3o que gangrena a alta c\u00fapula do Estado, especialmente sob a presid\u00eancia de Jacob Zuma (2009-2018).<\/p>\n","protected":false},"excerpt":{"rendered":"<p>Cem anos ap\u00f3s o nascimento de Nelson Mandela, a \u00c1frica do Sul presta homenagem nesta quarta-feira (18) a este \u00edcone da luta contra o Apartheid com uma marcha simb\u00f3lica liderada por sua vi\u00fava, Gra\u00e7a Machel, e um f\u00f3rum organizado pelo ex-presidente americano Barack Obama. Todos os anos, o &#8220;Mandela Day&#8221;, que marca o nascimento em [&hellip;]<\/p>\n","protected":false},"author":1,"featured_media":185685,"comment_status":"closed","ping_status":"closed","sticky":false,"template":"","format":"standard","meta":{"_acf_changed":false,"footnotes":""},"categories":[17],"tags":[],"class_list":["post-185684","post","type-post","status-publish","format-standard","has-post-thumbnail","hentry","category-mundo"],"acf":[],"yoast_head":"<!-- This site is optimized with the Yoast SEO plugin v27.2 - https:\/\/yoast.com\/product\/yoast-seo-wordpress\/ -->\n<title>\u00c1frica do Sul homenageia Mandela, um &#039;gigante da Hist\u00f3ria&#039; - Notibras<\/title>\n<meta name=\"robots\" content=\"index, follow, max-snippet:-1, max-image-preview:large, max-video-preview:-1\" \/>\n<link rel=\"canonical\" href=\"https:\/\/www.notibras.com\/site\/africa-do-sul-homenageia-mandela-um-gigante-da-historia\/\" \/>\n<meta property=\"og:locale\" content=\"pt_BR\" \/>\n<meta property=\"og:type\" content=\"article\" \/>\n<meta property=\"og:title\" content=\"\u00c1frica do Sul homenageia Mandela, um &#039;gigante da Hist\u00f3ria&#039; - Notibras\" \/>\n<meta property=\"og:description\" content=\"Cem anos ap\u00f3s o nascimento de Nelson Mandela, a \u00c1frica do Sul presta homenagem nesta quarta-feira (18) a este \u00edcone da luta contra o Apartheid com uma marcha simb\u00f3lica liderada por sua vi\u00fava, Gra\u00e7a Machel, e um f\u00f3rum organizado pelo ex-presidente americano Barack Obama. Todos os anos, o &#8220;Mandela Day&#8221;, que marca o nascimento em [&hellip;]\" \/>\n<meta property=\"og:url\" content=\"https:\/\/www.notibras.com\/site\/africa-do-sul-homenageia-mandela-um-gigante-da-historia\/\" \/>\n<meta property=\"og:site_name\" content=\"Notibras\" \/>\n<meta property=\"article:publisher\" content=\"https:\/\/www.facebook.com\/notibras\/\" \/>\n<meta property=\"article:published_time\" content=\"2018-07-18T14:22:41+00:00\" \/>\n<meta property=\"article:modified_time\" content=\"2018-07-18T14:24:51+00:00\" \/>\n<meta property=\"og:image\" content=\"https:\/\/www.notibras.com\/site\/wp-content\/uploads\/2018\/07\/img-06.jpg\" \/>\n\t<meta property=\"og:image:width\" content=\"1640\" \/>\n\t<meta property=\"og:image:height\" content=\"820\" \/>\n\t<meta property=\"og:image:type\" content=\"image\/jpeg\" \/>\n<meta name=\"author\" content=\"Reda\u00e7\u00e3o\" \/>\n<meta name=\"twitter:card\" content=\"summary_large_image\" \/>\n<meta name=\"twitter:creator\" content=\"@Notibras\" \/>\n<meta name=\"twitter:site\" content=\"@Notibras\" \/>\n<meta name=\"twitter:label1\" content=\"Escrito por\" \/>\n\t<meta name=\"twitter:data1\" content=\"Reda\u00e7\u00e3o\" \/>\n\t<meta name=\"twitter:label2\" content=\"Est. tempo de leitura\" \/>\n\t<meta name=\"twitter:data2\" content=\"3 minutos\" \/>\n<script type=\"application\/ld+json\" class=\"yoast-schema-graph\">{\"@context\":\"https:\/\/schema.org\",\"@graph\":[{\"@type\":\"Article\",\"@id\":\"https:\/\/www.notibras.com\/site\/africa-do-sul-homenageia-mandela-um-gigante-da-historia\/#article\",\"isPartOf\":{\"@id\":\"https:\/\/www.notibras.com\/site\/africa-do-sul-homenageia-mandela-um-gigante-da-historia\/\"},\"author\":{\"name\":\"Reda\u00e7\u00e3o\",\"@id\":\"https:\/\/www.notibras.com\/site\/#\/schema\/person\/00b8e1aa08f9ef6563e878c5159d01cf\"},\"headline\":\"\u00c1frica do Sul homenageia Mandela, um &#8216;gigante da Hist\u00f3ria&#8217;\",\"datePublished\":\"2018-07-18T14:22:41+00:00\",\"dateModified\":\"2018-07-18T14:24:51+00:00\",\"mainEntityOfPage\":{\"@id\":\"https:\/\/www.notibras.com\/site\/africa-do-sul-homenageia-mandela-um-gigante-da-historia\/\"},\"wordCount\":590,\"publisher\":{\"@id\":\"https:\/\/www.notibras.com\/site\/#organization\"},\"image\":{\"@id\":\"https:\/\/www.notibras.com\/site\/africa-do-sul-homenageia-mandela-um-gigante-da-historia\/#primaryimage\"},\"thumbnailUrl\":\"https:\/\/www.notibras.com\/site\/wp-content\/uploads\/2018\/07\/img-06.jpg\",\"articleSection\":[\"Mundo\"],\"inLanguage\":\"pt-BR\"},{\"@type\":\"WebPage\",\"@id\":\"https:\/\/www.notibras.com\/site\/africa-do-sul-homenageia-mandela-um-gigante-da-historia\/\",\"url\":\"https:\/\/www.notibras.com\/site\/africa-do-sul-homenageia-mandela-um-gigante-da-historia\/\",\"name\":\"\u00c1frica do Sul homenageia Mandela, um 'gigante da Hist\u00f3ria' - Notibras\",\"isPartOf\":{\"@id\":\"https:\/\/www.notibras.com\/site\/#website\"},\"primaryImageOfPage\":{\"@id\":\"https:\/\/www.notibras.com\/site\/africa-do-sul-homenageia-mandela-um-gigante-da-historia\/#primaryimage\"},\"image\":{\"@id\":\"https:\/\/www.notibras.com\/site\/africa-do-sul-homenageia-mandela-um-gigante-da-historia\/#primaryimage\"},\"thumbnailUrl\":\"https:\/\/www.notibras.com\/site\/wp-content\/uploads\/2018\/07\/img-06.jpg\",\"datePublished\":\"2018-07-18T14:22:41+00:00\",\"dateModified\":\"2018-07-18T14:24:51+00:00\",\"breadcrumb\":{\"@id\":\"https:\/\/www.notibras.com\/site\/africa-do-sul-homenageia-mandela-um-gigante-da-historia\/#breadcrumb\"},\"inLanguage\":\"pt-BR\",\"potentialAction\":[{\"@type\":\"ReadAction\",\"target\":[\"https:\/\/www.notibras.com\/site\/africa-do-sul-homenageia-mandela-um-gigante-da-historia\/\"]}]},{\"@type\":\"ImageObject\",\"inLanguage\":\"pt-BR\",\"@id\":\"https:\/\/www.notibras.com\/site\/africa-do-sul-homenageia-mandela-um-gigante-da-historia\/#primaryimage\",\"url\":\"https:\/\/www.notibras.com\/site\/wp-content\/uploads\/2018\/07\/img-06.jpg\",\"contentUrl\":\"https:\/\/www.notibras.com\/site\/wp-content\/uploads\/2018\/07\/img-06.jpg\",\"width\":1640,\"height\":820,\"caption\":\"Foto: Ben Curtis\/AP\"},{\"@type\":\"BreadcrumbList\",\"@id\":\"https:\/\/www.notibras.com\/site\/africa-do-sul-homenageia-mandela-um-gigante-da-historia\/#breadcrumb\",\"itemListElement\":[{\"@type\":\"ListItem\",\"position\":1,\"name\":\"In\u00edcio\",\"item\":\"https:\/\/www.notibras.com\/site\/\"},{\"@type\":\"ListItem\",\"position\":2,\"name\":\"\u00c1frica do Sul homenageia Mandela, um &#8216;gigante da Hist\u00f3ria&#8217;\"}]},{\"@type\":\"WebSite\",\"@id\":\"https:\/\/www.notibras.com\/site\/#website\",\"url\":\"https:\/\/www.notibras.com\/site\/\",\"name\":\"Notibras\",\"description\":\"Not\u00edcias de Bras\u00edlia, do Brasil e do Mundo\",\"publisher\":{\"@id\":\"https:\/\/www.notibras.com\/site\/#organization\"},\"potentialAction\":[{\"@type\":\"SearchAction\",\"target\":{\"@type\":\"EntryPoint\",\"urlTemplate\":\"https:\/\/www.notibras.com\/site\/?s={search_term_string}\"},\"query-input\":{\"@type\":\"PropertyValueSpecification\",\"valueRequired\":true,\"valueName\":\"search_term_string\"}}],\"inLanguage\":\"pt-BR\"},{\"@type\":\"Organization\",\"@id\":\"https:\/\/www.notibras.com\/site\/#organization\",\"name\":\"Grupo Notibras de Comunica\u00e7\u00e3o\",\"url\":\"https:\/\/www.notibras.com\/site\/\",\"logo\":{\"@type\":\"ImageObject\",\"inLanguage\":\"pt-BR\",\"@id\":\"https:\/\/www.notibras.com\/site\/#\/schema\/logo\/image\/\",\"url\":\"https:\/\/www.notibras.com\/site\/wp-content\/uploads\/2023\/01\/notibras23.png\",\"contentUrl\":\"https:\/\/www.notibras.com\/site\/wp-content\/uploads\/2023\/01\/notibras23.png\",\"width\":350,\"height\":87,\"caption\":\"Grupo Notibras de Comunica\u00e7\u00e3o\"},\"image\":{\"@id\":\"https:\/\/www.notibras.com\/site\/#\/schema\/logo\/image\/\"},\"sameAs\":[\"https:\/\/www.facebook.com\/notibras\/\",\"https:\/\/x.com\/Notibras\",\"https:\/\/www.instagram.com\/notibras\/\"]},{\"@type\":\"Person\",\"@id\":\"https:\/\/www.notibras.com\/site\/#\/schema\/person\/00b8e1aa08f9ef6563e878c5159d01cf\",\"name\":\"Reda\u00e7\u00e3o\",\"image\":{\"@type\":\"ImageObject\",\"inLanguage\":\"pt-BR\",\"@id\":\"https:\/\/secure.gravatar.com\/avatar\/ac5a707d5b47784a5ed426c6e213e201423c750890f64e4c379114dade67dfb9?s=96&d=mm&r=g\",\"url\":\"https:\/\/secure.gravatar.com\/avatar\/ac5a707d5b47784a5ed426c6e213e201423c750890f64e4c379114dade67dfb9?s=96&d=mm&r=g\",\"contentUrl\":\"https:\/\/secure.gravatar.com\/avatar\/ac5a707d5b47784a5ed426c6e213e201423c750890f64e4c379114dade67dfb9?s=96&d=mm&r=g\",\"caption\":\"Reda\u00e7\u00e3o\"}}]}<\/script>\n<!-- \/ Yoast SEO plugin. -->","yoast_head_json":{"title":"\u00c1frica do Sul homenageia Mandela, um 'gigante da Hist\u00f3ria' - Notibras","robots":{"index":"index","follow":"follow","max-snippet":"max-snippet:-1","max-image-preview":"max-image-preview:large","max-video-preview":"max-video-preview:-1"},"canonical":"https:\/\/www.notibras.com\/site\/africa-do-sul-homenageia-mandela-um-gigante-da-historia\/","og_locale":"pt_BR","og_type":"article","og_title":"\u00c1frica do Sul homenageia Mandela, um 'gigante da Hist\u00f3ria' - Notibras","og_description":"Cem anos ap\u00f3s o nascimento de Nelson Mandela, a \u00c1frica do Sul presta homenagem nesta quarta-feira (18) a este \u00edcone da luta contra o Apartheid com uma marcha simb\u00f3lica liderada por sua vi\u00fava, Gra\u00e7a Machel, e um f\u00f3rum organizado pelo ex-presidente americano Barack Obama. Todos os anos, o &#8220;Mandela Day&#8221;, que marca o nascimento em [&hellip;]","og_url":"https:\/\/www.notibras.com\/site\/africa-do-sul-homenageia-mandela-um-gigante-da-historia\/","og_site_name":"Notibras","article_publisher":"https:\/\/www.facebook.com\/notibras\/","article_published_time":"2018-07-18T14:22:41+00:00","article_modified_time":"2018-07-18T14:24:51+00:00","og_image":[{"width":1640,"height":820,"url":"https:\/\/www.notibras.com\/site\/wp-content\/uploads\/2018\/07\/img-06.jpg","type":"image\/jpeg"}],"author":"Reda\u00e7\u00e3o","twitter_card":"summary_large_image","twitter_creator":"@Notibras","twitter_site":"@Notibras","twitter_misc":{"Escrito por":"Reda\u00e7\u00e3o","Est. tempo de leitura":"3 minutos"},"schema":{"@context":"https:\/\/schema.org","@graph":[{"@type":"Article","@id":"https:\/\/www.notibras.com\/site\/africa-do-sul-homenageia-mandela-um-gigante-da-historia\/#article","isPartOf":{"@id":"https:\/\/www.notibras.com\/site\/africa-do-sul-homenageia-mandela-um-gigante-da-historia\/"},"author":{"name":"Reda\u00e7\u00e3o","@id":"https:\/\/www.notibras.com\/site\/#\/schema\/person\/00b8e1aa08f9ef6563e878c5159d01cf"},"headline":"\u00c1frica do Sul homenageia Mandela, um &#8216;gigante da Hist\u00f3ria&#8217;","datePublished":"2018-07-18T14:22:41+00:00","dateModified":"2018-07-18T14:24:51+00:00","mainEntityOfPage":{"@id":"https:\/\/www.notibras.com\/site\/africa-do-sul-homenageia-mandela-um-gigante-da-historia\/"},"wordCount":590,"publisher":{"@id":"https:\/\/www.notibras.com\/site\/#organization"},"image":{"@id":"https:\/\/www.notibras.com\/site\/africa-do-sul-homenageia-mandela-um-gigante-da-historia\/#primaryimage"},"thumbnailUrl":"https:\/\/www.notibras.com\/site\/wp-content\/uploads\/2018\/07\/img-06.jpg","articleSection":["Mundo"],"inLanguage":"pt-BR"},{"@type":"WebPage","@id":"https:\/\/www.notibras.com\/site\/africa-do-sul-homenageia-mandela-um-gigante-da-historia\/","url":"https:\/\/www.notibras.com\/site\/africa-do-sul-homenageia-mandela-um-gigante-da-historia\/","name":"\u00c1frica do Sul homenageia Mandela, um 'gigante da Hist\u00f3ria' - Notibras","isPartOf":{"@id":"https:\/\/www.notibras.com\/site\/#website"},"primaryImageOfPage":{"@id":"https:\/\/www.notibras.com\/site\/africa-do-sul-homenageia-mandela-um-gigante-da-historia\/#primaryimage"},"image":{"@id":"https:\/\/www.notibras.com\/site\/africa-do-sul-homenageia-mandela-um-gigante-da-historia\/#primaryimage"},"thumbnailUrl":"https:\/\/www.notibras.com\/site\/wp-content\/uploads\/2018\/07\/img-06.jpg","datePublished":"2018-07-18T14:22:41+00:00","dateModified":"2018-07-18T14:24:51+00:00","breadcrumb":{"@id":"https:\/\/www.notibras.com\/site\/africa-do-sul-homenageia-mandela-um-gigante-da-historia\/#breadcrumb"},"inLanguage":"pt-BR","potentialAction":[{"@type":"ReadAction","target":["https:\/\/www.notibras.com\/site\/africa-do-sul-homenageia-mandela-um-gigante-da-historia\/"]}]},{"@type":"ImageObject","inLanguage":"pt-BR","@id":"https:\/\/www.notibras.com\/site\/africa-do-sul-homenageia-mandela-um-gigante-da-historia\/#primaryimage","url":"https:\/\/www.notibras.com\/site\/wp-content\/uploads\/2018\/07\/img-06.jpg","contentUrl":"https:\/\/www.notibras.com\/site\/wp-content\/uploads\/2018\/07\/img-06.jpg","width":1640,"height":820,"caption":"Foto: Ben Curtis\/AP"},{"@type":"BreadcrumbList","@id":"https:\/\/www.notibras.com\/site\/africa-do-sul-homenageia-mandela-um-gigante-da-historia\/#breadcrumb","itemListElement":[{"@type":"ListItem","position":1,"name":"In\u00edcio","item":"https:\/\/www.notibras.com\/site\/"},{"@type":"ListItem","position":2,"name":"\u00c1frica do Sul homenageia Mandela, um &#8216;gigante da Hist\u00f3ria&#8217;"}]},{"@type":"WebSite","@id":"https:\/\/www.notibras.com\/site\/#website","url":"https:\/\/www.notibras.com\/site\/","name":"Notibras","description":"Not\u00edcias de Bras\u00edlia, do Brasil e do Mundo","publisher":{"@id":"https:\/\/www.notibras.com\/site\/#organization"},"potentialAction":[{"@type":"SearchAction","target":{"@type":"EntryPoint","urlTemplate":"https:\/\/www.notibras.com\/site\/?s={search_term_string}"},"query-input":{"@type":"PropertyValueSpecification","valueRequired":true,"valueName":"search_term_string"}}],"inLanguage":"pt-BR"},{"@type":"Organization","@id":"https:\/\/www.notibras.com\/site\/#organization","name":"Grupo Notibras de Comunica\u00e7\u00e3o","url":"https:\/\/www.notibras.com\/site\/","logo":{"@type":"ImageObject","inLanguage":"pt-BR","@id":"https:\/\/www.notibras.com\/site\/#\/schema\/logo\/image\/","url":"https:\/\/www.notibras.com\/site\/wp-content\/uploads\/2023\/01\/notibras23.png","contentUrl":"https:\/\/www.notibras.com\/site\/wp-content\/uploads\/2023\/01\/notibras23.png","width":350,"height":87,"caption":"Grupo Notibras de Comunica\u00e7\u00e3o"},"image":{"@id":"https:\/\/www.notibras.com\/site\/#\/schema\/logo\/image\/"},"sameAs":["https:\/\/www.facebook.com\/notibras\/","https:\/\/x.com\/Notibras","https:\/\/www.instagram.com\/notibras\/"]},{"@type":"Person","@id":"https:\/\/www.notibras.com\/site\/#\/schema\/person\/00b8e1aa08f9ef6563e878c5159d01cf","name":"Reda\u00e7\u00e3o","image":{"@type":"ImageObject","inLanguage":"pt-BR","@id":"https:\/\/secure.gravatar.com\/avatar\/ac5a707d5b47784a5ed426c6e213e201423c750890f64e4c379114dade67dfb9?s=96&d=mm&r=g","url":"https:\/\/secure.gravatar.com\/avatar\/ac5a707d5b47784a5ed426c6e213e201423c750890f64e4c379114dade67dfb9?s=96&d=mm&r=g","contentUrl":"https:\/\/secure.gravatar.com\/avatar\/ac5a707d5b47784a5ed426c6e213e201423c750890f64e4c379114dade67dfb9?s=96&d=mm&r=g","caption":"Reda\u00e7\u00e3o"}}]}},"amp_enabled":true,"_links":{"self":[{"href":"https:\/\/www.notibras.com\/site\/wp-json\/wp\/v2\/posts\/185684","targetHints":{"allow":["GET"]}}],"collection":[{"href":"https:\/\/www.notibras.com\/site\/wp-json\/wp\/v2\/posts"}],"about":[{"href":"https:\/\/www.notibras.com\/site\/wp-json\/wp\/v2\/types\/post"}],"author":[{"embeddable":true,"href":"https:\/\/www.notibras.com\/site\/wp-json\/wp\/v2\/users\/1"}],"replies":[{"embeddable":true,"href":"https:\/\/www.notibras.com\/site\/wp-json\/wp\/v2\/comments?post=185684"}],"version-history":[{"count":3,"href":"https:\/\/www.notibras.com\/site\/wp-json\/wp\/v2\/posts\/185684\/revisions"}],"predecessor-version":[{"id":185687,"href":"https:\/\/www.notibras.com\/site\/wp-json\/wp\/v2\/posts\/185684\/revisions\/185687"}],"wp:featuredmedia":[{"embeddable":true,"href":"https:\/\/www.notibras.com\/site\/wp-json\/wp\/v2\/media\/185685"}],"wp:attachment":[{"href":"https:\/\/www.notibras.com\/site\/wp-json\/wp\/v2\/media?parent=185684"}],"wp:term":[{"taxonomy":"category","embeddable":true,"href":"https:\/\/www.notibras.com\/site\/wp-json\/wp\/v2\/categories?post=185684"},{"taxonomy":"post_tag","embeddable":true,"href":"https:\/\/www.notibras.com\/site\/wp-json\/wp\/v2\/tags?post=185684"}],"curies":[{"name":"wp","href":"https:\/\/api.w.org\/{rel}","templated":true}]}}