{"id":185693,"date":"2018-07-18T11:44:58","date_gmt":"2018-07-18T14:44:58","guid":{"rendered":"https:\/\/www.notibras.com\/site\/?p=185693"},"modified":"2018-07-18T11:44:58","modified_gmt":"2018-07-18T14:44:58","slug":"onu-diz-que-luta-global-contra-aids-esta-em-situacao-precaria","status":"publish","type":"post","link":"https:\/\/www.notibras.com\/site\/onu-diz-que-luta-global-contra-aids-esta-em-situacao-precaria\/","title":{"rendered":"ONU diz que luta global contra Aids est\u00e1 em &#8216;situa\u00e7\u00e3o prec\u00e1ria&#8217;"},"content":{"rendered":"<p>A complac\u00eancia tem prejudicado a luta contra a epidemia global da Aids, uma vez que o ritmo de avan\u00e7o n\u00e3o corresponde ao que \u00e9 necess\u00e1rio, alertou a Organiza\u00e7\u00e3o das Na\u00e7\u00f5es Unidas (ONU) nesta quarta-feira.<\/p>\n<p>A Unaids, ag\u00eancia de combate ao HIV\/Aids da ONU, disse em um relat\u00f3rio de atualiza\u00e7\u00e3o que a luta est\u00e1 em uma \u201csitua\u00e7\u00e3o prec\u00e1ria\u201d e que, embora as mortes estejam diminuindo e os \u00edndices de tratamento aumentando, os \u00edndices de novas infec\u00e7\u00f5es de HIV amea\u00e7am os esfor\u00e7os para derrotar a doen\u00e7a.<\/p>\n<p>\u201cO mundo est\u00e1 saindo dos trilhos. As promessas feitas aos indiv\u00edduos mais vulner\u00e1veis da sociedade n\u00e3o est\u00e3o sendo cumpridas\u201d, disse o relat\u00f3rio. \u201cH\u00e1 muito a se avan\u00e7ar na jornada para acabar com a epidemia da Aids. O tempo est\u00e1 acabando\u201d.<\/p>\n<p>Michel Sidib\u00e9, diretor-executivo da Unaids, observou no pref\u00e1cio do relat\u00f3rio que houve um grande progresso na redu\u00e7\u00e3o das mortes decorrentes da Aids e no encaminhamento de um n\u00famero recorde de pessoas para tratamentos com antirretrovirais.<\/p>\n<p>Segundo o relat\u00f3rio, estimadas 21,7 milh\u00f5es das 37 milh\u00f5es de pessoas que t\u00eam o v\u00edrus da imunodefici\u00eancia humana (HIV), que causa a Aids, estavam em tratamento em 2017, cinco vezes e meia a mais do que uma d\u00e9cada atr\u00e1s.<\/p>\n<p>Esse aumento r\u00e1pido e cont\u00ednuo ajudou a reduzir em 34 por cento as mortes relacionadas \u00e0 Aids entre 2010 e 2017. Neste \u00faltimo ano elas foram as menores deste s\u00e9culo \u2014 menos de um milh\u00e3o de pessoas, disse o relat\u00f3rio.<\/p>\n<p>Mas Sidib\u00e9 tamb\u00e9m disse que hoje existem pontos de \u201ccrise\u201d na preven\u00e7\u00e3o da dissemina\u00e7\u00e3o do HIV \u2014particularmente entre popula\u00e7\u00f5es de alto risco e vulner\u00e1veis\u2014 e na obten\u00e7\u00e3o de financiamento cont\u00ednuo.<\/p>\n<p>\u201cO sucesso no salvamento de vidas n\u00e3o est\u00e1 se equiparando a um sucesso igual na redu\u00e7\u00e3o de novas infec\u00e7\u00f5es de HIV\u201d, explicou. \u201cAs novas infec\u00e7\u00f5es de HIV n\u00e3o est\u00e3o diminuindo com rapidez suficiente. Os servi\u00e7os de preven\u00e7\u00e3o de HIV n\u00e3o est\u00e3o sendo supridos em escala adequada&#8230; e n\u00e3o est\u00e3o alcan\u00e7ando as pessoas que mais precisam deles\u201d.<\/p>\n<p>Sidib\u00e9 disse que a incapacidade de impedir novas infec\u00e7\u00f5es em crian\u00e7as \u00e9 uma grande preocupa\u00e7\u00e3o.<\/p>\n<p>\u201cEstou perturbado com o fato de que, em 2017, 180 mil crian\u00e7as foram infectadas com HIV, longe da meta geral de 2018 de eliminar novas infec\u00e7\u00f5es de HIV em crian\u00e7as\u201d, escreveu.<\/p>\n","protected":false},"excerpt":{"rendered":"<p>A complac\u00eancia tem prejudicado a luta contra a epidemia global da Aids, uma vez que o ritmo de avan\u00e7o n\u00e3o corresponde ao que \u00e9 necess\u00e1rio, alertou a Organiza\u00e7\u00e3o das Na\u00e7\u00f5es Unidas (ONU) nesta quarta-feira. A Unaids, ag\u00eancia de combate ao HIV\/Aids da ONU, disse em um relat\u00f3rio de atualiza\u00e7\u00e3o que a luta est\u00e1 em uma [&hellip;]<\/p>\n","protected":false},"author":1,"featured_media":185694,"comment_status":"closed","ping_status":"closed","sticky":false,"template":"","format":"standard","meta":{"_acf_changed":false,"footnotes":""},"categories":[17],"tags":[],"class_list":["post-185693","post","type-post","status-publish","format-standard","has-post-thumbnail","hentry","category-mundo"],"acf":[],"yoast_head":"<!-- This site is optimized with the Yoast SEO plugin v27.2 - https:\/\/yoast.com\/product\/yoast-seo-wordpress\/ -->\n<title>ONU diz que luta global contra Aids est\u00e1 em &#039;situa\u00e7\u00e3o prec\u00e1ria&#039; - Notibras<\/title>\n<meta name=\"robots\" content=\"index, follow, max-snippet:-1, max-image-preview:large, max-video-preview:-1\" \/>\n<link rel=\"canonical\" href=\"https:\/\/www.notibras.com\/site\/onu-diz-que-luta-global-contra-aids-esta-em-situacao-precaria\/\" \/>\n<meta property=\"og:locale\" content=\"pt_BR\" \/>\n<meta property=\"og:type\" content=\"article\" \/>\n<meta property=\"og:title\" content=\"ONU diz que luta global contra Aids est\u00e1 em &#039;situa\u00e7\u00e3o prec\u00e1ria&#039; - Notibras\" \/>\n<meta property=\"og:description\" content=\"A complac\u00eancia tem prejudicado a luta contra a epidemia global da Aids, uma vez que o ritmo de avan\u00e7o n\u00e3o corresponde ao que \u00e9 necess\u00e1rio, alertou a Organiza\u00e7\u00e3o das Na\u00e7\u00f5es Unidas (ONU) nesta quarta-feira. A Unaids, ag\u00eancia de combate ao HIV\/Aids da ONU, disse em um relat\u00f3rio de atualiza\u00e7\u00e3o que a luta est\u00e1 em uma [&hellip;]\" \/>\n<meta property=\"og:url\" content=\"https:\/\/www.notibras.com\/site\/onu-diz-que-luta-global-contra-aids-esta-em-situacao-precaria\/\" \/>\n<meta property=\"og:site_name\" content=\"Notibras\" \/>\n<meta property=\"article:publisher\" content=\"https:\/\/www.facebook.com\/notibras\/\" \/>\n<meta property=\"article:published_time\" content=\"2018-07-18T14:44:58+00:00\" \/>\n<meta property=\"og:image\" content=\"https:\/\/www.notibras.com\/site\/wp-content\/uploads\/2018\/07\/Sem-t\u00edtulo-2.png\" \/>\n\t<meta property=\"og:image:width\" content=\"792\" \/>\n\t<meta property=\"og:image:height\" content=\"565\" \/>\n\t<meta property=\"og:image:type\" content=\"image\/png\" \/>\n<meta name=\"author\" content=\"Reda\u00e7\u00e3o\" \/>\n<meta name=\"twitter:card\" content=\"summary_large_image\" \/>\n<meta name=\"twitter:creator\" content=\"@Notibras\" \/>\n<meta name=\"twitter:site\" content=\"@Notibras\" \/>\n<meta name=\"twitter:label1\" content=\"Escrito por\" \/>\n\t<meta name=\"twitter:data1\" content=\"Reda\u00e7\u00e3o\" \/>\n\t<meta name=\"twitter:label2\" content=\"Est. tempo de leitura\" \/>\n\t<meta name=\"twitter:data2\" content=\"2 minutos\" \/>\n<script type=\"application\/ld+json\" class=\"yoast-schema-graph\">{\"@context\":\"https:\/\/schema.org\",\"@graph\":[{\"@type\":\"Article\",\"@id\":\"https:\/\/www.notibras.com\/site\/onu-diz-que-luta-global-contra-aids-esta-em-situacao-precaria\/#article\",\"isPartOf\":{\"@id\":\"https:\/\/www.notibras.com\/site\/onu-diz-que-luta-global-contra-aids-esta-em-situacao-precaria\/\"},\"author\":{\"name\":\"Reda\u00e7\u00e3o\",\"@id\":\"https:\/\/www.notibras.com\/site\/#\/schema\/person\/00b8e1aa08f9ef6563e878c5159d01cf\"},\"headline\":\"ONU diz que luta global contra Aids est\u00e1 em &#8216;situa\u00e7\u00e3o prec\u00e1ria&#8217;\",\"datePublished\":\"2018-07-18T14:44:58+00:00\",\"mainEntityOfPage\":{\"@id\":\"https:\/\/www.notibras.com\/site\/onu-diz-que-luta-global-contra-aids-esta-em-situacao-precaria\/\"},\"wordCount\":435,\"publisher\":{\"@id\":\"https:\/\/www.notibras.com\/site\/#organization\"},\"image\":{\"@id\":\"https:\/\/www.notibras.com\/site\/onu-diz-que-luta-global-contra-aids-esta-em-situacao-precaria\/#primaryimage\"},\"thumbnailUrl\":\"https:\/\/www.notibras.com\/site\/wp-content\/uploads\/2018\/07\/Sem-t\u00edtulo-2.png\",\"articleSection\":[\"Mundo\"],\"inLanguage\":\"pt-BR\"},{\"@type\":\"WebPage\",\"@id\":\"https:\/\/www.notibras.com\/site\/onu-diz-que-luta-global-contra-aids-esta-em-situacao-precaria\/\",\"url\":\"https:\/\/www.notibras.com\/site\/onu-diz-que-luta-global-contra-aids-esta-em-situacao-precaria\/\",\"name\":\"ONU diz que luta global contra Aids est\u00e1 em 'situa\u00e7\u00e3o prec\u00e1ria' - Notibras\",\"isPartOf\":{\"@id\":\"https:\/\/www.notibras.com\/site\/#website\"},\"primaryImageOfPage\":{\"@id\":\"https:\/\/www.notibras.com\/site\/onu-diz-que-luta-global-contra-aids-esta-em-situacao-precaria\/#primaryimage\"},\"image\":{\"@id\":\"https:\/\/www.notibras.com\/site\/onu-diz-que-luta-global-contra-aids-esta-em-situacao-precaria\/#primaryimage\"},\"thumbnailUrl\":\"https:\/\/www.notibras.com\/site\/wp-content\/uploads\/2018\/07\/Sem-t\u00edtulo-2.png\",\"datePublished\":\"2018-07-18T14:44:58+00:00\",\"breadcrumb\":{\"@id\":\"https:\/\/www.notibras.com\/site\/onu-diz-que-luta-global-contra-aids-esta-em-situacao-precaria\/#breadcrumb\"},\"inLanguage\":\"pt-BR\",\"potentialAction\":[{\"@type\":\"ReadAction\",\"target\":[\"https:\/\/www.notibras.com\/site\/onu-diz-que-luta-global-contra-aids-esta-em-situacao-precaria\/\"]}]},{\"@type\":\"ImageObject\",\"inLanguage\":\"pt-BR\",\"@id\":\"https:\/\/www.notibras.com\/site\/onu-diz-que-luta-global-contra-aids-esta-em-situacao-precaria\/#primaryimage\",\"url\":\"https:\/\/www.notibras.com\/site\/wp-content\/uploads\/2018\/07\/Sem-t\u00edtulo-2.png\",\"contentUrl\":\"https:\/\/www.notibras.com\/site\/wp-content\/uploads\/2018\/07\/Sem-t\u00edtulo-2.png\",\"width\":792,\"height\":565,\"caption\":\"Foto: Ajay Verma\/Divulga\u00e7\u00e3o\"},{\"@type\":\"BreadcrumbList\",\"@id\":\"https:\/\/www.notibras.com\/site\/onu-diz-que-luta-global-contra-aids-esta-em-situacao-precaria\/#breadcrumb\",\"itemListElement\":[{\"@type\":\"ListItem\",\"position\":1,\"name\":\"In\u00edcio\",\"item\":\"https:\/\/www.notibras.com\/site\/\"},{\"@type\":\"ListItem\",\"position\":2,\"name\":\"ONU diz que luta global contra Aids est\u00e1 em &#8216;situa\u00e7\u00e3o prec\u00e1ria&#8217;\"}]},{\"@type\":\"WebSite\",\"@id\":\"https:\/\/www.notibras.com\/site\/#website\",\"url\":\"https:\/\/www.notibras.com\/site\/\",\"name\":\"Notibras\",\"description\":\"Not\u00edcias de Bras\u00edlia, do Brasil e do Mundo\",\"publisher\":{\"@id\":\"https:\/\/www.notibras.com\/site\/#organization\"},\"potentialAction\":[{\"@type\":\"SearchAction\",\"target\":{\"@type\":\"EntryPoint\",\"urlTemplate\":\"https:\/\/www.notibras.com\/site\/?s={search_term_string}\"},\"query-input\":{\"@type\":\"PropertyValueSpecification\",\"valueRequired\":true,\"valueName\":\"search_term_string\"}}],\"inLanguage\":\"pt-BR\"},{\"@type\":\"Organization\",\"@id\":\"https:\/\/www.notibras.com\/site\/#organization\",\"name\":\"Grupo Notibras de Comunica\u00e7\u00e3o\",\"url\":\"https:\/\/www.notibras.com\/site\/\",\"logo\":{\"@type\":\"ImageObject\",\"inLanguage\":\"pt-BR\",\"@id\":\"https:\/\/www.notibras.com\/site\/#\/schema\/logo\/image\/\",\"url\":\"https:\/\/www.notibras.com\/site\/wp-content\/uploads\/2023\/01\/notibras23.png\",\"contentUrl\":\"https:\/\/www.notibras.com\/site\/wp-content\/uploads\/2023\/01\/notibras23.png\",\"width\":350,\"height\":87,\"caption\":\"Grupo Notibras de Comunica\u00e7\u00e3o\"},\"image\":{\"@id\":\"https:\/\/www.notibras.com\/site\/#\/schema\/logo\/image\/\"},\"sameAs\":[\"https:\/\/www.facebook.com\/notibras\/\",\"https:\/\/x.com\/Notibras\",\"https:\/\/www.instagram.com\/notibras\/\"]},{\"@type\":\"Person\",\"@id\":\"https:\/\/www.notibras.com\/site\/#\/schema\/person\/00b8e1aa08f9ef6563e878c5159d01cf\",\"name\":\"Reda\u00e7\u00e3o\",\"image\":{\"@type\":\"ImageObject\",\"inLanguage\":\"pt-BR\",\"@id\":\"https:\/\/secure.gravatar.com\/avatar\/ac5a707d5b47784a5ed426c6e213e201423c750890f64e4c379114dade67dfb9?s=96&d=mm&r=g\",\"url\":\"https:\/\/secure.gravatar.com\/avatar\/ac5a707d5b47784a5ed426c6e213e201423c750890f64e4c379114dade67dfb9?s=96&d=mm&r=g\",\"contentUrl\":\"https:\/\/secure.gravatar.com\/avatar\/ac5a707d5b47784a5ed426c6e213e201423c750890f64e4c379114dade67dfb9?s=96&d=mm&r=g\",\"caption\":\"Reda\u00e7\u00e3o\"}}]}<\/script>\n<!-- \/ Yoast SEO plugin. -->","yoast_head_json":{"title":"ONU diz que luta global contra Aids est\u00e1 em 'situa\u00e7\u00e3o prec\u00e1ria' - Notibras","robots":{"index":"index","follow":"follow","max-snippet":"max-snippet:-1","max-image-preview":"max-image-preview:large","max-video-preview":"max-video-preview:-1"},"canonical":"https:\/\/www.notibras.com\/site\/onu-diz-que-luta-global-contra-aids-esta-em-situacao-precaria\/","og_locale":"pt_BR","og_type":"article","og_title":"ONU diz que luta global contra Aids est\u00e1 em 'situa\u00e7\u00e3o prec\u00e1ria' - Notibras","og_description":"A complac\u00eancia tem prejudicado a luta contra a epidemia global da Aids, uma vez que o ritmo de avan\u00e7o n\u00e3o corresponde ao que \u00e9 necess\u00e1rio, alertou a Organiza\u00e7\u00e3o das Na\u00e7\u00f5es Unidas (ONU) nesta quarta-feira. A Unaids, ag\u00eancia de combate ao HIV\/Aids da ONU, disse em um relat\u00f3rio de atualiza\u00e7\u00e3o que a luta est\u00e1 em uma [&hellip;]","og_url":"https:\/\/www.notibras.com\/site\/onu-diz-que-luta-global-contra-aids-esta-em-situacao-precaria\/","og_site_name":"Notibras","article_publisher":"https:\/\/www.facebook.com\/notibras\/","article_published_time":"2018-07-18T14:44:58+00:00","og_image":[{"width":792,"height":565,"url":"https:\/\/www.notibras.com\/site\/wp-content\/uploads\/2018\/07\/Sem-t\u00edtulo-2.png","type":"image\/png"}],"author":"Reda\u00e7\u00e3o","twitter_card":"summary_large_image","twitter_creator":"@Notibras","twitter_site":"@Notibras","twitter_misc":{"Escrito por":"Reda\u00e7\u00e3o","Est. tempo de leitura":"2 minutos"},"schema":{"@context":"https:\/\/schema.org","@graph":[{"@type":"Article","@id":"https:\/\/www.notibras.com\/site\/onu-diz-que-luta-global-contra-aids-esta-em-situacao-precaria\/#article","isPartOf":{"@id":"https:\/\/www.notibras.com\/site\/onu-diz-que-luta-global-contra-aids-esta-em-situacao-precaria\/"},"author":{"name":"Reda\u00e7\u00e3o","@id":"https:\/\/www.notibras.com\/site\/#\/schema\/person\/00b8e1aa08f9ef6563e878c5159d01cf"},"headline":"ONU diz que luta global contra Aids est\u00e1 em &#8216;situa\u00e7\u00e3o prec\u00e1ria&#8217;","datePublished":"2018-07-18T14:44:58+00:00","mainEntityOfPage":{"@id":"https:\/\/www.notibras.com\/site\/onu-diz-que-luta-global-contra-aids-esta-em-situacao-precaria\/"},"wordCount":435,"publisher":{"@id":"https:\/\/www.notibras.com\/site\/#organization"},"image":{"@id":"https:\/\/www.notibras.com\/site\/onu-diz-que-luta-global-contra-aids-esta-em-situacao-precaria\/#primaryimage"},"thumbnailUrl":"https:\/\/www.notibras.com\/site\/wp-content\/uploads\/2018\/07\/Sem-t\u00edtulo-2.png","articleSection":["Mundo"],"inLanguage":"pt-BR"},{"@type":"WebPage","@id":"https:\/\/www.notibras.com\/site\/onu-diz-que-luta-global-contra-aids-esta-em-situacao-precaria\/","url":"https:\/\/www.notibras.com\/site\/onu-diz-que-luta-global-contra-aids-esta-em-situacao-precaria\/","name":"ONU diz que luta global contra Aids est\u00e1 em 'situa\u00e7\u00e3o prec\u00e1ria' - Notibras","isPartOf":{"@id":"https:\/\/www.notibras.com\/site\/#website"},"primaryImageOfPage":{"@id":"https:\/\/www.notibras.com\/site\/onu-diz-que-luta-global-contra-aids-esta-em-situacao-precaria\/#primaryimage"},"image":{"@id":"https:\/\/www.notibras.com\/site\/onu-diz-que-luta-global-contra-aids-esta-em-situacao-precaria\/#primaryimage"},"thumbnailUrl":"https:\/\/www.notibras.com\/site\/wp-content\/uploads\/2018\/07\/Sem-t\u00edtulo-2.png","datePublished":"2018-07-18T14:44:58+00:00","breadcrumb":{"@id":"https:\/\/www.notibras.com\/site\/onu-diz-que-luta-global-contra-aids-esta-em-situacao-precaria\/#breadcrumb"},"inLanguage":"pt-BR","potentialAction":[{"@type":"ReadAction","target":["https:\/\/www.notibras.com\/site\/onu-diz-que-luta-global-contra-aids-esta-em-situacao-precaria\/"]}]},{"@type":"ImageObject","inLanguage":"pt-BR","@id":"https:\/\/www.notibras.com\/site\/onu-diz-que-luta-global-contra-aids-esta-em-situacao-precaria\/#primaryimage","url":"https:\/\/www.notibras.com\/site\/wp-content\/uploads\/2018\/07\/Sem-t\u00edtulo-2.png","contentUrl":"https:\/\/www.notibras.com\/site\/wp-content\/uploads\/2018\/07\/Sem-t\u00edtulo-2.png","width":792,"height":565,"caption":"Foto: Ajay Verma\/Divulga\u00e7\u00e3o"},{"@type":"BreadcrumbList","@id":"https:\/\/www.notibras.com\/site\/onu-diz-que-luta-global-contra-aids-esta-em-situacao-precaria\/#breadcrumb","itemListElement":[{"@type":"ListItem","position":1,"name":"In\u00edcio","item":"https:\/\/www.notibras.com\/site\/"},{"@type":"ListItem","position":2,"name":"ONU diz que luta global contra Aids est\u00e1 em &#8216;situa\u00e7\u00e3o prec\u00e1ria&#8217;"}]},{"@type":"WebSite","@id":"https:\/\/www.notibras.com\/site\/#website","url":"https:\/\/www.notibras.com\/site\/","name":"Notibras","description":"Not\u00edcias de Bras\u00edlia, do Brasil e do Mundo","publisher":{"@id":"https:\/\/www.notibras.com\/site\/#organization"},"potentialAction":[{"@type":"SearchAction","target":{"@type":"EntryPoint","urlTemplate":"https:\/\/www.notibras.com\/site\/?s={search_term_string}"},"query-input":{"@type":"PropertyValueSpecification","valueRequired":true,"valueName":"search_term_string"}}],"inLanguage":"pt-BR"},{"@type":"Organization","@id":"https:\/\/www.notibras.com\/site\/#organization","name":"Grupo Notibras de Comunica\u00e7\u00e3o","url":"https:\/\/www.notibras.com\/site\/","logo":{"@type":"ImageObject","inLanguage":"pt-BR","@id":"https:\/\/www.notibras.com\/site\/#\/schema\/logo\/image\/","url":"https:\/\/www.notibras.com\/site\/wp-content\/uploads\/2023\/01\/notibras23.png","contentUrl":"https:\/\/www.notibras.com\/site\/wp-content\/uploads\/2023\/01\/notibras23.png","width":350,"height":87,"caption":"Grupo Notibras de Comunica\u00e7\u00e3o"},"image":{"@id":"https:\/\/www.notibras.com\/site\/#\/schema\/logo\/image\/"},"sameAs":["https:\/\/www.facebook.com\/notibras\/","https:\/\/x.com\/Notibras","https:\/\/www.instagram.com\/notibras\/"]},{"@type":"Person","@id":"https:\/\/www.notibras.com\/site\/#\/schema\/person\/00b8e1aa08f9ef6563e878c5159d01cf","name":"Reda\u00e7\u00e3o","image":{"@type":"ImageObject","inLanguage":"pt-BR","@id":"https:\/\/secure.gravatar.com\/avatar\/ac5a707d5b47784a5ed426c6e213e201423c750890f64e4c379114dade67dfb9?s=96&d=mm&r=g","url":"https:\/\/secure.gravatar.com\/avatar\/ac5a707d5b47784a5ed426c6e213e201423c750890f64e4c379114dade67dfb9?s=96&d=mm&r=g","contentUrl":"https:\/\/secure.gravatar.com\/avatar\/ac5a707d5b47784a5ed426c6e213e201423c750890f64e4c379114dade67dfb9?s=96&d=mm&r=g","caption":"Reda\u00e7\u00e3o"}}]}},"amp_enabled":true,"_links":{"self":[{"href":"https:\/\/www.notibras.com\/site\/wp-json\/wp\/v2\/posts\/185693","targetHints":{"allow":["GET"]}}],"collection":[{"href":"https:\/\/www.notibras.com\/site\/wp-json\/wp\/v2\/posts"}],"about":[{"href":"https:\/\/www.notibras.com\/site\/wp-json\/wp\/v2\/types\/post"}],"author":[{"embeddable":true,"href":"https:\/\/www.notibras.com\/site\/wp-json\/wp\/v2\/users\/1"}],"replies":[{"embeddable":true,"href":"https:\/\/www.notibras.com\/site\/wp-json\/wp\/v2\/comments?post=185693"}],"version-history":[{"count":1,"href":"https:\/\/www.notibras.com\/site\/wp-json\/wp\/v2\/posts\/185693\/revisions"}],"predecessor-version":[{"id":185695,"href":"https:\/\/www.notibras.com\/site\/wp-json\/wp\/v2\/posts\/185693\/revisions\/185695"}],"wp:featuredmedia":[{"embeddable":true,"href":"https:\/\/www.notibras.com\/site\/wp-json\/wp\/v2\/media\/185694"}],"wp:attachment":[{"href":"https:\/\/www.notibras.com\/site\/wp-json\/wp\/v2\/media?parent=185693"}],"wp:term":[{"taxonomy":"category","embeddable":true,"href":"https:\/\/www.notibras.com\/site\/wp-json\/wp\/v2\/categories?post=185693"},{"taxonomy":"post_tag","embeddable":true,"href":"https:\/\/www.notibras.com\/site\/wp-json\/wp\/v2\/tags?post=185693"}],"curies":[{"name":"wp","href":"https:\/\/api.w.org\/{rel}","templated":true}]}}