{"id":185696,"date":"2018-07-18T11:50:19","date_gmt":"2018-07-18T14:50:19","guid":{"rendered":"https:\/\/www.notibras.com\/site\/?p=185696"},"modified":"2018-07-18T11:50:19","modified_gmt":"2018-07-18T14:50:19","slug":"trump-fica-isolado-apos-viagem-que-irritou-a-america","status":"publish","type":"post","link":"https:\/\/www.notibras.com\/site\/trump-fica-isolado-apos-viagem-que-irritou-a-america\/","title":{"rendered":"Trump fica isolado ap\u00f3s viagem que irritou a Am\u00e9rica"},"content":{"rendered":"<p>De volta \u00e0 Casa Branca, o presidente Donald Trump se encontrava isolado, nesta ter\u00e7a-feira (17), inclusive em suas pr\u00f3prias fileiras, ap\u00f3s uma turn\u00ea europeia considerada desastrosa, na qual virou as costas para aliados e abriu os bra\u00e7os para seu colega russo, Vladimir Putin.<\/p>\n<p>Representantes de diferentes tend\u00eancias do espectro pol\u00edtico acusaram Trump de &#8220;fraqueza&#8221; &#8211; logo ele que, com frequ\u00eancia, chama seus opositores de &#8220;fracos&#8221;.<\/p>\n<p>Indiferente \u00e0s rea\u00e7\u00f5es negativas, por\u00e9m, o magnata nova-iorquino n\u00e3o pareceu se abalar, com espa\u00e7o para um tu\u00edte autocongratulat\u00f3rio e cr\u00edticas \u00e0 imprensa.<\/p>\n<p>&#8220;Embora tenha tido uma grande reuni\u00e3o com a Otan, levantando uma significativa quantia de dinheiro, tive um encontro ainda melhor com Vladimir Putin, da R\u00fassia. Infelizmente, n\u00e3o est\u00e1 sendo reportada dessa forma. A imprensa &#8216;Fake News&#8217; est\u00e1 ficando louca!&#8221;, assinalou o presidente no Twitter, sem conseguir dissipar a impress\u00e3o de isolamento.<\/p>\n<p>Em um tu\u00edte anterior, ele j\u00e1 havia agradecido ao senador Rand Paul, um dos \u00fanicos republicanos a defender abertamente sua c\u00fapula em Helsinque, apontando uma &#8220;s\u00edndrome mental anti-Trump&#8221;.<\/p>\n<p>&#8220;Obrigado Rand Paul, voc\u00ea entende bem as coisas&#8221;, escreveu Donald Trump, um dia depois de seu primeiro encontro bilateral com Putin.<\/p>\n<p>Na avalia\u00e7\u00e3o de boa parte dos especialistas e de pol\u00edticos americanos, nos dias que antecederam a c\u00fapula, em Bruxelas e em Londres, o que Trump fez foi tensionar os la\u00e7os transatl\u00e2nticos, em especial ap\u00f3s acusa\u00e7\u00f5es feitas \u00e0 Alemanha, \u00e0 Uni\u00e3o Europeia e ao Reino Unido.<\/p>\n<p><strong>Enxurrada de cr\u00edticas &#8211;\u00a0<\/strong>Os \u00faltimos eventos renderam a Trump uma enxurrada de coment\u00e1rios negativos, de &#8220;surrealista&#8221; a &#8220;trai\u00e7\u00e3o&#8221;, passando por &#8220;constrangedor&#8221;, &#8220;indefens\u00e1vel&#8221;, &#8220;antipatri\u00f3tico&#8221;, ou &#8220;vergonhoso&#8221;.<\/p>\n<p>Adotando um tom conciliar ao lado do colega russo e pondo em xeque conclus\u00f5es da Justi\u00e7a e dos servi\u00e7os americanos de Intelig\u00eancia, os quais conclu\u00edram que houve interfer\u00eancia russa na elei\u00e7\u00e3o presidencial de 2016, Trump conseguiu irritar at\u00e9 mesmo os congressistas republicanos.<\/p>\n<p>Na entrevista coletiva que se seguiu \u00e0 c\u00fapula, Trump pareceu validar as negativas de Trump sobre a inger\u00eancia de seu pa\u00eds no processo eleitoral.<\/p>\n<p>Sinal da extens\u00e3o e da gravidade do mal-estar, at\u00e9 mesmo a emissora preferida dos conservadores, a Fox News, deu um espa\u00e7o in\u00e9dito aos cr\u00edticos da turn\u00ea de Trump. V\u00e1rios apresentadores de destaque atacaram o presidente em seus coment\u00e1rios.<\/p>\n<p>&#8220;Nenhuma negocia\u00e7\u00e3o justifica sacrificar seu pr\u00f3prio povo e seu pr\u00f3prio pa\u00eds&#8221;, tuitou Abby Huntsman, analista da Fox News.<\/p>\n<p>Anthony Scaramucci, ex-diretor de Comunica\u00e7\u00e3o da Casa Branca na era Trump, considerou urgente que os aliados expliquem ao presidente o tamanho do erro.<\/p>\n<p>O influente Newt Gingrich, pr\u00f3ximo de Trump e ex-presidente da C\u00e2mara de Representantes do Congresso, avaliou que ele cometeu &#8220;o pior erro de sua presid\u00eancia, que deve ser retificado no terreno&#8221;.<\/p>\n<p>&#8220;Atualmente, o presidente n\u00e3o tem papel de lideran\u00e7a. Ontem n\u00f3s negociamos em posi\u00e7\u00e3o de fraqueza, e Vladimir Putin deixou Helsinque tendo vencido a partida. \u00c9 um desastre&#8221;, resumiu o senador republicano Ben Sasse, do Nebraska.<\/p>\n<p>Da \u00c1frica do Sul, o ex-presidente democrata Barack Obama lamentou uma &#8220;\u00e9poca incerta&#8221;, na qual &#8220;cada novo ciclo de not\u00edcias traz seu quinh\u00e3o de manchetes preocupantes que nos deixam tontos&#8221;.<\/p>\n","protected":false},"excerpt":{"rendered":"<p>De volta \u00e0 Casa Branca, o presidente Donald Trump se encontrava isolado, nesta ter\u00e7a-feira (17), inclusive em suas pr\u00f3prias fileiras, ap\u00f3s uma turn\u00ea europeia considerada desastrosa, na qual virou as costas para aliados e abriu os bra\u00e7os para seu colega russo, Vladimir Putin. Representantes de diferentes tend\u00eancias do espectro pol\u00edtico acusaram Trump de &#8220;fraqueza&#8221; &#8211; [&hellip;]<\/p>\n","protected":false},"author":1,"featured_media":185098,"comment_status":"closed","ping_status":"closed","sticky":false,"template":"","format":"standard","meta":{"_acf_changed":false,"footnotes":""},"categories":[17],"tags":[],"class_list":["post-185696","post","type-post","status-publish","format-standard","has-post-thumbnail","hentry","category-mundo"],"acf":[],"yoast_head":"<!-- This site is optimized with the Yoast SEO plugin v27.2 - https:\/\/yoast.com\/product\/yoast-seo-wordpress\/ -->\n<title>Trump fica isolado ap\u00f3s viagem que irritou a Am\u00e9rica - Notibras<\/title>\n<meta name=\"robots\" content=\"index, follow, max-snippet:-1, max-image-preview:large, max-video-preview:-1\" \/>\n<link rel=\"canonical\" href=\"https:\/\/www.notibras.com\/site\/trump-fica-isolado-apos-viagem-que-irritou-a-america\/\" \/>\n<meta property=\"og:locale\" content=\"pt_BR\" \/>\n<meta property=\"og:type\" content=\"article\" \/>\n<meta property=\"og:title\" content=\"Trump fica isolado ap\u00f3s viagem que irritou a Am\u00e9rica - Notibras\" \/>\n<meta property=\"og:description\" content=\"De volta \u00e0 Casa Branca, o presidente Donald Trump se encontrava isolado, nesta ter\u00e7a-feira (17), inclusive em suas pr\u00f3prias fileiras, ap\u00f3s uma turn\u00ea europeia considerada desastrosa, na qual virou as costas para aliados e abriu os bra\u00e7os para seu colega russo, Vladimir Putin. Representantes de diferentes tend\u00eancias do espectro pol\u00edtico acusaram Trump de &#8220;fraqueza&#8221; &#8211; [&hellip;]\" \/>\n<meta property=\"og:url\" content=\"https:\/\/www.notibras.com\/site\/trump-fica-isolado-apos-viagem-que-irritou-a-america\/\" \/>\n<meta property=\"og:site_name\" content=\"Notibras\" \/>\n<meta property=\"article:publisher\" content=\"https:\/\/www.facebook.com\/notibras\/\" \/>\n<meta property=\"article:published_time\" content=\"2018-07-18T14:50:19+00:00\" \/>\n<meta property=\"og:image\" content=\"https:\/\/www.notibras.com\/site\/wp-content\/uploads\/2018\/07\/Trump.jpg\" \/>\n\t<meta property=\"og:image:width\" content=\"1024\" \/>\n\t<meta property=\"og:image:height\" content=\"683\" \/>\n\t<meta property=\"og:image:type\" content=\"image\/jpeg\" \/>\n<meta name=\"author\" content=\"Reda\u00e7\u00e3o\" \/>\n<meta name=\"twitter:card\" content=\"summary_large_image\" \/>\n<meta name=\"twitter:creator\" content=\"@Notibras\" \/>\n<meta name=\"twitter:site\" content=\"@Notibras\" \/>\n<meta name=\"twitter:label1\" content=\"Escrito por\" \/>\n\t<meta name=\"twitter:data1\" content=\"Reda\u00e7\u00e3o\" \/>\n\t<meta name=\"twitter:label2\" content=\"Est. tempo de leitura\" \/>\n\t<meta name=\"twitter:data2\" content=\"3 minutos\" \/>\n<script type=\"application\/ld+json\" class=\"yoast-schema-graph\">{\"@context\":\"https:\/\/schema.org\",\"@graph\":[{\"@type\":\"Article\",\"@id\":\"https:\/\/www.notibras.com\/site\/trump-fica-isolado-apos-viagem-que-irritou-a-america\/#article\",\"isPartOf\":{\"@id\":\"https:\/\/www.notibras.com\/site\/trump-fica-isolado-apos-viagem-que-irritou-a-america\/\"},\"author\":{\"name\":\"Reda\u00e7\u00e3o\",\"@id\":\"https:\/\/www.notibras.com\/site\/#\/schema\/person\/00b8e1aa08f9ef6563e878c5159d01cf\"},\"headline\":\"Trump fica isolado ap\u00f3s viagem que irritou a Am\u00e9rica\",\"datePublished\":\"2018-07-18T14:50:19+00:00\",\"mainEntityOfPage\":{\"@id\":\"https:\/\/www.notibras.com\/site\/trump-fica-isolado-apos-viagem-que-irritou-a-america\/\"},\"wordCount\":566,\"publisher\":{\"@id\":\"https:\/\/www.notibras.com\/site\/#organization\"},\"image\":{\"@id\":\"https:\/\/www.notibras.com\/site\/trump-fica-isolado-apos-viagem-que-irritou-a-america\/#primaryimage\"},\"thumbnailUrl\":\"https:\/\/www.notibras.com\/site\/wp-content\/uploads\/2018\/07\/Trump.jpg\",\"articleSection\":[\"Mundo\"],\"inLanguage\":\"pt-BR\"},{\"@type\":\"WebPage\",\"@id\":\"https:\/\/www.notibras.com\/site\/trump-fica-isolado-apos-viagem-que-irritou-a-america\/\",\"url\":\"https:\/\/www.notibras.com\/site\/trump-fica-isolado-apos-viagem-que-irritou-a-america\/\",\"name\":\"Trump fica isolado ap\u00f3s viagem que irritou a Am\u00e9rica - Notibras\",\"isPartOf\":{\"@id\":\"https:\/\/www.notibras.com\/site\/#website\"},\"primaryImageOfPage\":{\"@id\":\"https:\/\/www.notibras.com\/site\/trump-fica-isolado-apos-viagem-que-irritou-a-america\/#primaryimage\"},\"image\":{\"@id\":\"https:\/\/www.notibras.com\/site\/trump-fica-isolado-apos-viagem-que-irritou-a-america\/#primaryimage\"},\"thumbnailUrl\":\"https:\/\/www.notibras.com\/site\/wp-content\/uploads\/2018\/07\/Trump.jpg\",\"datePublished\":\"2018-07-18T14:50:19+00:00\",\"breadcrumb\":{\"@id\":\"https:\/\/www.notibras.com\/site\/trump-fica-isolado-apos-viagem-que-irritou-a-america\/#breadcrumb\"},\"inLanguage\":\"pt-BR\",\"potentialAction\":[{\"@type\":\"ReadAction\",\"target\":[\"https:\/\/www.notibras.com\/site\/trump-fica-isolado-apos-viagem-que-irritou-a-america\/\"]}]},{\"@type\":\"ImageObject\",\"inLanguage\":\"pt-BR\",\"@id\":\"https:\/\/www.notibras.com\/site\/trump-fica-isolado-apos-viagem-que-irritou-a-america\/#primaryimage\",\"url\":\"https:\/\/www.notibras.com\/site\/wp-content\/uploads\/2018\/07\/Trump.jpg\",\"contentUrl\":\"https:\/\/www.notibras.com\/site\/wp-content\/uploads\/2018\/07\/Trump.jpg\",\"width\":1024,\"height\":683,\"caption\":\"Foto: Leah Millis\/Reuters\"},{\"@type\":\"BreadcrumbList\",\"@id\":\"https:\/\/www.notibras.com\/site\/trump-fica-isolado-apos-viagem-que-irritou-a-america\/#breadcrumb\",\"itemListElement\":[{\"@type\":\"ListItem\",\"position\":1,\"name\":\"In\u00edcio\",\"item\":\"https:\/\/www.notibras.com\/site\/\"},{\"@type\":\"ListItem\",\"position\":2,\"name\":\"Trump fica isolado ap\u00f3s viagem que irritou a Am\u00e9rica\"}]},{\"@type\":\"WebSite\",\"@id\":\"https:\/\/www.notibras.com\/site\/#website\",\"url\":\"https:\/\/www.notibras.com\/site\/\",\"name\":\"Notibras\",\"description\":\"Not\u00edcias de Bras\u00edlia, do Brasil e do Mundo\",\"publisher\":{\"@id\":\"https:\/\/www.notibras.com\/site\/#organization\"},\"potentialAction\":[{\"@type\":\"SearchAction\",\"target\":{\"@type\":\"EntryPoint\",\"urlTemplate\":\"https:\/\/www.notibras.com\/site\/?s={search_term_string}\"},\"query-input\":{\"@type\":\"PropertyValueSpecification\",\"valueRequired\":true,\"valueName\":\"search_term_string\"}}],\"inLanguage\":\"pt-BR\"},{\"@type\":\"Organization\",\"@id\":\"https:\/\/www.notibras.com\/site\/#organization\",\"name\":\"Grupo Notibras de Comunica\u00e7\u00e3o\",\"url\":\"https:\/\/www.notibras.com\/site\/\",\"logo\":{\"@type\":\"ImageObject\",\"inLanguage\":\"pt-BR\",\"@id\":\"https:\/\/www.notibras.com\/site\/#\/schema\/logo\/image\/\",\"url\":\"https:\/\/www.notibras.com\/site\/wp-content\/uploads\/2023\/01\/notibras23.png\",\"contentUrl\":\"https:\/\/www.notibras.com\/site\/wp-content\/uploads\/2023\/01\/notibras23.png\",\"width\":350,\"height\":87,\"caption\":\"Grupo Notibras de Comunica\u00e7\u00e3o\"},\"image\":{\"@id\":\"https:\/\/www.notibras.com\/site\/#\/schema\/logo\/image\/\"},\"sameAs\":[\"https:\/\/www.facebook.com\/notibras\/\",\"https:\/\/x.com\/Notibras\",\"https:\/\/www.instagram.com\/notibras\/\"]},{\"@type\":\"Person\",\"@id\":\"https:\/\/www.notibras.com\/site\/#\/schema\/person\/00b8e1aa08f9ef6563e878c5159d01cf\",\"name\":\"Reda\u00e7\u00e3o\",\"image\":{\"@type\":\"ImageObject\",\"inLanguage\":\"pt-BR\",\"@id\":\"https:\/\/secure.gravatar.com\/avatar\/ac5a707d5b47784a5ed426c6e213e201423c750890f64e4c379114dade67dfb9?s=96&d=mm&r=g\",\"url\":\"https:\/\/secure.gravatar.com\/avatar\/ac5a707d5b47784a5ed426c6e213e201423c750890f64e4c379114dade67dfb9?s=96&d=mm&r=g\",\"contentUrl\":\"https:\/\/secure.gravatar.com\/avatar\/ac5a707d5b47784a5ed426c6e213e201423c750890f64e4c379114dade67dfb9?s=96&d=mm&r=g\",\"caption\":\"Reda\u00e7\u00e3o\"}}]}<\/script>\n<!-- \/ Yoast SEO plugin. -->","yoast_head_json":{"title":"Trump fica isolado ap\u00f3s viagem que irritou a Am\u00e9rica - Notibras","robots":{"index":"index","follow":"follow","max-snippet":"max-snippet:-1","max-image-preview":"max-image-preview:large","max-video-preview":"max-video-preview:-1"},"canonical":"https:\/\/www.notibras.com\/site\/trump-fica-isolado-apos-viagem-que-irritou-a-america\/","og_locale":"pt_BR","og_type":"article","og_title":"Trump fica isolado ap\u00f3s viagem que irritou a Am\u00e9rica - Notibras","og_description":"De volta \u00e0 Casa Branca, o presidente Donald Trump se encontrava isolado, nesta ter\u00e7a-feira (17), inclusive em suas pr\u00f3prias fileiras, ap\u00f3s uma turn\u00ea europeia considerada desastrosa, na qual virou as costas para aliados e abriu os bra\u00e7os para seu colega russo, Vladimir Putin. Representantes de diferentes tend\u00eancias do espectro pol\u00edtico acusaram Trump de &#8220;fraqueza&#8221; &#8211; [&hellip;]","og_url":"https:\/\/www.notibras.com\/site\/trump-fica-isolado-apos-viagem-que-irritou-a-america\/","og_site_name":"Notibras","article_publisher":"https:\/\/www.facebook.com\/notibras\/","article_published_time":"2018-07-18T14:50:19+00:00","og_image":[{"width":1024,"height":683,"url":"https:\/\/www.notibras.com\/site\/wp-content\/uploads\/2018\/07\/Trump.jpg","type":"image\/jpeg"}],"author":"Reda\u00e7\u00e3o","twitter_card":"summary_large_image","twitter_creator":"@Notibras","twitter_site":"@Notibras","twitter_misc":{"Escrito por":"Reda\u00e7\u00e3o","Est. tempo de leitura":"3 minutos"},"schema":{"@context":"https:\/\/schema.org","@graph":[{"@type":"Article","@id":"https:\/\/www.notibras.com\/site\/trump-fica-isolado-apos-viagem-que-irritou-a-america\/#article","isPartOf":{"@id":"https:\/\/www.notibras.com\/site\/trump-fica-isolado-apos-viagem-que-irritou-a-america\/"},"author":{"name":"Reda\u00e7\u00e3o","@id":"https:\/\/www.notibras.com\/site\/#\/schema\/person\/00b8e1aa08f9ef6563e878c5159d01cf"},"headline":"Trump fica isolado ap\u00f3s viagem que irritou a Am\u00e9rica","datePublished":"2018-07-18T14:50:19+00:00","mainEntityOfPage":{"@id":"https:\/\/www.notibras.com\/site\/trump-fica-isolado-apos-viagem-que-irritou-a-america\/"},"wordCount":566,"publisher":{"@id":"https:\/\/www.notibras.com\/site\/#organization"},"image":{"@id":"https:\/\/www.notibras.com\/site\/trump-fica-isolado-apos-viagem-que-irritou-a-america\/#primaryimage"},"thumbnailUrl":"https:\/\/www.notibras.com\/site\/wp-content\/uploads\/2018\/07\/Trump.jpg","articleSection":["Mundo"],"inLanguage":"pt-BR"},{"@type":"WebPage","@id":"https:\/\/www.notibras.com\/site\/trump-fica-isolado-apos-viagem-que-irritou-a-america\/","url":"https:\/\/www.notibras.com\/site\/trump-fica-isolado-apos-viagem-que-irritou-a-america\/","name":"Trump fica isolado ap\u00f3s viagem que irritou a Am\u00e9rica - Notibras","isPartOf":{"@id":"https:\/\/www.notibras.com\/site\/#website"},"primaryImageOfPage":{"@id":"https:\/\/www.notibras.com\/site\/trump-fica-isolado-apos-viagem-que-irritou-a-america\/#primaryimage"},"image":{"@id":"https:\/\/www.notibras.com\/site\/trump-fica-isolado-apos-viagem-que-irritou-a-america\/#primaryimage"},"thumbnailUrl":"https:\/\/www.notibras.com\/site\/wp-content\/uploads\/2018\/07\/Trump.jpg","datePublished":"2018-07-18T14:50:19+00:00","breadcrumb":{"@id":"https:\/\/www.notibras.com\/site\/trump-fica-isolado-apos-viagem-que-irritou-a-america\/#breadcrumb"},"inLanguage":"pt-BR","potentialAction":[{"@type":"ReadAction","target":["https:\/\/www.notibras.com\/site\/trump-fica-isolado-apos-viagem-que-irritou-a-america\/"]}]},{"@type":"ImageObject","inLanguage":"pt-BR","@id":"https:\/\/www.notibras.com\/site\/trump-fica-isolado-apos-viagem-que-irritou-a-america\/#primaryimage","url":"https:\/\/www.notibras.com\/site\/wp-content\/uploads\/2018\/07\/Trump.jpg","contentUrl":"https:\/\/www.notibras.com\/site\/wp-content\/uploads\/2018\/07\/Trump.jpg","width":1024,"height":683,"caption":"Foto: Leah Millis\/Reuters"},{"@type":"BreadcrumbList","@id":"https:\/\/www.notibras.com\/site\/trump-fica-isolado-apos-viagem-que-irritou-a-america\/#breadcrumb","itemListElement":[{"@type":"ListItem","position":1,"name":"In\u00edcio","item":"https:\/\/www.notibras.com\/site\/"},{"@type":"ListItem","position":2,"name":"Trump fica isolado ap\u00f3s viagem que irritou a Am\u00e9rica"}]},{"@type":"WebSite","@id":"https:\/\/www.notibras.com\/site\/#website","url":"https:\/\/www.notibras.com\/site\/","name":"Notibras","description":"Not\u00edcias de Bras\u00edlia, do Brasil e do Mundo","publisher":{"@id":"https:\/\/www.notibras.com\/site\/#organization"},"potentialAction":[{"@type":"SearchAction","target":{"@type":"EntryPoint","urlTemplate":"https:\/\/www.notibras.com\/site\/?s={search_term_string}"},"query-input":{"@type":"PropertyValueSpecification","valueRequired":true,"valueName":"search_term_string"}}],"inLanguage":"pt-BR"},{"@type":"Organization","@id":"https:\/\/www.notibras.com\/site\/#organization","name":"Grupo Notibras de Comunica\u00e7\u00e3o","url":"https:\/\/www.notibras.com\/site\/","logo":{"@type":"ImageObject","inLanguage":"pt-BR","@id":"https:\/\/www.notibras.com\/site\/#\/schema\/logo\/image\/","url":"https:\/\/www.notibras.com\/site\/wp-content\/uploads\/2023\/01\/notibras23.png","contentUrl":"https:\/\/www.notibras.com\/site\/wp-content\/uploads\/2023\/01\/notibras23.png","width":350,"height":87,"caption":"Grupo Notibras de Comunica\u00e7\u00e3o"},"image":{"@id":"https:\/\/www.notibras.com\/site\/#\/schema\/logo\/image\/"},"sameAs":["https:\/\/www.facebook.com\/notibras\/","https:\/\/x.com\/Notibras","https:\/\/www.instagram.com\/notibras\/"]},{"@type":"Person","@id":"https:\/\/www.notibras.com\/site\/#\/schema\/person\/00b8e1aa08f9ef6563e878c5159d01cf","name":"Reda\u00e7\u00e3o","image":{"@type":"ImageObject","inLanguage":"pt-BR","@id":"https:\/\/secure.gravatar.com\/avatar\/ac5a707d5b47784a5ed426c6e213e201423c750890f64e4c379114dade67dfb9?s=96&d=mm&r=g","url":"https:\/\/secure.gravatar.com\/avatar\/ac5a707d5b47784a5ed426c6e213e201423c750890f64e4c379114dade67dfb9?s=96&d=mm&r=g","contentUrl":"https:\/\/secure.gravatar.com\/avatar\/ac5a707d5b47784a5ed426c6e213e201423c750890f64e4c379114dade67dfb9?s=96&d=mm&r=g","caption":"Reda\u00e7\u00e3o"}}]}},"amp_enabled":true,"_links":{"self":[{"href":"https:\/\/www.notibras.com\/site\/wp-json\/wp\/v2\/posts\/185696","targetHints":{"allow":["GET"]}}],"collection":[{"href":"https:\/\/www.notibras.com\/site\/wp-json\/wp\/v2\/posts"}],"about":[{"href":"https:\/\/www.notibras.com\/site\/wp-json\/wp\/v2\/types\/post"}],"author":[{"embeddable":true,"href":"https:\/\/www.notibras.com\/site\/wp-json\/wp\/v2\/users\/1"}],"replies":[{"embeddable":true,"href":"https:\/\/www.notibras.com\/site\/wp-json\/wp\/v2\/comments?post=185696"}],"version-history":[{"count":1,"href":"https:\/\/www.notibras.com\/site\/wp-json\/wp\/v2\/posts\/185696\/revisions"}],"predecessor-version":[{"id":185697,"href":"https:\/\/www.notibras.com\/site\/wp-json\/wp\/v2\/posts\/185696\/revisions\/185697"}],"wp:featuredmedia":[{"embeddable":true,"href":"https:\/\/www.notibras.com\/site\/wp-json\/wp\/v2\/media\/185098"}],"wp:attachment":[{"href":"https:\/\/www.notibras.com\/site\/wp-json\/wp\/v2\/media?parent=185696"}],"wp:term":[{"taxonomy":"category","embeddable":true,"href":"https:\/\/www.notibras.com\/site\/wp-json\/wp\/v2\/categories?post=185696"},{"taxonomy":"post_tag","embeddable":true,"href":"https:\/\/www.notibras.com\/site\/wp-json\/wp\/v2\/tags?post=185696"}],"curies":[{"name":"wp","href":"https:\/\/api.w.org\/{rel}","templated":true}]}}