{"id":185721,"date":"2018-07-18T13:17:01","date_gmt":"2018-07-18T16:17:01","guid":{"rendered":"https:\/\/www.notibras.com\/site\/?p=185721"},"modified":"2018-07-18T13:17:36","modified_gmt":"2018-07-18T16:17:36","slug":"surto-de-ebola-pode-ter-fim-decretado-nos-proximos-dias","status":"publish","type":"post","link":"https:\/\/www.notibras.com\/site\/surto-de-ebola-pode-ter-fim-decretado-nos-proximos-dias\/","title":{"rendered":"Surto de ebola pode ter fim decretado nos pr\u00f3ximos dias"},"content":{"rendered":"<p>Se nenhum novo caso de ebola for confirmado na Rep\u00fablica Democr\u00e1tica do Congo, a pr\u00f3xima ter\u00e7a-feira (24) marcar\u00e1 o fim da epidemia de ebola no pa\u00eds, com an\u00fancio oficial na quarta-feira (25), informou hoje (18) o diretor-geral da Organiza\u00e7\u00e3o Mundial da Sa\u00fade (OMS), Tedros Adhanom Ghebreyesus.<\/p>\n<p>Por meio de sua conta na rede social Twitter, ele refor\u00e7ou, entretanto, que os trabalhos de vigil\u00e2ncia ativa no Congo seguem em andamento e permanecer\u00e3o assim mesmo ap\u00f3s o fim da epidemia. Na semana passada, Tedros j\u00e1 havia dito que que o surto foi contido em grande parte e que o risco de propaga\u00e7\u00e3o do v\u00edrus na regi\u00e3o \u00e9 considerado baixo.<\/p>\n<p>Por meio de comunicado, a OMS informou que os trabalhos de identifica\u00e7\u00e3o de pessoas que tiveram contato com casos suspeitos ou confirmados da doen\u00e7a no pa\u00eds foram conclu\u00eddos no dia 27 de junho, quando o \u00faltimo grupo que havia sido exposto ao v\u00edrus completou 21 dias de monitoramento sem apresentar sintomas.<\/p>\n<p>Ainda de acordo com a entidade, no dia 12 de junho, o \u00faltimo paciente diagnosticado com ebola na prov\u00edncia de \u00c9quateur recebeu alta m\u00e9dica e foi liberado ap\u00f3s ser submetido a dois exames de sangue que apresentaram resultados negativos para a doen\u00e7a.<\/p>\n<p>Antes que o surto seja declarado encerrado, a OMS deve aguardar um total de 42 dias (duas vezes o per\u00edodo de incuba\u00e7\u00e3o do v\u00edrus) ap\u00f3s o registro da \u00faltima pessoa exposta a um paciente infectado sem que nenhum novo caso confirmado seja detectado.<\/p>\n<p><strong>Casos &#8211;\u00a0<\/strong>De 1\u00ba de abril a 3 julho, 53 casos de ebola foram confirmados na Rep\u00fablica Democr\u00e1tica do Congo, incluindo 29 mortes. O total inclui 38 casos confirmados laboratorialmente e 15 casos prov\u00e1veis (pacientes considerados suspeitos para a doen\u00e7a, mas que morreram antes que a coleta de sangue fosse feita). Cinco casos envolveram profissionais de sa\u00fade, dos quais quatro foram confirmados e dois morreram.<\/p>\n","protected":false},"excerpt":{"rendered":"<p>Se nenhum novo caso de ebola for confirmado na Rep\u00fablica Democr\u00e1tica do Congo, a pr\u00f3xima ter\u00e7a-feira (24) marcar\u00e1 o fim da epidemia de ebola no pa\u00eds, com an\u00fancio oficial na quarta-feira (25), informou hoje (18) o diretor-geral da Organiza\u00e7\u00e3o Mundial da Sa\u00fade (OMS), Tedros Adhanom Ghebreyesus. Por meio de sua conta na rede social Twitter, [&hellip;]<\/p>\n","protected":false},"author":1,"featured_media":179535,"comment_status":"closed","ping_status":"closed","sticky":false,"template":"","format":"standard","meta":{"_acf_changed":false,"footnotes":""},"categories":[17],"tags":[],"class_list":["post-185721","post","type-post","status-publish","format-standard","has-post-thumbnail","hentry","category-mundo"],"acf":[],"yoast_head":"<!-- This site is optimized with the Yoast SEO plugin v27.2 - https:\/\/yoast.com\/product\/yoast-seo-wordpress\/ -->\n<title>Surto de ebola pode ter fim decretado nos pr\u00f3ximos dias - Notibras<\/title>\n<meta name=\"robots\" content=\"index, follow, max-snippet:-1, max-image-preview:large, max-video-preview:-1\" \/>\n<link rel=\"canonical\" href=\"https:\/\/www.notibras.com\/site\/surto-de-ebola-pode-ter-fim-decretado-nos-proximos-dias\/\" \/>\n<meta property=\"og:locale\" content=\"pt_BR\" \/>\n<meta property=\"og:type\" content=\"article\" \/>\n<meta property=\"og:title\" content=\"Surto de ebola pode ter fim decretado nos pr\u00f3ximos dias - Notibras\" \/>\n<meta property=\"og:description\" content=\"Se nenhum novo caso de ebola for confirmado na Rep\u00fablica Democr\u00e1tica do Congo, a pr\u00f3xima ter\u00e7a-feira (24) marcar\u00e1 o fim da epidemia de ebola no pa\u00eds, com an\u00fancio oficial na quarta-feira (25), informou hoje (18) o diretor-geral da Organiza\u00e7\u00e3o Mundial da Sa\u00fade (OMS), Tedros Adhanom Ghebreyesus. Por meio de sua conta na rede social Twitter, [&hellip;]\" \/>\n<meta property=\"og:url\" content=\"https:\/\/www.notibras.com\/site\/surto-de-ebola-pode-ter-fim-decretado-nos-proximos-dias\/\" \/>\n<meta property=\"og:site_name\" content=\"Notibras\" \/>\n<meta property=\"article:publisher\" content=\"https:\/\/www.facebook.com\/notibras\/\" \/>\n<meta property=\"article:published_time\" content=\"2018-07-18T16:17:01+00:00\" \/>\n<meta property=\"article:modified_time\" content=\"2018-07-18T16:17:36+00:00\" \/>\n<meta property=\"og:image\" content=\"https:\/\/www.notibras.com\/site\/wp-content\/uploads\/2018\/05\/surto.jpg\" \/>\n\t<meta property=\"og:image:width\" content=\"699\" \/>\n\t<meta property=\"og:image:height\" content=\"420\" \/>\n\t<meta property=\"og:image:type\" content=\"image\/jpeg\" \/>\n<meta name=\"author\" content=\"Reda\u00e7\u00e3o\" \/>\n<meta name=\"twitter:card\" content=\"summary_large_image\" \/>\n<meta name=\"twitter:creator\" content=\"@Notibras\" \/>\n<meta name=\"twitter:site\" content=\"@Notibras\" \/>\n<meta name=\"twitter:label1\" content=\"Escrito por\" \/>\n\t<meta name=\"twitter:data1\" content=\"Reda\u00e7\u00e3o\" \/>\n\t<meta name=\"twitter:label2\" content=\"Est. tempo de leitura\" \/>\n\t<meta name=\"twitter:data2\" content=\"2 minutos\" \/>\n<script type=\"application\/ld+json\" class=\"yoast-schema-graph\">{\"@context\":\"https:\/\/schema.org\",\"@graph\":[{\"@type\":\"Article\",\"@id\":\"https:\/\/www.notibras.com\/site\/surto-de-ebola-pode-ter-fim-decretado-nos-proximos-dias\/#article\",\"isPartOf\":{\"@id\":\"https:\/\/www.notibras.com\/site\/surto-de-ebola-pode-ter-fim-decretado-nos-proximos-dias\/\"},\"author\":{\"name\":\"Reda\u00e7\u00e3o\",\"@id\":\"https:\/\/www.notibras.com\/site\/#\/schema\/person\/00b8e1aa08f9ef6563e878c5159d01cf\"},\"headline\":\"Surto de ebola pode ter fim decretado nos pr\u00f3ximos dias\",\"datePublished\":\"2018-07-18T16:17:01+00:00\",\"dateModified\":\"2018-07-18T16:17:36+00:00\",\"mainEntityOfPage\":{\"@id\":\"https:\/\/www.notibras.com\/site\/surto-de-ebola-pode-ter-fim-decretado-nos-proximos-dias\/\"},\"wordCount\":338,\"publisher\":{\"@id\":\"https:\/\/www.notibras.com\/site\/#organization\"},\"image\":{\"@id\":\"https:\/\/www.notibras.com\/site\/surto-de-ebola-pode-ter-fim-decretado-nos-proximos-dias\/#primaryimage\"},\"thumbnailUrl\":\"https:\/\/www.notibras.com\/site\/wp-content\/uploads\/2018\/05\/surto.jpg\",\"articleSection\":[\"Mundo\"],\"inLanguage\":\"pt-BR\"},{\"@type\":\"WebPage\",\"@id\":\"https:\/\/www.notibras.com\/site\/surto-de-ebola-pode-ter-fim-decretado-nos-proximos-dias\/\",\"url\":\"https:\/\/www.notibras.com\/site\/surto-de-ebola-pode-ter-fim-decretado-nos-proximos-dias\/\",\"name\":\"Surto de ebola pode ter fim decretado nos pr\u00f3ximos dias - Notibras\",\"isPartOf\":{\"@id\":\"https:\/\/www.notibras.com\/site\/#website\"},\"primaryImageOfPage\":{\"@id\":\"https:\/\/www.notibras.com\/site\/surto-de-ebola-pode-ter-fim-decretado-nos-proximos-dias\/#primaryimage\"},\"image\":{\"@id\":\"https:\/\/www.notibras.com\/site\/surto-de-ebola-pode-ter-fim-decretado-nos-proximos-dias\/#primaryimage\"},\"thumbnailUrl\":\"https:\/\/www.notibras.com\/site\/wp-content\/uploads\/2018\/05\/surto.jpg\",\"datePublished\":\"2018-07-18T16:17:01+00:00\",\"dateModified\":\"2018-07-18T16:17:36+00:00\",\"breadcrumb\":{\"@id\":\"https:\/\/www.notibras.com\/site\/surto-de-ebola-pode-ter-fim-decretado-nos-proximos-dias\/#breadcrumb\"},\"inLanguage\":\"pt-BR\",\"potentialAction\":[{\"@type\":\"ReadAction\",\"target\":[\"https:\/\/www.notibras.com\/site\/surto-de-ebola-pode-ter-fim-decretado-nos-proximos-dias\/\"]}]},{\"@type\":\"ImageObject\",\"inLanguage\":\"pt-BR\",\"@id\":\"https:\/\/www.notibras.com\/site\/surto-de-ebola-pode-ter-fim-decretado-nos-proximos-dias\/#primaryimage\",\"url\":\"https:\/\/www.notibras.com\/site\/wp-content\/uploads\/2018\/05\/surto.jpg\",\"contentUrl\":\"https:\/\/www.notibras.com\/site\/wp-content\/uploads\/2018\/05\/surto.jpg\",\"width\":699,\"height\":420},{\"@type\":\"BreadcrumbList\",\"@id\":\"https:\/\/www.notibras.com\/site\/surto-de-ebola-pode-ter-fim-decretado-nos-proximos-dias\/#breadcrumb\",\"itemListElement\":[{\"@type\":\"ListItem\",\"position\":1,\"name\":\"In\u00edcio\",\"item\":\"https:\/\/www.notibras.com\/site\/\"},{\"@type\":\"ListItem\",\"position\":2,\"name\":\"Surto de ebola pode ter fim decretado nos pr\u00f3ximos dias\"}]},{\"@type\":\"WebSite\",\"@id\":\"https:\/\/www.notibras.com\/site\/#website\",\"url\":\"https:\/\/www.notibras.com\/site\/\",\"name\":\"Notibras\",\"description\":\"Not\u00edcias de Bras\u00edlia, do Brasil e do Mundo\",\"publisher\":{\"@id\":\"https:\/\/www.notibras.com\/site\/#organization\"},\"potentialAction\":[{\"@type\":\"SearchAction\",\"target\":{\"@type\":\"EntryPoint\",\"urlTemplate\":\"https:\/\/www.notibras.com\/site\/?s={search_term_string}\"},\"query-input\":{\"@type\":\"PropertyValueSpecification\",\"valueRequired\":true,\"valueName\":\"search_term_string\"}}],\"inLanguage\":\"pt-BR\"},{\"@type\":\"Organization\",\"@id\":\"https:\/\/www.notibras.com\/site\/#organization\",\"name\":\"Grupo Notibras de Comunica\u00e7\u00e3o\",\"url\":\"https:\/\/www.notibras.com\/site\/\",\"logo\":{\"@type\":\"ImageObject\",\"inLanguage\":\"pt-BR\",\"@id\":\"https:\/\/www.notibras.com\/site\/#\/schema\/logo\/image\/\",\"url\":\"https:\/\/www.notibras.com\/site\/wp-content\/uploads\/2023\/01\/notibras23.png\",\"contentUrl\":\"https:\/\/www.notibras.com\/site\/wp-content\/uploads\/2023\/01\/notibras23.png\",\"width\":350,\"height\":87,\"caption\":\"Grupo Notibras de Comunica\u00e7\u00e3o\"},\"image\":{\"@id\":\"https:\/\/www.notibras.com\/site\/#\/schema\/logo\/image\/\"},\"sameAs\":[\"https:\/\/www.facebook.com\/notibras\/\",\"https:\/\/x.com\/Notibras\",\"https:\/\/www.instagram.com\/notibras\/\"]},{\"@type\":\"Person\",\"@id\":\"https:\/\/www.notibras.com\/site\/#\/schema\/person\/00b8e1aa08f9ef6563e878c5159d01cf\",\"name\":\"Reda\u00e7\u00e3o\",\"image\":{\"@type\":\"ImageObject\",\"inLanguage\":\"pt-BR\",\"@id\":\"https:\/\/secure.gravatar.com\/avatar\/ac5a707d5b47784a5ed426c6e213e201423c750890f64e4c379114dade67dfb9?s=96&d=mm&r=g\",\"url\":\"https:\/\/secure.gravatar.com\/avatar\/ac5a707d5b47784a5ed426c6e213e201423c750890f64e4c379114dade67dfb9?s=96&d=mm&r=g\",\"contentUrl\":\"https:\/\/secure.gravatar.com\/avatar\/ac5a707d5b47784a5ed426c6e213e201423c750890f64e4c379114dade67dfb9?s=96&d=mm&r=g\",\"caption\":\"Reda\u00e7\u00e3o\"}}]}<\/script>\n<!-- \/ Yoast SEO plugin. -->","yoast_head_json":{"title":"Surto de ebola pode ter fim decretado nos pr\u00f3ximos dias - Notibras","robots":{"index":"index","follow":"follow","max-snippet":"max-snippet:-1","max-image-preview":"max-image-preview:large","max-video-preview":"max-video-preview:-1"},"canonical":"https:\/\/www.notibras.com\/site\/surto-de-ebola-pode-ter-fim-decretado-nos-proximos-dias\/","og_locale":"pt_BR","og_type":"article","og_title":"Surto de ebola pode ter fim decretado nos pr\u00f3ximos dias - Notibras","og_description":"Se nenhum novo caso de ebola for confirmado na Rep\u00fablica Democr\u00e1tica do Congo, a pr\u00f3xima ter\u00e7a-feira (24) marcar\u00e1 o fim da epidemia de ebola no pa\u00eds, com an\u00fancio oficial na quarta-feira (25), informou hoje (18) o diretor-geral da Organiza\u00e7\u00e3o Mundial da Sa\u00fade (OMS), Tedros Adhanom Ghebreyesus. Por meio de sua conta na rede social Twitter, [&hellip;]","og_url":"https:\/\/www.notibras.com\/site\/surto-de-ebola-pode-ter-fim-decretado-nos-proximos-dias\/","og_site_name":"Notibras","article_publisher":"https:\/\/www.facebook.com\/notibras\/","article_published_time":"2018-07-18T16:17:01+00:00","article_modified_time":"2018-07-18T16:17:36+00:00","og_image":[{"width":699,"height":420,"url":"https:\/\/www.notibras.com\/site\/wp-content\/uploads\/2018\/05\/surto.jpg","type":"image\/jpeg"}],"author":"Reda\u00e7\u00e3o","twitter_card":"summary_large_image","twitter_creator":"@Notibras","twitter_site":"@Notibras","twitter_misc":{"Escrito por":"Reda\u00e7\u00e3o","Est. tempo de leitura":"2 minutos"},"schema":{"@context":"https:\/\/schema.org","@graph":[{"@type":"Article","@id":"https:\/\/www.notibras.com\/site\/surto-de-ebola-pode-ter-fim-decretado-nos-proximos-dias\/#article","isPartOf":{"@id":"https:\/\/www.notibras.com\/site\/surto-de-ebola-pode-ter-fim-decretado-nos-proximos-dias\/"},"author":{"name":"Reda\u00e7\u00e3o","@id":"https:\/\/www.notibras.com\/site\/#\/schema\/person\/00b8e1aa08f9ef6563e878c5159d01cf"},"headline":"Surto de ebola pode ter fim decretado nos pr\u00f3ximos dias","datePublished":"2018-07-18T16:17:01+00:00","dateModified":"2018-07-18T16:17:36+00:00","mainEntityOfPage":{"@id":"https:\/\/www.notibras.com\/site\/surto-de-ebola-pode-ter-fim-decretado-nos-proximos-dias\/"},"wordCount":338,"publisher":{"@id":"https:\/\/www.notibras.com\/site\/#organization"},"image":{"@id":"https:\/\/www.notibras.com\/site\/surto-de-ebola-pode-ter-fim-decretado-nos-proximos-dias\/#primaryimage"},"thumbnailUrl":"https:\/\/www.notibras.com\/site\/wp-content\/uploads\/2018\/05\/surto.jpg","articleSection":["Mundo"],"inLanguage":"pt-BR"},{"@type":"WebPage","@id":"https:\/\/www.notibras.com\/site\/surto-de-ebola-pode-ter-fim-decretado-nos-proximos-dias\/","url":"https:\/\/www.notibras.com\/site\/surto-de-ebola-pode-ter-fim-decretado-nos-proximos-dias\/","name":"Surto de ebola pode ter fim decretado nos pr\u00f3ximos dias - Notibras","isPartOf":{"@id":"https:\/\/www.notibras.com\/site\/#website"},"primaryImageOfPage":{"@id":"https:\/\/www.notibras.com\/site\/surto-de-ebola-pode-ter-fim-decretado-nos-proximos-dias\/#primaryimage"},"image":{"@id":"https:\/\/www.notibras.com\/site\/surto-de-ebola-pode-ter-fim-decretado-nos-proximos-dias\/#primaryimage"},"thumbnailUrl":"https:\/\/www.notibras.com\/site\/wp-content\/uploads\/2018\/05\/surto.jpg","datePublished":"2018-07-18T16:17:01+00:00","dateModified":"2018-07-18T16:17:36+00:00","breadcrumb":{"@id":"https:\/\/www.notibras.com\/site\/surto-de-ebola-pode-ter-fim-decretado-nos-proximos-dias\/#breadcrumb"},"inLanguage":"pt-BR","potentialAction":[{"@type":"ReadAction","target":["https:\/\/www.notibras.com\/site\/surto-de-ebola-pode-ter-fim-decretado-nos-proximos-dias\/"]}]},{"@type":"ImageObject","inLanguage":"pt-BR","@id":"https:\/\/www.notibras.com\/site\/surto-de-ebola-pode-ter-fim-decretado-nos-proximos-dias\/#primaryimage","url":"https:\/\/www.notibras.com\/site\/wp-content\/uploads\/2018\/05\/surto.jpg","contentUrl":"https:\/\/www.notibras.com\/site\/wp-content\/uploads\/2018\/05\/surto.jpg","width":699,"height":420},{"@type":"BreadcrumbList","@id":"https:\/\/www.notibras.com\/site\/surto-de-ebola-pode-ter-fim-decretado-nos-proximos-dias\/#breadcrumb","itemListElement":[{"@type":"ListItem","position":1,"name":"In\u00edcio","item":"https:\/\/www.notibras.com\/site\/"},{"@type":"ListItem","position":2,"name":"Surto de ebola pode ter fim decretado nos pr\u00f3ximos dias"}]},{"@type":"WebSite","@id":"https:\/\/www.notibras.com\/site\/#website","url":"https:\/\/www.notibras.com\/site\/","name":"Notibras","description":"Not\u00edcias de Bras\u00edlia, do Brasil e do Mundo","publisher":{"@id":"https:\/\/www.notibras.com\/site\/#organization"},"potentialAction":[{"@type":"SearchAction","target":{"@type":"EntryPoint","urlTemplate":"https:\/\/www.notibras.com\/site\/?s={search_term_string}"},"query-input":{"@type":"PropertyValueSpecification","valueRequired":true,"valueName":"search_term_string"}}],"inLanguage":"pt-BR"},{"@type":"Organization","@id":"https:\/\/www.notibras.com\/site\/#organization","name":"Grupo Notibras de Comunica\u00e7\u00e3o","url":"https:\/\/www.notibras.com\/site\/","logo":{"@type":"ImageObject","inLanguage":"pt-BR","@id":"https:\/\/www.notibras.com\/site\/#\/schema\/logo\/image\/","url":"https:\/\/www.notibras.com\/site\/wp-content\/uploads\/2023\/01\/notibras23.png","contentUrl":"https:\/\/www.notibras.com\/site\/wp-content\/uploads\/2023\/01\/notibras23.png","width":350,"height":87,"caption":"Grupo Notibras de Comunica\u00e7\u00e3o"},"image":{"@id":"https:\/\/www.notibras.com\/site\/#\/schema\/logo\/image\/"},"sameAs":["https:\/\/www.facebook.com\/notibras\/","https:\/\/x.com\/Notibras","https:\/\/www.instagram.com\/notibras\/"]},{"@type":"Person","@id":"https:\/\/www.notibras.com\/site\/#\/schema\/person\/00b8e1aa08f9ef6563e878c5159d01cf","name":"Reda\u00e7\u00e3o","image":{"@type":"ImageObject","inLanguage":"pt-BR","@id":"https:\/\/secure.gravatar.com\/avatar\/ac5a707d5b47784a5ed426c6e213e201423c750890f64e4c379114dade67dfb9?s=96&d=mm&r=g","url":"https:\/\/secure.gravatar.com\/avatar\/ac5a707d5b47784a5ed426c6e213e201423c750890f64e4c379114dade67dfb9?s=96&d=mm&r=g","contentUrl":"https:\/\/secure.gravatar.com\/avatar\/ac5a707d5b47784a5ed426c6e213e201423c750890f64e4c379114dade67dfb9?s=96&d=mm&r=g","caption":"Reda\u00e7\u00e3o"}}]}},"amp_enabled":true,"_links":{"self":[{"href":"https:\/\/www.notibras.com\/site\/wp-json\/wp\/v2\/posts\/185721","targetHints":{"allow":["GET"]}}],"collection":[{"href":"https:\/\/www.notibras.com\/site\/wp-json\/wp\/v2\/posts"}],"about":[{"href":"https:\/\/www.notibras.com\/site\/wp-json\/wp\/v2\/types\/post"}],"author":[{"embeddable":true,"href":"https:\/\/www.notibras.com\/site\/wp-json\/wp\/v2\/users\/1"}],"replies":[{"embeddable":true,"href":"https:\/\/www.notibras.com\/site\/wp-json\/wp\/v2\/comments?post=185721"}],"version-history":[{"count":1,"href":"https:\/\/www.notibras.com\/site\/wp-json\/wp\/v2\/posts\/185721\/revisions"}],"predecessor-version":[{"id":185722,"href":"https:\/\/www.notibras.com\/site\/wp-json\/wp\/v2\/posts\/185721\/revisions\/185722"}],"wp:featuredmedia":[{"embeddable":true,"href":"https:\/\/www.notibras.com\/site\/wp-json\/wp\/v2\/media\/179535"}],"wp:attachment":[{"href":"https:\/\/www.notibras.com\/site\/wp-json\/wp\/v2\/media?parent=185721"}],"wp:term":[{"taxonomy":"category","embeddable":true,"href":"https:\/\/www.notibras.com\/site\/wp-json\/wp\/v2\/categories?post=185721"},{"taxonomy":"post_tag","embeddable":true,"href":"https:\/\/www.notibras.com\/site\/wp-json\/wp\/v2\/tags?post=185721"}],"curies":[{"name":"wp","href":"https:\/\/api.w.org\/{rel}","templated":true}]}}